{"id":8583,"date":"2010-07-16T14:46:01","date_gmt":"2010-07-16T12:46:01","guid":{"rendered":"http:\/\/yhelteljel.ee\/?p=8583"},"modified":"2010-07-16T16:44:14","modified_gmt":"2010-07-16T14:44:14","slug":"veel-uks-ime","status":"publish","type":"post","link":"https:\/\/yhelteljel.ee\/?p=8583","title":{"rendered":"Veel \u00fcks ime?"},"content":{"rendered":"<p><a href=\"http:\/\/yhelteljel.ee\/wp-content\/uploads\/2010\/07\/IMG_3718_s.jpg\" target=\"_blank\"><img loading=\"lazy\" decoding=\"async\" class=\"alignnone size-full wp-image-8604\" title=\"Rahvas tsikli \u00fcmber\" src=\"http:\/\/yhelteljel.ee\/wp-content\/uploads\/2010\/07\/IMG_3718_v.jpg\" alt=\"\" width=\"530\" height=\"387\" srcset=\"https:\/\/yhelteljel.ee\/wp-content\/uploads\/2010\/07\/IMG_3718_v.jpg 530w, https:\/\/yhelteljel.ee\/wp-content\/uploads\/2010\/07\/IMG_3718_v-300x219.jpg 300w\" sizes=\"auto, (max-width: 530px) 100vw, 530px\" \/><\/a><\/p>\n<p><a href=\"http:\/\/yhelteljel.ee\/wp-content\/uploads\/2010\/07\/IMG_3718_v.jpg\"><\/a>Varasemalt oli juttu sellest, et Pakistanist edasi liikumiseks on meil kolm varianti: a) minna otse Iraani, b) minna l\u00e4bi Hiina &#8220;stan&#8221;-idesse ja sealt edasi Iraani, c) minna l\u00e4bi Afganistani &#8220;stan&#8221;-idesse ja sealt edasi Iraani. Praeguse seisuga on asjaolud esimese variandi kasuks, nii et mis siis muud, kui et andsime Islamabadis asuvas Iraani saatkonnas viisataotlused sisse ning asusime aega parajaks tegema. Aega on meil nimelt k\u00fcllalt, sest juba ainu\u00fcksi vastuse saamiseks, kas meile \u00fcldse antakse viisa v\u00f5i keeldutakse selle andmisest, kulub kaks n\u00e4dalat.<\/p>\n<p>P\u00f5rutasime niisiis Islamabadist p\u00f5hja suunas, avastama kuulsat Karakorumi maanteed, mida pakistanlased ise \u00fcheksandaks maailmaimeks armastavad kutsuda.<\/p>\n<p><!--more--><\/p>\n<p>Seda t\u00e4htsat \u00fchendusteed Hiina ja Pakistani vahel hakati ehitama 1959. aastal ning kahek\u00fcmne aasta jooksul, mis kulus selle valmimisele, hukkus ehitust\u00f6\u00f6del (peaasjalikult maalihete ja kukkumiste t\u00f5ttu) pea 900 meest. Kuna see 1300 kilomeetri pikkune tee kulgeb osaliselt iidse Siiditee radadel, siis leiab selle \u00e4\u00e4rde j\u00e4\u00e4vatelt aladelt hulganisti m\u00f6\u00f6dunud aegadest j\u00e4\u00e4nud kultuuriv\u00e4\u00e4rtusi, kuid v\u00e4hem m\u00e4rkimisv\u00e4\u00e4rne pole asjaolu, et seda \u00e4\u00e4ristavad mitmed k\u00f5rged m\u00e4etipud, sh maailmas k\u00f5rguselt \u00fcheksas Nanga Parbat.<\/p>\n<p><a href=\"http:\/\/yhelteljel.ee\/wp-content\/uploads\/2010\/07\/IMG_0167_s.jpg\" target=\"_blank\"><img loading=\"lazy\" decoding=\"async\" class=\"alignnone size-full wp-image-8608\" title=\"Sildid hiina ja vene keeles. Karakorumi teel s\u00f5idavad ka Hiina ja Tad\u017eikistani rekkad.\" src=\"http:\/\/yhelteljel.ee\/wp-content\/uploads\/2010\/07\/IMG_0167_v.jpg\" alt=\"\" width=\"530\" height=\"398\" srcset=\"https:\/\/yhelteljel.ee\/wp-content\/uploads\/2010\/07\/IMG_0167_v.jpg 530w, https:\/\/yhelteljel.ee\/wp-content\/uploads\/2010\/07\/IMG_0167_v-300x225.jpg 300w\" sizes=\"auto, (max-width: 530px) 100vw, 530px\" \/><\/a><\/p>\n<p>Islamabadist veidi p\u00f5hja pool asuvast Abbottabadist alguse saanud teekonda m\u00f6\u00f6da Karakorami maanteed iseloomustas kohe alguses meeletu liiklusvool. India ja Pakistan on selles m\u00f5ttes ikka \u00fcks ja seesama, et siingi kehtib liikluses reegel, et kes on suurem, sel on ees\u00f5igus. Lisaks see, et s\u00f5ita ja peatuda v\u00f5ib t\u00e4pselt siis ja t\u00e4pselt seal, kus p\u00e4he tuleb, s\u00f5ltumata millest tahes muust. Potentsiaalselt ohtlik olukord on kogu aeg.<\/p>\n<p>Ei l\u00e4inudki kaua, enne kui ajalugu oli sunnitud end kordama. Keegi prillidega habemik mikrobussiga oli taas otsustanud \u00fcle tee tanklasse p\u00f6\u00f6rama hakata, ja juba k\u00e4iski tuttav k\u00f5makas ja juba ta oligi meil vasakult sees, meie paremal teepervel m\u00f6\u00f6da asfalti lohisemas. Oleks keegi samal ajal vastu tulnud, v\u00f5i oleks meil kiirus suurem olnud\u2026<\/p>\n<p>P\u00fcsti t\u00f5ustes peale valutava p\u00f5lve mingeid muid h\u00e4dasid ei tuvastanud, kuid kehas oli v\u00e4rin sees. Tsikliga oli muidugi teine lugu &#8211; pikema vaatamisetagi oli selge, et vasakpoolne kohver oli l\u00f6\u00f6gist t\u00e4iesti k\u00f5ver ning tuuleklaas oli koos armatuuriga paremast k\u00fcljest lahti murtud. Nii esiraam kui tagaraam olid k\u00f5verad.<\/p>\n<p>M\u00f5ne minutiga kogunes rahvasumm &#8211; mitte iga p\u00e4ev ei juhtu sellist vaatepilti n\u00e4gema. Keegi muidugi s\u00f5nakestki inglise keelt ei r\u00e4\u00e4kinud, veel v\u00e4hem seesama prillidega habemik, kel vaatamata Kariina katsetele talle selgeks teha, mida k\u00f5ike ta temast ja Pakistani autojuhtidest \u00fcldiselt arvab, ei liikunud n\u00e4os mitte \u00fcks lihas. Samah\u00e4sti oleks ju v\u00f5inud monoloogi ka eesti keeles pidada &#8211; oleks ehk mahlakam saanud, ja pinget paremini maandanud.<\/p>\n<p><a href=\"http:\/\/yhelteljel.ee\/wp-content\/uploads\/2010\/07\/IMG_3715_s.jpg\" target=\"_blank\"><img loading=\"lazy\" decoding=\"async\" class=\"alignnone size-full wp-image-8602\" title=\"Rahvas kogunemas - leia pildilt \u00fclese prillidega habemik\" src=\"http:\/\/yhelteljel.ee\/wp-content\/uploads\/2010\/07\/IMG_3715_v.jpg\" alt=\"\" width=\"530\" height=\"398\" srcset=\"https:\/\/yhelteljel.ee\/wp-content\/uploads\/2010\/07\/IMG_3715_v.jpg 530w, https:\/\/yhelteljel.ee\/wp-content\/uploads\/2010\/07\/IMG_3715_v-300x225.jpg 300w\" sizes=\"auto, (max-width: 530px) 100vw, 530px\" \/><\/a><\/p>\n<p><a href=\"http:\/\/yhelteljel.ee\/wp-content\/uploads\/2010\/07\/IMG_0143_s.jpg\" target=\"_blank\"><img loading=\"lazy\" decoding=\"async\" class=\"alignnone size-full wp-image-8586\" title=\"Paugu saanud kohver - tegelt oli see l\u00f6\u00f6k kogu tagaraami k\u00f5veraks t\u00f5mmanud - kuradi tugevad kohvrid, peaks \u00fctlema\" src=\"http:\/\/yhelteljel.ee\/wp-content\/uploads\/2010\/07\/IMG_0143_v.jpg\" alt=\"\" width=\"530\" height=\"707\" srcset=\"https:\/\/yhelteljel.ee\/wp-content\/uploads\/2010\/07\/IMG_0143_v.jpg 530w, https:\/\/yhelteljel.ee\/wp-content\/uploads\/2010\/07\/IMG_0143_v-224x300.jpg 224w\" sizes=\"auto, (max-width: 530px) 100vw, 530px\" \/><\/a><\/p>\n<p><a href=\"http:\/\/yhelteljel.ee\/wp-content\/uploads\/2010\/07\/IMG_0145_s.jpg\" target=\"_blank\"><img loading=\"lazy\" decoding=\"async\" class=\"alignnone size-full wp-image-8588\" title=\"Paugu saanud kohver\" src=\"http:\/\/yhelteljel.ee\/wp-content\/uploads\/2010\/07\/IMG_0145_v.jpg\" alt=\"\" width=\"530\" height=\"707\" srcset=\"https:\/\/yhelteljel.ee\/wp-content\/uploads\/2010\/07\/IMG_0145_v.jpg 530w, https:\/\/yhelteljel.ee\/wp-content\/uploads\/2010\/07\/IMG_0145_v-224x300.jpg 224w\" sizes=\"auto, (max-width: 530px) 100vw, 530px\" \/><\/a><\/p>\n<p><a href=\"http:\/\/yhelteljel.ee\/wp-content\/uploads\/2010\/07\/IMG_0146_s.jpg\" target=\"_blank\"><img loading=\"lazy\" decoding=\"async\" class=\"alignnone size-full wp-image-8590\" title=\"K\u00f5ver kohver\" src=\"http:\/\/yhelteljel.ee\/wp-content\/uploads\/2010\/07\/IMG_0146_v.jpg\" alt=\"\" width=\"530\" height=\"398\" srcset=\"https:\/\/yhelteljel.ee\/wp-content\/uploads\/2010\/07\/IMG_0146_v.jpg 530w, https:\/\/yhelteljel.ee\/wp-content\/uploads\/2010\/07\/IMG_0146_v-300x225.jpg 300w\" sizes=\"auto, (max-width: 530px) 100vw, 530px\" \/><\/a><\/p>\n<p><a href=\"http:\/\/yhelteljel.ee\/wp-content\/uploads\/2010\/07\/IMG_0163_s.jpg\" target=\"_blank\"><img loading=\"lazy\" decoding=\"async\" class=\"alignnone size-full wp-image-8596\" title=\"Tsikkel kukkus l\u00f6\u00f6gi tagaj\u00e4rjel paremale k\u00fcljele - Gessu on j\u00e4lle m\u00e4rgistatud\" src=\"http:\/\/yhelteljel.ee\/wp-content\/uploads\/2010\/07\/IMG_0163_v.jpg\" alt=\"\" width=\"530\" height=\"398\" srcset=\"https:\/\/yhelteljel.ee\/wp-content\/uploads\/2010\/07\/IMG_0163_v.jpg 530w, https:\/\/yhelteljel.ee\/wp-content\/uploads\/2010\/07\/IMG_0163_v-300x225.jpg 300w\" sizes=\"auto, (max-width: 530px) 100vw, 530px\" \/><\/a><\/p>\n<p><a href=\"http:\/\/yhelteljel.ee\/wp-content\/uploads\/2010\/07\/IMG_0164_s.jpg\" target=\"_blank\"><img loading=\"lazy\" decoding=\"async\" class=\"alignnone size-full wp-image-8598\" title=\"Hea, et see varem juba alumiiniumplaadiga paigatud oli, aga kinnituse seal all suutis ikkagi \u00e4ra murda.\" src=\"http:\/\/yhelteljel.ee\/wp-content\/uploads\/2010\/07\/IMG_0164_v.jpg\" alt=\"\" width=\"530\" height=\"707\" srcset=\"https:\/\/yhelteljel.ee\/wp-content\/uploads\/2010\/07\/IMG_0164_v.jpg 530w, https:\/\/yhelteljel.ee\/wp-content\/uploads\/2010\/07\/IMG_0164_v-224x300.jpg 224w\" sizes=\"auto, (max-width: 530px) 100vw, 530px\" \/><\/a><\/p>\n<p><a href=\"http:\/\/yhelteljel.ee\/wp-content\/uploads\/2010\/07\/IMG_0166_s.jpg\" target=\"_blank\"><img loading=\"lazy\" decoding=\"async\" class=\"alignnone size-full wp-image-8600\" title=\"Murtud tuuleklaasi kinnitus\" src=\"http:\/\/yhelteljel.ee\/wp-content\/uploads\/2010\/07\/IMG_0166_v.jpg\" alt=\"\" width=\"530\" height=\"707\" srcset=\"https:\/\/yhelteljel.ee\/wp-content\/uploads\/2010\/07\/IMG_0166_v.jpg 530w, https:\/\/yhelteljel.ee\/wp-content\/uploads\/2010\/07\/IMG_0166_v-224x300.jpg 224w\" sizes=\"auto, (max-width: 530px) 100vw, 530px\" \/><\/a><\/p>\n<p>\u00dche kohaliku \u00fcli\u00f5pilase abiga j\u00f5udsime l\u00f5\u00f5mava p\u00e4ikese all kohalikku t\u00f6\u00f6kotta, kus suure higistamise saatel said kohver ja kohvriraamid enam-v\u00e4hem sirgeks taotud. Enam-v\u00e4hem t\u00e4hendab siis seda, et kaas j\u00e4\u00e4b peale ainult pooletoobiselt ning vihma see kohver enam ei kannata.<\/p>\n<p><a href=\"http:\/\/yhelteljel.ee\/wp-content\/uploads\/2010\/07\/IMG_0151_s.jpg\" target=\"_blank\"><img loading=\"lazy\" decoding=\"async\" class=\"alignnone size-full wp-image-8592\" title=\"Robustsete vahenditega enam-v\u00e4hem sirgeks\" src=\"http:\/\/yhelteljel.ee\/wp-content\/uploads\/2010\/07\/IMG_0151_v.jpg\" alt=\"\" width=\"530\" height=\"707\" srcset=\"https:\/\/yhelteljel.ee\/wp-content\/uploads\/2010\/07\/IMG_0151_v.jpg 530w, https:\/\/yhelteljel.ee\/wp-content\/uploads\/2010\/07\/IMG_0151_v-224x300.jpg 224w\" sizes=\"auto, (max-width: 530px) 100vw, 530px\" \/><\/a><\/p>\n<p>Rampv\u00e4sinult, tsikliriietus higist l\u00e4bi imbunud, n\u00e4od tolmust ja higist kleepuvad, veeresime ikka veel k\u00f5rvetava \u00f5htup\u00e4ikese valguses esimesse ettejuhtuvasse hotelli. Pakistan, muide, ei ole kaugeltki nii odav nagu me arvasime, ning saja krooniga (nagu n\u00e4iteks Indias v\u00f5i Kagu-Aasia riikides) siin normaalset tuba naljalt ei skoori. Seesama esimesena ette juhtunud hotell k\u00fcsis toa eest 2700 ruupiat ehk 540 krooni. Mitmekordselt \u00fcle meie eelarve, kuid uut hotelli otsima minna poleks selles seisus jaksanud.<\/p>\n<p>\u00d5htu m\u00f6\u00f6dus t\u00e4ielikus madalseisus, p\u00fc\u00fcetes aru saada, miks Pakistan meid sedasi kohtleb. Tulime ju parimate kavatsustega ning kommete kohaselt\u2026 Kas tegemist on hoiatusega? Positiivselt m\u00f5eldes v\u00f5iks ju j\u00e4llegi \u00f6elda, et meiega on kaasas kaitseingel, sest seegi \u00f5nnetus oleks v\u00f5inud l\u00f5ppeda v\u00e4ga \u00f5nnetult, ent ei l\u00f5ppenud ju?<\/p>\n<p><a href=\"http:\/\/yhelteljel.ee\/wp-content\/uploads\/2010\/07\/IMG_0158_s.jpg\" target=\"_blank\"><img loading=\"lazy\" decoding=\"async\" class=\"alignnone size-full wp-image-8594\" title=\"Autot riivanud jalg\" src=\"http:\/\/yhelteljel.ee\/wp-content\/uploads\/2010\/07\/IMG_0158_v.jpg\" alt=\"\" width=\"530\" height=\"408\" srcset=\"https:\/\/yhelteljel.ee\/wp-content\/uploads\/2010\/07\/IMG_0158_v.jpg 530w, https:\/\/yhelteljel.ee\/wp-content\/uploads\/2010\/07\/IMG_0158_v-300x230.jpg 300w\" sizes=\"auto, (max-width: 530px) 100vw, 530px\" \/><\/a><\/p>\n<p>J\u00e4rgmisel p\u00e4eval veeresime p\u00f5hja suunas edasi. Liiklus muutus harvemaks, kuid ka teeolud selle v\u00f5rra kehvemaks. Halb asfalt on ikka palju halvem kui hea kruus. Indus Kohistani piirkonda l\u00e4bides loopisid lapsed meie suunas mitmel korral kive ning puuvilju.<\/p>\n<p>Tere tulemast Pakistani, t\u00f5epoolest!<\/p>\n","protected":false},"excerpt":{"rendered":"<p>Varasemalt oli juttu sellest, et Pakistanist edasi liikumiseks on meil kolm varianti: a) minna otse Iraani, b) minna l\u00e4bi Hiina &#8220;stan&#8221;-idesse ja sealt edasi Iraani, c) minna l\u00e4bi Afganistani &#8220;stan&#8221;-idesse ja sealt edasi Iraani. Praeguse seisuga on asjaolud esimese variandi kasuks, nii et mis siis muud, kui et andsime Islamabadis asuvas Iraani saatkonnas viisataotlused sisse &hellip; <a href=\"https:\/\/yhelteljel.ee\/?p=8583\" class=\"more-link\">Loe edasi <span class=\"screen-reader-text\">Veel \u00fcks ime?<\/span> <span class=\"meta-nav\">&rarr;<\/span><\/a><\/p>\n","protected":false},"author":3,"featured_media":0,"comment_status":"open","ping_status":"open","sticky":false,"template":"","format":"standard","meta":{"_monsterinsights_skip_tracking":false,"_monsterinsights_sitenote_active":false,"_monsterinsights_sitenote_note":"","_monsterinsights_sitenote_category":0,"footnotes":""},"categories":[10],"tags":[395,136,117,1115],"class_list":["post-8583","post","type-post","status-publish","format-standard","hentry","category-aasia","tag-pakistan","tag-probleemid","tag-raha","tag-teeolud"],"_links":{"self":[{"href":"https:\/\/yhelteljel.ee\/index.php?rest_route=\/wp\/v2\/posts\/8583","targetHints":{"allow":["GET"]}}],"collection":[{"href":"https:\/\/yhelteljel.ee\/index.php?rest_route=\/wp\/v2\/posts"}],"about":[{"href":"https:\/\/yhelteljel.ee\/index.php?rest_route=\/wp\/v2\/types\/post"}],"author":[{"embeddable":true,"href":"https:\/\/yhelteljel.ee\/index.php?rest_route=\/wp\/v2\/users\/3"}],"replies":[{"embeddable":true,"href":"https:\/\/yhelteljel.ee\/index.php?rest_route=%2Fwp%2Fv2%2Fcomments&post=8583"}],"version-history":[{"count":6,"href":"https:\/\/yhelteljel.ee\/index.php?rest_route=\/wp\/v2\/posts\/8583\/revisions"}],"predecessor-version":[{"id":8610,"href":"https:\/\/yhelteljel.ee\/index.php?rest_route=\/wp\/v2\/posts\/8583\/revisions\/8610"}],"wp:attachment":[{"href":"https:\/\/yhelteljel.ee\/index.php?rest_route=%2Fwp%2Fv2%2Fmedia&parent=8583"}],"wp:term":[{"taxonomy":"category","embeddable":true,"href":"https:\/\/yhelteljel.ee\/index.php?rest_route=%2Fwp%2Fv2%2Fcategories&post=8583"},{"taxonomy":"post_tag","embeddable":true,"href":"https:\/\/yhelteljel.ee\/index.php?rest_route=%2Fwp%2Fv2%2Ftags&post=8583"}],"curies":[{"name":"wp","href":"https:\/\/api.w.org\/{rel}","templated":true}]}}