{"id":8552,"date":"2010-07-12T13:56:33","date_gmt":"2010-07-12T11:56:33","guid":{"rendered":"http:\/\/yhelteljel.ee\/?p=8552"},"modified":"2010-07-12T13:56:33","modified_gmt":"2010-07-12T11:56:33","slug":"esimene-suutais-pakistani","status":"publish","type":"post","link":"https:\/\/yhelteljel.ee\/?p=8552","title":{"rendered":"Esimene suut\u00e4is Pakistani"},"content":{"rendered":"<p><a href=\"http:\/\/yhelteljel.ee\/wp-content\/uploads\/2010\/07\/IMG_0115_s.jpg\" target=\"_blank\"><img loading=\"lazy\" decoding=\"async\" class=\"alignnone size-full wp-image-8567\" title=\"Pakistani bussid - kunstip\u00e4raselt kohendatud ja paljudel neist on kahetaktilised mootorid!\" src=\"http:\/\/yhelteljel.ee\/wp-content\/uploads\/2010\/07\/IMG_0115_v.jpg\" alt=\"\" width=\"530\" height=\"398\" srcset=\"https:\/\/yhelteljel.ee\/wp-content\/uploads\/2010\/07\/IMG_0115_v.jpg 530w, https:\/\/yhelteljel.ee\/wp-content\/uploads\/2010\/07\/IMG_0115_v-300x225.jpg 300w\" sizes=\"auto, (max-width: 530px) 100vw, 530px\" \/><\/a><\/p>\n<p>\u00dcletades piiri India ja Pakistani vahel ei saa m\u00e4rkamata j\u00e4\u00e4da kontrast kahe riigi vahel. Maastik on muidugi sama &#8211; suvekuumuses k\u00f5rbenud tasandikud, ning linnapiltki on tuttav &#8211; valitseb kaleidoskoopiline kaos. Erinevusena silma vaid see, et hindu templid on asendunud mo\u0161eedega, ning teedel vuravad kujuteldamatult kirjuks v\u00f5\u00f5batud bussid-veokid. Peaaegu nagu India, aga ei ole ka.<\/p>\n<p><!--more--><\/p>\n<p>Kunagi olid India ja Pakistan \u00fcks, ja oli \u00fcks Punjabi provints, kuid alates 1947. aastast, kui Pakistanist sai iseseisev riik, &#8220;k\u00e4rises&#8221; Punjab kaheks, ja t\u00e4na on oma Punjab nii Indial kui Pakistanil. Kuid nagu \u00f6eldud, valitsevad erinevalt Indiast Pakistani poolel linnapildis mo\u0161eed &#8211; kui riigid l\u00f5id lahku, anti inimestele v\u00f5imalus valida, kas nad soovivad j\u00e4\u00e4da elama Indiasse v\u00f5i Pakistani, ning toimus massiline (ja v\u00e4ga verine) rahvaste r\u00e4nne &#8211; hulk hindusid (ja ka sikhe) suundus India aladele ning hulk moslemeid Pakistani aladele. Pakistani &#8211; \u00e4sja s\u00fcndinud riigi &#8211; nimena kaaluti koguni Islamistani.<\/p>\n<p>Pakistani Punjab on niisiis India Punjabist t\u00e4na v\u00e4gagi erinev, v\u00f5i \u00f5igemini on inimestevahelisel interaktsioonil teistsugune maik. N\u00e4iteks ei meenu mulle Indiast v\u00f5i Nepalist kordagi, et keegi oleks v\u00e4lja n\u00e4idanud k\u00e4rsitust v\u00f5i meelepaha teise vastu &#8211; hinduistlikes ja budistlikes kultuurides k\u00e4sitletakse endast v\u00e4lja minekut halva toonina, ning seda v\u00e4lditakse iga hinna eest. Pigem meenub inimeste positiivne, elujaatav hoiak ning kohati ehk \u00fclevoolav uudishimulikkus.<\/p>\n<p>Pakistan rabas mornide n\u00e4gude ja \u00fcksk\u00f5iksusega. Ja n\u00e4rvilisusega. Kummaline k\u00fcll, sest varasemate kokkupuudete p\u00f5hjal islamiusulistega on meile j\u00e4\u00e4nud mulje kui v\u00e4ga soojadest ja k\u00fclalislahketest inimestest. V\u00f5ib-olla ollakse meie kui l\u00e4\u00e4ne kultuuri esindajate suhtes lihtsalt umbusklikud? V\u00f5i ehk on asi selles, et oleme v\u00e4rskelt saabunud hoopis teisest m\u00f5ttelaadist ja meile lihtsalt tundub? V\u00f5i hoopis selles, et oleme tagasi n\u00fcristavas kliimas, kus igap\u00e4evaselt k\u00fc\u00fcndib temperatuur tublisti \u00fcle +40C?<\/p>\n<p>Meie hotellitoas otsustas konditsioneeri elektrikontakt suure koormuse peale lusika nurka visata. Hea, et hoonet p\u00f5lema ei pannud:<\/p>\n<p><a href=\"http:\/\/yhelteljel.ee\/wp-content\/uploads\/2010\/07\/IMG_0097_s.jpg\" target=\"_blank\"><img loading=\"lazy\" decoding=\"async\" class=\"alignnone size-full wp-image-8561\" title=\"Konditsioneeri sulanud pistik\" src=\"http:\/\/yhelteljel.ee\/wp-content\/uploads\/2010\/07\/IMG_0097_v.jpg\" alt=\"\" width=\"530\" height=\"398\" srcset=\"https:\/\/yhelteljel.ee\/wp-content\/uploads\/2010\/07\/IMG_0097_v.jpg 530w, https:\/\/yhelteljel.ee\/wp-content\/uploads\/2010\/07\/IMG_0097_v-300x225.jpg 300w\" sizes=\"auto, (max-width: 530px) 100vw, 530px\" \/><\/a><\/p>\n<p>Teeninduskultuurgi on siin hoopis teine &#8211; kuidagi loid ja \u00e4raolev, ning men\u00fc\u00fcd on meie jaoks loetamatus urdu keeles. \u00dcle pika aja on tunne, nagu oleks v\u00f5\u00f5ral maal, ja nagu me ei oleks \u00fcldse oodatud.<\/p>\n<p><a href=\"http:\/\/yhelteljel.ee\/wp-content\/uploads\/2010\/07\/IMG_0095_s.jpg\" target=\"_blank\"><img loading=\"lazy\" decoding=\"async\" class=\"alignnone size-full wp-image-8559\" title=\"Men\u00fc\u00fc urdu keeles\" src=\"http:\/\/yhelteljel.ee\/wp-content\/uploads\/2010\/07\/IMG_0095_v.jpg\" alt=\"\" width=\"530\" height=\"398\" srcset=\"https:\/\/yhelteljel.ee\/wp-content\/uploads\/2010\/07\/IMG_0095_v.jpg 530w, https:\/\/yhelteljel.ee\/wp-content\/uploads\/2010\/07\/IMG_0095_v-300x225.jpg 300w\" sizes=\"auto, (max-width: 530px) 100vw, 530px\" \/><\/a><\/p>\n<p>Lahore&#8217;is, Pakistani kultuuripealinnas, plaanisime minna kaema kuulu j\u00e4rgi v\u00e4ga efektseid sufide (islami m\u00fcstitsismi j\u00e4rgijate) rituaale. Siis ilmnes, et vaid <a href=\"http:\/\/news.bbc.co.uk\/2\/hi\/south_asia\/10483453.stm\" target=\"_blank\">n\u00e4dal tagasi lasid kaks enesetaputerroristi end sufide koosviibimisel \u00f5hku<\/a>, v\u00f5ttes koos endaga manalateele kaasa 42 inimest ning haavates 175 inimest. Ma \u00fctleks &#8211; hea, et Manali tee avamisega nii kaua viivitati!<\/p>\n<p>Lohutuseks l\u00e4ksime s\u00f6\u00f6ma kohalikku magustoitu &#8211; faloodat ehk faludat, mille piirkondlikuks variatsiooniks on j\u00e4\u00e4tis nuudlitega. K\u00fcllaltki esteetiliselt serveeritud magusroog muutus ettekandja soovituse j\u00e4rgi korralikult l\u00e4bi segades parajaks m\u00f6gaks, tuvastamatus vedelikus l\u00e4bisegi hulpimas venivad, l\u00e4bipaistvad nuudlid, suure rasvasisaldusega j\u00e4\u00e4tis ning riivitud j\u00e4\u00e4. K\u00f5lab veidralt, aga samamoodi v\u00f5ib pakistanlastele tunduda imelik ju meie mannavaht v\u00f5i lumepallisupp. Tegelikult oli tegemist v\u00e4ga maitsva magustoiduga, mida v\u00f5iks teinegi kord v\u00f5tta.<\/p>\n<p><a href=\"http:\/\/yhelteljel.ee\/wp-content\/uploads\/2010\/07\/IMG_0086_s.jpg\" target=\"_blank\"><img loading=\"lazy\" decoding=\"async\" class=\"alignnone size-full wp-image-8555\" title=\"Lahore restoranis faludat proovimas\" src=\"http:\/\/yhelteljel.ee\/wp-content\/uploads\/2010\/07\/IMG_0086_v.jpg\" alt=\"\" width=\"530\" height=\"707\" srcset=\"https:\/\/yhelteljel.ee\/wp-content\/uploads\/2010\/07\/IMG_0086_v.jpg 530w, https:\/\/yhelteljel.ee\/wp-content\/uploads\/2010\/07\/IMG_0086_v-224x300.jpg 224w\" sizes=\"auto, (max-width: 530px) 100vw, 530px\" \/><\/a><\/p>\n<p><a href=\"http:\/\/yhelteljel.ee\/wp-content\/uploads\/2010\/07\/IMG_0092_s.jpg\" target=\"_blank\"><img loading=\"lazy\" decoding=\"async\" class=\"alignnone size-full wp-image-8557\" title=\"Faluda - nuudlid j\u00e4\u00e4tisega\" src=\"http:\/\/yhelteljel.ee\/wp-content\/uploads\/2010\/07\/IMG_0092_v.jpg\" alt=\"\" width=\"530\" height=\"398\" srcset=\"https:\/\/yhelteljel.ee\/wp-content\/uploads\/2010\/07\/IMG_0092_v.jpg 530w, https:\/\/yhelteljel.ee\/wp-content\/uploads\/2010\/07\/IMG_0092_v-300x225.jpg 300w\" sizes=\"auto, (max-width: 530px) 100vw, 530px\" \/><\/a><\/p>\n<p>Islamabadi, Pakistani t\u00e4nase pealinna vanem \u00f5de, Rawalpindi pakkus meile \u00fcllatuse parimate j\u00e4\u00e4tisekokteilide n\u00e4ol, mida ealeski oleme maitsnud.<\/p>\n<p><a href=\"http:\/\/yhelteljel.ee\/wp-content\/uploads\/2010\/07\/IMG_0142_s.jpg\" target=\"_blank\"><img loading=\"lazy\" decoding=\"async\" class=\"alignnone size-full wp-image-8575\" title=\"Safilo - peaks olema k\u00f5igi maiustef\u00e4nnide kohustuslik siht kui Rawalpindisse satutakse\" src=\"http:\/\/yhelteljel.ee\/wp-content\/uploads\/2010\/07\/IMG_0142_v.jpg\" alt=\"\" width=\"530\" height=\"707\" srcset=\"https:\/\/yhelteljel.ee\/wp-content\/uploads\/2010\/07\/IMG_0142_v.jpg 530w, https:\/\/yhelteljel.ee\/wp-content\/uploads\/2010\/07\/IMG_0142_v-224x300.jpg 224w\" sizes=\"auto, (max-width: 530px) 100vw, 530px\" \/><\/a><\/p>\n<p>M\u00f5ned hetked veel meie Pakistanis viibimise algusp\u00e4evilt:<\/p>\n<p><a href=\"http:\/\/yhelteljel.ee\/wp-content\/uploads\/2010\/07\/IMG_0098_s.jpg\" target=\"_blank\"><img loading=\"lazy\" decoding=\"async\" class=\"alignnone size-full wp-image-8563\" title=\"Pajad tulel - \u00f5htus\u00f6\u00f6k on pakistanlaste t\u00e4htsaim s\u00f6\u00f6maaeg\" src=\"http:\/\/yhelteljel.ee\/wp-content\/uploads\/2010\/07\/IMG_0098_v.jpg\" alt=\"\" width=\"530\" height=\"393\" srcset=\"https:\/\/yhelteljel.ee\/wp-content\/uploads\/2010\/07\/IMG_0098_v.jpg 530w, https:\/\/yhelteljel.ee\/wp-content\/uploads\/2010\/07\/IMG_0098_v-300x222.jpg 300w\" sizes=\"auto, (max-width: 530px) 100vw, 530px\" \/><\/a><\/p>\n<p><a href=\"http:\/\/yhelteljel.ee\/wp-content\/uploads\/2010\/07\/IMG_0104_s.jpg\" target=\"_blank\"><img loading=\"lazy\" decoding=\"async\" class=\"alignnone size-full wp-image-8565\" title=\"Melonid p\u00e4ikese k\u00e4es &quot;k\u00e4imas&quot; - ostsime \u00fche ja maitses v\u00e4ga h\u00e4\u00e4!\" src=\"http:\/\/yhelteljel.ee\/wp-content\/uploads\/2010\/07\/IMG_0104_v.jpg\" alt=\"\" width=\"530\" height=\"398\" srcset=\"https:\/\/yhelteljel.ee\/wp-content\/uploads\/2010\/07\/IMG_0104_v.jpg 530w, https:\/\/yhelteljel.ee\/wp-content\/uploads\/2010\/07\/IMG_0104_v-300x225.jpg 300w\" sizes=\"auto, (max-width: 530px) 100vw, 530px\" \/><\/a><\/p>\n<p><a href=\"http:\/\/yhelteljel.ee\/wp-content\/uploads\/2010\/07\/IMG_0117_s.jpg\" target=\"_blank\"><img loading=\"lazy\" decoding=\"async\" class=\"alignnone size-full wp-image-8569\" title=\"Poiss eeslit kiskumas\" src=\"http:\/\/yhelteljel.ee\/wp-content\/uploads\/2010\/07\/IMG_0117_v.jpg\" alt=\"\" width=\"530\" height=\"424\" srcset=\"https:\/\/yhelteljel.ee\/wp-content\/uploads\/2010\/07\/IMG_0117_v.jpg 530w, https:\/\/yhelteljel.ee\/wp-content\/uploads\/2010\/07\/IMG_0117_v-300x240.jpg 300w\" sizes=\"auto, (max-width: 530px) 100vw, 530px\" \/><\/a><\/p>\n<p>Islamabadi ehitamine algas muide alles 1961. aastal, mist\u00f5ttu selles absoluutselt puudub igasugune ajaloo h\u00f5ng. T\u00e4navad kulgevad sirgelt \u00fchest nummerdatud kvartalist teise, kuid ometi ei ole liiklus sujuv, vaid takerdub pidevalt keset teed \u00fcles seatud blokaadide ning politsei kontrollpunktide taha. Aedlinnana m\u00f5juva Islamabadi kuumavaid t\u00e4navaid \u00e4\u00e4ristab palju rohelust, kuid infrastruktuur on \u00fcles ehitatud selliselt, et jalgsi poodi ei l\u00e4he, vaid on vaja autot. Kuidagi elitaarse, ent steriilse mulje j\u00e4tab see linn.<\/p>\n<p>\u00dchena v\u00e4hestest vaatamisv\u00e4\u00e4rsustest asub Islamabadis Aasia \u00fcks suurimaid mo\u0161eesid, 1986. aastal valminud ning 100 000 inimest mahutav Masjid Shah Faisal, mille ehitamist sponsoreeris suures osas Saudi-Araabia kuningas. Linnalegendi kohaselt olla selle 88-meetri k\u00f5rgused minaretid p\u00fc\u00fcdnud USA keskluureagentuuri t\u00e4helepanu, kes avaldanud kahlust, et tegemist v\u00f5ib olla maskeeritud rakettidega.<\/p>\n<p><a href=\"http:\/\/yhelteljel.ee\/wp-content\/uploads\/2010\/07\/IMG_0141_s.jpg\" target=\"_blank\"><img loading=\"lazy\" decoding=\"async\" class=\"alignnone size-full wp-image-8573\" title=\"Moslem Shah Faisali mo\u0161eest palvelt naasemas\" src=\"http:\/\/yhelteljel.ee\/wp-content\/uploads\/2010\/07\/IMG_0141_v.jpg\" alt=\"\" width=\"530\" height=\"359\" srcset=\"https:\/\/yhelteljel.ee\/wp-content\/uploads\/2010\/07\/IMG_0141_v.jpg 530w, https:\/\/yhelteljel.ee\/wp-content\/uploads\/2010\/07\/IMG_0141_v-300x203.jpg 300w\" sizes=\"auto, (max-width: 530px) 100vw, 530px\" \/><\/a><\/p>\n<p><a href=\"http:\/\/yhelteljel.ee\/wp-content\/uploads\/2010\/07\/Pakistan-3s.jpg\" target=\"_blank\"><img loading=\"lazy\" decoding=\"async\" class=\"alignnone size-full wp-image-8577\" title=\"Shah Faisali mo\u0161ee oma nelja &quot;raketiga&quot;\" src=\"http:\/\/yhelteljel.ee\/wp-content\/uploads\/2010\/07\/Pakistan-3v.jpg\" alt=\"\" width=\"530\" height=\"387\" srcset=\"https:\/\/yhelteljel.ee\/wp-content\/uploads\/2010\/07\/Pakistan-3v.jpg 530w, https:\/\/yhelteljel.ee\/wp-content\/uploads\/2010\/07\/Pakistan-3v-300x219.jpg 300w\" sizes=\"auto, (max-width: 530px) 100vw, 530px\" \/><\/a><\/p>\n<p><a href=\"http:\/\/yhelteljel.ee\/wp-content\/uploads\/2010\/07\/IMG_0140_s.jpg\" target=\"_blank\"><img loading=\"lazy\" decoding=\"async\" class=\"alignnone size-full wp-image-8571\" title=\"Shah Faisali mo\u0161ee tipp poolkuuga\" src=\"http:\/\/yhelteljel.ee\/wp-content\/uploads\/2010\/07\/IMG_0140_v.jpg\" alt=\"\" width=\"530\" height=\"707\" srcset=\"https:\/\/yhelteljel.ee\/wp-content\/uploads\/2010\/07\/IMG_0140_v.jpg 530w, https:\/\/yhelteljel.ee\/wp-content\/uploads\/2010\/07\/IMG_0140_v-224x300.jpg 224w\" sizes=\"auto, (max-width: 530px) 100vw, 530px\" \/><\/a><\/p>\n<p><a href=\"http:\/\/yhelteljel.ee\/wp-content\/uploads\/2010\/07\/Pakistan-4s.jpg\" target=\"_blank\"><img loading=\"lazy\" decoding=\"async\" class=\"alignnone size-full wp-image-8579\" title=\"\u00dcks &quot;raketiminarett&quot; l\u00e4hivaates, all on inimene v\u00f5rdluseks\" src=\"http:\/\/yhelteljel.ee\/wp-content\/uploads\/2010\/07\/Pakistan-4v.jpg\" alt=\"\" width=\"530\" height=\"2312\" \/><\/a><\/p>\n","protected":false},"excerpt":{"rendered":"<p>\u00dcletades piiri India ja Pakistani vahel ei saa m\u00e4rkamata j\u00e4\u00e4da kontrast kahe riigi vahel. Maastik on muidugi sama &#8211; suvekuumuses k\u00f5rbenud tasandikud, ning linnapiltki on tuttav &#8211; valitseb kaleidoskoopiline kaos. Erinevusena silma vaid see, et hindu templid on asendunud mo\u0161eedega, ning teedel vuravad kujuteldamatult kirjuks v\u00f5\u00f5batud bussid-veokid. Peaaegu nagu India, aga ei ole ka.<\/p>\n","protected":false},"author":2,"featured_media":0,"comment_status":"open","ping_status":"open","sticky":false,"template":"","format":"standard","meta":{"_monsterinsights_skip_tracking":false,"_monsterinsights_sitenote_active":false,"_monsterinsights_sitenote_note":"","_monsterinsights_sitenote_category":0,"footnotes":""},"categories":[10],"tags":[394,1114,128,395,133,123],"class_list":["post-8552","post","type-post","status-publish","format-standard","hentry","category-aasia","tag-india","tag-inimesed","tag-linnad","tag-pakistan","tag-piiriuletus","tag-sook-ja-jook"],"_links":{"self":[{"href":"https:\/\/yhelteljel.ee\/index.php?rest_route=\/wp\/v2\/posts\/8552","targetHints":{"allow":["GET"]}}],"collection":[{"href":"https:\/\/yhelteljel.ee\/index.php?rest_route=\/wp\/v2\/posts"}],"about":[{"href":"https:\/\/yhelteljel.ee\/index.php?rest_route=\/wp\/v2\/types\/post"}],"author":[{"embeddable":true,"href":"https:\/\/yhelteljel.ee\/index.php?rest_route=\/wp\/v2\/users\/2"}],"replies":[{"embeddable":true,"href":"https:\/\/yhelteljel.ee\/index.php?rest_route=%2Fwp%2Fv2%2Fcomments&post=8552"}],"version-history":[{"count":4,"href":"https:\/\/yhelteljel.ee\/index.php?rest_route=\/wp\/v2\/posts\/8552\/revisions"}],"predecessor-version":[{"id":8582,"href":"https:\/\/yhelteljel.ee\/index.php?rest_route=\/wp\/v2\/posts\/8552\/revisions\/8582"}],"wp:attachment":[{"href":"https:\/\/yhelteljel.ee\/index.php?rest_route=%2Fwp%2Fv2%2Fmedia&parent=8552"}],"wp:term":[{"taxonomy":"category","embeddable":true,"href":"https:\/\/yhelteljel.ee\/index.php?rest_route=%2Fwp%2Fv2%2Fcategories&post=8552"},{"taxonomy":"post_tag","embeddable":true,"href":"https:\/\/yhelteljel.ee\/index.php?rest_route=%2Fwp%2Fv2%2Ftags&post=8552"}],"curies":[{"name":"wp","href":"https:\/\/api.w.org\/{rel}","templated":true}]}}