{"id":8381,"date":"2010-07-02T10:32:59","date_gmt":"2010-07-02T08:32:59","guid":{"rendered":"http:\/\/yhelteljel.ee\/?p=8381"},"modified":"2010-07-02T10:32:59","modified_gmt":"2010-07-02T08:32:59","slug":"unest-arkamine","status":"publish","type":"post","link":"https:\/\/yhelteljel.ee\/?p=8381","title":{"rendered":"Unest \u00e4rkamine"},"content":{"rendered":"<p><a href=\"http:\/\/yhelteljel.ee\/wp-content\/uploads\/2010\/07\/IMG_9926_s.jpg\" target=\"_blank\"><img loading=\"lazy\" decoding=\"async\" class=\"alignnone size-full wp-image-8408\" title=\"Lumi ja \u00e4hvardavad pilved\" src=\"http:\/\/yhelteljel.ee\/wp-content\/uploads\/2010\/07\/IMG_9926_v.jpg\" alt=\"\" width=\"530\" height=\"398\" srcset=\"https:\/\/yhelteljel.ee\/wp-content\/uploads\/2010\/07\/IMG_9926_v.jpg 530w, https:\/\/yhelteljel.ee\/wp-content\/uploads\/2010\/07\/IMG_9926_v-300x225.jpg 300w\" sizes=\"auto, (max-width: 530px) 100vw, 530px\" \/><\/a><\/p>\n<p>M\u00e4letan, et kui me kuu aega tagasi Ladakhisse j\u00f5udsime, valitses seal m\u00f5nes m\u00f5ttes kummituslik atmosf\u00e4\u00e4r. Olime ainsad k\u00fclalised k\u00fclalistemajas, ning polnud midagi imelikku selles, kui t\u00e4naval m\u00f5ni kohalik, keda me isegi ei tundnud, meid r\u00f5\u00f5msameelselt teretas. Keegi ei \u00fcritanud meile midagi v\u00e4gisi m\u00fc\u00fca. Kuid mida aeg edasi, seda rohkem imbus sinna turiste, seda kinnisemaks muutusid kohalikud ning seda l\u00e4rmakamaks muutus unine Leh. L\u00f5puks avati ka Manalisse viiv tee. J\u00f5udis k\u00e4tte aeg minna.<\/p>\n<p><!--more--><\/p>\n<p>L\u00f5petuseks veel m\u00f5ned meenutused Lehi mitmetahulisest helimaastikust. Kuigi eredalt on meelde j\u00e4\u00e4nud ka sellised argised helid, nagu helikopterite tiirutamine linna kohal, lehmade ammumine t\u00e4naval ning elektrikatkestusest mitu korda p\u00e4evas m\u00e4rku andev akude dissonantne piiksumine internetikohvikutes, on Lehile samav\u00f5rra iseloomulik igahommikune koraaniretsitatsioon ning ikka ja j\u00e4lle siit-sealt kostuv traditsiooniline muusika.<\/p>\n[audio:Lehi_laiv.mp3|titles=Traditsiooniline elusmuusika Lehis kostumas]\n[audio:Lehi_koraan.mp3|titles=Koraani retsiteerimine Lehis]\n<p>Kuid nagu \u00f6eldud, sai meie aeg Lehis l\u00e4bi. J\u00e4tsime omaks saanud paikadega h\u00fcvasti, pakkisime asjad ning asutasime end teele. L\u00f5puks ometi kuulsale teele Lehist Manalisse, mis on tuntud ka maailma k\u00f5rgeima teena ning seet\u00f5ttu mootorratturite seas legendaarse staatusega. L\u00f5ppude l\u00f5puks &#8211; selle p\u00e4rast olime siia ju tulnud.<\/p>\n<p>Kui hommikul s\u00f5itu alustasime, ei olnud ilm just paljulubav. Just meie s\u00f5idusuunas olid m\u00e4etipud m\u00e4hkunud halli pilvetekki, \u00e4hvardades meid korraliku sahmakaga. Kuid nagu m\u00e4gedes ikka, on ilm v\u00e4ga ettearvamatu ning muutlik &#8211; varsti laius meie kohal selge taevas ning vihmast polnud m\u00e4rkigi.<\/p>\n<p>J\u00e4rgneva kahe p\u00e4eva ning pea viiesaja kilomeetri jooksul pidime t\u00f5dema, et ikka veel oli Himaalajate maastikel ja elu-olul meile pakkuda \u00fcllatusi.<\/p>\n<p>N\u00e4iteks paljastus \u00fches kohas harjumatult intensiivsetes v\u00e4rvitoonides mitmekihiline maakoor, mis miljoneid aastaid tagasi laamade kokkup\u00f5rkes horisontaalsest asendist pea vertikaalsesse asendisse sunniti ja aastatuhandete jooksul erosioonist veelgi v\u00f5imsamaks lihviti.<\/p>\n<p><a href=\"http:\/\/yhelteljel.ee\/wp-content\/uploads\/2010\/07\/IMG_9837_s.jpg\" target=\"_blank\"><img loading=\"lazy\" decoding=\"async\" class=\"alignnone size-full wp-image-8384\" title=\"Vertikaalsed v\u00e4rvilised m\u00e4ed\" src=\"http:\/\/yhelteljel.ee\/wp-content\/uploads\/2010\/07\/IMG_9837_v.jpg\" alt=\"\" width=\"530\" height=\"398\" srcset=\"https:\/\/yhelteljel.ee\/wp-content\/uploads\/2010\/07\/IMG_9837_v.jpg 530w, https:\/\/yhelteljel.ee\/wp-content\/uploads\/2010\/07\/IMG_9837_v-300x225.jpg 300w\" sizes=\"auto, (max-width: 530px) 100vw, 530px\" \/><\/a><\/p>\n<p><a href=\"http:\/\/yhelteljel.ee\/wp-content\/uploads\/2010\/07\/IMG_9838_s.jpg\" target=\"_blank\"><img loading=\"lazy\" decoding=\"async\" class=\"alignnone size-full wp-image-8386\" title=\"Diagonaalis\" src=\"http:\/\/yhelteljel.ee\/wp-content\/uploads\/2010\/07\/IMG_9838_v.jpg\" alt=\"\" width=\"530\" height=\"398\" srcset=\"https:\/\/yhelteljel.ee\/wp-content\/uploads\/2010\/07\/IMG_9838_v.jpg 530w, https:\/\/yhelteljel.ee\/wp-content\/uploads\/2010\/07\/IMG_9838_v-300x225.jpg 300w\" sizes=\"auto, (max-width: 530px) 100vw, 530px\" \/><\/a><\/p>\n<p>\u00dches tee\u00e4\u00e4rses k\u00fclas olime aga tunnistajaks sellele, kuidas toimub koolitunni l\u00e4biviimine &#8211; &#8220;\u00f5ues \u00f5ppimine&#8221; Ladakhi moodi.<\/p>\n<p><a href=\"http:\/\/yhelteljel.ee\/wp-content\/uploads\/2010\/07\/IMG_9842_s.jpg\" target=\"_blank\"><img loading=\"lazy\" decoding=\"async\" class=\"alignnone size-full wp-image-8388\" title=\"\u00d5ues \u00f5ppimine\" src=\"http:\/\/yhelteljel.ee\/wp-content\/uploads\/2010\/07\/IMG_9842_v.jpg\" alt=\"\" width=\"530\" height=\"584\" srcset=\"https:\/\/yhelteljel.ee\/wp-content\/uploads\/2010\/07\/IMG_9842_v.jpg 530w, https:\/\/yhelteljel.ee\/wp-content\/uploads\/2010\/07\/IMG_9842_v-272x300.jpg 272w\" sizes=\"auto, (max-width: 530px) 100vw, 530px\" \/><\/a><\/p>\n<p>\u00dcletasime Taglang La, 5328 meetri k\u00f5rgusel asuva kuru, mis peaks kirjade j\u00e4rgi olema Khardung La j\u00e4rel k\u00f5rguselt teine mootors\u00f5idukiga ligip\u00e4\u00e4setav kuru maailmas.<\/p>\n<p><a href=\"http:\/\/yhelteljel.ee\/wp-content\/uploads\/2010\/07\/IMG_9845_s.jpg\" target=\"_blank\"><img loading=\"lazy\" decoding=\"async\" class=\"alignnone size-full wp-image-8390\" title=\"Taglang La otsas, 5328 meetrit merepinnast (meie GPS n\u00e4itas enam-v\u00e4hem sama)\" src=\"http:\/\/yhelteljel.ee\/wp-content\/uploads\/2010\/07\/IMG_9845_v.jpg\" alt=\"\" width=\"530\" height=\"361\" srcset=\"https:\/\/yhelteljel.ee\/wp-content\/uploads\/2010\/07\/IMG_9845_v.jpg 530w, https:\/\/yhelteljel.ee\/wp-content\/uploads\/2010\/07\/IMG_9845_v-300x204.jpg 300w\" sizes=\"auto, (max-width: 530px) 100vw, 530px\" \/><\/a><\/p>\n<p><a href=\"http:\/\/yhelteljel.ee\/wp-content\/uploads\/2010\/07\/IMG_9846_s.jpg\" target=\"_blank\"><img loading=\"lazy\" decoding=\"async\" class=\"alignnone size-full wp-image-8392\" title=\"K\u00f5rguselt teine\" src=\"http:\/\/yhelteljel.ee\/wp-content\/uploads\/2010\/07\/IMG_9846_v.jpg\" alt=\"\" width=\"530\" height=\"707\" srcset=\"https:\/\/yhelteljel.ee\/wp-content\/uploads\/2010\/07\/IMG_9846_v.jpg 530w, https:\/\/yhelteljel.ee\/wp-content\/uploads\/2010\/07\/IMG_9846_v-224x300.jpg 224w\" sizes=\"auto, (max-width: 530px) 100vw, 530px\" \/><\/a><\/p>\n<p><a href=\"http:\/\/yhelteljel.ee\/wp-content\/uploads\/2010\/07\/IMG_9848_s.jpg\" target=\"_blank\"><img loading=\"lazy\" decoding=\"async\" class=\"alignnone size-full wp-image-8394\" title=\"Vaated Taglang La'lt\" src=\"http:\/\/yhelteljel.ee\/wp-content\/uploads\/2010\/07\/IMG_9848_v.jpg\" alt=\"\" width=\"530\" height=\"398\" srcset=\"https:\/\/yhelteljel.ee\/wp-content\/uploads\/2010\/07\/IMG_9848_v.jpg 530w, https:\/\/yhelteljel.ee\/wp-content\/uploads\/2010\/07\/IMG_9848_v-300x225.jpg 300w\" sizes=\"auto, (max-width: 530px) 100vw, 530px\" \/><\/a><\/p>\n<p><a href=\"http:\/\/yhelteljel.ee\/wp-content\/uploads\/2010\/07\/IMG_9849_s.jpg\" target=\"_blank\"><img loading=\"lazy\" decoding=\"async\" class=\"alignnone size-full wp-image-8396\" title=\"Vaated Taglang La'lt\" src=\"http:\/\/yhelteljel.ee\/wp-content\/uploads\/2010\/07\/IMG_9849_v.jpg\" alt=\"\" width=\"530\" height=\"343\" srcset=\"https:\/\/yhelteljel.ee\/wp-content\/uploads\/2010\/07\/IMG_9849_v.jpg 530w, https:\/\/yhelteljel.ee\/wp-content\/uploads\/2010\/07\/IMG_9849_v-300x194.jpg 300w\" sizes=\"auto, (max-width: 530px) 100vw, 530px\" \/><\/a><\/p>\n<p><a href=\"http:\/\/yhelteljel.ee\/wp-content\/uploads\/2010\/07\/India-84s.jpg\" target=\"_blank\"><img loading=\"lazy\" decoding=\"async\" title=\"Tee panoraam\" src=\"http:\/\/yhelteljel.ee\/wp-content\/uploads\/2010\/07\/India-84v.png\" alt=\"\" width=\"530\" height=\"129\" \/><\/a><\/p>\n<p><a href=\"http:\/\/yhelteljel.ee\/wp-content\/uploads\/2010\/07\/IMG_9881_s.jpg\" target=\"_blank\"><img loading=\"lazy\" decoding=\"async\" title=\"India kapadookia\" src=\"http:\/\/yhelteljel.ee\/wp-content\/uploads\/2010\/07\/IMG_9881_v.jpg\" alt=\"\" width=\"530\" height=\"398\" \/><\/a><\/p>\n<p><a href=\"http:\/\/yhelteljel.ee\/wp-content\/uploads\/2010\/07\/IMG_9880_s.jpg\" target=\"_blank\"><img loading=\"lazy\" decoding=\"async\" class=\"alignnone size-full wp-image-8398\" title=\"Huvitavad moodustised erosioonist\" src=\"http:\/\/yhelteljel.ee\/wp-content\/uploads\/2010\/07\/IMG_9880_v.jpg\" alt=\"\" width=\"530\" height=\"309\" srcset=\"https:\/\/yhelteljel.ee\/wp-content\/uploads\/2010\/07\/IMG_9880_v.jpg 530w, https:\/\/yhelteljel.ee\/wp-content\/uploads\/2010\/07\/IMG_9880_v-300x174.jpg 300w\" sizes=\"auto, (max-width: 530px) 100vw, 530px\" \/><\/a><\/p>\n<p>Kuna tee on pikk, siis otsustasime selle jagada kahele p\u00e4evale ning kasutada veel viimast v\u00f5imalust Himaalajates telkida. Maastik seekord ehk p\u00e4ris miljonile ei pretendeerinud, kuid koht oli vaikne ning \u00f5htune pilvede ja valguse omavaheline kurameerimine l\u00f5i erilise atmosf\u00e4\u00e4ri. Ka t\u00f5i see hinge vaikse nukruse &#8211; silme eest vilksatasid l\u00e4bi k\u00f5ik need hoomamatult kaunid ja v\u00f5imsad maastikud, mida olime viimastel n\u00e4dalatel kogenud, ning millega meil oli tekkinud intiimne suhe. Justkui unen\u00e4os oleks k\u00f5ik see olnud, kuid teadvus andis m\u00f5ista, et peagi on k\u00e4es aeg \u00e4rgata. Poolenisti unes, poolenisti \u00e4rkvelolekus p\u00fc\u00fcdsime keharakkudesse salvestada iga hetke, iga valgusvarjundit.<\/p>\n<p><a href=\"http:\/\/yhelteljel.ee\/wp-content\/uploads\/2010\/07\/India-83s.jpg\" target=\"_blank\"><img loading=\"lazy\" decoding=\"async\" class=\"alignnone size-full wp-image-8438\" title=\"Roosakates toonides vaade otse telgi uksest\" src=\"http:\/\/yhelteljel.ee\/wp-content\/uploads\/2010\/07\/India-83v.jpg\" alt=\"\" width=\"530\" height=\"960\" srcset=\"https:\/\/yhelteljel.ee\/wp-content\/uploads\/2010\/07\/India-83v.jpg 530w, https:\/\/yhelteljel.ee\/wp-content\/uploads\/2010\/07\/India-83v-165x300.jpg 165w\" sizes=\"auto, (max-width: 530px) 100vw, 530px\" \/><\/a><\/p>\n<p>Hommikuks oli maagia haihtunud, nagu m\u00e4ed oleks otsustanud meie suhtest l\u00f5plikult lahti \u00f6elda &#8211; taevas oli pilves ning telgil ja Gessul oli peal j\u00e4\u00e4kiht. Kuid siis tuli j\u00e4lle p\u00e4ike v\u00e4lja&#8230;<\/p>\n<p><a href=\"http:\/\/yhelteljel.ee\/wp-content\/uploads\/2010\/07\/IMG_9889_s.jpg\" target=\"_blank\"><img loading=\"lazy\" decoding=\"async\" title=\"Lumi ja j\u00e4\u00e4 hommikuses soojuses telgilt sulamas \" src=\"http:\/\/yhelteljel.ee\/wp-content\/uploads\/2010\/07\/IMG_9889_v.jpg\" alt=\"\" width=\"530\" height=\"398\" \/><\/a><\/p>\n<p><a href=\"http:\/\/yhelteljel.ee\/wp-content\/uploads\/2010\/07\/IMG_9890_s.jpg\" target=\"_blank\"><img loading=\"lazy\" decoding=\"async\" class=\"alignnone size-full wp-image-8404\" title=\"Tere v\u00e4rsket-karget hommikust! J\u00e4\u00e4s Gessu iste\" src=\"http:\/\/yhelteljel.ee\/wp-content\/uploads\/2010\/07\/IMG_9890_v.jpg\" alt=\"\" width=\"530\" height=\"398\" srcset=\"https:\/\/yhelteljel.ee\/wp-content\/uploads\/2010\/07\/IMG_9890_v.jpg 530w, https:\/\/yhelteljel.ee\/wp-content\/uploads\/2010\/07\/IMG_9890_v-300x225.jpg 300w\" sizes=\"auto, (max-width: 530px) 100vw, 530px\" \/><\/a><\/p>\n<p><a href=\"http:\/\/yhelteljel.ee\/wp-content\/uploads\/2010\/07\/IMG_9892_s.jpg\" target=\"_blank\"><img loading=\"lazy\" decoding=\"async\" class=\"alignnone size-full wp-image-8406\" title=\"P\u00e4ikeset\u00f5us meie telkimiskohas 4550 meetri k\u00f5rgusel merepinnast\" src=\"http:\/\/yhelteljel.ee\/wp-content\/uploads\/2010\/07\/IMG_9892_v.jpg\" alt=\"\" width=\"530\" height=\"398\" srcset=\"https:\/\/yhelteljel.ee\/wp-content\/uploads\/2010\/07\/IMG_9892_v.jpg 530w, https:\/\/yhelteljel.ee\/wp-content\/uploads\/2010\/07\/IMG_9892_v-300x225.jpg 300w\" sizes=\"auto, (max-width: 530px) 100vw, 530px\" \/><\/a><\/p>\n<p><a href=\"http:\/\/yhelteljel.ee\/wp-content\/uploads\/2010\/07\/India-86s.jpg\" target=\"_blank\"><img loading=\"lazy\" decoding=\"async\" class=\"alignnone size-full wp-image-8446\" title=\"Telkimiskoha panoraam hommikuvalguses - pidime sealt alt Gessuga \u00fcles ronima m\u00f6\u00f6da kivist m\u00e4en\u00f5lva.\" src=\"http:\/\/yhelteljel.ee\/wp-content\/uploads\/2010\/07\/India-86v.png\" alt=\"\" width=\"530\" height=\"111\" srcset=\"https:\/\/yhelteljel.ee\/wp-content\/uploads\/2010\/07\/India-86v.png 530w, https:\/\/yhelteljel.ee\/wp-content\/uploads\/2010\/07\/India-86v-300x62.png 300w\" sizes=\"auto, (max-width: 530px) 100vw, 530px\" \/><\/a><\/p>\n<p>Kuid siis p\u00e4ike j\u00e4lle kadus, ning mida edasi Himaalajate l\u00f5unaserva poole, seda tihedamaks ja s\u00fcngemaks muutusid pilved. Ehk v\u00e4ljendasid m\u00e4ed sel kombel oma kurbust, v\u00f5i pettumust meie lahkumise \u00fcle. V\u00f5i ehk oli asi hoopis mussoonis, mis aina oma haaret laiendades otsapidi m\u00e4gedesse tunginud. Igal juhul ei kaotanud Himaalajad oma suursugusust.<\/p>\n<p><a href=\"http:\/\/yhelteljel.ee\/wp-content\/uploads\/2010\/07\/IMG_9928_s.jpg\" target=\"_blank\"><img loading=\"lazy\" decoding=\"async\" class=\"alignnone size-full wp-image-8410\" title=\"Lachalung La - 5064 meetrit merepinnast (meie GPS n\u00e4itas enam-v\u00e4hem sama)\" src=\"http:\/\/yhelteljel.ee\/wp-content\/uploads\/2010\/07\/IMG_9928_v.jpg\" alt=\"\" width=\"530\" height=\"371\" srcset=\"https:\/\/yhelteljel.ee\/wp-content\/uploads\/2010\/07\/IMG_9928_v.jpg 530w, https:\/\/yhelteljel.ee\/wp-content\/uploads\/2010\/07\/IMG_9928_v-300x210.jpg 300w\" sizes=\"auto, (max-width: 530px) 100vw, 530px\" \/><\/a><\/p>\n<p><a href=\"http:\/\/yhelteljel.ee\/wp-content\/uploads\/2010\/07\/IMG_9931_s.jpg\" target=\"_blank\"><img loading=\"lazy\" decoding=\"async\" title=\"Lachalung La palvelippudes ja \u00f5rn lumesadu on juba alganud\" src=\"http:\/\/yhelteljel.ee\/wp-content\/uploads\/2010\/07\/IMG_9931_v.jpg\" alt=\"\" width=\"530\" height=\"398\" \/><\/a><\/p>\n<p><a href=\"http:\/\/yhelteljel.ee\/wp-content\/uploads\/2010\/07\/IMG_9930_s.jpg\" target=\"_blank\"><img loading=\"lazy\" decoding=\"async\" class=\"alignnone size-full wp-image-8412\" title=\"Himaalajate n\u00e4gu l\u00e4bi lumesaju\" src=\"http:\/\/yhelteljel.ee\/wp-content\/uploads\/2010\/07\/IMG_9930_v.jpg\" alt=\"\" width=\"530\" height=\"398\" srcset=\"https:\/\/yhelteljel.ee\/wp-content\/uploads\/2010\/07\/IMG_9930_v.jpg 530w, https:\/\/yhelteljel.ee\/wp-content\/uploads\/2010\/07\/IMG_9930_v-300x225.jpg 300w\" sizes=\"auto, (max-width: 530px) 100vw, 530px\" \/><\/a><\/p>\n<p><a href=\"http:\/\/yhelteljel.ee\/wp-content\/uploads\/2010\/07\/IMG_9932_s.jpg\" target=\"_blank\"><img loading=\"lazy\" decoding=\"async\" class=\"alignnone size-full wp-image-8416\" title=\"Kaljused tipud\" src=\"http:\/\/yhelteljel.ee\/wp-content\/uploads\/2010\/07\/IMG_9932_v.jpg\" alt=\"\" width=\"530\" height=\"398\" srcset=\"https:\/\/yhelteljel.ee\/wp-content\/uploads\/2010\/07\/IMG_9932_v.jpg 530w, https:\/\/yhelteljel.ee\/wp-content\/uploads\/2010\/07\/IMG_9932_v-300x225.jpg 300w\" sizes=\"auto, (max-width: 530px) 100vw, 530px\" \/><\/a><\/p>\n<p><a href=\"http:\/\/yhelteljel.ee\/wp-content\/uploads\/2010\/07\/IMG_9938_s.jpg\" target=\"_blank\"><img loading=\"lazy\" decoding=\"async\" class=\"alignnone size-full wp-image-8420\" title=\"Paks lumevaip k\u00f5rgustes\" src=\"http:\/\/yhelteljel.ee\/wp-content\/uploads\/2010\/07\/IMG_9938_v.jpg\" alt=\"\" width=\"530\" height=\"398\" srcset=\"https:\/\/yhelteljel.ee\/wp-content\/uploads\/2010\/07\/IMG_9938_v.jpg 530w, https:\/\/yhelteljel.ee\/wp-content\/uploads\/2010\/07\/IMG_9938_v-300x225.jpg 300w\" sizes=\"auto, (max-width: 530px) 100vw, 530px\" \/><\/a><\/p>\n<p><a href=\"http:\/\/yhelteljel.ee\/wp-content\/uploads\/2010\/07\/IMG_9940_s.jpg\" target=\"_blank\"><img loading=\"lazy\" decoding=\"async\" title=\"J\u00e4\u00e4 alt vabanev j\u00e4rv\" src=\"http:\/\/yhelteljel.ee\/wp-content\/uploads\/2010\/07\/IMG_9940_v.jpg\" alt=\"\" width=\"530\" height=\"398\" \/><\/a><\/p>\n<p><a href=\"http:\/\/yhelteljel.ee\/wp-content\/uploads\/2010\/07\/IMG_9937_s.jpg\" target=\"_blank\"><img loading=\"lazy\" decoding=\"async\" class=\"alignnone size-full wp-image-8418\" title=\"Enda kohale pilvi keerutav laviiniohtlik valge tipp\" src=\"http:\/\/yhelteljel.ee\/wp-content\/uploads\/2010\/07\/IMG_9937_v.jpg\" alt=\"\" width=\"530\" height=\"398\" srcset=\"https:\/\/yhelteljel.ee\/wp-content\/uploads\/2010\/07\/IMG_9937_v.jpg 530w, https:\/\/yhelteljel.ee\/wp-content\/uploads\/2010\/07\/IMG_9937_v-300x225.jpg 300w\" sizes=\"auto, (max-width: 530px) 100vw, 530px\" \/><\/a><\/p>\n<p><a href=\"http:\/\/yhelteljel.ee\/wp-content\/uploads\/2010\/07\/IMG_9941_s.jpg\" target=\"_blank\"><img loading=\"lazy\" decoding=\"async\" class=\"alignnone size-full wp-image-8424\" title=\"Valge kuningriik. Meie tee on musta triibuna sealt m\u00e4en\u00f5lvadelt n\u00e4ha - ees ootab Baralacha La \u00fcletus\" src=\"http:\/\/yhelteljel.ee\/wp-content\/uploads\/2010\/07\/IMG_9941_v.jpg\" alt=\"\" width=\"530\" height=\"371\" srcset=\"https:\/\/yhelteljel.ee\/wp-content\/uploads\/2010\/07\/IMG_9941_v.jpg 530w, https:\/\/yhelteljel.ee\/wp-content\/uploads\/2010\/07\/IMG_9941_v-300x210.jpg 300w\" sizes=\"auto, (max-width: 530px) 100vw, 530px\" \/><\/a><\/p>\n<p><a href=\"http:\/\/yhelteljel.ee\/wp-content\/uploads\/2010\/07\/IMG_9945_s.jpg\" target=\"_blank\"><img loading=\"lazy\" decoding=\"async\" class=\"alignnone size-full wp-image-8426\" title=\"Valge kuningriik\" src=\"http:\/\/yhelteljel.ee\/wp-content\/uploads\/2010\/07\/IMG_9945_v.jpg\" alt=\"\" width=\"530\" height=\"398\" srcset=\"https:\/\/yhelteljel.ee\/wp-content\/uploads\/2010\/07\/IMG_9945_v.jpg 530w, https:\/\/yhelteljel.ee\/wp-content\/uploads\/2010\/07\/IMG_9945_v-300x225.jpg 300w\" sizes=\"auto, (max-width: 530px) 100vw, 530px\" \/><\/a><\/p>\n<p><a href=\"http:\/\/yhelteljel.ee\/wp-content\/uploads\/2010\/07\/India-85s.jpg\" target=\"_blank\"><img loading=\"lazy\" decoding=\"async\" title=\"J\u00e4ise Suraj Tali panoraam\" src=\"http:\/\/yhelteljel.ee\/wp-content\/uploads\/2010\/07\/India-85v.png\" alt=\"\" width=\"530\" height=\"243\" \/><\/a><\/p>\n<p><a href=\"http:\/\/yhelteljel.ee\/wp-content\/uploads\/2010\/07\/IMG_9946_s.jpg\" target=\"_blank\"><img loading=\"lazy\" decoding=\"async\" class=\"alignnone size-full wp-image-8428\" title=\"Suraj Tal kunstilised jooned\" src=\"http:\/\/yhelteljel.ee\/wp-content\/uploads\/2010\/07\/IMG_9946_v.jpg\" alt=\"\" width=\"530\" height=\"398\" srcset=\"https:\/\/yhelteljel.ee\/wp-content\/uploads\/2010\/07\/IMG_9946_v.jpg 530w, https:\/\/yhelteljel.ee\/wp-content\/uploads\/2010\/07\/IMG_9946_v-300x225.jpg 300w\" sizes=\"auto, (max-width: 530px) 100vw, 530px\" \/><\/a><\/p>\n<p><a href=\"http:\/\/yhelteljel.ee\/wp-content\/uploads\/2010\/07\/India-87s.jpg\" target=\"_blank\"><img loading=\"lazy\" decoding=\"async\" title=\"Panoraam teelt\" src=\"http:\/\/yhelteljel.ee\/wp-content\/uploads\/2010\/07\/India-87v.png\" alt=\"\" width=\"530\" height=\"109\" \/><\/a><\/p>\n<p><a href=\"http:\/\/yhelteljel.ee\/wp-content\/uploads\/2010\/07\/IMG_9948_s.jpg\" target=\"_blank\"><img loading=\"lazy\" decoding=\"async\" class=\"alignnone size-full wp-image-8430\" title=\"P\u00e4ike \u00f5rnalt l\u00e4bi pilvede ennast m\u00e4en\u00f5lvale poetamas\" src=\"http:\/\/yhelteljel.ee\/wp-content\/uploads\/2010\/07\/IMG_9948_v.jpg\" alt=\"\" width=\"530\" height=\"398\" srcset=\"https:\/\/yhelteljel.ee\/wp-content\/uploads\/2010\/07\/IMG_9948_v.jpg 530w, https:\/\/yhelteljel.ee\/wp-content\/uploads\/2010\/07\/IMG_9948_v-300x225.jpg 300w\" sizes=\"auto, (max-width: 530px) 100vw, 530px\" \/><\/a><\/p>\n<p><a href=\"http:\/\/yhelteljel.ee\/wp-content\/uploads\/2010\/07\/IMG_9949_s.jpg\" target=\"_blank\"><img loading=\"lazy\" decoding=\"async\" class=\"alignnone size-full wp-image-8432\" title=\"Lumesajusse mattunud Himaalajate tipud\" src=\"http:\/\/yhelteljel.ee\/wp-content\/uploads\/2010\/07\/IMG_9949_v.jpg\" alt=\"\" width=\"530\" height=\"352\" srcset=\"https:\/\/yhelteljel.ee\/wp-content\/uploads\/2010\/07\/IMG_9949_v.jpg 530w, https:\/\/yhelteljel.ee\/wp-content\/uploads\/2010\/07\/IMG_9949_v-300x199.jpg 300w\" sizes=\"auto, (max-width: 530px) 100vw, 530px\" \/><\/a><\/p>\n<p>\u00dchel hetkel tundus meile, et vihmasaju oht on \u00fcsna k\u00e4egakatsutavaks muutunud, nii et otsustasime tee \u00e4\u00e4res peatuda, et vihmakombinesoonid \u00fcll t\u00f5mmata. Mul oli kombinesoon poolenisti seljas, kui kusagilt l\u00e4bi m\u00e4gise kaja kostus kellegi h\u00fc\u00fce &#8220;Run!&#8221; (&#8220;Jookske!&#8221;), ning enne kui arugi saime, prantsatas meist vaid m\u00f5nik\u00fcmmend meetrit eemal teele m\u00f6\u00f6da m\u00e4ek\u00fclge alla veerenud tonne kaaluv tohutusuur kaljurahn. Tume mats, millega rahn puudutas asfalti, v\u00f5nkus l\u00e4bi meie kehade, pannes jalgealuse v\u00e4risema. Oleks me sealt paar minutit varem m\u00f6\u00f6dumas olnud, v\u00f5i otsustanud peatuda m\u00f5nik\u00fcmmend meetrit eespool, siis\u2026<\/p>\n<p><a href=\"http:\/\/yhelteljel.ee\/wp-content\/uploads\/2010\/07\/IMG_9951_s.jpg\" target=\"_blank\"><img loading=\"lazy\" decoding=\"async\" class=\"alignnone size-full wp-image-8434\" title=\"Kivi teele kukkunud, (tsikli juurest pildistatud). Kariina taga kividest hoiatustorni ladumas kurvi tagant tulevatele s\u00f5idukitele.\" src=\"http:\/\/yhelteljel.ee\/wp-content\/uploads\/2010\/07\/IMG_9951_v.jpg\" alt=\"\" width=\"530\" height=\"398\" srcset=\"https:\/\/yhelteljel.ee\/wp-content\/uploads\/2010\/07\/IMG_9951_v.jpg 530w, https:\/\/yhelteljel.ee\/wp-content\/uploads\/2010\/07\/IMG_9951_v-300x225.jpg 300w\" sizes=\"auto, (max-width: 530px) 100vw, 530px\" \/><\/a><\/p>\n<p><a href=\"http:\/\/yhelteljel.ee\/wp-content\/uploads\/2010\/07\/IMG_9952_s.jpg\" target=\"_blank\"><img loading=\"lazy\" decoding=\"async\" class=\"alignnone size-full wp-image-8436\" title=\"\u00d5nneseened, Gessu peatamise kaugus tagant n\u00e4ha\" src=\"http:\/\/yhelteljel.ee\/wp-content\/uploads\/2010\/07\/IMG_9952_v.jpg\" alt=\"\" width=\"530\" height=\"398\" srcset=\"https:\/\/yhelteljel.ee\/wp-content\/uploads\/2010\/07\/IMG_9952_v.jpg 530w, https:\/\/yhelteljel.ee\/wp-content\/uploads\/2010\/07\/IMG_9952_v-300x225.jpg 300w\" sizes=\"auto, (max-width: 530px) 100vw, 530px\" \/><\/a><\/p>\n<p>Edasine s\u00f5it kulgeski vahelduvas vihmasajus. Kui k\u00e4es oli viimase kuru, Rohtang La \u00fcletus, pidime maadlema paksu mudaga, millesse veoautod k\u00f5ik ridamisi kinni j\u00e4id. Kuid p\u00e4rast pikka pingutust oli kuru \u00fcletatud ning olime samas punktis tagasi, kust paar kuud tagasi otsa olime ringi p\u00f6\u00f6ranud, lubadusega tagasi tulla. Tookord oli tee suletud ning me olime arvanud, et meie ajastus ei olnud v\u00e4ga \u00f5nnestunud. Kuid tegelikult oli see hoopis vastupidi &#8211; paremat ajastust poleks saanud olla. N\u00fc\u00fcd oli ring t\u00e4is saanud. Olime tagasi reaalsuses, Himaalajate v\u00f5lu edasi elamas kusagil kaugel, aga ka meie m\u00e4lestustes.<\/p>\n<p>Kel on huvi, kus t\u00e4pselt viimase kahe kuu postitustes kirjeldatud paigad asuvad, saab seda teada allolevalt kaardilt (klikka, et suurendada):<\/p>\n<p><a href=\"http:\/\/yhelteljel.ee\/wp-content\/uploads\/2010\/07\/India-Himaalajate-trajektoor_s.jpg\" target=\"_blank\"><img loading=\"lazy\" decoding=\"async\" class=\"alignnone size-full wp-image-8454\" title=\"Meie India Himaalajate teekond - klikka, et suurendada\" src=\"http:\/\/yhelteljel.ee\/wp-content\/uploads\/2010\/07\/India-Himaalajate-trajektoor_v.jpg\" alt=\"\" width=\"530\" height=\"437\" srcset=\"https:\/\/yhelteljel.ee\/wp-content\/uploads\/2010\/07\/India-Himaalajate-trajektoor_v.jpg 530w, https:\/\/yhelteljel.ee\/wp-content\/uploads\/2010\/07\/India-Himaalajate-trajektoor_v-300x247.jpg 300w\" sizes=\"auto, (max-width: 530px) 100vw, 530px\" \/><\/a><\/p>\n","protected":false},"excerpt":{"rendered":"<p>M\u00e4letan, et kui me kuu aega tagasi Ladakhisse j\u00f5udsime, valitses seal m\u00f5nes m\u00f5ttes kummituslik atmosf\u00e4\u00e4r. Olime ainsad k\u00fclalised k\u00fclalistemajas, ning polnud midagi imelikku selles, kui t\u00e4naval m\u00f5ni kohalik, keda me isegi ei tundnud, meid r\u00f5\u00f5msameelselt teretas. Keegi ei \u00fcritanud meile midagi v\u00e4gisi m\u00fc\u00fca. Kuid mida aeg edasi, seda rohkem imbus sinna turiste, seda kinnisemaks muutusid &hellip; <a href=\"https:\/\/yhelteljel.ee\/?p=8381\" class=\"more-link\">Loe edasi <span class=\"screen-reader-text\">Unest \u00e4rkamine<\/span> <span class=\"meta-nav\">&rarr;<\/span><\/a><\/p>\n","protected":false},"author":3,"featured_media":0,"comment_status":"open","ping_status":"open","sticky":false,"template":"","format":"standard","meta":{"_monsterinsights_skip_tracking":false,"_monsterinsights_sitenote_active":false,"_monsterinsights_sitenote_note":"","_monsterinsights_sitenote_category":0,"footnotes":""},"categories":[10],"tags":[129,134,394,1115],"class_list":["post-8381","post","type-post","status-publish","format-standard","hentry","category-aasia","tag-helimaastikud","tag-ilm","tag-india","tag-teeolud"],"_links":{"self":[{"href":"https:\/\/yhelteljel.ee\/index.php?rest_route=\/wp\/v2\/posts\/8381","targetHints":{"allow":["GET"]}}],"collection":[{"href":"https:\/\/yhelteljel.ee\/index.php?rest_route=\/wp\/v2\/posts"}],"about":[{"href":"https:\/\/yhelteljel.ee\/index.php?rest_route=\/wp\/v2\/types\/post"}],"author":[{"embeddable":true,"href":"https:\/\/yhelteljel.ee\/index.php?rest_route=\/wp\/v2\/users\/3"}],"replies":[{"embeddable":true,"href":"https:\/\/yhelteljel.ee\/index.php?rest_route=%2Fwp%2Fv2%2Fcomments&post=8381"}],"version-history":[{"count":4,"href":"https:\/\/yhelteljel.ee\/index.php?rest_route=\/wp\/v2\/posts\/8381\/revisions"}],"predecessor-version":[{"id":8455,"href":"https:\/\/yhelteljel.ee\/index.php?rest_route=\/wp\/v2\/posts\/8381\/revisions\/8455"}],"wp:attachment":[{"href":"https:\/\/yhelteljel.ee\/index.php?rest_route=%2Fwp%2Fv2%2Fmedia&parent=8381"}],"wp:term":[{"taxonomy":"category","embeddable":true,"href":"https:\/\/yhelteljel.ee\/index.php?rest_route=%2Fwp%2Fv2%2Fcategories&post=8381"},{"taxonomy":"post_tag","embeddable":true,"href":"https:\/\/yhelteljel.ee\/index.php?rest_route=%2Fwp%2Fv2%2Ftags&post=8381"}],"curies":[{"name":"wp","href":"https:\/\/api.w.org\/{rel}","templated":true}]}}