{"id":8214,"date":"2010-06-26T08:35:42","date_gmt":"2010-06-26T06:35:42","guid":{"rendered":"http:\/\/yhelteljel.ee\/?p=8214"},"modified":"2010-07-02T10:46:42","modified_gmt":"2010-07-02T08:46:42","slug":"kulla-maekuningale-ehk-zanskari-au-ja-viletsus","status":"publish","type":"post","link":"https:\/\/yhelteljel.ee\/?p=8214","title":{"rendered":"K\u00fclla m\u00e4ekuningale ehk Zanskari au ja viletsus"},"content":{"rendered":"<p><a href=\"http:\/\/yhelteljel.ee\/wp-content\/uploads\/2010\/06\/IMG_9580_s.jpg\" target=\"_blank\"><img loading=\"lazy\" decoding=\"async\" class=\"alignnone size-full wp-image-8273\" title=\"Kahte lehte lendav vesi on Zanskari tee s\u00fcnon\u00fc\u00fcm\" src=\"http:\/\/yhelteljel.ee\/wp-content\/uploads\/2010\/06\/IMG_9580_v.jpg\" alt=\"\" width=\"530\" height=\"419\" srcset=\"https:\/\/yhelteljel.ee\/wp-content\/uploads\/2010\/06\/IMG_9580_v.jpg 530w, https:\/\/yhelteljel.ee\/wp-content\/uploads\/2010\/06\/IMG_9580_v-300x237.jpg 300w\" sizes=\"auto, (max-width: 530px) 100vw, 530px\" \/><\/a><\/p>\n<p>Zanskarina tuntud piirkonda India p\u00f5hjaosas ei satu just \u00fclem\u00e4\u00e4ra palju turiste &#8211; p\u00f5hjuseks esmaj\u00e4rjekorras asjaolu, et tee sinna on avatud vaid m\u00f5ned kuud aastas, ning ka siis on tegemist pika ja piinarikka teekonnaga. M\u00f5istuse h\u00e4\u00e4lt trotsides v\u00f5tsime selle tee rataste alla kohe, kui see n\u00e4dala jagu tagasi avanes, sest piitsutustele peab ju m\u00f5istagi j\u00e4rgnema pr\u00e4\u00e4nik.<\/p>\n<p><!--more--><\/p>\n<p>Tegelikult l\u00e4ks pr\u00e4\u00e4nikutega kostitamine lahti veel enne kui p\u00e4riselt Zanskari orgu j\u00f5udma hakkasime, kuid ega piitsutusedki meist kaarega m\u00f6\u00f6da l\u00e4inud.<\/p>\n<p>Lehist alanud s\u00f5itu v\u00fcrtsitasid korduvalt meiepoolsed sajatused niigi kuumaastikku meenutavat teed h\u00f5ivavate, vaevu-vaevu venivate s\u00f5jav\u00e4ekolonnide suunas, millele tee \u00e4\u00e4res seisma j\u00e4\u00e4nud kohalik kontingent alandlikult lehvitama kippus, justkui tegemist oleks rahvuskangelastega. Ausalt \u00f6eldes pani selline vaatepilt \u00f5lgu kehitama, sest kas v\u00e4ljam\u00f5eldud vaenlase vastu valmistumise asemel ei oleks m\u00f5istlik veidi rohkem hoopis tsiviilotstarbelisse infrastruktuuri panustada? Selle asemel aga n\u00e4eme s\u00f5iduteel raskeid tanke veeremas ning ei m\u00f6\u00f6du p\u00e4evagi, kui pea kohalt ei lendaks \u00fcle m\u00f5ni helikopter, s\u00fcngetes toonides transpordi- v\u00f5i h\u00e4vituslennuk. Rahvas on pandud uskuma, et Pakistan ja Hiina on v\u00f5imsad vaenlased, ehkki nii palju kui ma aru saan, et ole Pakistanist Indiale vastast, ning aktiivsest konfliktist Hiinaga on ka asi kaugel. Kuid nagu \u00fcks tee \u00e4\u00e4res silmatud propagandistlik silt \u00fctleb, &#8220;vabaduse puu kasvab ainult siis, kui teda kasta verega&#8221;. Ei teagi, kas nutta v\u00f5i naerda.<\/p>\n<p>Kuid pr\u00e4\u00e4nikute juurde tagasi. Varsti p\u00e4rast seda, kui p\u00f6\u00f6rasime Kargilist Zanskari orgu viivale teele, leidsime ideaalseima koha telgi \u00fclespanekuks kui \u00fcldse v\u00f5imalik. Tasane muruplats, mida siin-seal kaunistasid erksav\u00e4rvilised lille\u00f5ied, oli m\u00e4giteel liiklejate pilkude, aga ka tuule eest t\u00e4iesti varjatud, pakkudes samas h\u00e4id vaateid \u00fcmbritsevatele m\u00e4gedele &#8211; isegi \u00fchele lumelaviinile olime tunnistajaks. Kabjaj\u00e4ljed maas vihjasid sellele, et meile v\u00f5ib mingil hetkel tulla k\u00fclalisi, kuid mis sa kariloomadest v\u00f5i karjastest ikka kardad.<\/p>\n<p><a href=\"http:\/\/yhelteljel.ee\/wp-content\/uploads\/2010\/06\/IMG_9795_s.jpg\" target=\"_blank\"><img loading=\"lazy\" decoding=\"async\" class=\"alignnone size-full wp-image-8347\" title=\"Rohelusega kaetud m\u00e4en\u00f5lvad\" src=\"http:\/\/yhelteljel.ee\/wp-content\/uploads\/2010\/06\/IMG_9795_v.jpg\" alt=\"\" width=\"530\" height=\"344\" srcset=\"https:\/\/yhelteljel.ee\/wp-content\/uploads\/2010\/06\/IMG_9795_v.jpg 530w, https:\/\/yhelteljel.ee\/wp-content\/uploads\/2010\/06\/IMG_9795_v-300x194.jpg 300w\" sizes=\"auto, (max-width: 530px) 100vw, 530px\" \/><\/a><\/p>\n<p><a href=\"http:\/\/yhelteljel.ee\/wp-content\/uploads\/2010\/06\/IMG_9793_s.jpg\" target=\"_blank\"><img loading=\"lazy\" decoding=\"async\" class=\"alignnone size-full wp-image-8344\" title=\"Rohetavad v\u00e4ljad\" src=\"http:\/\/yhelteljel.ee\/wp-content\/uploads\/2010\/06\/IMG_9793_v.jpg\" alt=\"\" width=\"530\" height=\"216\" srcset=\"https:\/\/yhelteljel.ee\/wp-content\/uploads\/2010\/06\/IMG_9793_v.jpg 530w, https:\/\/yhelteljel.ee\/wp-content\/uploads\/2010\/06\/IMG_9793_v-300x122.jpg 300w\" sizes=\"auto, (max-width: 530px) 100vw, 530px\" \/><\/a><\/p>\n<p><a href=\"http:\/\/yhelteljel.ee\/wp-content\/uploads\/2010\/06\/IMG_9437_s.jpg\" target=\"_blank\"><img loading=\"lazy\" decoding=\"async\" title=\"Telkimiskoht ja tipp viimastes p\u00e4ikesekiirtes\" src=\"http:\/\/yhelteljel.ee\/wp-content\/uploads\/2010\/06\/IMG_9437_v.jpg\" alt=\"\" width=\"530\" height=\"398\" \/><\/a><\/p>\n<p><a href=\"http:\/\/yhelteljel.ee\/wp-content\/uploads\/2010\/06\/IMG_9806_s.jpg\" target=\"_blank\"><img loading=\"lazy\" decoding=\"async\" title=\"Kuuvalgus m\u00e4e lumem\u00fctsilt, mis p\u00e4eval P\u00e4ikese poolt silutud, peegeldumas\" src=\"http:\/\/yhelteljel.ee\/wp-content\/uploads\/2010\/06\/IMG_9806_v.jpg\" alt=\"\" width=\"530\" height=\"398\" \/><\/a><\/p>\n<p><a href=\"http:\/\/yhelteljel.ee\/wp-content\/uploads\/2010\/06\/IMG_9468_s.jpg\" target=\"_blank\"><img loading=\"lazy\" decoding=\"async\" title=\"M\u00e4gi \u00f6ises kuuvalguses\" src=\"http:\/\/yhelteljel.ee\/wp-content\/uploads\/2010\/06\/IMG_9468_v.jpg\" alt=\"\" width=\"530\" height=\"398\" \/><\/a><\/p>\n<p><a href=\"http:\/\/yhelteljel.ee\/wp-content\/uploads\/2010\/06\/IMG_9464_s.jpg\" target=\"_blank\"><img loading=\"lazy\" decoding=\"async\" title=\"Kuuvalgus all ja \u00fcleval tants P\u00f5hjanaela \u00fcmber\" src=\"http:\/\/yhelteljel.ee\/wp-content\/uploads\/2010\/06\/IMG_9464_v.jpg\" alt=\"\" width=\"530\" height=\"707\" \/><\/a><\/p>\n<p>Hommikul oligi meie tegemisi j\u00e4lgimas hobusekari, kuid karjust polnud kusagil n\u00e4ha.<\/p>\n<p><a href=\"http:\/\/yhelteljel.ee\/wp-content\/uploads\/2010\/06\/IMG_9493_s.jpg\" target=\"_blank\"><img loading=\"lazy\" decoding=\"async\" class=\"alignnone size-full wp-image-8244\" title=\"Hobustega hommikus\u00f6\u00f6gil\" src=\"http:\/\/yhelteljel.ee\/wp-content\/uploads\/2010\/06\/IMG_9493_v.jpg\" alt=\"\" width=\"530\" height=\"398\" srcset=\"https:\/\/yhelteljel.ee\/wp-content\/uploads\/2010\/06\/IMG_9493_v.jpg 530w, https:\/\/yhelteljel.ee\/wp-content\/uploads\/2010\/06\/IMG_9493_v-300x225.jpg 300w\" sizes=\"auto, (max-width: 530px) 100vw, 530px\" \/><\/a><\/p>\n<p>Pakkisime asjad ning asutasime end taas teele. Kuid millisele teele! J\u00e4rgnevad paarsada kilomeetrit ei olnud tee parem kui viimased kilomeetrid Tso Moriri \u00e4\u00e4rde, koosnedes peaasjalikult k\u00f5vast pinnasest v\u00e4lja turritavatest kivilahmakatest, kuid sekka liiva, muda, lund ja palju vett. Seda viimast oli kohe eriti palju &#8211; nagu keegi \u00fctles, ei ole Zanskari teel probleemiks mitte lumi, vaid see, et lumi on sulamas. Ja et see talv olla ka siin sadanud eriti palju, siis v\u00f5ite vast ette kujutada. T\u00f5epoolest, ei m\u00f6\u00f6dunud kilomeetritki, ilma et poleks pidanud l\u00e4bima m\u00f5nd hiiglaslikku loiku v\u00f5i lumesulamisveekraavi. Ilmselt oli ka \u00f5nne k\u00e4si m\u00e4ngus, et me kordagi \u00fcheski (m\u00f5nikord lausa p\u00f5lvini veega) kraavis k\u00fclili ei k\u00e4inud, sest kohati oli vool v\u00e4ga kiire, ning p\u00f5hjas lebavad lahtised kivikamakad ei pakkunud just palju haaret.<\/p>\n<p>Kuid millisesse kohta olime sattunud! Algul kulgesime kitsas, k\u00e4restikulises kanjonis, siis muutus org laiemaks ja rohelisemaks, seda ilmestamas m\u00e4rjad luhad, taamal lumised m\u00e4ed. Taaskord pidime \u00fcletama \u00fche kuru, 4401 meetri k\u00f5rguse Pensi La, ning mida l\u00e4hemal kurule, seda rohkem oli m\u00f5istagi lund. P\u00e4ris kurule j\u00f5udes avastasime end kui talvev\u00f5lumaalt &#8211; k\u00f5ik oli valge nii kaugele kui silm ulatas n\u00e4gema, siin-seal sinava j\u00e4\u00e4kaanega kaetud j\u00e4rvesilmad, ning meie tee vaid tumeda, porise niidina seda maastikku poolitamas. Siis tuli veel hiiglaslik liustik, Drang Drung.<\/p>\n<p><a href=\"http:\/\/yhelteljel.ee\/wp-content\/uploads\/2010\/06\/IMG_9505_s.jpg\" target=\"_blank\"><img loading=\"lazy\" decoding=\"async\" title=\"K\u00e4restikuline j\u00f5gi sulavast liustikust\" src=\"http:\/\/yhelteljel.ee\/wp-content\/uploads\/2010\/06\/IMG_9505_v.jpg\" alt=\"\" width=\"530\" height=\"398\" \/><\/a><\/p>\n<p><a href=\"http:\/\/yhelteljel.ee\/wp-content\/uploads\/2010\/06\/IMG_0008_s.jpg\" target=\"_blank\"><img loading=\"lazy\" decoding=\"async\" title=\"T\u00e4iesti tavaline kivine oja\u00fcletus kaldus Zanskari n\u00f5lvadel\" src=\"http:\/\/yhelteljel.ee\/wp-content\/uploads\/2010\/06\/IMG_0008_v.jpg\" alt=\"\" width=\"530\" height=\"707\" \/><\/a><\/p>\n<p><a href=\"http:\/\/yhelteljel.ee\/wp-content\/uploads\/2010\/06\/IMG_9569_s.jpg\" target=\"_blank\"><img loading=\"lazy\" decoding=\"async\" title=\"Liiga tihti voolab j\u00f5gi m\u00f6\u00f6da teed\" src=\"http:\/\/yhelteljel.ee\/wp-content\/uploads\/2010\/06\/IMG_9569_v.jpg\" alt=\"\" width=\"530\" height=\"460\" \/><\/a><\/p>\n<p><a href=\"http:\/\/yhelteljel.ee\/wp-content\/uploads\/2010\/06\/IMG_9576_s.jpg\" target=\"_blank\"><img loading=\"lazy\" decoding=\"async\" class=\"alignnone size-full wp-image-8374\" title=\"L\u00e4bi porise lumesulavee\" src=\"http:\/\/yhelteljel.ee\/wp-content\/uploads\/2010\/06\/IMG_9576_v.jpg\" alt=\"\" width=\"530\" height=\"629\" srcset=\"https:\/\/yhelteljel.ee\/wp-content\/uploads\/2010\/06\/IMG_9576_v.jpg 530w, https:\/\/yhelteljel.ee\/wp-content\/uploads\/2010\/06\/IMG_9576_v-252x300.jpg 252w\" sizes=\"auto, (max-width: 530px) 100vw, 530px\" \/><\/a><\/p>\n<p><a href=\"http:\/\/yhelteljel.ee\/wp-content\/uploads\/2010\/06\/IMG_9566_s.jpg\" target=\"_blank\"><img loading=\"lazy\" decoding=\"async\" class=\"alignnone size-full wp-image-8266\" title=\"Ch\u00f6rten Zanskari m\u00e4estiku taustal\" src=\"http:\/\/yhelteljel.ee\/wp-content\/uploads\/2010\/06\/IMG_9566_v.jpg\" alt=\"\" width=\"530\" height=\"398\" srcset=\"https:\/\/yhelteljel.ee\/wp-content\/uploads\/2010\/06\/IMG_9566_v.jpg 530w, https:\/\/yhelteljel.ee\/wp-content\/uploads\/2010\/06\/IMG_9566_v-300x225.jpg 300w\" sizes=\"auto, (max-width: 530px) 100vw, 530px\" \/><\/a><\/p>\n<p><a href=\"http:\/\/yhelteljel.ee\/wp-content\/uploads\/2010\/06\/IMG_9563_s.jpg\" target=\"_blank\"><img loading=\"lazy\" decoding=\"async\" title=\"J\u00f5gede ja ojade peegelduses\" src=\"http:\/\/yhelteljel.ee\/wp-content\/uploads\/2010\/06\/IMG_9563_v.jpg\" alt=\"\" width=\"530\" height=\"374\" \/><\/a><\/p>\n<p><a href=\"http:\/\/yhelteljel.ee\/wp-content\/uploads\/2010\/06\/IMG_9507_s.jpg\" target=\"_blank\"><img loading=\"lazy\" decoding=\"async\" class=\"alignnone size-full wp-image-8250\" title=\"P\u00e4ris mitu meetrit lund veel talvest alles\" src=\"http:\/\/yhelteljel.ee\/wp-content\/uploads\/2010\/06\/IMG_9507_v.jpg\" alt=\"\" width=\"530\" height=\"675\" srcset=\"https:\/\/yhelteljel.ee\/wp-content\/uploads\/2010\/06\/IMG_9507_v.jpg 530w, https:\/\/yhelteljel.ee\/wp-content\/uploads\/2010\/06\/IMG_9507_v-235x300.jpg 235w\" sizes=\"auto, (max-width: 530px) 100vw, 530px\" \/><\/a><\/p>\n<p><a href=\"http:\/\/yhelteljel.ee\/wp-content\/uploads\/2010\/06\/IMG_9664_s.jpg\" target=\"_blank\"><img loading=\"lazy\" decoding=\"async\" class=\"alignnone size-full wp-image-8302\" title=\"Kosed otse teele - ilmselt m\u00f5ne p\u00e4evaga on osa teest sealt minema uhutud ja all on kuristik (v.t. j\u00e4rgmist pilti)\" src=\"http:\/\/yhelteljel.ee\/wp-content\/uploads\/2010\/06\/IMG_9664_v.jpg\" alt=\"\" width=\"530\" height=\"398\" srcset=\"https:\/\/yhelteljel.ee\/wp-content\/uploads\/2010\/06\/IMG_9664_v.jpg 530w, https:\/\/yhelteljel.ee\/wp-content\/uploads\/2010\/06\/IMG_9664_v-300x225.jpg 300w\" sizes=\"auto, (max-width: 530px) 100vw, 530px\" \/><\/a><\/p>\n<p><a href=\"http:\/\/yhelteljel.ee\/wp-content\/uploads\/2010\/06\/IMG_0010_s.jpg\" target=\"_blank\"><img loading=\"lazy\" decoding=\"async\" class=\"alignnone size-full wp-image-8222\" title=\"Sama koskedega tee koht altvaates\" src=\"http:\/\/yhelteljel.ee\/wp-content\/uploads\/2010\/06\/IMG_0010_v.jpg\" alt=\"\" width=\"530\" height=\"707\" srcset=\"https:\/\/yhelteljel.ee\/wp-content\/uploads\/2010\/06\/IMG_0010_v.jpg 530w, https:\/\/yhelteljel.ee\/wp-content\/uploads\/2010\/06\/IMG_0010_v-224x300.jpg 224w\" sizes=\"auto, (max-width: 530px) 100vw, 530px\" \/><\/a><\/p>\n<p><a href=\"http:\/\/yhelteljel.ee\/wp-content\/uploads\/2010\/06\/IMG_0023_s.jpg\" target=\"_blank\"><img loading=\"lazy\" decoding=\"async\" title=\"\u00dcks sujuv &quot;k\u00fcljekas&quot; kividesse - \u00f5nneks olid rekkamehed kohe sealsamas - rekkad on taga k\u00f5ik ennast kinni kaapinud ja mehed ehitavad neile kividest ise teed ette\" src=\"http:\/\/yhelteljel.ee\/wp-content\/uploads\/2010\/06\/IMG_0023_v.jpg\" alt=\"\" width=\"530\" height=\"707\" \/><\/a><\/p>\n<p><a href=\"http:\/\/yhelteljel.ee\/wp-content\/uploads\/2010\/06\/IMG_9666_s.jpg\" target=\"_blank\"><img loading=\"lazy\" decoding=\"async\" class=\"alignnone size-full wp-image-8304\" title=\"Gessu kose all\" src=\"http:\/\/yhelteljel.ee\/wp-content\/uploads\/2010\/06\/IMG_9666_v.jpg\" alt=\"\" width=\"530\" height=\"674\" srcset=\"https:\/\/yhelteljel.ee\/wp-content\/uploads\/2010\/06\/IMG_9666_v.jpg 530w, https:\/\/yhelteljel.ee\/wp-content\/uploads\/2010\/06\/IMG_9666_v-235x300.jpg 235w\" sizes=\"auto, (max-width: 530px) 100vw, 530px\" \/><\/a><\/p>\n<p><a href=\"http:\/\/yhelteljel.ee\/wp-content\/uploads\/2010\/06\/IMG_9560_s.jpg\" target=\"_blank\"><img loading=\"lazy\" decoding=\"async\" class=\"alignnone size-full wp-image-8260\" title=\"Randungi gompa - rajatud \u00fcksikule &quot;k\u00fcnkasaarele&quot; keset laia, vesist Zanskari orgu\" src=\"http:\/\/yhelteljel.ee\/wp-content\/uploads\/2010\/06\/IMG_9560_v.jpg\" alt=\"\" width=\"530\" height=\"355\" srcset=\"https:\/\/yhelteljel.ee\/wp-content\/uploads\/2010\/06\/IMG_9560_v.jpg 530w, https:\/\/yhelteljel.ee\/wp-content\/uploads\/2010\/06\/IMG_9560_v-300x200.jpg 300w\" sizes=\"auto, (max-width: 530px) 100vw, 530px\" \/><\/a><\/p>\n<p><a href=\"http:\/\/yhelteljel.ee\/wp-content\/uploads\/2010\/06\/IMG_9565_s.jpg\" target=\"_blank\"><img loading=\"lazy\" decoding=\"async\" title=\"Leia pildilt \u00fcles gompa\" src=\"http:\/\/yhelteljel.ee\/wp-content\/uploads\/2010\/06\/IMG_9565_v.jpg\" alt=\"\" width=\"530\" height=\"398\" \/><\/a><\/p>\n<p><a href=\"http:\/\/yhelteljel.ee\/wp-content\/uploads\/2010\/06\/IMG_0017_s.jpg\" target=\"_blank\"><img loading=\"lazy\" decoding=\"async\" title=\"Ka porilombid v\u00f5ivad oma s\u00fcgavusega \u00fcllatada\" src=\"http:\/\/yhelteljel.ee\/wp-content\/uploads\/2010\/06\/IMG_0017_v.jpg\" alt=\"\" width=\"530\" height=\"387\" \/><\/a><\/p>\n<p><a href=\"http:\/\/yhelteljel.ee\/wp-content\/uploads\/2010\/06\/IMG_9558_s.jpg\" target=\"_blank\"><img loading=\"lazy\" decoding=\"async\" title=\"Vesised luhad\" src=\"http:\/\/yhelteljel.ee\/wp-content\/uploads\/2010\/06\/IMG_9558_v.jpg\" alt=\"\" width=\"530\" height=\"347\" \/><\/a><\/p>\n<p><a href=\"http:\/\/yhelteljel.ee\/wp-content\/uploads\/2010\/06\/IMG_9548_s.jpg\" target=\"_blank\"><img loading=\"lazy\" decoding=\"async\" title=\"Vesised luhad Zanskari orus, lumepiir alla v\u00e4lja\" src=\"http:\/\/yhelteljel.ee\/wp-content\/uploads\/2010\/06\/IMG_9548_v.jpg\" alt=\"\" width=\"530\" height=\"398\" \/><\/a><\/p>\n<p><a href=\"http:\/\/yhelteljel.ee\/wp-content\/uploads\/2010\/06\/IMG_9688_s.jpg\" target=\"_blank\"><img loading=\"lazy\" decoding=\"async\" class=\"alignnone size-full wp-image-8306\" title=\"Teravad tipud\" src=\"http:\/\/yhelteljel.ee\/wp-content\/uploads\/2010\/06\/IMG_9688_v.jpg\" alt=\"\" width=\"530\" height=\"398\" srcset=\"https:\/\/yhelteljel.ee\/wp-content\/uploads\/2010\/06\/IMG_9688_v.jpg 530w, https:\/\/yhelteljel.ee\/wp-content\/uploads\/2010\/06\/IMG_9688_v-300x225.jpg 300w\" sizes=\"auto, (max-width: 530px) 100vw, 530px\" \/><\/a><\/p>\n<p><a href=\"http:\/\/yhelteljel.ee\/wp-content\/uploads\/2010\/06\/IMG_9690_s.jpg\" target=\"_blank\"><img loading=\"lazy\" decoding=\"async\" title=\"Zanskar oma hiilguses\" src=\"http:\/\/yhelteljel.ee\/wp-content\/uploads\/2010\/06\/IMG_9690_v.jpg\" alt=\"\" width=\"530\" height=\"398\" \/><\/a><\/p>\n<p><a href=\"http:\/\/yhelteljel.ee\/wp-content\/uploads\/2010\/06\/IMG_9708_s.jpg\" target=\"_blank\"><img loading=\"lazy\" decoding=\"async\" class=\"alignnone size-full wp-image-8314\" title=\"Uhke lumem\u00fcts\" src=\"http:\/\/yhelteljel.ee\/wp-content\/uploads\/2010\/06\/IMG_9708_v.jpg\" alt=\"\" width=\"530\" height=\"398\" srcset=\"https:\/\/yhelteljel.ee\/wp-content\/uploads\/2010\/06\/IMG_9708_v.jpg 530w, https:\/\/yhelteljel.ee\/wp-content\/uploads\/2010\/06\/IMG_9708_v-300x225.jpg 300w\" sizes=\"auto, (max-width: 530px) 100vw, 530px\" \/><\/a><\/p>\n<p><a href=\"http:\/\/yhelteljel.ee\/wp-content\/uploads\/2010\/06\/IMG_0012_s.jpg\" target=\"_blank\"><img loading=\"lazy\" decoding=\"async\" title=\"T\u00fc\u00fcpiline Zanskari oru tee\" src=\"http:\/\/yhelteljel.ee\/wp-content\/uploads\/2010\/06\/IMG_0012_v.jpg\" alt=\"\" width=\"530\" height=\"707\" \/><\/a><\/p>\n<p><a href=\"http:\/\/yhelteljel.ee\/wp-content\/uploads\/2010\/06\/IMG_9783_s.jpg\" target=\"_blank\"><img loading=\"lazy\" decoding=\"async\" class=\"alignnone size-full wp-image-8336\" title=\"Vajuv lumi\" src=\"http:\/\/yhelteljel.ee\/wp-content\/uploads\/2010\/06\/IMG_9783_v.jpg\" alt=\"\" width=\"530\" height=\"707\" srcset=\"https:\/\/yhelteljel.ee\/wp-content\/uploads\/2010\/06\/IMG_9783_v.jpg 530w, https:\/\/yhelteljel.ee\/wp-content\/uploads\/2010\/06\/IMG_9783_v-224x300.jpg 224w\" sizes=\"auto, (max-width: 530px) 100vw, 530px\" \/><\/a><\/p>\n<p><a href=\"http:\/\/yhelteljel.ee\/wp-content\/uploads\/2010\/06\/IMG_9647_s.jpg\" target=\"_blank\"><img loading=\"lazy\" decoding=\"async\" class=\"alignnone size-full wp-image-8294\" title=\"Lumi\" src=\"http:\/\/yhelteljel.ee\/wp-content\/uploads\/2010\/06\/IMG_9647_v.jpg\" alt=\"\" width=\"530\" height=\"398\" srcset=\"https:\/\/yhelteljel.ee\/wp-content\/uploads\/2010\/06\/IMG_9647_v.jpg 530w, https:\/\/yhelteljel.ee\/wp-content\/uploads\/2010\/06\/IMG_9647_v-300x225.jpg 300w\" sizes=\"auto, (max-width: 530px) 100vw, 530px\" \/><\/a><\/p>\n<p><a href=\"http:\/\/yhelteljel.ee\/wp-content\/uploads\/2010\/06\/IMG_9651_s.jpg\" target=\"_blank\"><img loading=\"lazy\" decoding=\"async\" class=\"alignnone size-full wp-image-8296\" title=\"Zanskari m\u00e4ed\" src=\"http:\/\/yhelteljel.ee\/wp-content\/uploads\/2010\/06\/IMG_9651_v.jpg\" alt=\"\" width=\"530\" height=\"398\" srcset=\"https:\/\/yhelteljel.ee\/wp-content\/uploads\/2010\/06\/IMG_9651_v.jpg 530w, https:\/\/yhelteljel.ee\/wp-content\/uploads\/2010\/06\/IMG_9651_v-300x225.jpg 300w\" sizes=\"auto, (max-width: 530px) 100vw, 530px\" \/><\/a><\/p>\n<p><a href=\"http:\/\/yhelteljel.ee\/wp-content\/uploads\/2010\/06\/IMG_9657_s.jpg\" target=\"_blank\"><img loading=\"lazy\" decoding=\"async\" title=\"Drang Drungi liustik\" src=\"http:\/\/yhelteljel.ee\/wp-content\/uploads\/2010\/06\/IMG_9657_v.jpg\" alt=\"\" width=\"530\" height=\"362\" \/><\/a><\/p>\n<p><a href=\"http:\/\/yhelteljel.ee\/wp-content\/uploads\/2010\/06\/IMG_9655_s.jpg\" target=\"_blank\"><img loading=\"lazy\" decoding=\"async\" class=\"alignnone size-full wp-image-8298\" title=\"Drang Drungi liustik l\u00e4hivaates\" src=\"http:\/\/yhelteljel.ee\/wp-content\/uploads\/2010\/06\/IMG_9655_v.jpg\" alt=\"\" width=\"530\" height=\"398\" srcset=\"https:\/\/yhelteljel.ee\/wp-content\/uploads\/2010\/06\/IMG_9655_v.jpg 530w, https:\/\/yhelteljel.ee\/wp-content\/uploads\/2010\/06\/IMG_9655_v-300x225.jpg 300w\" sizes=\"auto, (max-width: 530px) 100vw, 530px\" \/><\/a><\/p>\n<p><a href=\"http:\/\/yhelteljel.ee\/wp-content\/uploads\/2010\/06\/IMG_0015_s.jpg\" target=\"_blank\"><img loading=\"lazy\" decoding=\"async\" title=\"Tee\" src=\"http:\/\/yhelteljel.ee\/wp-content\/uploads\/2010\/06\/IMG_0015_v.jpg\" alt=\"\" width=\"530\" height=\"707\" \/><\/a><\/p>\n<p><a href=\"http:\/\/yhelteljel.ee\/wp-content\/uploads\/2010\/06\/India-81s.jpg\" target=\"_blank\"><img loading=\"lazy\" decoding=\"async\" title=\"Zanskari panoraam\" src=\"http:\/\/yhelteljel.ee\/wp-content\/uploads\/2010\/06\/India-81v.png\" alt=\"\" width=\"530\" height=\"98\" \/><\/a><\/p>\n<p><a href=\"http:\/\/yhelteljel.ee\/wp-content\/uploads\/2010\/06\/India-79s.jpg\" target=\"_blank\"><img loading=\"lazy\" decoding=\"async\" title=\"Zanskari oru ja tee panoraam\" src=\"http:\/\/yhelteljel.ee\/wp-content\/uploads\/2010\/06\/India-79v.png\" alt=\"\" width=\"530\" height=\"142\" \/><\/a><\/p>\n<p><a href=\"http:\/\/yhelteljel.ee\/wp-content\/uploads\/2010\/06\/IMG_9584_s.jpg\" target=\"_blank\"><img loading=\"lazy\" decoding=\"async\" title=\"Zanskari m\u00e4ed ja org\" src=\"http:\/\/yhelteljel.ee\/wp-content\/uploads\/2010\/06\/IMG_9584_v.jpg\" alt=\"\" width=\"530\" height=\"398\" \/><\/a><\/p>\n<p><a href=\"http:\/\/yhelteljel.ee\/wp-content\/uploads\/2010\/06\/IMG_9615_s.jpg\" target=\"_blank\"><img loading=\"lazy\" decoding=\"async\" title=\"Ch\u00f6rten palvelippudega\" src=\"http:\/\/yhelteljel.ee\/wp-content\/uploads\/2010\/06\/IMG_9615_v.jpg\" alt=\"\" width=\"530\" height=\"398\" \/><\/a><\/p>\n<p><a href=\"http:\/\/yhelteljel.ee\/wp-content\/uploads\/2010\/06\/IMG_9601_s.jpg\" target=\"_blank\"><img loading=\"lazy\" decoding=\"async\" class=\"alignnone size-full wp-image-8282\" title=\"Zanskari m\u00e4ed\" src=\"http:\/\/yhelteljel.ee\/wp-content\/uploads\/2010\/06\/IMG_9601_v.jpg\" alt=\"\" width=\"530\" height=\"398\" srcset=\"https:\/\/yhelteljel.ee\/wp-content\/uploads\/2010\/06\/IMG_9601_v.jpg 530w, https:\/\/yhelteljel.ee\/wp-content\/uploads\/2010\/06\/IMG_9601_v-300x225.jpg 300w\" sizes=\"auto, (max-width: 530px) 100vw, 530px\" \/><\/a><\/p>\n<p><a href=\"http:\/\/yhelteljel.ee\/wp-content\/uploads\/2010\/06\/IMG_9599_s.jpg\" target=\"_blank\"><img loading=\"lazy\" decoding=\"async\" title=\"Valge kuningriik\" src=\"http:\/\/yhelteljel.ee\/wp-content\/uploads\/2010\/06\/IMG_9599_v.jpg\" alt=\"\" width=\"530\" height=\"398\" \/><\/a><\/p>\n<p><a href=\"http:\/\/yhelteljel.ee\/wp-content\/uploads\/2010\/06\/IMG_9620_s.jpg\" target=\"_blank\"><img loading=\"lazy\" decoding=\"async\" class=\"alignnone size-full wp-image-8288\" title=\"Must triip \u00fcle valge v\u00e4lja\" src=\"http:\/\/yhelteljel.ee\/wp-content\/uploads\/2010\/06\/IMG_9620_v.jpg\" alt=\"\" width=\"530\" height=\"398\" srcset=\"https:\/\/yhelteljel.ee\/wp-content\/uploads\/2010\/06\/IMG_9620_v.jpg 530w, https:\/\/yhelteljel.ee\/wp-content\/uploads\/2010\/06\/IMG_9620_v-300x225.jpg 300w\" sizes=\"auto, (max-width: 530px) 100vw, 530px\" \/><\/a><\/p>\n<p><a href=\"http:\/\/yhelteljel.ee\/wp-content\/uploads\/2010\/06\/IMG_9642_s.jpg\" target=\"_blank\"><img loading=\"lazy\" decoding=\"async\" title=\"Tee \u00fcle Pensi La\" src=\"http:\/\/yhelteljel.ee\/wp-content\/uploads\/2010\/06\/IMG_9642_v.jpg\" alt=\"\" width=\"530\" height=\"398\" \/><\/a><\/p>\n<p><a href=\"http:\/\/yhelteljel.ee\/wp-content\/uploads\/2010\/06\/IMG_9639_s.jpg\" target=\"_blank\"><img loading=\"lazy\" decoding=\"async\" class=\"alignnone size-full wp-image-8290\" title=\"K\u00fclmunud j\u00e4rved\" src=\"http:\/\/yhelteljel.ee\/wp-content\/uploads\/2010\/06\/IMG_9639_v.jpg\" alt=\"\" width=\"530\" height=\"337\" srcset=\"https:\/\/yhelteljel.ee\/wp-content\/uploads\/2010\/06\/IMG_9639_v.jpg 530w, https:\/\/yhelteljel.ee\/wp-content\/uploads\/2010\/06\/IMG_9639_v-300x190.jpg 300w\" sizes=\"auto, (max-width: 530px) 100vw, 530px\" \/><\/a><\/p>\n<p><a href=\"http:\/\/yhelteljel.ee\/wp-content\/uploads\/2010\/06\/India-80s.jpg\" target=\"_blank\"><img loading=\"lazy\" decoding=\"async\" title=\"Pensi La valge platoo panoraam\" src=\"http:\/\/yhelteljel.ee\/wp-content\/uploads\/2010\/06\/India-80v.png\" alt=\"\" width=\"530\" height=\"92\" \/><\/a><\/p>\n<p><a href=\"http:\/\/yhelteljel.ee\/wp-content\/uploads\/2010\/06\/IMG_9518_s.jpg\" target=\"_blank\"><img loading=\"lazy\" decoding=\"async\" title=\"Laviinid ootel\" src=\"http:\/\/yhelteljel.ee\/wp-content\/uploads\/2010\/06\/IMG_9518_v.jpg\" alt=\"\" width=\"530\" height=\"398\" \/><\/a><\/p>\n<p><a href=\"http:\/\/yhelteljel.ee\/wp-content\/uploads\/2010\/06\/IMG_9517_s.jpg\" target=\"_blank\"><img loading=\"lazy\" decoding=\"async\" class=\"alignnone size-full wp-image-8252\" title=\"V\u00e4rske, sinaka lumega kaetud tipp\" src=\"http:\/\/yhelteljel.ee\/wp-content\/uploads\/2010\/06\/IMG_9517_v.jpg\" alt=\"\" width=\"530\" height=\"398\" srcset=\"https:\/\/yhelteljel.ee\/wp-content\/uploads\/2010\/06\/IMG_9517_v.jpg 530w, https:\/\/yhelteljel.ee\/wp-content\/uploads\/2010\/06\/IMG_9517_v-300x225.jpg 300w\" sizes=\"auto, (max-width: 530px) 100vw, 530px\" \/><\/a><\/p>\n<p><a href=\"http:\/\/yhelteljel.ee\/wp-content\/uploads\/2010\/06\/India-78s.jpg\" target=\"_blank\"><img loading=\"lazy\" decoding=\"async\" class=\"alignnone size-full wp-image-8360\" title=\"Zanskari panoraam\" src=\"http:\/\/yhelteljel.ee\/wp-content\/uploads\/2010\/06\/India-78v.png\" alt=\"\" width=\"530\" height=\"95\" srcset=\"https:\/\/yhelteljel.ee\/wp-content\/uploads\/2010\/06\/India-78v.png 530w, https:\/\/yhelteljel.ee\/wp-content\/uploads\/2010\/06\/India-78v-300x53.png 300w\" sizes=\"auto, (max-width: 530px) 100vw, 530px\" \/><\/a><\/p>\n<p><a href=\"http:\/\/yhelteljel.ee\/wp-content\/uploads\/2010\/06\/India-77s.jpg\" target=\"_blank\"><img loading=\"lazy\" decoding=\"async\" class=\"alignnone size-full wp-image-8357\" title=\"Lumiste tippude panoraam - mitut laviiniohtlikku kohta n\u00e4ed?\" src=\"http:\/\/yhelteljel.ee\/wp-content\/uploads\/2010\/06\/India-77v.png\" alt=\"\" width=\"530\" height=\"70\" srcset=\"https:\/\/yhelteljel.ee\/wp-content\/uploads\/2010\/06\/India-77v.png 530w, https:\/\/yhelteljel.ee\/wp-content\/uploads\/2010\/06\/India-77v-300x39.png 300w\" sizes=\"auto, (max-width: 530px) 100vw, 530px\" \/><\/a><\/p>\n<p>S\u00f5idutehniliselt ei olnud meie ajastus Zanskari k\u00fclastamiseks niisiis ilmselt k\u00f5ige parem, kuid samas &#8211; oleks tulnud hiljem, kui lumi k\u00f5ik sulanud, m\u00e4etipud p\u00e4ikese k\u00e4es &#8220;pruunistunud&#8221; ja ojad niredeks kuivanud, poleks saanud imetleda keskmiselt 6000 meetri k\u00f5rguse Zanskari m\u00e4estiku kuninglikke lumiseid tippe.<\/p>\n<p>P\u00e4ev otsa olime liikunud keskmiselt umbes 20 km\/h (sellistes tee- v\u00f5i \u00f5igemini rajaoludes kiiremini lihtsalt ei saakski) ning teinud rohkelt fotopeatusi, nii et p\u00e4rast kuru \u00fcletamist (ning ametlikult Zanskari orgu j\u00f5udmist) oligi juba \u00f5htu k\u00e4es ning aeg otsida telkimiskoht. Kuna s\u00fc\u00fces kasvab isu, siis ei leppinud me enam millegi v\u00e4hema kui vinge vaatega otse liustikule, ning ei teinud suurt numbrit ei sellest, et a) nii telk kui tsikkel j\u00e4id teelt n\u00e4ha, b) koht oli kivine, pisut kaldu ning k\u00f5rgel ja seega tuulte meelevallas, c) meil oli vaid pool liitrit vett. Aga vaade oli jalustrabav!<\/p>\n<p><a href=\"http:\/\/yhelteljel.ee\/wp-content\/uploads\/2010\/06\/IMG_9704_s.jpg\" target=\"_blank\"><img loading=\"lazy\" decoding=\"async\" title=\"Telkimiskoht\" src=\"http:\/\/yhelteljel.ee\/wp-content\/uploads\/2010\/06\/IMG_9704_v.jpg\" alt=\"\" width=\"530\" height=\"398\" \/><\/a><\/p>\n<p><a href=\"http:\/\/yhelteljel.ee\/wp-content\/uploads\/2010\/06\/IMG_9701_s.jpg\" target=\"_blank\"><img loading=\"lazy\" decoding=\"async\" class=\"alignnone size-full wp-image-8310\" title=\"Telkimiskoht liustiku juures\" src=\"http:\/\/yhelteljel.ee\/wp-content\/uploads\/2010\/06\/IMG_9701_v.jpg\" alt=\"\" width=\"530\" height=\"398\" srcset=\"https:\/\/yhelteljel.ee\/wp-content\/uploads\/2010\/06\/IMG_9701_v.jpg 530w, https:\/\/yhelteljel.ee\/wp-content\/uploads\/2010\/06\/IMG_9701_v-300x225.jpg 300w\" sizes=\"auto, (max-width: 530px) 100vw, 530px\" \/><\/a><\/p>\n<p>Vara\u00f6ises kuuvalguses olid lumised m\u00e4ed kuidagi eriti lummavad, justkui oleksime sattunud m\u00e4ekuninga loodud illusiooni.<\/p>\n<p><a href=\"http:\/\/yhelteljel.ee\/wp-content\/uploads\/2010\/06\/IMG_9735_s.jpg\" target=\"_blank\"><img loading=\"lazy\" decoding=\"async\" title=\"Tuuline telkimine t\u00e4htede all\" src=\"http:\/\/yhelteljel.ee\/wp-content\/uploads\/2010\/06\/IMG_9735_v.jpg\" alt=\"\" width=\"530\" height=\"398\" \/><\/a><\/p>\n<p><a href=\"http:\/\/yhelteljel.ee\/wp-content\/uploads\/2010\/06\/IMG_9732_s.jpg\" target=\"_blank\"><img loading=\"lazy\" decoding=\"async\" class=\"alignnone size-full wp-image-8318\" title=\"Sama m\u00e4gi \u00f6ises kuuvalguses\" src=\"http:\/\/yhelteljel.ee\/wp-content\/uploads\/2010\/06\/IMG_9732_v.jpg\" alt=\"\" width=\"530\" height=\"398\" srcset=\"https:\/\/yhelteljel.ee\/wp-content\/uploads\/2010\/06\/IMG_9732_v.jpg 530w, https:\/\/yhelteljel.ee\/wp-content\/uploads\/2010\/06\/IMG_9732_v-300x225.jpg 300w\" sizes=\"auto, (max-width: 530px) 100vw, 530px\" \/><\/a><\/p>\n<p><a href=\"http:\/\/yhelteljel.ee\/wp-content\/uploads\/2010\/06\/IMG_9731_s.jpg\" target=\"_blank\"><img loading=\"lazy\" decoding=\"async\" class=\"alignnone size-full wp-image-8316\" title=\"Kuuvalguse ja t\u00e4htede all\" src=\"http:\/\/yhelteljel.ee\/wp-content\/uploads\/2010\/06\/IMG_9731_v.jpg\" alt=\"\" width=\"530\" height=\"398\" srcset=\"https:\/\/yhelteljel.ee\/wp-content\/uploads\/2010\/06\/IMG_9731_v.jpg 530w, https:\/\/yhelteljel.ee\/wp-content\/uploads\/2010\/06\/IMG_9731_v-300x225.jpg 300w\" sizes=\"auto, (max-width: 530px) 100vw, 530px\" \/><\/a><\/p>\n<p>Hommikul kaua magada ei saanud, sest veel enne, kui p\u00e4ikese valgusloide j\u00f5udis meie telki puudutada, \u00e4ratas meid m\u00e4ek\u00fclgedelt vastu kajav, k\u00f5rvulukustav koopaoravate kriiskamine. Oli aeg j\u00e4lle liikuma hakata.<\/p>\n<p><a href=\"http:\/\/yhelteljel.ee\/wp-content\/uploads\/2010\/06\/IMG_9744_s.jpg\" target=\"_blank\"><img loading=\"lazy\" decoding=\"async\" title=\"Liustik p\u00e4evavalguses\" src=\"http:\/\/yhelteljel.ee\/wp-content\/uploads\/2010\/06\/IMG_9744_v.jpg\" alt=\"\" width=\"530\" height=\"364\" \/><\/a><\/p>\n<p><a href=\"http:\/\/yhelteljel.ee\/wp-content\/uploads\/2010\/06\/IMG_9745_s.jpg\" target=\"_blank\"><img loading=\"lazy\" decoding=\"async\" title=\"Laviiniohtlik tipp Zanskari &quot;peak\u00fcla&quot; Padumi l\u00e4hedal\" src=\"http:\/\/yhelteljel.ee\/wp-content\/uploads\/2010\/06\/IMG_9745_v.jpg\" alt=\"\" width=\"530\" height=\"387\" \/><\/a><\/p>\n<p>Muide, veeprobleemi lahendas viieminutilise jalutusk\u00e4igu kaugusel kalju otsast alla vulisev oja, mille vesi maitses jumalikult. Sealsamas kasvasid sellised lilled:<\/p>\n<p><a href=\"http:\/\/yhelteljel.ee\/wp-content\/uploads\/2010\/06\/IMG_0003_s.jpg\" target=\"_blank\"><img loading=\"lazy\" decoding=\"async\" class=\"alignnone size-full wp-image-8370\" title=\"Punane lill voolavas ojas\" src=\"http:\/\/yhelteljel.ee\/wp-content\/uploads\/2010\/06\/IMG_0003_v.jpg\" alt=\"\" width=\"530\" height=\"541\" srcset=\"https:\/\/yhelteljel.ee\/wp-content\/uploads\/2010\/06\/IMG_0003_v.jpg 530w, https:\/\/yhelteljel.ee\/wp-content\/uploads\/2010\/06\/IMG_0003_v-293x300.jpg 293w\" sizes=\"auto, (max-width: 530px) 100vw, 530px\" \/><\/a><\/p>\n<p><a href=\"http:\/\/yhelteljel.ee\/wp-content\/uploads\/2010\/06\/IMG_9479_s.jpg\" target=\"_blank\"><img loading=\"lazy\" decoding=\"async\" class=\"alignnone size-full wp-image-8242\" title=\"M\u00e4gine floora\" src=\"http:\/\/yhelteljel.ee\/wp-content\/uploads\/2010\/06\/IMG_9479_v.jpg\" alt=\"\" width=\"530\" height=\"398\" srcset=\"https:\/\/yhelteljel.ee\/wp-content\/uploads\/2010\/06\/IMG_9479_v.jpg 530w, https:\/\/yhelteljel.ee\/wp-content\/uploads\/2010\/06\/IMG_9479_v-300x225.jpg 300w\" sizes=\"auto, (max-width: 530px) 100vw, 530px\" \/><\/a><\/p>\n<p><a href=\"http:\/\/yhelteljel.ee\/wp-content\/uploads\/2010\/06\/IMG_9477_s.jpg\" target=\"_blank\"><img loading=\"lazy\" decoding=\"async\" class=\"alignnone size-full wp-image-8240\" title=\"Floora\" src=\"http:\/\/yhelteljel.ee\/wp-content\/uploads\/2010\/06\/IMG_9477_v.jpg\" alt=\"\" width=\"530\" height=\"398\" srcset=\"https:\/\/yhelteljel.ee\/wp-content\/uploads\/2010\/06\/IMG_9477_v.jpg 530w, https:\/\/yhelteljel.ee\/wp-content\/uploads\/2010\/06\/IMG_9477_v-300x225.jpg 300w\" sizes=\"auto, (max-width: 530px) 100vw, 530px\" \/><\/a><\/p>\n<p><a href=\"http:\/\/yhelteljel.ee\/wp-content\/uploads\/2010\/06\/IMG_0005_s.jpg\" target=\"_blank\"><img loading=\"lazy\" decoding=\"async\" title=\"V\u00e4rvikirevad \u00f5ied m\u00e4gimaa kivistes orgudes\" src=\"http:\/\/yhelteljel.ee\/wp-content\/uploads\/2010\/06\/IMG_0005_v.jpg\" alt=\"\" width=\"530\" height=\"707\" \/><\/a><\/p>\n<p>Zanskaris tegime tutvust nii budistide kui moslemitega, kes m\u00f5lemad on Zanskaris esindatud, kuid kelle elulaad on \u00fcksteisest \u00fcpriski erinev. Samas kohtasime ka suurt hulka ilmselt L\u00f5una-Indiast sisse toodud tee- vms t\u00f6\u00f6lisi.<\/p>\n<p><a href=\"http:\/\/yhelteljel.ee\/wp-content\/uploads\/2010\/06\/IMG_9755_s.jpg\" target=\"_blank\"><img loading=\"lazy\" decoding=\"async\" class=\"alignnone size-full wp-image-8466\" title=\"Huvitav on see, et siia ebasobivasse kliimasse tuuakse palju L\u00f5una-India (odavat?) t\u00f6\u00f6j\u00f5udu rasketele tee- ja ehitust\u00f6\u00f6dele\" src=\"http:\/\/yhelteljel.ee\/wp-content\/uploads\/2010\/06\/IMG_9755_v.jpg\" alt=\"\" width=\"530\" height=\"398\" srcset=\"https:\/\/yhelteljel.ee\/wp-content\/uploads\/2010\/06\/IMG_9755_v.jpg 530w, https:\/\/yhelteljel.ee\/wp-content\/uploads\/2010\/06\/IMG_9755_v-300x225.jpg 300w\" sizes=\"auto, (max-width: 530px) 100vw, 530px\" \/><\/a><\/p>\n<p><a href=\"http:\/\/yhelteljel.ee\/wp-content\/uploads\/2010\/06\/IMG_9758_s.jpg\" target=\"_blank\"><img loading=\"lazy\" decoding=\"async\" class=\"alignnone size-full wp-image-8468\" title=\"L\u00f5una-indialased viimase sooja Zanskari p\u00e4ikese k\u00e4es\" src=\"http:\/\/yhelteljel.ee\/wp-content\/uploads\/2010\/06\/IMG_9758_v.jpg\" alt=\"\" width=\"530\" height=\"707\" srcset=\"https:\/\/yhelteljel.ee\/wp-content\/uploads\/2010\/06\/IMG_9758_v.jpg 530w, https:\/\/yhelteljel.ee\/wp-content\/uploads\/2010\/06\/IMG_9758_v-224x300.jpg 224w\" sizes=\"auto, (max-width: 530px) 100vw, 530px\" \/><\/a><\/p>\n<p>Kohalikud budistid:<\/p>\n<p><a href=\"http:\/\/yhelteljel.ee\/wp-content\/uploads\/2010\/06\/IMG_9749_s.jpg\" target=\"_blank\"><img loading=\"lazy\" decoding=\"async\" class=\"alignnone size-full wp-image-8462\" title=\"Palveratas Padumis\" src=\"http:\/\/yhelteljel.ee\/wp-content\/uploads\/2010\/06\/IMG_9749_v.jpg\" alt=\"\" width=\"530\" height=\"685\" srcset=\"https:\/\/yhelteljel.ee\/wp-content\/uploads\/2010\/06\/IMG_9749_v.jpg 530w, https:\/\/yhelteljel.ee\/wp-content\/uploads\/2010\/06\/IMG_9749_v-232x300.jpg 232w\" sizes=\"auto, (max-width: 530px) 100vw, 530px\" \/><\/a><\/p>\n<p><a href=\"http:\/\/yhelteljel.ee\/wp-content\/uploads\/2010\/06\/IMG_9752_s.jpg\" target=\"_blank\"><img loading=\"lazy\" decoding=\"async\" class=\"alignnone size-full wp-image-8464\" title=\"\u00dcks Padumi uhketest palveratastest\" src=\"http:\/\/yhelteljel.ee\/wp-content\/uploads\/2010\/06\/IMG_9752_v.jpg\" alt=\"\" width=\"530\" height=\"707\" srcset=\"https:\/\/yhelteljel.ee\/wp-content\/uploads\/2010\/06\/IMG_9752_v.jpg 530w, https:\/\/yhelteljel.ee\/wp-content\/uploads\/2010\/06\/IMG_9752_v-224x300.jpg 224w\" sizes=\"auto, (max-width: 530px) 100vw, 530px\" \/><\/a><\/p>\n<p><a href=\"http:\/\/yhelteljel.ee\/wp-content\/uploads\/2010\/06\/IMG_9774_s.jpg\" target=\"_blank\"><img loading=\"lazy\" decoding=\"async\" class=\"alignnone size-full wp-image-8334\" title=\"Tiibeti stiilis elamine Zanskaris\" src=\"http:\/\/yhelteljel.ee\/wp-content\/uploads\/2010\/06\/IMG_9774_v.jpg\" alt=\"\" width=\"530\" height=\"398\" srcset=\"https:\/\/yhelteljel.ee\/wp-content\/uploads\/2010\/06\/IMG_9774_v.jpg 530w, https:\/\/yhelteljel.ee\/wp-content\/uploads\/2010\/06\/IMG_9774_v-300x225.jpg 300w\" sizes=\"auto, (max-width: 530px) 100vw, 530px\" \/><\/a><\/p>\n<p><a href=\"http:\/\/yhelteljel.ee\/wp-content\/uploads\/2010\/06\/IMG_9772_s.jpg\" target=\"_blank\"><img loading=\"lazy\" decoding=\"async\" title=\"Noormees\" src=\"http:\/\/yhelteljel.ee\/wp-content\/uploads\/2010\/06\/IMG_9772_v.jpg\" alt=\"\" width=\"530\" height=\"707\" \/><\/a><\/p>\n<p><a href=\"http:\/\/yhelteljel.ee\/wp-content\/uploads\/2010\/06\/IMG_9773_s.jpg\" target=\"_blank\"><img loading=\"lazy\" decoding=\"async\" class=\"alignnone size-full wp-image-8332\" title=\"Neiu\" src=\"http:\/\/yhelteljel.ee\/wp-content\/uploads\/2010\/06\/IMG_9773_v.jpg\" alt=\"\" width=\"530\" height=\"707\" srcset=\"https:\/\/yhelteljel.ee\/wp-content\/uploads\/2010\/06\/IMG_9773_v.jpg 530w, https:\/\/yhelteljel.ee\/wp-content\/uploads\/2010\/06\/IMG_9773_v-224x300.jpg 224w\" sizes=\"auto, (max-width: 530px) 100vw, 530px\" \/><\/a><\/p>\n<p><a href=\"http:\/\/yhelteljel.ee\/wp-content\/uploads\/2010\/06\/IMG_9769_s.jpg\" target=\"_blank\"><img loading=\"lazy\" decoding=\"async\" class=\"alignnone size-full wp-image-8326\" title=\"S\u00e4rav naeratus\" src=\"http:\/\/yhelteljel.ee\/wp-content\/uploads\/2010\/06\/IMG_9769_v.jpg\" alt=\"\" width=\"530\" height=\"707\" srcset=\"https:\/\/yhelteljel.ee\/wp-content\/uploads\/2010\/06\/IMG_9769_v.jpg 530w, https:\/\/yhelteljel.ee\/wp-content\/uploads\/2010\/06\/IMG_9769_v-224x300.jpg 224w\" sizes=\"auto, (max-width: 530px) 100vw, 530px\" \/><\/a><\/p>\n<p><a href=\"http:\/\/yhelteljel.ee\/wp-content\/uploads\/2010\/06\/IMG_9765_s.jpg\" target=\"_blank\"><img loading=\"lazy\" decoding=\"async\" class=\"alignnone size-full wp-image-8322\" title=\"Zanskari budist. Aitasime tal katkist n\u00e4ppu plaasterdada.\" src=\"http:\/\/yhelteljel.ee\/wp-content\/uploads\/2010\/06\/IMG_9765_v.jpg\" alt=\"\" width=\"530\" height=\"700\" srcset=\"https:\/\/yhelteljel.ee\/wp-content\/uploads\/2010\/06\/IMG_9765_v.jpg 530w, https:\/\/yhelteljel.ee\/wp-content\/uploads\/2010\/06\/IMG_9765_v-227x300.jpg 227w\" sizes=\"auto, (max-width: 530px) 100vw, 530px\" \/><\/a><\/p>\n<p><a href=\"http:\/\/yhelteljel.ee\/wp-content\/uploads\/2010\/06\/IMG_9768_s.jpg\" target=\"_blank\"><img loading=\"lazy\" decoding=\"async\" class=\"alignnone size-full wp-image-8324\" title=\"Zanskari naine\" src=\"http:\/\/yhelteljel.ee\/wp-content\/uploads\/2010\/06\/IMG_9768_v.jpg\" alt=\"\" width=\"530\" height=\"536\" srcset=\"https:\/\/yhelteljel.ee\/wp-content\/uploads\/2010\/06\/IMG_9768_v.jpg 530w, https:\/\/yhelteljel.ee\/wp-content\/uploads\/2010\/06\/IMG_9768_v-296x300.jpg 296w\" sizes=\"auto, (max-width: 530px) 100vw, 530px\" \/><\/a><\/p>\n<p><a href=\"http:\/\/yhelteljel.ee\/wp-content\/uploads\/2010\/06\/IMG_9771_s.jpg\" target=\"_blank\"><img loading=\"lazy\" decoding=\"async\" class=\"alignnone size-full wp-image-8328\" title=\"Zanskari naine ilma r\u00e4tikuta\" src=\"http:\/\/yhelteljel.ee\/wp-content\/uploads\/2010\/06\/IMG_9771_v.jpg\" alt=\"\" width=\"530\" height=\"707\" srcset=\"https:\/\/yhelteljel.ee\/wp-content\/uploads\/2010\/06\/IMG_9771_v.jpg 530w, https:\/\/yhelteljel.ee\/wp-content\/uploads\/2010\/06\/IMG_9771_v-224x300.jpg 224w\" sizes=\"auto, (max-width: 530px) 100vw, 530px\" \/><\/a><\/p>\n<p>Moslemid:<\/p>\n<p><a href=\"http:\/\/yhelteljel.ee\/wp-content\/uploads\/2010\/06\/IMG_9494_s.jpg\" target=\"_blank\"><img loading=\"lazy\" decoding=\"async\" title=\"Moslemite elamine\" src=\"http:\/\/yhelteljel.ee\/wp-content\/uploads\/2010\/06\/IMG_9494_v.jpg\" alt=\"\" width=\"530\" height=\"398\" \/><\/a><\/p>\n<p><a href=\"http:\/\/yhelteljel.ee\/wp-content\/uploads\/2010\/06\/IMG_9789_s.jpg\" target=\"_blank\"><img loading=\"lazy\" decoding=\"async\" title=\"Lapsed moslemik\u00fclas\" src=\"http:\/\/yhelteljel.ee\/wp-content\/uploads\/2010\/06\/IMG_9789_v.jpg\" alt=\"\" width=\"530\" height=\"398\" \/><\/a><\/p>\n<p><a href=\"http:\/\/yhelteljel.ee\/wp-content\/uploads\/2010\/06\/IMG_9786_s.jpg\" target=\"_blank\"><img loading=\"lazy\" decoding=\"async\" class=\"alignnone size-full wp-image-8338\" title=\"Moslemid oma k\u00fclapoes\" src=\"http:\/\/yhelteljel.ee\/wp-content\/uploads\/2010\/06\/IMG_9786_v.jpg\" alt=\"\" width=\"530\" height=\"398\" srcset=\"https:\/\/yhelteljel.ee\/wp-content\/uploads\/2010\/06\/IMG_9786_v.jpg 530w, https:\/\/yhelteljel.ee\/wp-content\/uploads\/2010\/06\/IMG_9786_v-300x225.jpg 300w\" sizes=\"auto, (max-width: 530px) 100vw, 530px\" \/><\/a><\/p>\n<p><a href=\"http:\/\/yhelteljel.ee\/wp-content\/uploads\/2010\/06\/IMG_9788_s.jpg\" target=\"_blank\"><img loading=\"lazy\" decoding=\"async\" class=\"alignnone size-full wp-image-8340\" title=\"Moslemimees\" src=\"http:\/\/yhelteljel.ee\/wp-content\/uploads\/2010\/06\/IMG_9788_v.jpg\" alt=\"\" width=\"530\" height=\"707\" srcset=\"https:\/\/yhelteljel.ee\/wp-content\/uploads\/2010\/06\/IMG_9788_v.jpg 530w, https:\/\/yhelteljel.ee\/wp-content\/uploads\/2010\/06\/IMG_9788_v-224x300.jpg 224w\" sizes=\"auto, (max-width: 530px) 100vw, 530px\" \/><\/a><\/p>\n<p>Tagasiteel otsustasime peatuda meie esimeses \u00f6\u00f6bimiskohas, kuid seekord ei olnud meie hommikusteks k\u00fclalisteks mitte pudulojused, vaid r\u00fchm noori mosleminaisi, kes olid sinnasamasse tulnud k\u00fcttematerjaliks kuivanud s\u00f5nnikut (sest puid seal piirkonnas eriti pole) korjama.<\/p>\n<p><a href=\"http:\/\/yhelteljel.ee\/wp-content\/uploads\/2010\/06\/IMG_9817_s.jpg\" target=\"_blank\"><img loading=\"lazy\" decoding=\"async\" class=\"alignnone size-full wp-image-8351\" title=\"Moslemit\u00fcduk\" src=\"http:\/\/yhelteljel.ee\/wp-content\/uploads\/2010\/06\/IMG_9817_v.jpg\" alt=\"\" width=\"530\" height=\"707\" srcset=\"https:\/\/yhelteljel.ee\/wp-content\/uploads\/2010\/06\/IMG_9817_v.jpg 530w, https:\/\/yhelteljel.ee\/wp-content\/uploads\/2010\/06\/IMG_9817_v-224x300.jpg 224w\" sizes=\"auto, (max-width: 530px) 100vw, 530px\" \/><\/a><\/p>\n<p><a href=\"http:\/\/yhelteljel.ee\/wp-content\/uploads\/2010\/06\/IMG_9821_s.jpg\" target=\"_blank\"><img loading=\"lazy\" decoding=\"async\" title=\"Moslemit\u00fcdruk\" src=\"http:\/\/yhelteljel.ee\/wp-content\/uploads\/2010\/06\/IMG_9821_v.jpg\" alt=\"\" width=\"530\" height=\"669\" \/><\/a><\/p>\n<p>Tagasi Lehi j\u00f5udes oli selja taga 1000 kilomeetrit, pool sellest tehniliselt \u00fclikeeruline ja polte-hambaid logisema panev &#8220;tee&#8221; Zanskarisse. Kui rampv\u00e4sinute ja igast rakust tuikavatena s\u00f6\u00f6ma l\u00e4ksime, naeratas meile \u00fches lauas vastu sakslasest jalgsimatkamees ja keskkonnakaitsja Axel, kellega olime kohtunud m\u00f5ned n\u00e4dalad varem. &#8220;Saan n\u00fc\u00fcd v\u00e4ga h\u00e4sti aru, mida pidasid silmas, kui \u00fctlesid, et tee Zanskarisse, mis on tuntud ka saja j\u00f5e teena*, on \u00fcks ilusamaid teid maailmas,&#8221; \u00fctlesin talle.<\/p>\n<p>*sajast j\u00f5est r\u00e4\u00e4gitakse tegelikult mitte meie poolt l\u00e4bitud s\u00f5iduteel, vaid mujalt kulgeval matkarajal, kuid mina lugesin meie teel \u00fches suunas ikka kokku enam kui 200 suuremat oja\u00fcletust (ja me pidime tee l\u00e4bima m\u00f5lemas suunas, sest Zanskarisse l\u00e4heb ainult \u00fcks tee).<\/p>\n","protected":false},"excerpt":{"rendered":"<p>Zanskarina tuntud piirkonda India p\u00f5hjaosas ei satu just \u00fclem\u00e4\u00e4ra palju turiste &#8211; p\u00f5hjuseks esmaj\u00e4rjekorras asjaolu, et tee sinna on avatud vaid m\u00f5ned kuud aastas, ning ka siis on tegemist pika ja piinarikka teekonnaga. M\u00f5istuse h\u00e4\u00e4lt trotsides v\u00f5tsime selle tee rataste alla kohe, kui see n\u00e4dala jagu tagasi avanes, sest piitsutustele peab ju m\u00f5istagi j\u00e4rgnema pr\u00e4\u00e4nik.<\/p>\n","protected":false},"author":2,"featured_media":0,"comment_status":"open","ping_status":"open","sticky":false,"template":"","format":"standard","meta":{"_monsterinsights_skip_tracking":false,"_monsterinsights_sitenote_active":false,"_monsterinsights_sitenote_note":"","_monsterinsights_sitenote_category":0,"footnotes":""},"categories":[10],"tags":[132,134,394,1114,1115],"class_list":["post-8214","post","type-post","status-publish","format-standard","hentry","category-aasia","tag-floora-ja-fauna","tag-ilm","tag-india","tag-inimesed","tag-teeolud"],"_links":{"self":[{"href":"https:\/\/yhelteljel.ee\/index.php?rest_route=\/wp\/v2\/posts\/8214","targetHints":{"allow":["GET"]}}],"collection":[{"href":"https:\/\/yhelteljel.ee\/index.php?rest_route=\/wp\/v2\/posts"}],"about":[{"href":"https:\/\/yhelteljel.ee\/index.php?rest_route=\/wp\/v2\/types\/post"}],"author":[{"embeddable":true,"href":"https:\/\/yhelteljel.ee\/index.php?rest_route=\/wp\/v2\/users\/2"}],"replies":[{"embeddable":true,"href":"https:\/\/yhelteljel.ee\/index.php?rest_route=%2Fwp%2Fv2%2Fcomments&post=8214"}],"version-history":[{"count":10,"href":"https:\/\/yhelteljel.ee\/index.php?rest_route=\/wp\/v2\/posts\/8214\/revisions"}],"predecessor-version":[{"id":8456,"href":"https:\/\/yhelteljel.ee\/index.php?rest_route=\/wp\/v2\/posts\/8214\/revisions\/8456"}],"wp:attachment":[{"href":"https:\/\/yhelteljel.ee\/index.php?rest_route=%2Fwp%2Fv2%2Fmedia&parent=8214"}],"wp:term":[{"taxonomy":"category","embeddable":true,"href":"https:\/\/yhelteljel.ee\/index.php?rest_route=%2Fwp%2Fv2%2Fcategories&post=8214"},{"taxonomy":"post_tag","embeddable":true,"href":"https:\/\/yhelteljel.ee\/index.php?rest_route=%2Fwp%2Fv2%2Ftags&post=8214"}],"curies":[{"name":"wp","href":"https:\/\/api.w.org\/{rel}","templated":true}]}}