{"id":7799,"date":"2010-06-07T12:00:01","date_gmt":"2010-06-07T10:00:01","guid":{"rendered":"http:\/\/yhelteljel.ee\/?p=7799"},"modified":"2010-06-09T16:12:48","modified_gmt":"2010-06-09T14:12:48","slug":"ilu-nouab-ohvreid-ii-osa","status":"publish","type":"post","link":"https:\/\/yhelteljel.ee\/?p=7799","title":{"rendered":"Ilu n\u00f5uab ohvreid (II osa)"},"content":{"rendered":"<p><a href=\"http:\/\/yhelteljel.ee\/wp-content\/uploads\/2010\/06\/IMG_8310_s.jpg\" target=\"_blank\"><img loading=\"lazy\" decoding=\"async\" class=\"alignnone size-full wp-image-7817\" title=\"Telkimine 4200 meetri peal\" src=\"http:\/\/yhelteljel.ee\/wp-content\/uploads\/2010\/06\/IMG_8310_v.jpg\" alt=\"\" width=\"530\" height=\"398\" srcset=\"https:\/\/yhelteljel.ee\/wp-content\/uploads\/2010\/06\/IMG_8310_v.jpg 530w, https:\/\/yhelteljel.ee\/wp-content\/uploads\/2010\/06\/IMG_8310_v-300x225.jpg 300w\" sizes=\"auto, (max-width: 530px) 100vw, 530px\" \/><\/a><\/p>\n<p>Pangong Tso \u00e4\u00e4rde j\u00f5udes oli selja taga pikk, kuid elamusterohke p\u00e4ev. P\u00e4ike hakkas n\u00e4itama peatse loojumise m\u00e4rke, ning meil oli aeg viia ellu teine selleks p\u00e4evaks seatud siht &#8211; leida koht, kuhu p\u00fcsti panna telk, et \u00fcle pika aja \u00f6\u00f6bida j\u00e4lle looduses. Viimati tegime seda Malaisia idarannikul, n\u00fc\u00fcd aga olime hoopis teises keskkonnas ning meie ees laotus hoopis teistsugune maastik. M\u00e4ed!<\/p>\n<p><!--more--><\/p>\n<p>Senisele kogemusele tuginedes on m\u00e4gisel maastikul telkimise seisukohalt omad eelised. \u00dchena eelistest v\u00f5ib nimetada seda, et m\u00e4gistes piirkondades on inimasustus keskmisest oluliselt h\u00f5redam, ning seega on v\u00e4iksem oht, et keegi sind \u00f6\u00f6sel &#8220;kollitama&#8221; tuleb &#8211; see on ka \u00fcks p\u00f5hjustest, miks me pole telkinud n\u00e4iteks Tais v\u00f5i India madalikel &#8211; inimesi on seal lihtsalt liiga palju.<\/p>\n<p>Kuid m\u00e4gedes on omad v\u00e4ljakutsed. Inimesi, kes sind t\u00fclitama tulla v\u00f5iksid, eriti pole, k\u00fcll aga v\u00f5ib kimbutama hakata k\u00f5rgusest tingitud \u00f6ine k\u00fclm. Meie magamiskotid ajavad asja libedalt \u00e4ra umbes kaheksa soojakraadini, sellest allapoole on pea garanteeritud \u00f6\u00f6 l\u00e4bi kestev nihelemine ja sooja asendi otsimine. Teine &#8220;vigur&#8221; telkimisega m\u00e4gedes on see, et on raskem leida sobivat pinnast, kuhu telk p\u00fcsti panna &#8211; on ju m\u00e4ed \u00fcldjoontes kaldu, ning orud sageli t\u00e4is kivim\u00fcrakaid (v\u00f5i on oht, et need kusagilt \u00fclevalt alla kukkuma hakkavad), mis ei ole kindlasti sobiv alus telgi p\u00fcstitamiseks.<\/p>\n<p>Olles enam kui 4000 meetri k\u00f5rgusel, aimasime, et k\u00fclmast me ei p\u00e4\u00e4se, nii et meie teha j\u00e4i vaid sobiva koha leidmine. Veeresime orus tuldud teed tagasi, seekord mitte enam nii t\u00f5takalt. Ehkki p\u00e4ike oli juba \u00fcpris madalal ning valas m\u00e4ek\u00fcljed \u00fcle kuldkollase valgusega, v\u00f5tsime aega, et \u00fcmbritsevat ilu endasse imeda.<\/p>\n<p><a href=\"http:\/\/yhelteljel.ee\/wp-content\/uploads\/2010\/06\/IMG_8294_s.jpg\" target=\"_blank\"><img loading=\"lazy\" decoding=\"async\" class=\"alignnone size-full wp-image-7811\" title=\"Varjude ja v\u00e4rvide m\u00e4ng m\u00e4gedes\" src=\"http:\/\/yhelteljel.ee\/wp-content\/uploads\/2010\/06\/IMG_8294_v.jpg\" alt=\"\" width=\"530\" height=\"398\" srcset=\"https:\/\/yhelteljel.ee\/wp-content\/uploads\/2010\/06\/IMG_8294_v.jpg 530w, https:\/\/yhelteljel.ee\/wp-content\/uploads\/2010\/06\/IMG_8294_v-300x225.jpg 300w\" sizes=\"auto, (max-width: 530px) 100vw, 530px\" \/><\/a><\/p>\n<p>Tuul oli kuiva j\u00f5es\u00e4ngi liiva m\u00f6\u00f6da orgu laiali puhunud, moodustades madalaid luiteid, mis n\u00fc\u00fcd \u00fcle tee lainetavaid varjusid tekitasid.<\/p>\n<p><a href=\"http:\/\/yhelteljel.ee\/wp-content\/uploads\/2010\/06\/IMG_8277_s.jpg\" target=\"_blank\"><img loading=\"lazy\" decoding=\"async\" class=\"alignnone size-full wp-image-7807\" title=\"Teele venitatud liivad\u00fc\u00fcnid\" src=\"http:\/\/yhelteljel.ee\/wp-content\/uploads\/2010\/06\/IMG_8277_v.jpg\" alt=\"\" width=\"530\" height=\"374\" srcset=\"https:\/\/yhelteljel.ee\/wp-content\/uploads\/2010\/06\/IMG_8277_v.jpg 530w, https:\/\/yhelteljel.ee\/wp-content\/uploads\/2010\/06\/IMG_8277_v-300x211.jpg 300w\" sizes=\"auto, (max-width: 530px) 100vw, 530px\" \/><\/a><\/p>\n<p><a href=\"http:\/\/yhelteljel.ee\/wp-content\/uploads\/2010\/06\/IMG_8279_s.jpg\" target=\"_blank\"><img loading=\"lazy\" decoding=\"async\" class=\"alignnone size-full wp-image-7809\" title=\"Pikad varjud ja telgikoha otsingud\" src=\"http:\/\/yhelteljel.ee\/wp-content\/uploads\/2010\/06\/IMG_8279_v.jpg\" alt=\"\" width=\"530\" height=\"398\" srcset=\"https:\/\/yhelteljel.ee\/wp-content\/uploads\/2010\/06\/IMG_8279_v.jpg 530w, https:\/\/yhelteljel.ee\/wp-content\/uploads\/2010\/06\/IMG_8279_v-300x225.jpg 300w\" sizes=\"auto, (max-width: 530px) 100vw, 530px\" \/><\/a><\/p>\n<p>Varsti ei olnud need enam luited, mis varjusid tekitasid, vaid m\u00e4ed ise. Valgus m\u00e4gedevahelises orus muutus aina h\u00e4maramaks, tuues erilises helenduses v\u00e4lja varjudest \u00fclespoole j\u00e4\u00e4vate m\u00e4etippude toore ilu. \u00d5hk muutus jahedamaks, tuletades meelde, et pilkase pimeduseni ei ole j\u00e4\u00e4nud palju aega, ning et tuleb leida telkimiskoht.<\/p>\n<p><a href=\"http:\/\/yhelteljel.ee\/wp-content\/uploads\/2010\/06\/IMG_8299_s.jpg\" target=\"_blank\"><img loading=\"lazy\" decoding=\"async\" class=\"alignnone size-full wp-image-7815\" title=\"Varjude joonistamine\" src=\"http:\/\/yhelteljel.ee\/wp-content\/uploads\/2010\/06\/IMG_8299_v.jpg\" alt=\"\" width=\"530\" height=\"341\" srcset=\"https:\/\/yhelteljel.ee\/wp-content\/uploads\/2010\/06\/IMG_8299_v.jpg 530w, https:\/\/yhelteljel.ee\/wp-content\/uploads\/2010\/06\/IMG_8299_v-300x193.jpg 300w\" sizes=\"auto, (max-width: 530px) 100vw, 530px\" \/><\/a><\/p>\n<p><a href=\"http:\/\/yhelteljel.ee\/wp-content\/uploads\/2010\/06\/IMG_8297_s.jpg\" target=\"_blank\"><img loading=\"lazy\" decoding=\"async\" class=\"alignnone size-full wp-image-7813\" title=\"Valge tipp sinises sametis\" src=\"http:\/\/yhelteljel.ee\/wp-content\/uploads\/2010\/06\/IMG_8297_v.jpg\" alt=\"\" width=\"530\" height=\"398\" srcset=\"https:\/\/yhelteljel.ee\/wp-content\/uploads\/2010\/06\/IMG_8297_v.jpg 530w, https:\/\/yhelteljel.ee\/wp-content\/uploads\/2010\/06\/IMG_8297_v-300x225.jpg 300w\" sizes=\"auto, (max-width: 530px) 100vw, 530px\" \/><\/a><\/p>\n<p>Vaatasime k\u00fcll siia ja sinna &#8211; kus oli ees j\u00e4rsk j\u00f5es\u00e4ng, kus kivilahmakad, kus lihtsalt liiv, millesse telgivaiad mitte mingi hinna eest ei kinnituks. L\u00f5puks j\u00e4i meie pilk peatuma teest vaid m\u00f5nek\u00fcmne meetri kaugusel oleval suuremat sorti kivil, mis asus kenasti veidi rohtu kasvanud, kuivas j\u00f5es\u00e4ngis. T\u00e4ielikult see meid m\u00f6\u00f6duvate autode eest ei varjanud, kuid liiklus oli h\u00f5re, nii et otsustasime riskida.<\/p>\n<p>\u00d6\u00f6 oligi k\u00fclm. Hommikul n\u00e4itas kraadiklaas telgis nappi nelja soojakraadi &#8211; ilmselt oli \u00f6\u00f6sel temperatuur langenud nulli l\u00e4hedale. Ega h\u00e4sti v\u00e4lja ei maganud &#8211; ka villases aluspesus tihedalt \u00fcksteise vastu liibudes ei hakanud p\u00e4ris soe, kuid suurema k\u00fclmetamise eest aitas see nipp, et asetasime oma s\u00f5idujoped magamiskoti alaosa peale &#8211; v\u00f5ib ju kindel olla, et kui varbad on k\u00fclmad, siis uni ei tule. Vedasime hommikuni v\u00e4lja.<\/p>\n<p>Hommikul oli taevas ainsa pilveraasutagi.<\/p>\n<p><a href=\"http:\/\/yhelteljel.ee\/wp-content\/uploads\/2010\/06\/IMG_8313_s.jpg\" target=\"_blank\"><img loading=\"lazy\" decoding=\"async\" class=\"alignnone size-full wp-image-7819\" title=\"Meie telkimiskoht 4200 meetri peal\" src=\"http:\/\/yhelteljel.ee\/wp-content\/uploads\/2010\/06\/IMG_8313_v.jpg\" alt=\"\" width=\"530\" height=\"398\" srcset=\"https:\/\/yhelteljel.ee\/wp-content\/uploads\/2010\/06\/IMG_8313_v.jpg 530w, https:\/\/yhelteljel.ee\/wp-content\/uploads\/2010\/06\/IMG_8313_v-300x225.jpg 300w\" sizes=\"auto, (max-width: 530px) 100vw, 530px\" \/><\/a><\/p>\n<p><a href=\"http:\/\/yhelteljel.ee\/wp-content\/uploads\/2010\/06\/India-40s.jpg\" target=\"_blank\"><img loading=\"lazy\" decoding=\"async\" class=\"alignnone size-full wp-image-7849\" title=\"Panoraam telkimiskoha \u00fcmbrusest\" src=\"http:\/\/yhelteljel.ee\/wp-content\/uploads\/2010\/06\/India-40v.png\" alt=\"\" width=\"530\" height=\"100\" srcset=\"https:\/\/yhelteljel.ee\/wp-content\/uploads\/2010\/06\/India-40v.png 530w, https:\/\/yhelteljel.ee\/wp-content\/uploads\/2010\/06\/India-40v-300x56.png 300w\" sizes=\"auto, (max-width: 530px) 100vw, 530px\" \/><\/a><\/p>\n<p>Startisime heas tujus. Peale meie ei \u00fchtegi hingelist, meid \u00fcmbritsev suurejooneline m\u00e4giloodus soojades p\u00e4ikeset\u00f5usuv\u00e4rvides, t\u00e4ielik vaikus ja \u00fcliv\u00f5rdes v\u00e4rske \u00f5hk, mida hommikuses jaheduses endasse imed. N\u00e4gime \u00fcht j\u00e4nest ja m\u00f5nesid koopaoravaid, m\u00e4gilooduse ilu meid rabamas, mida enam ka orud valguskiirtes helendama l\u00f5id.<\/p>\n<p><a href=\"http:\/\/yhelteljel.ee\/wp-content\/uploads\/2010\/06\/IMG_8317_s.jpg\" target=\"_blank\"><img loading=\"lazy\" decoding=\"async\" class=\"alignnone size-full wp-image-7821\" title=\"J\u00e4rvepeegeldus\" src=\"http:\/\/yhelteljel.ee\/wp-content\/uploads\/2010\/06\/IMG_8317_v.jpg\" alt=\"\" width=\"530\" height=\"398\" srcset=\"https:\/\/yhelteljel.ee\/wp-content\/uploads\/2010\/06\/IMG_8317_v.jpg 530w, https:\/\/yhelteljel.ee\/wp-content\/uploads\/2010\/06\/IMG_8317_v-300x225.jpg 300w\" sizes=\"auto, (max-width: 530px) 100vw, 530px\" \/><\/a><\/p>\n<p><a href=\"http:\/\/yhelteljel.ee\/wp-content\/uploads\/2010\/06\/India-47s.jpg\" target=\"_blank\"><img loading=\"lazy\" decoding=\"async\" class=\"alignnone size-full wp-image-7852\" title=\"J\u00e4rve panoraam\" src=\"http:\/\/yhelteljel.ee\/wp-content\/uploads\/2010\/06\/India-47v.png\" alt=\"\" width=\"530\" height=\"105\" srcset=\"https:\/\/yhelteljel.ee\/wp-content\/uploads\/2010\/06\/India-47v.png 530w, https:\/\/yhelteljel.ee\/wp-content\/uploads\/2010\/06\/India-47v-300x59.png 300w\" sizes=\"auto, (max-width: 530px) 100vw, 530px\" \/><\/a><\/p>\n<p>Tangtses peatusime j\u00e4lle, et oma veevarusid t\u00e4iendada, kui meid tulid uudistama m\u00f5ned kooli\u00f5pilased &#8211; koolivormis ja puha. On r\u00f5\u00f5mustav teada, et ka sellises k\u00f5rge kuru poolt maailmast \u00e4ra l\u00f5igatud kohas p\u00f6\u00f6ratakse haridusele t\u00e4helepanu.<\/p>\n<p><a href=\"http:\/\/yhelteljel.ee\/wp-content\/uploads\/2010\/06\/IMG_8333_s.jpg\" target=\"_blank\"><img loading=\"lazy\" decoding=\"async\" class=\"alignnone size-full wp-image-7823\" title=\"Kooli\u00f5pilased kooli t\u00f5ttamas. Vasakult paremale: Tsetan, Deachan ja Padma\" src=\"http:\/\/yhelteljel.ee\/wp-content\/uploads\/2010\/06\/IMG_8333_v.jpg\" alt=\"\" width=\"530\" height=\"707\" srcset=\"https:\/\/yhelteljel.ee\/wp-content\/uploads\/2010\/06\/IMG_8333_v.jpg 530w, https:\/\/yhelteljel.ee\/wp-content\/uploads\/2010\/06\/IMG_8333_v-224x300.jpg 224w\" sizes=\"auto, (max-width: 530px) 100vw, 530px\" \/><\/a><\/p>\n<p><a href=\"http:\/\/yhelteljel.ee\/wp-content\/uploads\/2010\/06\/IMG_8335_s.jpg\" target=\"_blank\"><img loading=\"lazy\" decoding=\"async\" class=\"alignnone size-full wp-image-7825\" title=\"Deachan\" src=\"http:\/\/yhelteljel.ee\/wp-content\/uploads\/2010\/06\/IMG_8335_v.jpg\" alt=\"\" width=\"530\" height=\"507\" srcset=\"https:\/\/yhelteljel.ee\/wp-content\/uploads\/2010\/06\/IMG_8335_v.jpg 530w, https:\/\/yhelteljel.ee\/wp-content\/uploads\/2010\/06\/IMG_8335_v-300x286.jpg 300w\" sizes=\"auto, (max-width: 530px) 100vw, 530px\" \/><\/a><\/p>\n<p>Siis hakkas tee j\u00e4lle \u00fclesm\u00e4ge minema, tagasi Chang La kuru poole. Kuna ilm poleks saanud enam ilusam olla, siis tegime tihti peatusi, et pilte \u00fcmbritsevast oma m\u00e4llu salvestada.<\/p>\n<p><a href=\"http:\/\/yhelteljel.ee\/wp-content\/uploads\/2010\/06\/IMG_8358_s.jpg\" target=\"_blank\"><img loading=\"lazy\" decoding=\"async\" class=\"alignnone size-full wp-image-7827\" title=\"Puhkehetk\" src=\"http:\/\/yhelteljel.ee\/wp-content\/uploads\/2010\/06\/IMG_8358_v.jpg\" alt=\"\" width=\"530\" height=\"304\" srcset=\"https:\/\/yhelteljel.ee\/wp-content\/uploads\/2010\/06\/IMG_8358_v.jpg 530w, https:\/\/yhelteljel.ee\/wp-content\/uploads\/2010\/06\/IMG_8358_v-300x172.jpg 300w\" sizes=\"auto, (max-width: 530px) 100vw, 530px\" \/><\/a><\/p>\n<p><a href=\"http:\/\/yhelteljel.ee\/wp-content\/uploads\/2010\/06\/India-48s.jpg\" target=\"_blank\"><img loading=\"lazy\" decoding=\"async\" class=\"alignnone size-full wp-image-7855\" title=\"Panoraam teelt\" src=\"http:\/\/yhelteljel.ee\/wp-content\/uploads\/2010\/06\/India-48v.png\" alt=\"\" width=\"530\" height=\"88\" srcset=\"https:\/\/yhelteljel.ee\/wp-content\/uploads\/2010\/06\/India-48v.png 530w, https:\/\/yhelteljel.ee\/wp-content\/uploads\/2010\/06\/India-48v-300x49.png 300w\" sizes=\"auto, (max-width: 530px) 100vw, 530px\" \/><\/a><\/p>\n<p><a href=\"http:\/\/yhelteljel.ee\/wp-content\/uploads\/2010\/06\/IMG_8363_s.jpg\" target=\"_blank\"><img loading=\"lazy\" decoding=\"async\" title=\"R\u00e4ndkarjakasvatajate telgid\" src=\"http:\/\/yhelteljel.ee\/wp-content\/uploads\/2010\/06\/IMG_8363_v.jpg\" alt=\"\" width=\"530\" height=\"398\" \/><\/a><\/p>\n<p><a href=\"http:\/\/yhelteljel.ee\/wp-content\/uploads\/2010\/06\/IMG_8362_s.jpg\" target=\"_blank\"><img loading=\"lazy\" decoding=\"async\" class=\"alignnone size-full wp-image-7829\" title=\"\u00dcksteise jaoks loodud - Gessu oma kodustes tingimustes\" src=\"http:\/\/yhelteljel.ee\/wp-content\/uploads\/2010\/06\/IMG_8362_v.jpg\" alt=\"\" width=\"530\" height=\"398\" srcset=\"https:\/\/yhelteljel.ee\/wp-content\/uploads\/2010\/06\/IMG_8362_v.jpg 530w, https:\/\/yhelteljel.ee\/wp-content\/uploads\/2010\/06\/IMG_8362_v-300x225.jpg 300w\" sizes=\"auto, (max-width: 530px) 100vw, 530px\" \/><\/a><\/p>\n<p><a href=\"http:\/\/yhelteljel.ee\/wp-content\/uploads\/2010\/06\/IMG_8428_s.jpg\" target=\"_blank\"><img loading=\"lazy\" decoding=\"async\" title=\"Ch\u00f6rten, palvelipud ja Himaalajad - v\u00e4ga t\u00fc\u00fcpiline komplekt.\" src=\"http:\/\/yhelteljel.ee\/wp-content\/uploads\/2010\/06\/IMG_8428_v.jpg\" alt=\"\" width=\"530\" height=\"362\" \/><\/a><\/p>\n<p>Seekord kurule l\u00e4henedes v\u00f5tsime asja v\u00e4ga vabalt &#8211; j\u00f5udsime nii lumes\u00f5da pidada, kurul s\u00f5jav\u00e4e kulul kuuma teed luristada kui poseerida nii lumevallide ja palvelippudega, meel \u00f5nnestunud s\u00f5idust ja kogetud emotsioonidest hea ning meri p\u00f5lvini.<\/p>\n<p><a href=\"http:\/\/yhelteljel.ee\/wp-content\/uploads\/2010\/06\/IMG_8374_s.jpg\" target=\"_blank\"><img loading=\"lazy\" decoding=\"async\" class=\"alignnone size-full wp-image-7833\" title=\"Tee \u00fcle kuru\" src=\"http:\/\/yhelteljel.ee\/wp-content\/uploads\/2010\/06\/IMG_8374_v.jpg\" alt=\"\" width=\"530\" height=\"398\" srcset=\"https:\/\/yhelteljel.ee\/wp-content\/uploads\/2010\/06\/IMG_8374_v.jpg 530w, https:\/\/yhelteljel.ee\/wp-content\/uploads\/2010\/06\/IMG_8374_v-300x225.jpg 300w\" sizes=\"auto, (max-width: 530px) 100vw, 530px\" \/><\/a><\/p>\n<p><a href=\"http:\/\/yhelteljel.ee\/wp-content\/uploads\/2010\/06\/IMG_8383_s.jpg\" target=\"_blank\"><img loading=\"lazy\" decoding=\"async\" class=\"alignnone size-full wp-image-7835\" title=\"Lumes\u00f5da\" src=\"http:\/\/yhelteljel.ee\/wp-content\/uploads\/2010\/06\/IMG_8383_v.jpg\" alt=\"\" width=\"530\" height=\"398\" srcset=\"https:\/\/yhelteljel.ee\/wp-content\/uploads\/2010\/06\/IMG_8383_v.jpg 530w, https:\/\/yhelteljel.ee\/wp-content\/uploads\/2010\/06\/IMG_8383_v-300x225.jpg 300w\" sizes=\"auto, (max-width: 530px) 100vw, 530px\" \/><\/a><\/p>\n<p><a href=\"http:\/\/yhelteljel.ee\/wp-content\/uploads\/2010\/06\/India-62s.jpg\" target=\"_blank\"><img loading=\"lazy\" decoding=\"async\" class=\"alignnone size-full wp-image-7861\" title=\"M\u00f5nik\u00fcmmend meetrit kurust allpool on valge muinasjutumaa\" src=\"http:\/\/yhelteljel.ee\/wp-content\/uploads\/2010\/06\/India-62v.png\" alt=\"\" width=\"530\" height=\"91\" srcset=\"https:\/\/yhelteljel.ee\/wp-content\/uploads\/2010\/06\/India-62v.png 530w, https:\/\/yhelteljel.ee\/wp-content\/uploads\/2010\/06\/India-62v-300x51.png 300w\" sizes=\"auto, (max-width: 530px) 100vw, 530px\" \/><\/a><\/p>\n<p><a href=\"http:\/\/yhelteljel.ee\/wp-content\/uploads\/2010\/06\/IMG_8410_s.jpg\" target=\"_blank\"><img loading=\"lazy\" decoding=\"async\" title=\"Tee\" src=\"http:\/\/yhelteljel.ee\/wp-content\/uploads\/2010\/06\/IMG_8410_v.jpg\" alt=\"\" width=\"530\" height=\"398\" \/><\/a><\/p>\n<p><a href=\"http:\/\/yhelteljel.ee\/wp-content\/uploads\/2010\/06\/India-49s.jpg\" target=\"_blank\"><img loading=\"lazy\" decoding=\"async\" title=\"Panoraam kuru l\u00e4hedalt - teeolud on vasakul h\u00e4sti n\u00e4ha\" src=\"http:\/\/yhelteljel.ee\/wp-content\/uploads\/2010\/06\/India-49v.png\" alt=\"\" width=\"530\" height=\"106\" \/><\/a><\/p>\n<p><a href=\"http:\/\/yhelteljel.ee\/wp-content\/uploads\/2010\/06\/IMG_8394_s.jpg\" target=\"_blank\"><img loading=\"lazy\" decoding=\"async\" class=\"alignnone size-full wp-image-7863\" title=\"Hindust l\u00f5una-indialane m\u00e4gises s\u00f5jav\u00e4eteenistuses - pole ilmselt k\u00f5ige meelep\u00e4rasem keskkond\" src=\"http:\/\/yhelteljel.ee\/wp-content\/uploads\/2010\/06\/IMG_8394_v.jpg\" alt=\"\" width=\"530\" height=\"707\" srcset=\"https:\/\/yhelteljel.ee\/wp-content\/uploads\/2010\/06\/IMG_8394_v.jpg 530w, https:\/\/yhelteljel.ee\/wp-content\/uploads\/2010\/06\/IMG_8394_v-224x300.jpg 224w\" sizes=\"auto, (max-width: 530px) 100vw, 530px\" \/><\/a><\/p>\n<p><a href=\"http:\/\/yhelteljel.ee\/wp-content\/uploads\/2010\/06\/IMG_8396_s.jpg\" target=\"_blank\"><img loading=\"lazy\" decoding=\"async\" class=\"alignnone size-full wp-image-7838\" title=\"Mongoliidsete n\u00e4ojoontega (s.t. kohalikku verd) s\u00f5jav\u00e4elane\" src=\"http:\/\/yhelteljel.ee\/wp-content\/uploads\/2010\/06\/IMG_8396_v.jpg\" alt=\"\" width=\"530\" height=\"707\" srcset=\"https:\/\/yhelteljel.ee\/wp-content\/uploads\/2010\/06\/IMG_8396_v.jpg 530w, https:\/\/yhelteljel.ee\/wp-content\/uploads\/2010\/06\/IMG_8396_v-224x300.jpg 224w\" sizes=\"auto, (max-width: 530px) 100vw, 530px\" \/><\/a><\/p>\n<p><a href=\"http:\/\/yhelteljel.ee\/wp-content\/uploads\/2010\/06\/IMG_8399_s.jpg\" target=\"_blank\"><img loading=\"lazy\" decoding=\"async\" class=\"alignnone size-full wp-image-7840\" title=\"Uudishimulik s\u00f5jav\u00e4elane\" src=\"http:\/\/yhelteljel.ee\/wp-content\/uploads\/2010\/06\/IMG_8399_v.jpg\" alt=\"\" width=\"530\" height=\"398\" srcset=\"https:\/\/yhelteljel.ee\/wp-content\/uploads\/2010\/06\/IMG_8399_v.jpg 530w, https:\/\/yhelteljel.ee\/wp-content\/uploads\/2010\/06\/IMG_8399_v-300x225.jpg 300w\" sizes=\"auto, (max-width: 530px) 100vw, 530px\" \/><\/a><\/p>\n<p><a href=\"http:\/\/yhelteljel.ee\/wp-content\/uploads\/2010\/06\/IMG_8408_s.jpg\" target=\"_blank\"><img loading=\"lazy\" decoding=\"async\" class=\"alignnone size-full wp-image-7843\" title=\"Palvelipud enam kui 5 kilomeetri k\u00f5rgusel\" src=\"http:\/\/yhelteljel.ee\/wp-content\/uploads\/2010\/06\/IMG_8408_v.jpg\" alt=\"\" width=\"530\" height=\"398\" srcset=\"https:\/\/yhelteljel.ee\/wp-content\/uploads\/2010\/06\/IMG_8408_v.jpg 530w, https:\/\/yhelteljel.ee\/wp-content\/uploads\/2010\/06\/IMG_8408_v-300x225.jpg 300w\" sizes=\"auto, (max-width: 530px) 100vw, 530px\" \/><\/a><\/p>\n<p><a href=\"http:\/\/yhelteljel.ee\/wp-content\/uploads\/2010\/06\/IMG_8407_s.jpg\" target=\"_blank\"><img loading=\"lazy\" decoding=\"async\" class=\"alignnone size-full wp-image-7842\" title=\"Perepilt 5360 meetri k\u00f5rguselt kurult\" src=\"http:\/\/yhelteljel.ee\/wp-content\/uploads\/2010\/06\/IMG_8407_v.jpg\" alt=\"\" width=\"530\" height=\"398\" srcset=\"https:\/\/yhelteljel.ee\/wp-content\/uploads\/2010\/06\/IMG_8407_v.jpg 530w, https:\/\/yhelteljel.ee\/wp-content\/uploads\/2010\/06\/IMG_8407_v-300x225.jpg 300w\" sizes=\"auto, (max-width: 530px) 100vw, 530px\" \/><\/a><\/p>\n","protected":false},"excerpt":{"rendered":"<p>Pangong Tso \u00e4\u00e4rde j\u00f5udes oli selja taga pikk, kuid elamusterohke p\u00e4ev. P\u00e4ike hakkas n\u00e4itama peatse loojumise m\u00e4rke, ning meil oli aeg viia ellu teine selleks p\u00e4evaks seatud siht &#8211; leida koht, kuhu p\u00fcsti panna telk, et \u00fcle pika aja \u00f6\u00f6bida j\u00e4lle looduses. Viimati tegime seda Malaisia idarannikul, n\u00fc\u00fcd aga olime hoopis teises keskkonnas ning meie &hellip; <a href=\"https:\/\/yhelteljel.ee\/?p=7799\" class=\"more-link\">Loe edasi <span class=\"screen-reader-text\">Ilu n\u00f5uab ohvreid (II osa)<\/span> <span class=\"meta-nav\">&rarr;<\/span><\/a><\/p>\n","protected":false},"author":3,"featured_media":0,"comment_status":"open","ping_status":"open","sticky":false,"template":"","format":"standard","meta":{"_monsterinsights_skip_tracking":false,"_monsterinsights_sitenote_active":false,"_monsterinsights_sitenote_note":"","_monsterinsights_sitenote_category":0,"footnotes":""},"categories":[10],"tags":[134,394,1115],"class_list":["post-7799","post","type-post","status-publish","format-standard","hentry","category-aasia","tag-ilm","tag-india","tag-teeolud"],"_links":{"self":[{"href":"https:\/\/yhelteljel.ee\/index.php?rest_route=\/wp\/v2\/posts\/7799","targetHints":{"allow":["GET"]}}],"collection":[{"href":"https:\/\/yhelteljel.ee\/index.php?rest_route=\/wp\/v2\/posts"}],"about":[{"href":"https:\/\/yhelteljel.ee\/index.php?rest_route=\/wp\/v2\/types\/post"}],"author":[{"embeddable":true,"href":"https:\/\/yhelteljel.ee\/index.php?rest_route=\/wp\/v2\/users\/3"}],"replies":[{"embeddable":true,"href":"https:\/\/yhelteljel.ee\/index.php?rest_route=%2Fwp%2Fv2%2Fcomments&post=7799"}],"version-history":[{"count":9,"href":"https:\/\/yhelteljel.ee\/index.php?rest_route=\/wp\/v2\/posts\/7799\/revisions"}],"predecessor-version":[{"id":7943,"href":"https:\/\/yhelteljel.ee\/index.php?rest_route=\/wp\/v2\/posts\/7799\/revisions\/7943"}],"wp:attachment":[{"href":"https:\/\/yhelteljel.ee\/index.php?rest_route=%2Fwp%2Fv2%2Fmedia&parent=7799"}],"wp:term":[{"taxonomy":"category","embeddable":true,"href":"https:\/\/yhelteljel.ee\/index.php?rest_route=%2Fwp%2Fv2%2Fcategories&post=7799"},{"taxonomy":"post_tag","embeddable":true,"href":"https:\/\/yhelteljel.ee\/index.php?rest_route=%2Fwp%2Fv2%2Ftags&post=7799"}],"curies":[{"name":"wp","href":"https:\/\/api.w.org\/{rel}","templated":true}]}}