{"id":7541,"date":"2010-05-28T07:00:15","date_gmt":"2010-05-28T05:00:15","guid":{"rendered":"http:\/\/yhelteljel.ee\/?p=7541"},"modified":"2010-05-27T15:35:11","modified_gmt":"2010-05-27T13:35:11","slug":"islamist-budismi","status":"publish","type":"post","link":"https:\/\/yhelteljel.ee\/?p=7541","title":{"rendered":"Islamist budismi"},"content":{"rendered":"<p><a href=\"http:\/\/yhelteljel.ee\/wp-content\/uploads\/2010\/05\/IMG_7848_s.jpg\" target=\"_blank\"><img loading=\"lazy\" decoding=\"async\" title=\"Mantra kivil\" src=\"http:\/\/yhelteljel.ee\/wp-content\/uploads\/2010\/05\/IMG_7848_v.jpg\" alt=\"\" width=\"530\" height=\"398\" \/><\/a><\/p>\n<p>Srinagarist Lehi poole s\u00f5ites on viimane suurem moslemite kogukond Kargilis &#8211; sealt edasi lookleb tee \u00fcle k\u00f5rgete kurude ning l\u00e4bi viljakate orgude m\u00f6\u00f6da hoopis teistsuguse atmosf\u00e4\u00e4riga budistlikest k\u00fcladest.<\/p>\n<p><!--more--><\/p>\n<p>Kargil on \u00fcsna t\u00fc\u00fcpiline moslemik\u00fcla, millest ei puudu ka hommikul kell neli algav koraaniretsitatsioon:<\/p>\n[audio:Kargil_4AM_koraan.mp3|titles=Kargili kella 4 varahommikuse koraani retsiteerimine ulmelise m\u00e4gikaja saatel|artists=yhelteljel.ee]\n<p><a href=\"http:\/\/yhelteljel.ee\/wp-content\/uploads\/2010\/05\/India-26s.jpg\" target=\"_blank\"><img loading=\"lazy\" decoding=\"async\" class=\"alignnone size-full wp-image-7590\" title=\"Kargili panoraam\" src=\"http:\/\/yhelteljel.ee\/wp-content\/uploads\/2010\/05\/India-26v.png\" alt=\"\" width=\"530\" height=\"100\" srcset=\"https:\/\/yhelteljel.ee\/wp-content\/uploads\/2010\/05\/India-26v.png 530w, https:\/\/yhelteljel.ee\/wp-content\/uploads\/2010\/05\/India-26v-300x56.png 300w\" sizes=\"auto, (max-width: 530px) 100vw, 530px\" \/><\/a><\/p>\n<p><a href=\"http:\/\/yhelteljel.ee\/wp-content\/uploads\/2010\/05\/IMG_7675_s.jpg\" target=\"_blank\"><img loading=\"lazy\" decoding=\"async\" class=\"alignnone size-full wp-image-7543\" title=\"Moslemit\u00fcdruk Kargilis\" src=\"http:\/\/yhelteljel.ee\/wp-content\/uploads\/2010\/05\/IMG_7675_v.jpg\" alt=\"\" width=\"530\" height=\"309\" srcset=\"https:\/\/yhelteljel.ee\/wp-content\/uploads\/2010\/05\/IMG_7675_v.jpg 530w, https:\/\/yhelteljel.ee\/wp-content\/uploads\/2010\/05\/IMG_7675_v-300x174.jpg 300w\" sizes=\"auto, (max-width: 530px) 100vw, 530px\" \/><\/a><\/p>\n<p>Kuid nagu \u00f6eldud, valitseb Kargilist ida pool juba teine vaimsus ja meelelaad. Ehkki t\u00e4nases Indias valitseb \u00fclekaalukalt hinduism, ei ole see alati nii olnud. Juba 3. sajandil enne Kristust levis budism \u00fcle terve India ning sellest sai dominantne religioon. Hilisemad arengud \u00fchiskonnas kallutasid kaalukausi tugevalt hinduismi poole, ning pikk Mogulite valitsusaeg t\u00f5i endaga kaasa islami suurema soosimise. Pilt t\u00e4nasest Indiast on usulises plaanis niisiis v\u00e4gagi mitmetahuline, esindades paljusid eri religioone.<\/p>\n<p>Meie senine kokkupuude budismiga Indias piirdub Himachal Pradeshis ning Ladakhis populaarse Tiibeti budismiga (mille juured on siiski Indias, kust see levis Tiibetisse umbes 4. sajandil), mida harrastavad Tiibetist sisser\u00e4nnanud. Nende kogukond on kontsenteeritum MacLeodGanjis, kus asub ka Tiibeti eksiilvalitsus, kuid v\u00e4iksemad kogukonnad j\u00e4tkavad Tiibeti kultuuri elushoidmist ka mujal.<\/p>\n<p>Meie teele j\u00e4i mitmeid k\u00fclasid. N\u00e4iteks Mulbekh, mida ilmestab enam kui tuhande aasta vanune Maitreya-Buddha reljeef, mil k\u00f5rgust 8 meetrit:<\/p>\n<p><a href=\"http:\/\/yhelteljel.ee\/wp-content\/uploads\/2010\/05\/IMG_7688_s.jpg\" target=\"_blank\"><img loading=\"lazy\" decoding=\"async\" class=\"alignnone size-full wp-image-7545\" title=\"Maitreya\" src=\"http:\/\/yhelteljel.ee\/wp-content\/uploads\/2010\/05\/IMG_7688_v.jpg\" alt=\"\" width=\"530\" height=\"707\" srcset=\"https:\/\/yhelteljel.ee\/wp-content\/uploads\/2010\/05\/IMG_7688_v.jpg 530w, https:\/\/yhelteljel.ee\/wp-content\/uploads\/2010\/05\/IMG_7688_v-224x300.jpg 224w\" sizes=\"auto, (max-width: 530px) 100vw, 530px\" \/><\/a><\/p>\n<p><a href=\"http:\/\/yhelteljel.ee\/wp-content\/uploads\/2010\/05\/IMG_7695_s.jpg\" target=\"_blank\"><img loading=\"lazy\" decoding=\"async\" class=\"alignnone size-full wp-image-7549\" title=\"Maitreya kuju kaljuseinal ja tempel selle all\" src=\"http:\/\/yhelteljel.ee\/wp-content\/uploads\/2010\/05\/IMG_7695_v.jpg\" alt=\"\" width=\"530\" height=\"398\" srcset=\"https:\/\/yhelteljel.ee\/wp-content\/uploads\/2010\/05\/IMG_7695_v.jpg 530w, https:\/\/yhelteljel.ee\/wp-content\/uploads\/2010\/05\/IMG_7695_v-300x225.jpg 300w\" sizes=\"auto, (max-width: 530px) 100vw, 530px\" \/><\/a><\/p>\n<p><a href=\"http:\/\/yhelteljel.ee\/wp-content\/uploads\/2010\/05\/IMG_7692_s.jpg\" target=\"_blank\"><img loading=\"lazy\" decoding=\"async\" title=\"Ch\u00f6rten tee \u00e4\u00e4res - jah, m\u00f6\u00f6da teed voolab pidevalt \u00fcks oja\" src=\"http:\/\/yhelteljel.ee\/wp-content\/uploads\/2010\/05\/IMG_7692_v.jpg\" alt=\"\" width=\"530\" height=\"398\" \/><\/a><\/p>\n<p>V\u00e4ga meeldej\u00e4\u00e4v on aga m\u00e4en\u00f5lvale ehitatud Lamayuru nimeline k\u00fcla, mis on koduks 11. sajandil asutatud budistlikule kloostrile. T\u00e4na elab selles umbes 150 munka. Klooster on v\u00f5imas, kuid veelgi ehedama tunde j\u00e4tavad iidvana, lagunenud v\u00e4limusega ch\u00f6rtenid ehk stuupad, mida on julgelt puistatud siia-sinna. Ning kividele kantud mantrad. Ning kohalike soe olek.<\/p>\n<p><a href=\"http:\/\/yhelteljel.ee\/wp-content\/uploads\/2010\/05\/IMG_7843_s.jpg\" target=\"_blank\"><img loading=\"lazy\" decoding=\"async\" class=\"alignnone size-full wp-image-7577\" title=\"Lamayuru eemalt\" src=\"http:\/\/yhelteljel.ee\/wp-content\/uploads\/2010\/05\/IMG_7843_v.jpg\" alt=\"\" width=\"530\" height=\"398\" srcset=\"https:\/\/yhelteljel.ee\/wp-content\/uploads\/2010\/05\/IMG_7843_v.jpg 530w, https:\/\/yhelteljel.ee\/wp-content\/uploads\/2010\/05\/IMG_7843_v-300x225.jpg 300w\" sizes=\"auto, (max-width: 530px) 100vw, 530px\" \/><\/a><\/p>\n<p><a href=\"http:\/\/yhelteljel.ee\/wp-content\/uploads\/2010\/05\/IMG_7826_s.jpg\" target=\"_blank\"><img loading=\"lazy\" decoding=\"async\" class=\"alignnone size-full wp-image-7575\" title=\"&quot;Murdunud&quot; pinnas annab eri ajastutest aimu eri kihtidega\" src=\"http:\/\/yhelteljel.ee\/wp-content\/uploads\/2010\/05\/IMG_7826_v.jpg\" alt=\"\" width=\"530\" height=\"398\" srcset=\"https:\/\/yhelteljel.ee\/wp-content\/uploads\/2010\/05\/IMG_7826_v.jpg 530w, https:\/\/yhelteljel.ee\/wp-content\/uploads\/2010\/05\/IMG_7826_v-300x225.jpg 300w\" sizes=\"auto, (max-width: 530px) 100vw, 530px\" \/><\/a><\/p>\n<p><a href=\"http:\/\/yhelteljel.ee\/wp-content\/uploads\/2010\/05\/IMG_7862_s.jpg\" target=\"_blank\"><img loading=\"lazy\" decoding=\"async\" class=\"alignnone size-full wp-image-7588\" title=\"Ch\u00f6rten p\u00e4ikeseloojangus\" src=\"http:\/\/yhelteljel.ee\/wp-content\/uploads\/2010\/05\/IMG_7862_v.jpg\" alt=\"\" width=\"530\" height=\"707\" srcset=\"https:\/\/yhelteljel.ee\/wp-content\/uploads\/2010\/05\/IMG_7862_v.jpg 530w, https:\/\/yhelteljel.ee\/wp-content\/uploads\/2010\/05\/IMG_7862_v-224x300.jpg 224w\" sizes=\"auto, (max-width: 530px) 100vw, 530px\" \/><\/a><\/p>\n<p><a href=\"http:\/\/yhelteljel.ee\/wp-content\/uploads\/2010\/05\/India-33s.jpg\" target=\"_blank\"><img loading=\"lazy\" decoding=\"async\" class=\"alignnone size-full wp-image-7613\" title=\"Lamayuru panoraam\" src=\"http:\/\/yhelteljel.ee\/wp-content\/uploads\/2010\/05\/India-33v.jpg\" alt=\"\" width=\"530\" height=\"233\" srcset=\"https:\/\/yhelteljel.ee\/wp-content\/uploads\/2010\/05\/India-33v.jpg 530w, https:\/\/yhelteljel.ee\/wp-content\/uploads\/2010\/05\/India-33v-300x131.jpg 300w\" sizes=\"auto, (max-width: 530px) 100vw, 530px\" \/><\/a><\/p>\n<p><a href=\"http:\/\/yhelteljel.ee\/wp-content\/uploads\/2010\/05\/IMG_7819_s.jpg\" target=\"_blank\"><img loading=\"lazy\" decoding=\"async\" class=\"alignnone size-full wp-image-7571\" title=\"Lamayuru t\u00fc\u00fcpiline arhitektuur m\u00e4en\u00f5lvadel - omaette ehituskunst, et need ka sinna sedasi pidama j\u00e4\u00e4ksid...\" src=\"http:\/\/yhelteljel.ee\/wp-content\/uploads\/2010\/05\/IMG_7819_v.jpg\" alt=\"\" width=\"530\" height=\"395\" srcset=\"https:\/\/yhelteljel.ee\/wp-content\/uploads\/2010\/05\/IMG_7819_v.jpg 530w, https:\/\/yhelteljel.ee\/wp-content\/uploads\/2010\/05\/IMG_7819_v-300x223.jpg 300w\" sizes=\"auto, (max-width: 530px) 100vw, 530px\" \/><\/a><\/p>\n<p><a href=\"http:\/\/yhelteljel.ee\/wp-content\/uploads\/2010\/05\/IMG_7815_s.jpg\" target=\"_blank\"><img loading=\"lazy\" decoding=\"async\" class=\"alignnone size-full wp-image-7569\" title=\"Vanad memmed m\u00e4gisel t\u00e4naval Lamayurus\" src=\"http:\/\/yhelteljel.ee\/wp-content\/uploads\/2010\/05\/IMG_7815_v.jpg\" alt=\"\" width=\"530\" height=\"398\" srcset=\"https:\/\/yhelteljel.ee\/wp-content\/uploads\/2010\/05\/IMG_7815_v.jpg 530w, https:\/\/yhelteljel.ee\/wp-content\/uploads\/2010\/05\/IMG_7815_v-300x225.jpg 300w\" sizes=\"auto, (max-width: 530px) 100vw, 530px\" \/><\/a><\/p>\n<p><a href=\"http:\/\/yhelteljel.ee\/wp-content\/uploads\/2010\/05\/IMG_7809_s1.jpg\" target=\"_blank\"><img loading=\"lazy\" decoding=\"async\" class=\"alignnone size-full wp-image-7567\" title=\"Vanamemm Lamayurus\" src=\"http:\/\/yhelteljel.ee\/wp-content\/uploads\/2010\/05\/IMG_7809_v.jpg\" alt=\"\" width=\"530\" height=\"655\" srcset=\"https:\/\/yhelteljel.ee\/wp-content\/uploads\/2010\/05\/IMG_7809_v.jpg 530w, https:\/\/yhelteljel.ee\/wp-content\/uploads\/2010\/05\/IMG_7809_v-242x300.jpg 242w\" sizes=\"auto, (max-width: 530px) 100vw, 530px\" \/><\/a><\/p>\n<p><a href=\"http:\/\/yhelteljel.ee\/wp-content\/uploads\/2010\/05\/IMG_7767_s.jpg\" target=\"_blank\"><img loading=\"lazy\" decoding=\"async\" class=\"alignnone size-full wp-image-7565\" title=\"Meid v\u00f5\u00f5rustav perenaine palveratast keerutamas\" src=\"http:\/\/yhelteljel.ee\/wp-content\/uploads\/2010\/05\/IMG_7767_v.jpg\" alt=\"\" width=\"530\" height=\"707\" srcset=\"https:\/\/yhelteljel.ee\/wp-content\/uploads\/2010\/05\/IMG_7767_v.jpg 530w, https:\/\/yhelteljel.ee\/wp-content\/uploads\/2010\/05\/IMG_7767_v-224x300.jpg 224w\" sizes=\"auto, (max-width: 530px) 100vw, 530px\" \/><\/a><\/p>\n<p><a href=\"http:\/\/yhelteljel.ee\/wp-content\/uploads\/2010\/05\/IMG_7755_s.jpg\" target=\"_blank\"><img loading=\"lazy\" decoding=\"async\" class=\"alignnone size-full wp-image-7561\" title=\"Palveratas budistliku pere k\u00f6\u00f6gilaual\" src=\"http:\/\/yhelteljel.ee\/wp-content\/uploads\/2010\/05\/IMG_7755_v.jpg\" alt=\"\" width=\"530\" height=\"707\" srcset=\"https:\/\/yhelteljel.ee\/wp-content\/uploads\/2010\/05\/IMG_7755_v.jpg 530w, https:\/\/yhelteljel.ee\/wp-content\/uploads\/2010\/05\/IMG_7755_v-224x300.jpg 224w\" sizes=\"auto, (max-width: 530px) 100vw, 530px\" \/><\/a><\/p>\n<p><a href=\"http:\/\/yhelteljel.ee\/wp-content\/uploads\/2010\/05\/IMG_7801_s.jpg\" target=\"_blank\"><img loading=\"lazy\" decoding=\"async\" title=\"Kariina \u00fche ch\u00f6rteni all\" src=\"http:\/\/yhelteljel.ee\/wp-content\/uploads\/2010\/05\/IMG_7801_v.jpg\" alt=\"\" width=\"530\" height=\"707\" \/><\/a><\/p>\n<p><a href=\"http:\/\/yhelteljel.ee\/wp-content\/uploads\/2010\/05\/IMG_7852_s.jpg\" target=\"_blank\"><img loading=\"lazy\" decoding=\"async\" title=\"Lamayuru p\u00e4ikeseloojangus\" src=\"http:\/\/yhelteljel.ee\/wp-content\/uploads\/2010\/05\/IMG_7852_v.jpg\" alt=\"\" width=\"530\" height=\"398\" \/><\/a><\/p>\n<p><a href=\"http:\/\/yhelteljel.ee\/wp-content\/uploads\/2010\/05\/IMG_7844_s.jpg\" target=\"_blank\"><img loading=\"lazy\" decoding=\"async\" title=\"Mantrad kividel\" src=\"http:\/\/yhelteljel.ee\/wp-content\/uploads\/2010\/05\/IMG_7844_v.jpg\" alt=\"\" width=\"530\" height=\"398\" \/><\/a><\/p>\n<p><a href=\"http:\/\/yhelteljel.ee\/wp-content\/uploads\/2010\/05\/IMG_7847_s.jpg\" target=\"_blank\"><img loading=\"lazy\" decoding=\"async\" class=\"alignnone size-full wp-image-7581\" title=\"Mantrad kividel\" src=\"http:\/\/yhelteljel.ee\/wp-content\/uploads\/2010\/05\/IMG_7847_v.jpg\" alt=\"\" width=\"530\" height=\"707\" srcset=\"https:\/\/yhelteljel.ee\/wp-content\/uploads\/2010\/05\/IMG_7847_v.jpg 530w, https:\/\/yhelteljel.ee\/wp-content\/uploads\/2010\/05\/IMG_7847_v-224x300.jpg 224w\" sizes=\"auto, (max-width: 530px) 100vw, 530px\" \/><\/a><\/p>\n<p><a href=\"http:\/\/yhelteljel.ee\/wp-content\/uploads\/2010\/05\/IMG_7854_s.jpg\" target=\"_blank\"><img loading=\"lazy\" decoding=\"async\" title=\"Kuu Lamayuru kloostri ch\u00f6rteni kohal\" src=\"http:\/\/yhelteljel.ee\/wp-content\/uploads\/2010\/05\/IMG_7854_v.jpg\" alt=\"\" width=\"530\" height=\"584\" \/><\/a><\/p>\n<p><a href=\"http:\/\/yhelteljel.ee\/wp-content\/uploads\/2010\/05\/India-32s.jpg\" target=\"_blank\"><img loading=\"lazy\" decoding=\"async\" class=\"alignnone size-full wp-image-7609\" title=\"Panoraam Lamayurust\" src=\"http:\/\/yhelteljel.ee\/wp-content\/uploads\/2010\/05\/India-32v.png\" alt=\"\" width=\"530\" height=\"96\" srcset=\"https:\/\/yhelteljel.ee\/wp-content\/uploads\/2010\/05\/India-32v.png 530w, https:\/\/yhelteljel.ee\/wp-content\/uploads\/2010\/05\/India-32v-300x54.png 300w\" sizes=\"auto, (max-width: 530px) 100vw, 530px\" \/><\/a><\/p>\n<p>Mulbekhi ja Lamayuru vahele j\u00e4\u00e4b k\u00f5rgeim kuru Srinagari-Lehi teel &#8211; 4108 meetri k\u00f5rgune Fotu La. Tiibetlaste kohalolekust annnab aimu ka see, et sinnasamasse on seotud mitu-mitu n\u00f6\u00f6rit\u00e4it palvelippe, kust tuul head soovid m\u00f6\u00f6da ilma laiali viib.<\/p>\n<p><a href=\"http:\/\/yhelteljel.ee\/wp-content\/uploads\/2010\/05\/IMG_7737_s.jpg\" target=\"_blank\"><img loading=\"lazy\" decoding=\"async\" class=\"alignnone size-full wp-image-7555\" title=\"Fotu La - 4108 meetri k\u00f5rgusel\" src=\"http:\/\/yhelteljel.ee\/wp-content\/uploads\/2010\/05\/IMG_7737_v.jpg\" alt=\"\" width=\"530\" height=\"398\" srcset=\"https:\/\/yhelteljel.ee\/wp-content\/uploads\/2010\/05\/IMG_7737_v.jpg 530w, https:\/\/yhelteljel.ee\/wp-content\/uploads\/2010\/05\/IMG_7737_v-300x225.jpg 300w\" sizes=\"auto, (max-width: 530px) 100vw, 530px\" \/><\/a><\/p>\n<p><a href=\"http:\/\/yhelteljel.ee\/wp-content\/uploads\/2010\/05\/IMG_7727_s.jpg\" target=\"_blank\"><img loading=\"lazy\" decoding=\"async\" class=\"alignnone size-full wp-image-7553\" title=\"Palvelipud\" src=\"http:\/\/yhelteljel.ee\/wp-content\/uploads\/2010\/05\/IMG_7727_v.jpg\" alt=\"\" width=\"530\" height=\"398\" srcset=\"https:\/\/yhelteljel.ee\/wp-content\/uploads\/2010\/05\/IMG_7727_v.jpg 530w, https:\/\/yhelteljel.ee\/wp-content\/uploads\/2010\/05\/IMG_7727_v-300x225.jpg 300w\" sizes=\"auto, (max-width: 530px) 100vw, 530px\" \/><\/a><\/p>\n<p>S\u00f5it ise pakub v\u00f5imsaid vaateid &#8220;maailma katusest&#8221;:<\/p>\n<p><a href=\"http:\/\/yhelteljel.ee\/wp-content\/uploads\/2010\/05\/IMG_7705_s.jpg\" target=\"_blank\"><img loading=\"lazy\" decoding=\"async\" class=\"alignnone size-full wp-image-7551\" title=\"Kiviklibused m\u00e4ed uhketes v\u00e4rvides\" src=\"http:\/\/yhelteljel.ee\/wp-content\/uploads\/2010\/05\/IMG_7705_v.jpg\" alt=\"\" width=\"530\" height=\"398\" srcset=\"https:\/\/yhelteljel.ee\/wp-content\/uploads\/2010\/05\/IMG_7705_v.jpg 530w, https:\/\/yhelteljel.ee\/wp-content\/uploads\/2010\/05\/IMG_7705_v-300x225.jpg 300w\" sizes=\"auto, (max-width: 530px) 100vw, 530px\" \/><\/a><\/p>\n<p><a href=\"http:\/\/yhelteljel.ee\/wp-content\/uploads\/2010\/05\/IMG_7739_s.jpg\" target=\"_blank\"><img loading=\"lazy\" decoding=\"async\" class=\"alignnone size-full wp-image-7557\" title=\"Himaalajad oma hingematvas kuninglikkuses\" src=\"http:\/\/yhelteljel.ee\/wp-content\/uploads\/2010\/05\/IMG_7739_v.jpg\" alt=\"\" width=\"530\" height=\"398\" srcset=\"https:\/\/yhelteljel.ee\/wp-content\/uploads\/2010\/05\/IMG_7739_v.jpg 530w, https:\/\/yhelteljel.ee\/wp-content\/uploads\/2010\/05\/IMG_7739_v-300x225.jpg 300w\" sizes=\"auto, (max-width: 530px) 100vw, 530px\" \/><\/a><\/p>\n<p><a href=\"http:\/\/yhelteljel.ee\/wp-content\/uploads\/2010\/05\/IMG_7740_s.jpg\" target=\"_blank\"><img loading=\"lazy\" decoding=\"async\" class=\"alignnone size-full wp-image-7559\" title=\"Gessu lumiste tippude all\" src=\"http:\/\/yhelteljel.ee\/wp-content\/uploads\/2010\/05\/IMG_7740_v.jpg\" alt=\"\" width=\"530\" height=\"398\" srcset=\"https:\/\/yhelteljel.ee\/wp-content\/uploads\/2010\/05\/IMG_7740_v.jpg 530w, https:\/\/yhelteljel.ee\/wp-content\/uploads\/2010\/05\/IMG_7740_v-300x225.jpg 300w\" sizes=\"auto, (max-width: 530px) 100vw, 530px\" \/><\/a><\/p>\n<p><a href=\"http:\/\/yhelteljel.ee\/wp-content\/uploads\/2010\/05\/India-27s.jpg\" target=\"_blank\"><img loading=\"lazy\" decoding=\"async\" class=\"alignnone size-full wp-image-7593\" title=\"Himaalajate eri n\u00e4gude panoraam\" src=\"http:\/\/yhelteljel.ee\/wp-content\/uploads\/2010\/05\/India-27v.png\" alt=\"\" width=\"530\" height=\"139\" srcset=\"https:\/\/yhelteljel.ee\/wp-content\/uploads\/2010\/05\/India-27v.png 530w, https:\/\/yhelteljel.ee\/wp-content\/uploads\/2010\/05\/India-27v-300x78.png 300w\" sizes=\"auto, (max-width: 530px) 100vw, 530px\" \/><\/a><\/p>\n<p><a href=\"http:\/\/yhelteljel.ee\/wp-content\/uploads\/2010\/05\/India-28s.jpg\" target=\"_blank\"><img loading=\"lazy\" decoding=\"async\" class=\"alignnone size-full wp-image-7596\" title=\"Panoraam teelt\" src=\"http:\/\/yhelteljel.ee\/wp-content\/uploads\/2010\/05\/India-28v.png\" alt=\"\" width=\"530\" height=\"124\" srcset=\"https:\/\/yhelteljel.ee\/wp-content\/uploads\/2010\/05\/India-28v.png 530w, https:\/\/yhelteljel.ee\/wp-content\/uploads\/2010\/05\/India-28v-300x70.png 300w\" sizes=\"auto, (max-width: 530px) 100vw, 530px\" \/><\/a><\/p>\n<p><a href=\"http:\/\/yhelteljel.ee\/wp-content\/uploads\/2010\/05\/India-29s.jpg\" target=\"_blank\"><img loading=\"lazy\" decoding=\"async\" class=\"alignnone size-full wp-image-7600\" title=\"Namika La panoraam\" src=\"http:\/\/yhelteljel.ee\/wp-content\/uploads\/2010\/05\/India-29v.png\" alt=\"\" width=\"530\" height=\"100\" srcset=\"https:\/\/yhelteljel.ee\/wp-content\/uploads\/2010\/05\/India-29v.png 530w, https:\/\/yhelteljel.ee\/wp-content\/uploads\/2010\/05\/India-29v-300x56.png 300w\" sizes=\"auto, (max-width: 530px) 100vw, 530px\" \/><\/a><\/p>\n<p><a href=\"http:\/\/yhelteljel.ee\/wp-content\/uploads\/2010\/05\/India-31s.jpg\" target=\"_blank\"><img loading=\"lazy\" decoding=\"async\" class=\"alignnone size-full wp-image-7606\" title=\"Himaalajate panoraam\" src=\"http:\/\/yhelteljel.ee\/wp-content\/uploads\/2010\/05\/India-31v.jpg\" alt=\"\" width=\"530\" height=\"136\" srcset=\"https:\/\/yhelteljel.ee\/wp-content\/uploads\/2010\/05\/India-31v.jpg 530w, https:\/\/yhelteljel.ee\/wp-content\/uploads\/2010\/05\/India-31v-300x76.jpg 300w\" sizes=\"auto, (max-width: 530px) 100vw, 530px\" \/><\/a><\/p>\n","protected":false},"excerpt":{"rendered":"<p>Srinagarist Lehi poole s\u00f5ites on viimane suurem moslemite kogukond Kargilis &#8211; sealt edasi lookleb tee \u00fcle k\u00f5rgete kurude ning l\u00e4bi viljakate orgude m\u00f6\u00f6da hoopis teistsuguse atmosf\u00e4\u00e4riga budistlikest k\u00fcladest.<\/p>\n","protected":false},"author":3,"featured_media":0,"comment_status":"open","ping_status":"open","sticky":false,"template":"","format":"standard","meta":{"_monsterinsights_skip_tracking":false,"_monsterinsights_sitenote_active":false,"_monsterinsights_sitenote_note":"","_monsterinsights_sitenote_category":0,"footnotes":""},"categories":[10],"tags":[129,394],"class_list":["post-7541","post","type-post","status-publish","format-standard","hentry","category-aasia","tag-helimaastikud","tag-india"],"_links":{"self":[{"href":"https:\/\/yhelteljel.ee\/index.php?rest_route=\/wp\/v2\/posts\/7541","targetHints":{"allow":["GET"]}}],"collection":[{"href":"https:\/\/yhelteljel.ee\/index.php?rest_route=\/wp\/v2\/posts"}],"about":[{"href":"https:\/\/yhelteljel.ee\/index.php?rest_route=\/wp\/v2\/types\/post"}],"author":[{"embeddable":true,"href":"https:\/\/yhelteljel.ee\/index.php?rest_route=\/wp\/v2\/users\/3"}],"replies":[{"embeddable":true,"href":"https:\/\/yhelteljel.ee\/index.php?rest_route=%2Fwp%2Fv2%2Fcomments&post=7541"}],"version-history":[{"count":6,"href":"https:\/\/yhelteljel.ee\/index.php?rest_route=\/wp\/v2\/posts\/7541\/revisions"}],"predecessor-version":[{"id":7619,"href":"https:\/\/yhelteljel.ee\/index.php?rest_route=\/wp\/v2\/posts\/7541\/revisions\/7619"}],"wp:attachment":[{"href":"https:\/\/yhelteljel.ee\/index.php?rest_route=%2Fwp%2Fv2%2Fmedia&parent=7541"}],"wp:term":[{"taxonomy":"category","embeddable":true,"href":"https:\/\/yhelteljel.ee\/index.php?rest_route=%2Fwp%2Fv2%2Fcategories&post=7541"},{"taxonomy":"post_tag","embeddable":true,"href":"https:\/\/yhelteljel.ee\/index.php?rest_route=%2Fwp%2Fv2%2Ftags&post=7541"}],"curies":[{"name":"wp","href":"https:\/\/api.w.org\/{rel}","templated":true}]}}