{"id":74,"date":"2008-06-08T11:26:26","date_gmt":"2008-06-08T09:26:26","guid":{"rendered":"http:\/\/yhelteljel.ee\/blog\/?p=74"},"modified":"2009-04-15T17:38:48","modified_gmt":"2009-04-15T15:38:48","slug":"miks-me-ei-matka-kambakesti","status":"publish","type":"post","link":"https:\/\/yhelteljel.ee\/?p=74","title":{"rendered":"Miks ei matka me kambakesi?"},"content":{"rendered":"<p>Enamasti n\u00e4eme mootorrattureid s\u00f5itmas-matkamas kambakesi koos, toimuvad kokkutulekud, juba on ka Eestis hulganisti mootorrattaklubisid, korraldatakse n\u00e4dalavahetuse v\u00e4ljas\u00f5ite jne. J\u00e4\u00e4nud on mulje, et mootorratturid on \u00e4\u00e4rmiselt sotsiaalsed inimesed.<\/p>\n<p>Ilmselt just seep\u00e4rast k\u00fcsitakse meilt tihti, miks ei l\u00e4he me matkale mitme ratta ja suure kambaga? Oleks ju turvalisem, pealegi on &#8220;seltsis segasem&#8221;? Samas eelistame oma kogemuse p\u00f5hjal ringi uidata just kahekesi.<\/p>\n<p>Millised on siis meie arvates \u00fcksi ja mitmekesi matkamise plussid ja miinused? Vastuse leiate altpoolt.<!--more--><\/p>\n<p>\u00a0<\/p>\n<p>Mitmekesi matkamise eelised:<\/p>\n<ul>\n<li>turvalisem &#8211; v\u00e4iksem oht, et kohalikud tulevad t\u00fcli norima\/varastama;<\/li>\n<li>v\u00f5imalus k\u00f5ikv\u00f5imalikud vajaminevad varuosad, t\u00f6\u00f6riistad mitme mootorratta peale \u00e4ra jagada &#8211; nii v\u00e4heneb ka teele j\u00e4\u00e4mise oht;<\/li>\n<li>saab emakeeles suhelda, ei teki \u00fcksilduse tunnet;<\/li>\n<li>&#8220;seltsis segasem&#8221;, saab nalja.<\/li>\n<\/ul>\n<p>Mitmekesi matkamise puudused:<\/p>\n<ul>\n<li>oma &#8220;kultuuriruum&#8221; k\u00e4ib sinuga pidevalt kaasas (olles pidevalt sama kultuuri inimeste seltsis ja nendega pidevalt suheldes ei koge &#8220;v\u00f5\u00f5rast&#8221; kultuuriruumi t\u00e4ielikult);<\/li>\n<li>&#8220;loomakarja&#8221; efekt &#8211; isiksused pole enam indiviidid, vaid osa jagatud s\u00fcsteemist;<\/li>\n<li>sobib pigem sotsiaalsetele ning sarnase m\u00f5tteviisi ja v\u00e4\u00e4rtushinnangutega inimestele, vastasel korral on konfliktid varmad tekkima;<\/li>\n<li>raske s\u00fcveneda oma m\u00f5tetesse ja oma &#8220;privaatsesse ruumi&#8221;;<\/li>\n<li>ei ole suurt motivatsiooni tutvumaks uute inimestega (seltskond on juba &#8220;olemas&#8221;);<\/li>\n<li>tegevusi ja k\u00e4ike planeerides tuleb k\u00f5igiga arvestada (kes tahab poole p\u00e4evani magada, kes tahab kell 8 juba startida, kes \u00f5htul rahulikult \u00f5lut juua, kes seiklema minna jne);<\/li>\n<li>vastuolu matkamise \u00fche peamise v\u00e4\u00e4rtusega, milleks on vabadus.<\/li>\n<\/ul>\n<p>\u00dcksi matkamise eelised:<\/p>\n<ul>\n<li>kontakt v\u00f5\u00f5ra kultruuriruumiga on v\u00e4ltimatu, kusagile ei ole &#8220;taganeda&#8221;;<\/li>\n<li>v\u00f5imalus seada eesm\u00e4rgid, marsruut ja ajakava oma \u00e4ran\u00e4gemise j\u00e4rgi;<\/li>\n<li>lihtsam saavutada kontakti uute inimestega;<\/li>\n<li>ei pea pidevalt muretsema teiste rahulolu p\u00e4rast;<\/li>\n<li>v\u00f5imalus s\u00fcveneda oma m\u00f5tetesse ja on piisavalt &#8220;privaatset ruumi&#8221;.<\/li>\n<\/ul>\n<p>\u00dcksi matkamise puudused:<\/p>\n<ul>\n<li>v\u00f5ib tekkida \u00fcksildustunne (eriti pikkadel matkadel (\u00fcle poole aasta) v\u00f5ib see muutuda r\u00f5huvaks probleemiks);<\/li>\n<li>v\u00f5ib tekkida igatsus l\u00e4hedaste j\u00e4rele;<\/li>\n<li>m\u00f5neti v\u00e4hem turvaline.<\/li>\n<\/ul>\n<p>\u00a0<\/p>\n<div>Oleme arvamusel, et kui on soov v\u00f5tta keegi kaasa t\u00f5sisele motomatkale v\u00e4ljaspool turvalise ja harjumusp\u00e4rase piire (mitte niisama l\u00f5bus\u00f5idule), kus v\u00f5ib ette tulla ootamatuid olukordi ja pingelisi hetki, ei tohiks &#8220;kaasa v\u00f5etavaid&#8221; olla enam kui \u00fcks v\u00f5i kaks, ideaalis parimad s\u00f5brad. Seet\u00f5ttu ongi meid \u00fchel rattal kaks &#8211; nii on hea muljeid vahetada ja rasketel aegadel \u00fcksteisele toeks olla.<\/div>\n<div>K\u00f5rvalisele isikule v\u00f5ib see ehk tunduda pseudo-probleemina, ent just ps\u00fchholoogilised aspektid on need, millega inimesed tihtipeale sellistel ebatraditsiooniliselt pikematel reisidel-matkadel ei arvesta. Ega see kerge meil ilmselt olema saa, kahekesi aastaid kodust eemal&#8230; Palju on oma kogemustest pikkadel matkadel <a title=\"Forwoodide bloog\" href=\"http:\/\/www.horizonsunlimited.com\/forwood\/mytrip.shtml\" target=\"_blank\">bloogis <\/a>kirjutanud elukaaslastest motomatkajate paar <a title=\"Forwoodid\" href=\"http:\/\/www.horizonsunlimited.com\/forwood\/\" target=\"_blank\">Peter ja Kay Forwood <\/a>, kes n\u00fc\u00fcdseks juba \u00fcle 20 aasta (!!!) Harley Davidsoniga maailmas ringi r\u00e4nnanud ja maakerale mitu ringi peale teinud. \u00dcksildustunne ei ole neile v\u00f5\u00f5ras, kuid samas on nad \u00fcksteisele pidevalt toeks ning nende igap\u00e4evaelu rikastavad kontaktid inimestega, kellega nad teel olles kohtuvad ja pikemalt koos on.<\/div>\n<div>Meil on hea meel selle \u00fcle, et \u00fcha enam on motomatkajaid, kes julgevad vaadata oma kultuuriruumist kaugemale ja matkata nn kolmandasse maailma. Suurem osa neist v\u00f5tavad selle v\u00e4ljakutse vastu just \u00fcksi v\u00f5i kahekesi, nagu meie. K\u00fcllap leiame endale teekonnal kaaslasi, kellega koos nii m\u00f5nedki kilomeetrid l\u00e4bi vurame ja kellega saame m\u00f5tteid ja infot vahetada, kuid \u00fcldiselt oleme selle pea kolmeaastase ekspeditsiooni v\u00e4ltel ikka omapead.<\/div>\n<div>\n<p>\u00dclalolev peaks p\u00f5gusalt kokku v\u00f5tma, mis otsustame minna kahekesi. 3 aastat pole k\u00fcl 20 aastat, aga piisavalt &#8220;kriitiline aeg&#8221;, vajamaks v\u00f5imalike situatsioonide l\u00e4bim\u00f5tlemist, v\u00e4ltimaks v\u00f5imalikke \u00fcllatusi ja vaimseid karisid&#8230;<\/p>\n<p>&#8230;aga mis peamine: meile j\u00e4\u00e4b siiski vabadus \ud83d\ude42<\/p><\/div>\n","protected":false},"excerpt":{"rendered":"<p>Enamasti n\u00e4eme mootorrattureid s\u00f5itmas-matkamas kambakesi koos, toimuvad kokkutulekud, juba on ka Eestis hulganisti mootorrattaklubisid, korraldatakse n\u00e4dalavahetuse v\u00e4ljas\u00f5ite jne. J\u00e4\u00e4nud on mulje, et mootorratturid on \u00e4\u00e4rmiselt sotsiaalsed inimesed. Ilmselt just seep\u00e4rast k\u00fcsitakse meilt tihti, miks ei l\u00e4he me matkale mitme ratta ja suure kambaga? Oleks ju turvalisem, pealegi on &#8220;seltsis segasem&#8221;? Samas eelistame oma kogemuse p\u00f5hjal &hellip; <a href=\"https:\/\/yhelteljel.ee\/?p=74\" class=\"more-link\">Loe edasi <span class=\"screen-reader-text\">Miks ei matka me kambakesi?<\/span> <span class=\"meta-nav\">&rarr;<\/span><\/a><\/p>\n","protected":false},"author":3,"featured_media":0,"comment_status":"open","ping_status":"open","sticky":false,"template":"","format":"standard","meta":{"_monsterinsights_skip_tracking":false,"_monsterinsights_sitenote_active":false,"_monsterinsights_sitenote_note":"","_monsterinsights_sitenote_category":0,"footnotes":""},"categories":[3],"tags":[1114],"class_list":["post-74","post","type-post","status-publish","format-standard","hentry","category-euroopa","tag-inimesed"],"_links":{"self":[{"href":"https:\/\/yhelteljel.ee\/index.php?rest_route=\/wp\/v2\/posts\/74","targetHints":{"allow":["GET"]}}],"collection":[{"href":"https:\/\/yhelteljel.ee\/index.php?rest_route=\/wp\/v2\/posts"}],"about":[{"href":"https:\/\/yhelteljel.ee\/index.php?rest_route=\/wp\/v2\/types\/post"}],"author":[{"embeddable":true,"href":"https:\/\/yhelteljel.ee\/index.php?rest_route=\/wp\/v2\/users\/3"}],"replies":[{"embeddable":true,"href":"https:\/\/yhelteljel.ee\/index.php?rest_route=%2Fwp%2Fv2%2Fcomments&post=74"}],"version-history":[{"count":1,"href":"https:\/\/yhelteljel.ee\/index.php?rest_route=\/wp\/v2\/posts\/74\/revisions"}],"predecessor-version":[{"id":2040,"href":"https:\/\/yhelteljel.ee\/index.php?rest_route=\/wp\/v2\/posts\/74\/revisions\/2040"}],"wp:attachment":[{"href":"https:\/\/yhelteljel.ee\/index.php?rest_route=%2Fwp%2Fv2%2Fmedia&parent=74"}],"wp:term":[{"taxonomy":"category","embeddable":true,"href":"https:\/\/yhelteljel.ee\/index.php?rest_route=%2Fwp%2Fv2%2Fcategories&post=74"},{"taxonomy":"post_tag","embeddable":true,"href":"https:\/\/yhelteljel.ee\/index.php?rest_route=%2Fwp%2Fv2%2Ftags&post=74"}],"curies":[{"name":"wp","href":"https:\/\/api.w.org\/{rel}","templated":true}]}}