{"id":6966,"date":"2010-04-25T16:38:36","date_gmt":"2010-04-25T14:38:36","guid":{"rendered":"http:\/\/yhelteljel.ee\/?p=6966"},"modified":"2010-04-25T16:38:36","modified_gmt":"2010-04-25T14:38:36","slug":"kahevahel","status":"publish","type":"post","link":"https:\/\/yhelteljel.ee\/?p=6966","title":{"rendered":"Kahevahel"},"content":{"rendered":"<p><a href=\"http:\/\/yhelteljel.ee\/wp-content\/uploads\/2010\/04\/IMG_6608_s.jpg\" target=\"_blank\"><img loading=\"lazy\" decoding=\"async\" class=\"alignnone size-full wp-image-6979\" title=\"Delhi, kuni horisont katkeb\" src=\"http:\/\/yhelteljel.ee\/wp-content\/uploads\/2010\/04\/IMG_6608_v.jpg\" alt=\"\" width=\"530\" height=\"398\" srcset=\"https:\/\/yhelteljel.ee\/wp-content\/uploads\/2010\/04\/IMG_6608_v.jpg 530w, https:\/\/yhelteljel.ee\/wp-content\/uploads\/2010\/04\/IMG_6608_v-300x225.jpg 300w\" sizes=\"auto, (max-width: 530px) 100vw, 530px\" \/><\/a><\/p>\n<p>Saabusime <a href=\"http:\/\/en.wikipedia.org\/wiki\/Delhi\" target=\"_blank\">Delhisse<\/a> mitu head p\u00e4eva tagasi, kuid igasugused katsed linna olemusele pihta saada on olnud k\u00fcllaltki kasutud. M\u00f5istagi on tegemist \u00fc\u00fcratult suure (elanike arv \u00fcletab 18 miljonit) linnaga, ning indiap\u00e4rane kaos annab sellele faktile veel omajagu &#8220;v\u00fcrtsi&#8221; juurde. Me ei tulnud siia kultuuriga tutvuma, vaid asja p\u00e4rast, nii et oleme siin m\u00f5nes m\u00f5ttes sundseisus, t\u00e4pselt nii kaua kui vajalik ja nii v\u00e4he kui v\u00f5imalik &#8211; kuni tsikkel korda saab ning edasine viisamajandus aetud.<\/p>\n<p><!--more--><\/p>\n<p>Siin viibides ei teagi, kumb l\u00e4henemine v\u00f5iks olla parem &#8211; kas kapselduda ning \u00fcritada kogu melust mitte v\u00e4lja teha, v\u00f5i hoopis vastupidi, avada k\u00f5ik meeled ning lasta k\u00f5igil l\u00f5nhadel, maitsetel, helidel ja v\u00e4rvidel endasse voolata. Tavaliselt talitame viimase variandi j\u00e4rgi, kuid praeguses olukorras tundub see kui k\u00e4e sirutamine saatanale. India on meid juba hoiatanud. Oleme ettevaatlikud &#8211; kompame siit ja sealt, kuid ei usalda ennast tema meelevalda.<\/p>\n<p><a href=\"http:\/\/yhelteljel.ee\/wp-content\/uploads\/2010\/04\/IMG_6626_s.jpg\" target=\"_blank\"><img loading=\"lazy\" decoding=\"async\" class=\"alignnone size-full wp-image-6981\" title=\"Delhi\" src=\"http:\/\/yhelteljel.ee\/wp-content\/uploads\/2010\/04\/IMG_6626_v.jpg\" alt=\"\" width=\"530\" height=\"398\" srcset=\"https:\/\/yhelteljel.ee\/wp-content\/uploads\/2010\/04\/IMG_6626_v.jpg 530w, https:\/\/yhelteljel.ee\/wp-content\/uploads\/2010\/04\/IMG_6626_v-300x225.jpg 300w\" sizes=\"auto, (max-width: 530px) 100vw, 530px\" \/><\/a><\/p>\n<p><a href=\"http:\/\/yhelteljel.ee\/wp-content\/uploads\/2010\/04\/IMG_6589_s.jpg\" target=\"_blank\"><img loading=\"lazy\" decoding=\"async\" class=\"alignnone size-full wp-image-6973\" title=\"Delhi t\u00e4nav\" src=\"http:\/\/yhelteljel.ee\/wp-content\/uploads\/2010\/04\/IMG_6589_v.jpg\" alt=\"\" width=\"530\" height=\"398\" srcset=\"https:\/\/yhelteljel.ee\/wp-content\/uploads\/2010\/04\/IMG_6589_v.jpg 530w, https:\/\/yhelteljel.ee\/wp-content\/uploads\/2010\/04\/IMG_6589_v-300x225.jpg 300w\" sizes=\"auto, (max-width: 530px) 100vw, 530px\" \/><\/a><\/p>\n<p><a href=\"http:\/\/yhelteljel.ee\/wp-content\/uploads\/2010\/04\/IMG_6705_s.jpg\" target=\"_blank\"><img loading=\"lazy\" decoding=\"async\" class=\"alignnone size-full wp-image-7005\" title=\"T\u00fc\u00fcpiline Delhi arhitektuur\" src=\"http:\/\/yhelteljel.ee\/wp-content\/uploads\/2010\/04\/IMG_6705_v.jpg\" alt=\"\" width=\"530\" height=\"398\" srcset=\"https:\/\/yhelteljel.ee\/wp-content\/uploads\/2010\/04\/IMG_6705_v.jpg 530w, https:\/\/yhelteljel.ee\/wp-content\/uploads\/2010\/04\/IMG_6705_v-300x225.jpg 300w\" sizes=\"auto, (max-width: 530px) 100vw, 530px\" \/><\/a><\/p>\n<p><a href=\"http:\/\/yhelteljel.ee\/wp-content\/uploads\/2010\/04\/IMG_6706_s.jpg\" target=\"_blank\"><img loading=\"lazy\" decoding=\"async\" title=\"Delhi t\u00e4nav\" src=\"http:\/\/yhelteljel.ee\/wp-content\/uploads\/2010\/04\/IMG_6706_v.jpg\" alt=\"\" width=\"530\" height=\"398\" \/><\/a><\/p>\n<p><a href=\"http:\/\/yhelteljel.ee\/wp-content\/uploads\/2010\/04\/IMG_6699_s.jpg\" target=\"_blank\"><img loading=\"lazy\" decoding=\"async\" class=\"alignnone size-full wp-image-6999\" title=\"Kondimootor\" src=\"http:\/\/yhelteljel.ee\/wp-content\/uploads\/2010\/04\/IMG_6699_v.jpg\" alt=\"\" width=\"530\" height=\"707\" srcset=\"https:\/\/yhelteljel.ee\/wp-content\/uploads\/2010\/04\/IMG_6699_v.jpg 530w, https:\/\/yhelteljel.ee\/wp-content\/uploads\/2010\/04\/IMG_6699_v-224x300.jpg 224w\" sizes=\"auto, (max-width: 530px) 100vw, 530px\" \/><\/a><\/p>\n<p><a href=\"http:\/\/yhelteljel.ee\/wp-content\/uploads\/2010\/04\/IMG_6696_s.jpg\" target=\"_blank\"><img loading=\"lazy\" decoding=\"async\" title=\"Rik\u0161amees keset liiklusummikut \u00fcmberp\u00f6\u00f6ret sooritamas\" src=\"http:\/\/yhelteljel.ee\/wp-content\/uploads\/2010\/04\/IMG_6696_v.jpg\" alt=\"\" width=\"530\" height=\"398\" \/><\/a><\/p>\n<p><a href=\"http:\/\/yhelteljel.ee\/wp-content\/uploads\/2010\/04\/IMG_6702_s.jpg\" target=\"_blank\"><img loading=\"lazy\" decoding=\"async\" class=\"alignnone size-full wp-image-7001\" title=\"Heledate silmadega indialane - v\u00e4ga harv n\u00e4htus\" src=\"http:\/\/yhelteljel.ee\/wp-content\/uploads\/2010\/04\/IMG_6702_v.jpg\" alt=\"\" width=\"530\" height=\"400\" srcset=\"https:\/\/yhelteljel.ee\/wp-content\/uploads\/2010\/04\/IMG_6702_v.jpg 530w, https:\/\/yhelteljel.ee\/wp-content\/uploads\/2010\/04\/IMG_6702_v-300x226.jpg 300w\" sizes=\"auto, (max-width: 530px) 100vw, 530px\" \/><\/a><\/p>\n<p><a href=\"http:\/\/yhelteljel.ee\/wp-content\/uploads\/2010\/04\/IMG_6690_s.jpg\" target=\"_blank\"><img loading=\"lazy\" decoding=\"async\" class=\"alignnone size-full wp-image-6991\" title=\"\u00dchesilindrilise mootoriga kolmerattalised t\u00f6\u00f6s\" src=\"http:\/\/yhelteljel.ee\/wp-content\/uploads\/2010\/04\/IMG_6690_v.jpg\" alt=\"\" width=\"530\" height=\"398\" srcset=\"https:\/\/yhelteljel.ee\/wp-content\/uploads\/2010\/04\/IMG_6690_v.jpg 530w, https:\/\/yhelteljel.ee\/wp-content\/uploads\/2010\/04\/IMG_6690_v-300x225.jpg 300w\" sizes=\"auto, (max-width: 530px) 100vw, 530px\" \/><\/a><\/p>\n<p><a href=\"http:\/\/yhelteljel.ee\/wp-content\/uploads\/2010\/04\/IMG_6694_s.jpg\" target=\"_blank\"><img loading=\"lazy\" decoding=\"async\" class=\"alignnone size-full wp-image-6993\" title=\"Kohalikud Delhi kiirteel liikvel\" src=\"http:\/\/yhelteljel.ee\/wp-content\/uploads\/2010\/04\/IMG_6694_v.jpg\" alt=\"\" width=\"530\" height=\"358\" srcset=\"https:\/\/yhelteljel.ee\/wp-content\/uploads\/2010\/04\/IMG_6694_v.jpg 530w, https:\/\/yhelteljel.ee\/wp-content\/uploads\/2010\/04\/IMG_6694_v-300x202.jpg 300w\" sizes=\"auto, (max-width: 530px) 100vw, 530px\" \/><\/a><\/p>\n<p><a href=\"http:\/\/yhelteljel.ee\/wp-content\/uploads\/2010\/04\/IMG_6650_s.jpg\" target=\"_blank\"><img loading=\"lazy\" decoding=\"async\" class=\"alignnone size-full wp-image-6985\" title=\"Rik\u0161aga gaasiballoone toimetamas\" src=\"http:\/\/yhelteljel.ee\/wp-content\/uploads\/2010\/04\/IMG_6650_v.jpg\" alt=\"\" width=\"530\" height=\"464\" srcset=\"https:\/\/yhelteljel.ee\/wp-content\/uploads\/2010\/04\/IMG_6650_v.jpg 530w, https:\/\/yhelteljel.ee\/wp-content\/uploads\/2010\/04\/IMG_6650_v-300x262.jpg 300w\" sizes=\"auto, (max-width: 530px) 100vw, 530px\" \/><\/a><\/p>\n<p><a href=\"http:\/\/yhelteljel.ee\/wp-content\/uploads\/2010\/04\/IMG_6678_s.jpg\" target=\"_blank\"><img loading=\"lazy\" decoding=\"async\" class=\"alignnone size-full wp-image-6987\" title=\"Ka pealinnas k\u00e4ib transport endiselt h\u00e4rgadega\" src=\"http:\/\/yhelteljel.ee\/wp-content\/uploads\/2010\/04\/IMG_6678_v.jpg\" alt=\"\" width=\"530\" height=\"358\" srcset=\"https:\/\/yhelteljel.ee\/wp-content\/uploads\/2010\/04\/IMG_6678_v.jpg 530w, https:\/\/yhelteljel.ee\/wp-content\/uploads\/2010\/04\/IMG_6678_v-300x202.jpg 300w\" sizes=\"auto, (max-width: 530px) 100vw, 530px\" \/><\/a><\/p>\n<p><a href=\"http:\/\/yhelteljel.ee\/wp-content\/uploads\/2010\/04\/IMG_6695_s.jpg\" target=\"_blank\"><img loading=\"lazy\" decoding=\"async\" class=\"alignnone size-full wp-image-6995\" title=\"Tuk-tukid Delhis v\u00f5idu kihutamas\" src=\"http:\/\/yhelteljel.ee\/wp-content\/uploads\/2010\/04\/IMG_6695_v.jpg\" alt=\"\" width=\"530\" height=\"398\" srcset=\"https:\/\/yhelteljel.ee\/wp-content\/uploads\/2010\/04\/IMG_6695_v.jpg 530w, https:\/\/yhelteljel.ee\/wp-content\/uploads\/2010\/04\/IMG_6695_v-300x225.jpg 300w\" sizes=\"auto, (max-width: 530px) 100vw, 530px\" \/><\/a><\/p>\n<p><a href=\"http:\/\/yhelteljel.ee\/wp-content\/uploads\/2010\/04\/IMG_6704_s.jpg\" target=\"_blank\"><img loading=\"lazy\" decoding=\"async\" title=\"R\u00f5\u00f5mus tuk-tuki mees\" src=\"http:\/\/yhelteljel.ee\/wp-content\/uploads\/2010\/04\/IMG_6704_v.jpg\" alt=\"\" width=\"530\" height=\"707\" \/><\/a><\/p>\n<p><a href=\"http:\/\/yhelteljel.ee\/wp-content\/uploads\/2010\/04\/IMG_6688_s.jpg\" target=\"_blank\"><img loading=\"lazy\" decoding=\"async\" class=\"alignnone size-full wp-image-6989\" title=\"Delhi t\u00e4nav\" src=\"http:\/\/yhelteljel.ee\/wp-content\/uploads\/2010\/04\/IMG_6688_v.jpg\" alt=\"\" width=\"530\" height=\"398\" srcset=\"https:\/\/yhelteljel.ee\/wp-content\/uploads\/2010\/04\/IMG_6688_v.jpg 530w, https:\/\/yhelteljel.ee\/wp-content\/uploads\/2010\/04\/IMG_6688_v-300x225.jpg 300w\" sizes=\"auto, (max-width: 530px) 100vw, 530px\" \/><\/a><\/p>\n<p>K\u00fclastasime suurimat mo\u0161eed Indias, 1656. aastal valminud Jama Masjid&#8217;i (mille, muideks, lasi ehitatada seesama Shahjahan, kes tellis ka Taj Mahali ehitamise ning kes tegi olulisi t\u00e4iendusi Agra kindlusele). &#8220;Jama&#8221; ei viita muidugi mingile jamale, vaid tuleb s\u00f5nast &#8220;jummah&#8221;, mis t\u00e4hendab igan\u00e4dalast, reedest massipalvust, ning t\u00f5epoolest mahutab see mo\u0161ee masse &#8211; koguni 25 000 inimest.<\/p>\n<p>P\u00e4rsia m\u00f5jutusest tuleneb see, et mo\u0161ee meenutab pigem v\u00e4ljakut kui hoonet.<\/p>\n<p><a href=\"http:\/\/yhelteljel.ee\/wp-content\/uploads\/2010\/04\/IMG_6606_s.jpg\" target=\"_blank\"><img loading=\"lazy\" decoding=\"async\" class=\"alignnone size-full wp-image-6977\" title=\"Delhi Jama Masjidi minareti otsast vaadatuna\" src=\"http:\/\/yhelteljel.ee\/wp-content\/uploads\/2010\/04\/IMG_6606_v.jpg\" alt=\"\" width=\"530\" height=\"707\" srcset=\"https:\/\/yhelteljel.ee\/wp-content\/uploads\/2010\/04\/IMG_6606_v.jpg 530w, https:\/\/yhelteljel.ee\/wp-content\/uploads\/2010\/04\/IMG_6606_v-224x300.jpg 224w\" sizes=\"auto, (max-width: 530px) 100vw, 530px\" \/><\/a><\/p>\n<p><a href=\"http:\/\/yhelteljel.ee\/wp-content\/uploads\/2010\/04\/IMG_6642_s.jpg\" target=\"_blank\"><img loading=\"lazy\" decoding=\"async\" class=\"alignnone size-full wp-image-6983\" title=\"Jama Masjid\" src=\"http:\/\/yhelteljel.ee\/wp-content\/uploads\/2010\/04\/IMG_6642_v.jpg\" alt=\"\" width=\"530\" height=\"398\" srcset=\"https:\/\/yhelteljel.ee\/wp-content\/uploads\/2010\/04\/IMG_6642_v.jpg 530w, https:\/\/yhelteljel.ee\/wp-content\/uploads\/2010\/04\/IMG_6642_v-300x225.jpg 300w\" sizes=\"auto, (max-width: 530px) 100vw, 530px\" \/><\/a><\/p>\n<p><a href=\"http:\/\/yhelteljel.ee\/wp-content\/uploads\/2010\/04\/IMG_6602_s.jpg\" target=\"_blank\"><img loading=\"lazy\" decoding=\"async\" class=\"alignnone size-full wp-image-6975\" title=\"Jama Masjidi kuplid\" src=\"http:\/\/yhelteljel.ee\/wp-content\/uploads\/2010\/04\/IMG_6602_v.jpg\" alt=\"\" width=\"530\" height=\"398\" srcset=\"https:\/\/yhelteljel.ee\/wp-content\/uploads\/2010\/04\/IMG_6602_v.jpg 530w, https:\/\/yhelteljel.ee\/wp-content\/uploads\/2010\/04\/IMG_6602_v-300x225.jpg 300w\" sizes=\"auto, (max-width: 530px) 100vw, 530px\" \/><\/a><\/p>\n<p>Kuid \u00fcldiselt oleme olnud pigem apaatse poole peal. Selline poolik, ebalev olek on k\u00fcllaltki h\u00e4iriv &#8211; kord tuleb peale ahastamapanev apaatia, siis j\u00e4lle aktiivsuse hoog. Kuid kui aus olla, siis ei saa s\u00e4\u00e4raseid segaseid tundeid ainult keskkonna arvele kirjutada, vaid ka vastamata k\u00fcsimustele meie enda sees. Oleme j\u00e4lle j\u00f5udnud punkti, kus tuleb otsustada.<\/p>\n<p>Nimelt tuleb kohe-kohe teha strateegiline otsus, kas meie teekond Pakistanist Iraani saab kulgema l\u00e4bi stan-ide (K\u00f5rg\u00f5stan, Tad\u017eikistan, Usbekistan, Turkmenistan), v\u00f5i j\u00e4tame need riigid vahele. Asi on selles, et stan-id tunduvad v\u00e4gagi ahvatlevad ning m\u00f5istagi oleks palavad suvekuud k\u00f5ige m\u00f5istlikum veeta sealsetel m\u00e4gistel aladel (mitte n\u00e4iteks Iraanis v\u00f5i Araabia poolsaare riikides, kus meid ootaks ees p\u00f5rgukuumus), kuid nende vahelej\u00e4tmine (st minek Pakistanist Iraani ja sealt otse Araabia \u00dchendemiraatidesse) pikendaks meie kulgemise aega Aafrikas.<\/p>\n<p>Stan-ide k\u00fclastamine on logistiline v\u00e4ljakutse, sest \u00fchtegi mugavat\/turvalist\/odavat varianti selle teostamiseks ei paista olevat. K\u00f5ige lihtsam, turvalisem ning ilmselt ka k\u00f5ige kallim oleks minna Pakistanist l\u00e4bi Hiina K\u00f5rg\u00f5zstani, kuid Pakistanis on ainus strateegiline tee hetkel <a href=\"http:\/\/pamirtimes.net\/tag\/attabad-hunza-landslide\/\" target=\"_blank\">maalihke<\/a> t\u00f5ttu tekkinud j\u00e4rve all, ning Hiina l\u00e4bimine l\u00e4heks kohutava b\u00fcrokraatia t\u00f5ttu maksma v\u00e4hemalt 1600 USD. Teine, k\u00f5ige l\u00fchem tee oleks minna Pakistanist l\u00e4bi Afganistani Tad\u017eikistani, kuid Afganistan ei ole just see riik, kuhu v\u00e4ga minna tahaks (turvalisuse p\u00f5hjustel). Kolmas variant on minna Pakistanist l\u00e4bi Iraani T\u00fcrkmenistani, teha stan-idele ring peale ning siis tagasi Iraani, kuid see on k\u00f5ige lohisevam variant, sest mitme riigi jaoks tuleb siis mitu korda viisat taotlemas k\u00e4ia (ja stan-ide viisad ei ole kuuldavasti just k\u00f5ige kergemini k\u00e4ttesaadavad). K\u00f5lab nagu v\u00f5imatu missioon. Tahaks minna, aga kas asi on vaeva v\u00e4\u00e4rt?<\/p>\n<p>M\u00f5ned asjad vajavad aga kindlapeale korraldamist, ja nii oleme Gessu usaldanud kohalike meistrimeeste k\u00e4tesse, ning oleme asunud taotlema Pakistani viisat.<\/p>\n<p>Kui Nepalis olles Pakistani saatkonnas k\u00e4isime, arvati meile kui eestlastele viisa v\u00e4ljastamiseks kuluvat v\u00e4hemalt 60 p\u00e4eva(!), Delhis n\u00e4idakse olevat optimistlikumad. P\u00e4rast seda, kui olime k\u00e4inud visiidil Eesti aukonsuli juures, imetlenud h\u00e4rdalt Eesti vappi ja sinimustvalget lippu vastuv\u00f5tulaual, ning k\u00e4tte saanud n\u00f5utavad soovituskirjad, seadsime sammud Pakistani saatkonda. Muidugim\u00f5ista valitses seal paras palagan, kuid kui saatkonna v\u00e4ravas tegutsev tr\u00fckkal oli meie eest viisataotlused t\u00e4itnud (k\u00e4sitsi t\u00e4idetud ankeete vastu ei v\u00f5eta), andsime need ilma suurema tseremooniata aknaaugu kaudu \u00fcle, ning saime kirja aja intervjuuks. N\u00fc\u00fcd pole muud, kui h\u00e4sti esineda!<\/p>\n<p><a href=\"http:\/\/yhelteljel.ee\/wp-content\/uploads\/2010\/04\/IMG_6587_s.jpg\" target=\"_blank\"><img loading=\"lazy\" decoding=\"async\" class=\"alignnone size-full wp-image-6969\" title=\"Eesti aukonsul Delhis\" src=\"http:\/\/yhelteljel.ee\/wp-content\/uploads\/2010\/04\/IMG_6587_v.jpg\" alt=\"\" width=\"530\" height=\"415\" srcset=\"https:\/\/yhelteljel.ee\/wp-content\/uploads\/2010\/04\/IMG_6587_v.jpg 530w, https:\/\/yhelteljel.ee\/wp-content\/uploads\/2010\/04\/IMG_6587_v-300x234.jpg 300w\" sizes=\"auto, (max-width: 530px) 100vw, 530px\" \/><\/a><\/p>\n<p><a href=\"http:\/\/yhelteljel.ee\/wp-content\/uploads\/2010\/04\/IMG_6588_s.jpg\" target=\"_blank\"><img loading=\"lazy\" decoding=\"async\" class=\"alignnone size-full wp-image-6971\" title=\"Tr\u00fckkal meie Pakistani viisataotlusi sisse tagumas\" src=\"http:\/\/yhelteljel.ee\/wp-content\/uploads\/2010\/04\/IMG_6588_v.jpg\" alt=\"\" width=\"530\" height=\"398\" srcset=\"https:\/\/yhelteljel.ee\/wp-content\/uploads\/2010\/04\/IMG_6588_v.jpg 530w, https:\/\/yhelteljel.ee\/wp-content\/uploads\/2010\/04\/IMG_6588_v-300x225.jpg 300w\" sizes=\"auto, (max-width: 530px) 100vw, 530px\" \/><\/a><\/p>\n","protected":false},"excerpt":{"rendered":"<p>Saabusime Delhisse mitu head p\u00e4eva tagasi, kuid igasugused katsed linna olemusele pihta saada on olnud k\u00fcllaltki kasutud. M\u00f5istagi on tegemist \u00fc\u00fcratult suure (elanike arv \u00fcletab 18 miljonit) linnaga, ning indiap\u00e4rane kaos annab sellele faktile veel omajagu &#8220;v\u00fcrtsi&#8221; juurde. Me ei tulnud siia kultuuriga tutvuma, vaid asja p\u00e4rast, nii et oleme siin m\u00f5nes m\u00f5ttes sundseisus, t\u00e4pselt &hellip; <a href=\"https:\/\/yhelteljel.ee\/?p=6966\" class=\"more-link\">Loe edasi <span class=\"screen-reader-text\">Kahevahel<\/span> <span class=\"meta-nav\">&rarr;<\/span><\/a><\/p>\n","protected":false},"author":2,"featured_media":0,"comment_status":"open","ping_status":"open","sticky":false,"template":"","format":"standard","meta":{"_monsterinsights_skip_tracking":false,"_monsterinsights_sitenote_active":false,"_monsterinsights_sitenote_note":"","_monsterinsights_sitenote_category":0,"footnotes":""},"categories":[10],"tags":[394,1114,128,136,126],"class_list":["post-6966","post","type-post","status-publish","format-standard","hentry","category-aasia","tag-india","tag-inimesed","tag-linnad","tag-probleemid","tag-turismiatraktsioon"],"_links":{"self":[{"href":"https:\/\/yhelteljel.ee\/index.php?rest_route=\/wp\/v2\/posts\/6966","targetHints":{"allow":["GET"]}}],"collection":[{"href":"https:\/\/yhelteljel.ee\/index.php?rest_route=\/wp\/v2\/posts"}],"about":[{"href":"https:\/\/yhelteljel.ee\/index.php?rest_route=\/wp\/v2\/types\/post"}],"author":[{"embeddable":true,"href":"https:\/\/yhelteljel.ee\/index.php?rest_route=\/wp\/v2\/users\/2"}],"replies":[{"embeddable":true,"href":"https:\/\/yhelteljel.ee\/index.php?rest_route=%2Fwp%2Fv2%2Fcomments&post=6966"}],"version-history":[{"count":5,"href":"https:\/\/yhelteljel.ee\/index.php?rest_route=\/wp\/v2\/posts\/6966\/revisions"}],"predecessor-version":[{"id":7011,"href":"https:\/\/yhelteljel.ee\/index.php?rest_route=\/wp\/v2\/posts\/6966\/revisions\/7011"}],"wp:attachment":[{"href":"https:\/\/yhelteljel.ee\/index.php?rest_route=%2Fwp%2Fv2%2Fmedia&parent=6966"}],"wp:term":[{"taxonomy":"category","embeddable":true,"href":"https:\/\/yhelteljel.ee\/index.php?rest_route=%2Fwp%2Fv2%2Fcategories&post=6966"},{"taxonomy":"post_tag","embeddable":true,"href":"https:\/\/yhelteljel.ee\/index.php?rest_route=%2Fwp%2Fv2%2Ftags&post=6966"}],"curies":[{"name":"wp","href":"https:\/\/api.w.org\/{rel}","templated":true}]}}