{"id":6906,"date":"2010-04-20T12:23:10","date_gmt":"2010-04-20T10:23:10","guid":{"rendered":"http:\/\/yhelteljel.ee\/?p=6906"},"modified":"2010-04-20T12:23:10","modified_gmt":"2010-04-20T10:23:10","slug":"ime","status":"publish","type":"post","link":"https:\/\/yhelteljel.ee\/?p=6906","title":{"rendered":"Ime?"},"content":{"rendered":"<p><a href=\"http:\/\/yhelteljel.ee\/wp-content\/uploads\/2010\/04\/IMG_6494_s.jpg\" target=\"_blank\"><img loading=\"lazy\" decoding=\"async\" class=\"alignnone size-full wp-image-6919\" title=\"Taj Mahali juures p\u00e4ikesloojangul\" src=\"http:\/\/yhelteljel.ee\/wp-content\/uploads\/2010\/04\/IMG_6494_v.jpg\" alt=\"\" width=\"530\" height=\"398\" srcset=\"https:\/\/yhelteljel.ee\/wp-content\/uploads\/2010\/04\/IMG_6494_v.jpg 530w, https:\/\/yhelteljel.ee\/wp-content\/uploads\/2010\/04\/IMG_6494_v-300x225.jpg 300w\" sizes=\"auto, (max-width: 530px) 100vw, 530px\" \/><\/a><\/p>\n<p><a href=\"http:\/\/yhelteljel.ee\/wp-content\/uploads\/2010\/04\/IMG_6494_s.jpg\" target=\"_blank\"><\/a>\u00d6eldakse, et \u00f5nn on siis, kui \u00f5nnetust ei ole, ning et k\u00f5ige suurem \u00f5nn on tervis &#8211; t\u00f5epoolest, oleksime pidanud k\u00f5rgematele j\u00f5ududele t\u00e4nulikud olema, et luud-kondid terveks j\u00e4id, sest oleks ju v\u00f5inud minna palju, palju hullemini. Ilmselgelt oli meie t\u00e4namatusel tagaj\u00e4rg, sest Agrasse, kuulsa Taj Mahali juurde j\u00f5udes tabas Margust v\u00f5imas k\u00f5huh\u00e4da. Nagu lekkivast paagist veel v\u00e4he poleks!<\/p>\n<p><!--more--><\/p>\n<p>Agra, nagu iga teinegi India linn, on segadusseajavalt v\u00e4rvikas, nii et kui sulen \u00f5htul silmad, jookseb silme eest l\u00e4bi detailiderohke &#8220;film&#8221; asjadest, mida ma olen t\u00e4hele pannud, ja mida ma isegi ei ole t\u00e4hele pannud. Aju t\u00f6\u00f6tab vist t\u00e4isv\u00f5imsusel, et kogu informatsiooni t\u00f6\u00f6delda ja salvestada. Siin ei pea sadat meetritki k\u00f5ndima, ilma et satuks m\u00f5ne huvitava kompositsiooni v\u00f5i v\u00e4rvilahenduse peale.<\/p>\n<p><a href=\"http:\/\/yhelteljel.ee\/wp-content\/uploads\/2010\/04\/IMG_6565_s.jpg\" target=\"_blank\"><img loading=\"lazy\" decoding=\"async\" class=\"alignnone size-full wp-image-6945\" title=\"Agra linna elumaja\" src=\"http:\/\/yhelteljel.ee\/wp-content\/uploads\/2010\/04\/IMG_6565_v.jpg\" alt=\"\" width=\"530\" height=\"398\" srcset=\"https:\/\/yhelteljel.ee\/wp-content\/uploads\/2010\/04\/IMG_6565_v.jpg 530w, https:\/\/yhelteljel.ee\/wp-content\/uploads\/2010\/04\/IMG_6565_v-300x225.jpg 300w\" sizes=\"auto, (max-width: 530px) 100vw, 530px\" \/><\/a><\/p>\n<p><a href=\"http:\/\/yhelteljel.ee\/wp-content\/uploads\/2010\/04\/IMG_6566_s.jpg\" target=\"_blank\"><img loading=\"lazy\" decoding=\"async\" class=\"alignnone size-full wp-image-6947\" title=\"India supermarket, suurema valikuga poode palju ei leia\" src=\"http:\/\/yhelteljel.ee\/wp-content\/uploads\/2010\/04\/IMG_6566_v.jpg\" alt=\"\" width=\"530\" height=\"668\" srcset=\"https:\/\/yhelteljel.ee\/wp-content\/uploads\/2010\/04\/IMG_6566_v.jpg 530w, https:\/\/yhelteljel.ee\/wp-content\/uploads\/2010\/04\/IMG_6566_v-238x300.jpg 238w\" sizes=\"auto, (max-width: 530px) 100vw, 530px\" \/><\/a><\/p>\n<p><a href=\"http:\/\/yhelteljel.ee\/wp-content\/uploads\/2010\/04\/IMG_6567_s.jpg\" target=\"_blank\"><img loading=\"lazy\" decoding=\"async\" class=\"alignnone size-full wp-image-6949\" title=\"Agra mehed suitsupausi pidamas\" src=\"http:\/\/yhelteljel.ee\/wp-content\/uploads\/2010\/04\/IMG_6567_v.jpg\" alt=\"\" width=\"530\" height=\"398\" srcset=\"https:\/\/yhelteljel.ee\/wp-content\/uploads\/2010\/04\/IMG_6567_v.jpg 530w, https:\/\/yhelteljel.ee\/wp-content\/uploads\/2010\/04\/IMG_6567_v-300x225.jpg 300w\" sizes=\"auto, (max-width: 530px) 100vw, 530px\" \/><\/a><\/p>\n<p><a href=\"http:\/\/yhelteljel.ee\/wp-content\/uploads\/2010\/04\/IMG_6568_s.jpg\" target=\"_blank\"><img loading=\"lazy\" decoding=\"async\" class=\"alignnone size-full wp-image-6951\" title=\"Makaagid Agra t\u00e4navatel - need \u00fcritasid hetk hiljem meid r\u00fcnnata, t\u00f5eliselt agressiivsed tegelased\" src=\"http:\/\/yhelteljel.ee\/wp-content\/uploads\/2010\/04\/IMG_6568_v.jpg\" alt=\"\" width=\"530\" height=\"543\" srcset=\"https:\/\/yhelteljel.ee\/wp-content\/uploads\/2010\/04\/IMG_6568_v.jpg 530w, https:\/\/yhelteljel.ee\/wp-content\/uploads\/2010\/04\/IMG_6568_v-292x300.jpg 292w\" sizes=\"auto, (max-width: 530px) 100vw, 530px\" \/><\/a><\/p>\n<p><a href=\"http:\/\/yhelteljel.ee\/wp-content\/uploads\/2010\/04\/IMG_6577_s.jpg\" target=\"_blank\"><img loading=\"lazy\" decoding=\"async\" class=\"alignnone size-full wp-image-6953\" title=\"Koer otsib isekaevatud kraavist jahedust +45C kraadisel p\u00e4eval\" src=\"http:\/\/yhelteljel.ee\/wp-content\/uploads\/2010\/04\/IMG_6577_v.jpg\" alt=\"\" width=\"530\" height=\"707\" srcset=\"https:\/\/yhelteljel.ee\/wp-content\/uploads\/2010\/04\/IMG_6577_v.jpg 530w, https:\/\/yhelteljel.ee\/wp-content\/uploads\/2010\/04\/IMG_6577_v-224x300.jpg 224w\" sizes=\"auto, (max-width: 530px) 100vw, 530px\" \/><\/a><\/p>\n<p><a href=\"http:\/\/yhelteljel.ee\/wp-content\/uploads\/2010\/04\/IMG_6579_s.jpg\" target=\"_blank\"><img loading=\"lazy\" decoding=\"async\" class=\"alignnone size-full wp-image-6955\" title=\"Minimo\u0161ee Agra t\u00e4naval\" src=\"http:\/\/yhelteljel.ee\/wp-content\/uploads\/2010\/04\/IMG_6579_v.jpg\" alt=\"\" width=\"530\" height=\"398\" srcset=\"https:\/\/yhelteljel.ee\/wp-content\/uploads\/2010\/04\/IMG_6579_v.jpg 530w, https:\/\/yhelteljel.ee\/wp-content\/uploads\/2010\/04\/IMG_6579_v-300x225.jpg 300w\" sizes=\"auto, (max-width: 530px) 100vw, 530px\" \/><\/a><\/p>\n<p><a href=\"http:\/\/yhelteljel.ee\/wp-content\/uploads\/2010\/04\/IMG_6583_s.jpg\" target=\"_blank\"><img loading=\"lazy\" decoding=\"async\" class=\"alignnone size-full wp-image-6957\" title=\"Vabalt ringi uitavad lehmad s\u00f6\u00f6vad, mis parasjagu ette juhtub\" src=\"http:\/\/yhelteljel.ee\/wp-content\/uploads\/2010\/04\/IMG_6583_v.jpg\" alt=\"\" width=\"530\" height=\"398\" srcset=\"https:\/\/yhelteljel.ee\/wp-content\/uploads\/2010\/04\/IMG_6583_v.jpg 530w, https:\/\/yhelteljel.ee\/wp-content\/uploads\/2010\/04\/IMG_6583_v-300x225.jpg 300w\" sizes=\"auto, (max-width: 530px) 100vw, 530px\" \/><\/a><\/p>\n<p>Pea huugab \u00f5htuks, kui p\u00e4evased temperatuurid k\u00fc\u00fcndivad varjus +45 C kanti (ajalehed \u00fctlevad, et on kuumalaine), kui oled p\u00e4ev otsa pidanud t\u00f5rjuma t\u00fc\u00fctuid rik\u0161ajuhte, postkaardim\u00fc\u00fcjaid, ning m\u00f5tlema, kuhu istuda ja kuhu astuda. V\u00f5i mis veel t\u00e4htsam &#8211; kus ja mida s\u00fc\u00fca. Siinses kliimas ning pidevate elektrikatkestuste taustal on enesest lugu pidava toitlustusasutuse leidmine elluj\u00e4\u00e4mise k\u00fcsimus. V\u00f5i v\u00e4hemalt nii meile n\u00fc\u00fcd tundub.<\/p>\n<p>Sest kui p\u00e4rast p\u00e4ev otsa tualeti vahet jooksmist ning selle p\u00f5hjalikku &#8220;inspekteerimist&#8221; mitme v\u00f5imaliku nurga alt Margusel palavik +40 kraadini t\u00f5usis, ei hakanud me pikalt m\u00f5tlema, vaid otsustasime teha k\u00fclask\u00e4igu haiglasse.<\/p>\n<p>India haiglabisnisel on selles m\u00f5ttes kahtlane maik juures, et alles hiljutisest ajast on teada juhtumid, kus haiglad on meelega andnud valeravi, et v\u00e4lismaalastest patsiendid v\u00f5imalikult kaua haiglasse peaksid j\u00e4\u00e4ma ning seega haiglale raha sisse tooma. Nii m\u00f5nigi patsient on selle peale otsad andnud.<\/p>\n<p>Kuna me adrenaliini ei otsi, siis otsustasime turvalisema variandi kasuks, ehk siis minna riiklikku haiglasse (sest need on \u00fcldiselt selle peal v\u00e4ljas, et sind kiiremini haiglast v\u00e4lja saada).<\/p>\n<p>Kui kohale j\u00f5udsime ning meid erakorralise meditsiini osakonda juhatati, olime parajalt s\u00f5natud. Mitte, et oleksime oodanud mingit \u00fclimodernset kliinikut, kuid see, mis seal valitses, oli ikkagi ootamatu. Tekkis v\u00f5rdlusmoment s\u00f5jalaatsaretiga, kus k\u00fcmned haavatud korisedes hinge vaakumas ning valitsemas korralik kaos. Ka seal oli suurem osa patsientidest silmn\u00e4htavalt kriitilises seisus (kuna mingeid vaheseinu ega -kardinaid polnud, siis oli \u00fclevaade kogu ruumist) ning tundsime piinlikkustki, et nii t\u00fchise asja p\u00e4rast nagu k\u00f5hulahtisus sinna \u00fcldse tulnud olime. Nii palju kui me n\u00e4gime, toodi inimesi sinna ikka ratastoolis v\u00f5i kanderaamil. Keegi ei tulnud omal jalal.<\/p>\n<p>Margusel paluti heita m\u00e4\u00e4rdunud linaga voodile. Naisega, kes lamas k\u00f5rvaloleval voodil, olid kaasas mees ning teismelised poeg ja t\u00fctar. Viimane tihkus aina nutta, kui vaatas, mismoodi ema aina kramplike liigutuste saatel \u00f5hku ahmis. See oli \u00f5udne, ei midagi v\u00e4hemat.<\/p>\n<p>P\u00f5randal vedeles k\u00f5iksugu prahti, alates rohupudelitest ning l\u00f5petades vatitupsude ja s\u00fcstlapakenditega. Oksendamise juhuks l\u00fckati Marguse voodi juurde suur, poolenisti t\u00e4itunud pr\u00fcgipang. Nagu mingi loomakliinik oleks, mitte erakorralise meditsiini osakond, m\u00f5tlesin. Teda kuulati ja katsuti, j\u00f5uga pooleks(ning eelnevalt nahka desinfitseerimata) paigaldati kan\u00fc\u00fcl ning manustati rohkelt f\u00fcsioloogilist lahust ja antibiootikume &#8211; diagnoosiks, ilma igasuguste anal\u00fc\u00fcsideta, d\u00fcsenteeria!<\/p>\n<p>Olime haiglas nii kaua kui vajalik ja nii v\u00e4he kui v\u00f5imalik &#8211; ehk siis niipea, kui Margusel hakkas parem, tulime sealt tulema. Meie suureks \u00fcllatuseks selgus, et kogu ravi riiklikus haiglas on tasuta. J\u00e4lle oli piinlik.<\/p>\n<p>J\u00e4rgnevad mitu p\u00e4eva kulusid voodis antibiootikume kr\u00f5bistades, kuulus Taj Mahal vaid m\u00f5nedsajad meetrid eemal. Nii et kui v\u00e4heke parem hakkas, v\u00f5tsimegi k\u00e4igu selle maailmaime juurde ette. Ei oskagi \u00f6elda, kas meie ajastus oli t\u00e4iesti nihu v\u00f5i hoopis perfektne. Sel p\u00e4eval tungles kuulsa monumendi juures tohutu rahvamass, sest oli &#8220;turistip\u00e4ev&#8221; ning sissep\u00e4\u00e4su eest (mis muidu maksab kr\u00f5bedad 200 EEK) ei k\u00fcsitud sentigi raha.<\/p>\n<p>Igaks juhuks olgi \u00f6eldud, et Taj Mahali n\u00e4ol on tegemist mausoleumiga, mille p\u00fcstitas valitseja Shah Jahan 1631. aastal oma naisele, kes suri, s\u00fcnnitades14-ndat last. Arvestades, et tegemist on matmispaigaga (ka mees maeti hiljem samasse), v\u00f5iks arvata, et surnute rahu ning selle austamiseks on midagi ette v\u00f5etud, kuid tegelikkus on minu arvates p\u00e4ris \u0161okeeriv. Kui l\u00e4rmakat rahvamassi monumendi \u00fcmber v\u00f5ib veel aktsepteerida, siis sellesama massi talutamine kileda vile saatel monumendi sees, kus kadunukesed puhkavad, on k\u00fcll liig mis liig.<\/p>\n<p><a href=\"http:\/\/yhelteljel.ee\/wp-content\/uploads\/2010\/04\/IMG_6497_s.jpg\" target=\"_blank\"><img loading=\"lazy\" decoding=\"async\" class=\"alignnone size-full wp-image-6923\" title=\"Turistid sissep\u00e4\u00e4su Taj Mahali ootamas - nagu n\u00e4ha, on enamasti nad kohalikud turistid\" src=\"http:\/\/yhelteljel.ee\/wp-content\/uploads\/2010\/04\/IMG_6497_v.jpg\" alt=\"\" width=\"530\" height=\"398\" srcset=\"https:\/\/yhelteljel.ee\/wp-content\/uploads\/2010\/04\/IMG_6497_v.jpg 530w, https:\/\/yhelteljel.ee\/wp-content\/uploads\/2010\/04\/IMG_6497_v-300x225.jpg 300w\" sizes=\"auto, (max-width: 530px) 100vw, 530px\" \/><\/a><\/p>\n<p>Taj Mahalil on oma, \u00e4ratuntav aura ja kogu oma s\u00fcmmeetrilisuses on ta kahtlemata kaunis ehitis, ning arvestades selle valmimise aega (ehitamine l\u00f5petati 1653), v\u00e4\u00e4rib see t\u00f5epoolest maailmaime staatust. Kuid ma ei saa ka \u00fctlemata j\u00e4tta, et nii m\u00f5nigi ehitis, mis ei kuulu ametlikult imede nimekirja, on mulle j\u00e4tnud s\u00fcgavama, suursugusema mulje kui Taj Mahal.<\/p>\n<p><a href=\"http:\/\/yhelteljel.ee\/wp-content\/uploads\/2010\/04\/IMG_6459_s.jpg\" target=\"_blank\"><img loading=\"lazy\" decoding=\"async\" class=\"alignnone size-full wp-image-6909\" title=\"Maailmakuulus Taj Mahal\" src=\"http:\/\/yhelteljel.ee\/wp-content\/uploads\/2010\/04\/IMG_6459_v.jpg\" alt=\"\" width=\"530\" height=\"398\" srcset=\"https:\/\/yhelteljel.ee\/wp-content\/uploads\/2010\/04\/IMG_6459_v.jpg 530w, https:\/\/yhelteljel.ee\/wp-content\/uploads\/2010\/04\/IMG_6459_v-300x225.jpg 300w\" sizes=\"auto, (max-width: 530px) 100vw, 530px\" \/><\/a><\/p>\n<p><a href=\"http:\/\/yhelteljel.ee\/wp-content\/uploads\/2010\/04\/IMG_6463_s.jpg\" target=\"_blank\"><img loading=\"lazy\" decoding=\"async\" class=\"alignnone size-full wp-image-6911\" title=\"Taj Mahali uhked kuplid\" src=\"http:\/\/yhelteljel.ee\/wp-content\/uploads\/2010\/04\/IMG_6463_v.jpg\" alt=\"\" width=\"530\" height=\"707\" srcset=\"https:\/\/yhelteljel.ee\/wp-content\/uploads\/2010\/04\/IMG_6463_v.jpg 530w, https:\/\/yhelteljel.ee\/wp-content\/uploads\/2010\/04\/IMG_6463_v-224x300.jpg 224w\" sizes=\"auto, (max-width: 530px) 100vw, 530px\" \/><\/a><\/p>\n<p><a href=\"http:\/\/yhelteljel.ee\/wp-content\/uploads\/2010\/04\/IMG_6489_s.jpg\" target=\"_blank\"><img loading=\"lazy\" decoding=\"async\" class=\"alignnone size-full wp-image-6913\" title=\"Paat Yamuna j\u00f5el Taj Mahali taga\" src=\"http:\/\/yhelteljel.ee\/wp-content\/uploads\/2010\/04\/IMG_6489_v.jpg\" alt=\"\" width=\"530\" height=\"398\" srcset=\"https:\/\/yhelteljel.ee\/wp-content\/uploads\/2010\/04\/IMG_6489_v.jpg 530w, https:\/\/yhelteljel.ee\/wp-content\/uploads\/2010\/04\/IMG_6489_v-300x225.jpg 300w\" sizes=\"auto, (max-width: 530px) 100vw, 530px\" \/><\/a><\/p>\n<p><a href=\"http:\/\/yhelteljel.ee\/wp-content\/uploads\/2010\/04\/IMG_6491_s.jpg\" target=\"_blank\"><img loading=\"lazy\" decoding=\"async\" class=\"alignnone size-full wp-image-6915\" title=\"Taj Mahali torni detailid\" src=\"http:\/\/yhelteljel.ee\/wp-content\/uploads\/2010\/04\/IMG_6491_v.jpg\" alt=\"\" width=\"530\" height=\"398\" srcset=\"https:\/\/yhelteljel.ee\/wp-content\/uploads\/2010\/04\/IMG_6491_v.jpg 530w, https:\/\/yhelteljel.ee\/wp-content\/uploads\/2010\/04\/IMG_6491_v-300x225.jpg 300w\" sizes=\"auto, (max-width: 530px) 100vw, 530px\" \/><\/a><\/p>\n<p><a href=\"http:\/\/yhelteljel.ee\/wp-content\/uploads\/2010\/04\/IMG_6492_s.jpg\" target=\"_blank\"><img loading=\"lazy\" decoding=\"async\" class=\"alignnone size-full wp-image-6917\" title=\"\u00dcks Taj Mahali minarettidest\" src=\"http:\/\/yhelteljel.ee\/wp-content\/uploads\/2010\/04\/IMG_6492_v.jpg\" alt=\"\" width=\"530\" height=\"707\" srcset=\"https:\/\/yhelteljel.ee\/wp-content\/uploads\/2010\/04\/IMG_6492_v.jpg 530w, https:\/\/yhelteljel.ee\/wp-content\/uploads\/2010\/04\/IMG_6492_v-224x300.jpg 224w\" sizes=\"auto, (max-width: 530px) 100vw, 530px\" \/><\/a><\/p>\n<p><a href=\"http:\/\/yhelteljel.ee\/wp-content\/uploads\/2010\/04\/IMG_6496_s.jpg\" target=\"_blank\"><img loading=\"lazy\" decoding=\"async\" class=\"alignnone size-full wp-image-6921\" title=\"Taj Mahali mausoleumi sein\" src=\"http:\/\/yhelteljel.ee\/wp-content\/uploads\/2010\/04\/IMG_6496_v.jpg\" alt=\"\" width=\"530\" height=\"398\" srcset=\"https:\/\/yhelteljel.ee\/wp-content\/uploads\/2010\/04\/IMG_6496_v.jpg 530w, https:\/\/yhelteljel.ee\/wp-content\/uploads\/2010\/04\/IMG_6496_v-300x225.jpg 300w\" sizes=\"auto, (max-width: 530px) 100vw, 530px\" \/><\/a><\/p>\n<p><a href=\"http:\/\/yhelteljel.ee\/wp-content\/uploads\/2010\/04\/Taj-Mahal_s.jpg\" target=\"_blank\"><img loading=\"lazy\" decoding=\"async\" class=\"alignnone size-full wp-image-6963\" title=\"Taj Mahali v\u00e4rvid loojuvas p\u00e4ikeses\" src=\"http:\/\/yhelteljel.ee\/wp-content\/uploads\/2010\/04\/Taj-Mahal_v.jpg\" alt=\"\" width=\"530\" height=\"368\" srcset=\"https:\/\/yhelteljel.ee\/wp-content\/uploads\/2010\/04\/Taj-Mahal_v.jpg 530w, https:\/\/yhelteljel.ee\/wp-content\/uploads\/2010\/04\/Taj-Mahal_v-300x208.jpg 300w\" sizes=\"auto, (max-width: 530px) 100vw, 530px\" \/><\/a><\/p>\n<p>Hoopis huvitavamaks osutus Taj Mahalist vaid m\u00f5ne kilomeetri kaugusel asuv Agra kindlus, 16.-19. sajandil India aladel eksisteerinud Moguli impeeriumi v\u00f5imukeskus.<\/p>\n<p>Juba 11. sajandil eksisteerinud kindlus sai t\u00e4nase kuju 16. sajandil imperaator Akbari ajal, kui selle \u00fcmberehitust\u00f6\u00f6desse oli haaratud pea poolteist miljonit meistrimeest. Hiljem tegi kindlusele t\u00e4iendusi tema pojapoeg Shah Jahan, kes kasutas ehitusmaterjalina oma lemmikut, valget marmorit. Et mogulid olid p\u00e4rit Kesk-Aasiast, siis on kindluses ilmselgelt n\u00e4ha p\u00e4rsia arhitektuuri m\u00f5ju.<\/p>\n<p>Omal ajal mahutas kindlus terve linna, ning kirjade j\u00e4rgi oli selles ligikaudu 500 indop\u00e4rsia stiilis hoonet. Paraku on Moguli impeeriumi allak\u00e4igule j\u00e4rgnenud aeg teinud oma t\u00f6\u00f6. Kui India langes 19. sajandul briti v\u00f5imu alla, rajati ajaloolisesse kindlusesse briti s\u00f5jav\u00e4egarnison ning valdav osa hoonetest lammutati. T\u00e4naseks on m\u00f6\u00f6dunud aega j\u00e4\u00e4nud meenutama vaid kolmek\u00fcmne hoone jagu.<\/p>\n<p>Ometi on nendes punasest liivakivist ja marmorist hoonetes kuhjaga atmosf\u00e4\u00e4ri, ning \u00f5uede ja koridoride v\u00f5lvistatud lab\u00fcrintides uidates ei j\u00e4\u00e4 \u00fcle muud kui kujutada ette tolleaegset elukorraldust, imperaatori 500-pealise haaremi sagimist, ning imestada, millise t\u00f5elise meistrit\u00f6\u00f6ga on kindluse n\u00e4ol tegemist.<\/p>\n<p><a href=\"http:\/\/yhelteljel.ee\/wp-content\/uploads\/2010\/04\/IMG_6502_s.jpg\" target=\"_blank\"><img loading=\"lazy\" decoding=\"async\" class=\"alignnone size-full wp-image-6927\" title=\"Sissep\u00e4\u00e4s Agra kindlusesse\" src=\"http:\/\/yhelteljel.ee\/wp-content\/uploads\/2010\/04\/IMG_6502_v.jpg\" alt=\"\" width=\"530\" height=\"398\" srcset=\"https:\/\/yhelteljel.ee\/wp-content\/uploads\/2010\/04\/IMG_6502_v.jpg 530w, https:\/\/yhelteljel.ee\/wp-content\/uploads\/2010\/04\/IMG_6502_v-300x225.jpg 300w\" sizes=\"auto, (max-width: 530px) 100vw, 530px\" \/><\/a><\/p>\n<p><a href=\"http:\/\/yhelteljel.ee\/wp-content\/uploads\/2010\/04\/IMG_6500_s.jpg\" target=\"_blank\"><img loading=\"lazy\" decoding=\"async\" class=\"alignnone size-full wp-image-6925\" title=\"V\u00f6\u00f6diline orav Agra kindluse juures\" src=\"http:\/\/yhelteljel.ee\/wp-content\/uploads\/2010\/04\/IMG_6500_v.jpg\" alt=\"\" width=\"530\" height=\"378\" srcset=\"https:\/\/yhelteljel.ee\/wp-content\/uploads\/2010\/04\/IMG_6500_v.jpg 530w, https:\/\/yhelteljel.ee\/wp-content\/uploads\/2010\/04\/IMG_6500_v-300x213.jpg 300w\" sizes=\"auto, (max-width: 530px) 100vw, 530px\" \/><\/a><\/p>\n<p><a href=\"http:\/\/yhelteljel.ee\/wp-content\/uploads\/2010\/04\/Red-Fort-1_s.jpg\" target=\"_blank\"><img loading=\"lazy\" decoding=\"async\" title=\"Agra kindluse \u00fche sisev\u00e4ljaku panoraam\" src=\"http:\/\/yhelteljel.ee\/wp-content\/uploads\/2010\/04\/Red-Fort-1_v.png\" alt=\"\" width=\"530\" height=\"80\" \/><\/a><\/p>\n<p><img loading=\"lazy\" decoding=\"async\" class=\"alignnone size-full wp-image-6961\" title=\"Agra kindlus seest\" src=\"http:\/\/yhelteljel.ee\/wp-content\/uploads\/2010\/04\/Red-Fort-2.jpg\" alt=\"\" width=\"530\" height=\"1074\" srcset=\"https:\/\/yhelteljel.ee\/wp-content\/uploads\/2010\/04\/Red-Fort-2.jpg 530w, https:\/\/yhelteljel.ee\/wp-content\/uploads\/2010\/04\/Red-Fort-2-148x300.jpg 148w, https:\/\/yhelteljel.ee\/wp-content\/uploads\/2010\/04\/Red-Fort-2-505x1024.jpg 505w\" sizes=\"auto, (max-width: 530px) 100vw, 530px\" \/><\/p>\n<p><a href=\"http:\/\/yhelteljel.ee\/wp-content\/uploads\/2010\/04\/IMG_6526_s.jpg\" target=\"_blank\"><img loading=\"lazy\" decoding=\"async\" class=\"alignnone size-full wp-image-6931\" title=\"Agra kindlus seest\" src=\"http:\/\/yhelteljel.ee\/wp-content\/uploads\/2010\/04\/IMG_6526_v.jpg\" alt=\"\" width=\"530\" height=\"398\" srcset=\"https:\/\/yhelteljel.ee\/wp-content\/uploads\/2010\/04\/IMG_6526_v.jpg 530w, https:\/\/yhelteljel.ee\/wp-content\/uploads\/2010\/04\/IMG_6526_v-300x225.jpg 300w\" sizes=\"auto, (max-width: 530px) 100vw, 530px\" \/><\/a><\/p>\n<p><a href=\"http:\/\/yhelteljel.ee\/wp-content\/uploads\/2010\/04\/IMG_6527_s.jpg\" target=\"_blank\"><img loading=\"lazy\" decoding=\"async\" title=\"L\u00e4bi mitme ukse\" src=\"http:\/\/yhelteljel.ee\/wp-content\/uploads\/2010\/04\/IMG_6527_v.jpg\" alt=\"\" width=\"530\" height=\"707\" \/><\/a><\/p>\n<p><a href=\"http:\/\/yhelteljel.ee\/wp-content\/uploads\/2010\/04\/IMG_6525_s.jpg\" target=\"_blank\"><img loading=\"lazy\" decoding=\"async\" class=\"alignnone size-full wp-image-6929\" title=\"Hargnevad uksed\" src=\"http:\/\/yhelteljel.ee\/wp-content\/uploads\/2010\/04\/IMG_6525_v.jpg\" alt=\"\" width=\"530\" height=\"398\" srcset=\"https:\/\/yhelteljel.ee\/wp-content\/uploads\/2010\/04\/IMG_6525_v.jpg 530w, https:\/\/yhelteljel.ee\/wp-content\/uploads\/2010\/04\/IMG_6525_v-300x225.jpg 300w\" sizes=\"auto, (max-width: 530px) 100vw, 530px\" \/><\/a><\/p>\n<p><a href=\"http:\/\/yhelteljel.ee\/wp-content\/uploads\/2010\/04\/IMG_6542_s.jpg\" target=\"_blank\"><img loading=\"lazy\" decoding=\"async\" class=\"alignnone size-full wp-image-6935\" title=\"Seina detailid\" src=\"http:\/\/yhelteljel.ee\/wp-content\/uploads\/2010\/04\/IMG_6542_v.jpg\" alt=\"\" width=\"530\" height=\"398\" srcset=\"https:\/\/yhelteljel.ee\/wp-content\/uploads\/2010\/04\/IMG_6542_v.jpg 530w, https:\/\/yhelteljel.ee\/wp-content\/uploads\/2010\/04\/IMG_6542_v-300x225.jpg 300w\" sizes=\"auto, (max-width: 530px) 100vw, 530px\" \/><\/a><\/p>\n<p><a href=\"http:\/\/yhelteljel.ee\/wp-content\/uploads\/2010\/04\/IMG_6547_s.jpg\" target=\"_blank\"><img loading=\"lazy\" decoding=\"async\" class=\"alignnone size-full wp-image-6937\" title=\"Vaade Agra kindluse juurest l\u00e4bi hommikuse sudu Taj Mahalile\" src=\"http:\/\/yhelteljel.ee\/wp-content\/uploads\/2010\/04\/IMG_6547_v.jpg\" alt=\"\" width=\"530\" height=\"392\" srcset=\"https:\/\/yhelteljel.ee\/wp-content\/uploads\/2010\/04\/IMG_6547_v.jpg 530w, https:\/\/yhelteljel.ee\/wp-content\/uploads\/2010\/04\/IMG_6547_v-300x221.jpg 300w\" sizes=\"auto, (max-width: 530px) 100vw, 530px\" \/><\/a><\/p>\n<p><a href=\"http:\/\/yhelteljel.ee\/wp-content\/uploads\/2010\/04\/IMG_6553_s.jpg\" target=\"_blank\"><img loading=\"lazy\" decoding=\"async\" class=\"alignnone size-full wp-image-6939\" title=\"Aia detail\" src=\"http:\/\/yhelteljel.ee\/wp-content\/uploads\/2010\/04\/IMG_6553_v.jpg\" alt=\"\" width=\"530\" height=\"398\" srcset=\"https:\/\/yhelteljel.ee\/wp-content\/uploads\/2010\/04\/IMG_6553_v.jpg 530w, https:\/\/yhelteljel.ee\/wp-content\/uploads\/2010\/04\/IMG_6553_v-300x225.jpg 300w\" sizes=\"auto, (max-width: 530px) 100vw, 530px\" \/><\/a><\/p>\n<p><a href=\"http:\/\/yhelteljel.ee\/wp-content\/uploads\/2010\/04\/IMG_6554_s.jpg\" target=\"_blank\"><img loading=\"lazy\" decoding=\"async\" class=\"alignnone size-full wp-image-6941\" title=\"Uhked uksed Agra kindluses\" src=\"http:\/\/yhelteljel.ee\/wp-content\/uploads\/2010\/04\/IMG_6554_v.jpg\" alt=\"\" width=\"530\" height=\"719\" srcset=\"https:\/\/yhelteljel.ee\/wp-content\/uploads\/2010\/04\/IMG_6554_v.jpg 530w, https:\/\/yhelteljel.ee\/wp-content\/uploads\/2010\/04\/IMG_6554_v-221x300.jpg 221w\" sizes=\"auto, (max-width: 530px) 100vw, 530px\" \/><\/a><\/p>\n<p><a href=\"http:\/\/yhelteljel.ee\/wp-content\/uploads\/2010\/04\/IMG_6555_s.jpg\" target=\"_blank\"><img loading=\"lazy\" decoding=\"async\" class=\"alignnone size-full wp-image-6943\" title=\"Agra kindlus seest\" src=\"http:\/\/yhelteljel.ee\/wp-content\/uploads\/2010\/04\/IMG_6555_v.jpg\" alt=\"\" width=\"530\" height=\"398\" srcset=\"https:\/\/yhelteljel.ee\/wp-content\/uploads\/2010\/04\/IMG_6555_v.jpg 530w, https:\/\/yhelteljel.ee\/wp-content\/uploads\/2010\/04\/IMG_6555_v-300x225.jpg 300w\" sizes=\"auto, (max-width: 530px) 100vw, 530px\" \/><\/a><\/p>\n","protected":false},"excerpt":{"rendered":"<p>\u00d6eldakse, et \u00f5nn on siis, kui \u00f5nnetust ei ole, ning et k\u00f5ige suurem \u00f5nn on tervis &#8211; t\u00f5epoolest, oleksime pidanud k\u00f5rgematele j\u00f5ududele t\u00e4nulikud olema, et luud-kondid terveks j\u00e4id, sest oleks ju v\u00f5inud minna palju, palju hullemini. Ilmselgelt oli meie t\u00e4namatusel tagaj\u00e4rg, sest Agrasse, kuulsa Taj Mahali juurde j\u00f5udes tabas Margust v\u00f5imas k\u00f5huh\u00e4da. Nagu lekkivast paagist &hellip; <a href=\"https:\/\/yhelteljel.ee\/?p=6906\" class=\"more-link\">Loe edasi <span class=\"screen-reader-text\">Ime?<\/span> <span class=\"meta-nav\">&rarr;<\/span><\/a><\/p>\n","protected":false},"author":2,"featured_media":0,"comment_status":"open","ping_status":"open","sticky":false,"template":"","format":"standard","meta":{"_monsterinsights_skip_tracking":false,"_monsterinsights_sitenote_active":false,"_monsterinsights_sitenote_note":"","_monsterinsights_sitenote_category":0,"footnotes":""},"categories":[10],"tags":[134,394,128,136,114,126],"class_list":["post-6906","post","type-post","status-publish","format-standard","hentry","category-aasia","tag-ilm","tag-india","tag-linnad","tag-probleemid","tag-tervis","tag-turismiatraktsioon"],"_links":{"self":[{"href":"https:\/\/yhelteljel.ee\/index.php?rest_route=\/wp\/v2\/posts\/6906","targetHints":{"allow":["GET"]}}],"collection":[{"href":"https:\/\/yhelteljel.ee\/index.php?rest_route=\/wp\/v2\/posts"}],"about":[{"href":"https:\/\/yhelteljel.ee\/index.php?rest_route=\/wp\/v2\/types\/post"}],"author":[{"embeddable":true,"href":"https:\/\/yhelteljel.ee\/index.php?rest_route=\/wp\/v2\/users\/2"}],"replies":[{"embeddable":true,"href":"https:\/\/yhelteljel.ee\/index.php?rest_route=%2Fwp%2Fv2%2Fcomments&post=6906"}],"version-history":[{"count":3,"href":"https:\/\/yhelteljel.ee\/index.php?rest_route=\/wp\/v2\/posts\/6906\/revisions"}],"predecessor-version":[{"id":6965,"href":"https:\/\/yhelteljel.ee\/index.php?rest_route=\/wp\/v2\/posts\/6906\/revisions\/6965"}],"wp:attachment":[{"href":"https:\/\/yhelteljel.ee\/index.php?rest_route=%2Fwp%2Fv2%2Fmedia&parent=6906"}],"wp:term":[{"taxonomy":"category","embeddable":true,"href":"https:\/\/yhelteljel.ee\/index.php?rest_route=%2Fwp%2Fv2%2Fcategories&post=6906"},{"taxonomy":"post_tag","embeddable":true,"href":"https:\/\/yhelteljel.ee\/index.php?rest_route=%2Fwp%2Fv2%2Ftags&post=6906"}],"curies":[{"name":"wp","href":"https:\/\/api.w.org\/{rel}","templated":true}]}}