{"id":6489,"date":"2010-03-27T12:28:48","date_gmt":"2010-03-27T10:28:48","guid":{"rendered":"http:\/\/yhelteljel.ee\/?p=6489"},"modified":"2010-03-27T12:47:46","modified_gmt":"2010-03-27T10:47:46","slug":"siiamid-eile-ja-tana","status":"publish","type":"post","link":"https:\/\/yhelteljel.ee\/?p=6489","title":{"rendered":"Siiamid eile ja t\u00e4na"},"content":{"rendered":"<p><a href=\"http:\/\/yhelteljel.ee\/wp-content\/uploads\/2010\/03\/IMG_5484_s.jpg\" target=\"_blank\"><img loading=\"lazy\" decoding=\"async\" class=\"alignnone size-full wp-image-6506\" title=\"Ka koerale on punas\u00e4rk selga t\u00f5mmatud - valitsuse vastane miiting Bangkokis\" src=\"http:\/\/yhelteljel.ee\/wp-content\/uploads\/2010\/03\/IMG_5484_v.jpg\" alt=\"\" width=\"530\" height=\"707\" srcset=\"https:\/\/yhelteljel.ee\/wp-content\/uploads\/2010\/03\/IMG_5484_v.jpg 530w, https:\/\/yhelteljel.ee\/wp-content\/uploads\/2010\/03\/IMG_5484_v-224x300.jpg 224w\" sizes=\"auto, (max-width: 530px) 100vw, 530px\" \/><\/a><\/p>\n<p>Kui Khmeeri impeerium alustas allak\u00e4iku, algas teistel \u00f5itseng, sealhulgas 1238. aastal Sukhothais asutatud esimesel siiami kuningriigil. T\u00e4nap\u00e4eval peetaksegi Bangkokist neljasaja kilomeetri kaugusel olevat Sukhothaid esimeseks pealinnaks Tai ajaloos. P\u00e4rast kaht sajandit kestnud \u00f5itsengut t\u00f5usis esiplaanile aga t\u00e4nasele Bangkokile \u00fcsna l\u00e4hedal asuv Ayutthaya, ja nii on m\u00f5lemas s\u00e4ilinud esinduslikke sakraalarhitektuuri n\u00e4iteid.<\/p>\n<p><!--more--><\/p>\n<p>Kuna Sukhothai j\u00e4i meie teele esimesena, siis seal said ka m\u00f5ned pildid tehtud.<\/p>\n<p><a href=\"http:\/\/yhelteljel.ee\/wp-content\/uploads\/2010\/03\/Buddha-s.jpg\" target=\"_blank\"><img loading=\"lazy\" decoding=\"async\" class=\"alignnone size-full wp-image-6493\" title=\"Suur iidne Buddha kuju Sukhothais\" src=\"http:\/\/yhelteljel.ee\/wp-content\/uploads\/2010\/03\/Buddha-v.jpg\" alt=\"\" width=\"530\" height=\"470\" srcset=\"https:\/\/yhelteljel.ee\/wp-content\/uploads\/2010\/03\/Buddha-v.jpg 530w, https:\/\/yhelteljel.ee\/wp-content\/uploads\/2010\/03\/Buddha-v-300x266.jpg 300w\" sizes=\"auto, (max-width: 530px) 100vw, 530px\" \/><\/a><\/p>\n<p><a href=\"http:\/\/yhelteljel.ee\/wp-content\/uploads\/2010\/03\/IMG_5439_s.jpg\" target=\"_blank\"><img loading=\"lazy\" decoding=\"async\" class=\"alignnone size-full wp-image-6496\" title=\"Buddha\" src=\"http:\/\/yhelteljel.ee\/wp-content\/uploads\/2010\/03\/IMG_5439_2.jpg\" alt=\"\" width=\"530\" height=\"707\" srcset=\"https:\/\/yhelteljel.ee\/wp-content\/uploads\/2010\/03\/IMG_5439_2.jpg 530w, https:\/\/yhelteljel.ee\/wp-content\/uploads\/2010\/03\/IMG_5439_2-224x300.jpg 224w\" sizes=\"auto, (max-width: 530px) 100vw, 530px\" \/><\/a><\/p>\n<p><a href=\"http:\/\/yhelteljel.ee\/wp-content\/uploads\/2010\/03\/IMG_5425_s.jpg\" target=\"_blank\"><img loading=\"lazy\" decoding=\"async\" class=\"alignnone size-full wp-image-6495\" title=\"Vankriga veeremas\" src=\"http:\/\/yhelteljel.ee\/wp-content\/uploads\/2010\/03\/IMG_5425_v.jpg\" alt=\"\" width=\"530\" height=\"379\" srcset=\"https:\/\/yhelteljel.ee\/wp-content\/uploads\/2010\/03\/IMG_5425_v.jpg 530w, https:\/\/yhelteljel.ee\/wp-content\/uploads\/2010\/03\/IMG_5425_v-300x214.jpg 300w\" sizes=\"auto, (max-width: 530px) 100vw, 530px\" \/><\/a><\/p>\n<p><a href=\"http:\/\/yhelteljel.ee\/wp-content\/uploads\/2010\/03\/IMG_5441_s.jpg\" target=\"_blank\"><img loading=\"lazy\" decoding=\"async\" class=\"alignnone size-full wp-image-6499\" title=\"Buddha kuju\" src=\"http:\/\/yhelteljel.ee\/wp-content\/uploads\/2010\/03\/IMG_5441_v.jpg\" alt=\"\" width=\"530\" height=\"707\" srcset=\"https:\/\/yhelteljel.ee\/wp-content\/uploads\/2010\/03\/IMG_5441_v.jpg 530w, https:\/\/yhelteljel.ee\/wp-content\/uploads\/2010\/03\/IMG_5441_v-224x300.jpg 224w\" sizes=\"auto, (max-width: 530px) 100vw, 530px\" \/><\/a><\/p>\n<p>Muide, Siiam oli riigi ametlikuks nimeks vahelduva eduga 1949. aastani, kui see nimetati \u00fcmber Taiks.<\/p>\n<p>T\u00e4nast Taid painavad poliitilised rahutused. Nimelt on Bangkokis juba m\u00f5nda aega kestnud nn punas\u00e4rklaste t\u00e4navaprotestid, mille eesm\u00e4rgiks on sundida valitsust tagasi astuma. Ehkki \u00fcldjoontes on tegemist rahumeelsete meeleavaldustega, on v\u00e4lja tuldud s\u00fcmboliliselt k\u00fcllaltki efektsete k\u00e4ikudega &#8211; n\u00e4iteks valati n\u00e4dal aega tagasi meeleavaldajatelt kogutud veri valitsusasutuste trepiesisele laiali. See ei paista siiski valitsust k\u00f5igutavat, ning t\u00e4naseks ollakse seisus, kus on kaheldav, kas sellest kriisist on \u00fcldse midagi s\u00fcndimas &#8211; punas\u00e4rklased ei ole otseselt provotseerivad &#8211; p\u00f5hiliselt piirduvad l\u00e4rmakate miitingutega \u00fchel v\u00e4ljakutest, ning t\u00e4naseks on kavandatud rongk\u00e4ik l\u00e4bi linna. Ja kuni nad kellegi \u00f5igusi otseselt ei riku, ei saa valitsus ka sekkuda.<\/p>\n<p>\u00dches\u00f5naga oleme Bangkokis tagasi, Kagu-Aasia ring l\u00f5plikult tehtud. Enne, kui l\u00e4hen jutuga edasi, v\u00e4\u00e4rib ehk \u00e4ramainimist ka see, et veidi enne Tai pealinna naasmist sai meil t\u00e4is 100 000 kilomeetrit sellel ekspeditsioonil.<\/p>\n<p><a href=\"http:\/\/geoape.com\/tracklogs\/yhelteljelee-kontinentaalne-kagu-aasia-1757\" target=\"_blank\"><img loading=\"lazy\" decoding=\"async\" class=\"alignnone size-full wp-image-6523\" title=\"Kontinentaalse Kagu-Aasia teekond. Klikka, et vaadata\" src=\"http:\/\/yhelteljel.ee\/wp-content\/uploads\/2010\/03\/Kontinentaalne_Kagu_Aasia.jpg\" alt=\"\" width=\"530\" height=\"516\" srcset=\"https:\/\/yhelteljel.ee\/wp-content\/uploads\/2010\/03\/Kontinentaalne_Kagu_Aasia.jpg 530w, https:\/\/yhelteljel.ee\/wp-content\/uploads\/2010\/03\/Kontinentaalne_Kagu_Aasia-300x292.jpg 300w\" sizes=\"auto, (max-width: 530px) 100vw, 530px\" \/><\/a><\/p>\n<p>M\u00f5ni ehk k\u00fcsib, et mis me j\u00e4lle Bangkokis teeme, ja kas me ei peaks mitte juba teel Kesk-Aasia poole olema. Asi selles, et Taist edasi on meil v\u00f5imalik liikuda ainult lennuki v\u00f5i laevaga, sest Myanmar on s\u00f5jav\u00e4elise re\u017eiimi all (ja kui tsikliga saakski siisse, siis enamasti peaks ta reisima s\u00f5jav\u00e4eauto kastis, sest teede kasutamiseks on vajalik eriluba) ning Hiina n\u00f5uab kas kohaliku juhiloa olemasolu koos korraliku impordimaksu ja paberib\u00fcrokraatiaga, mida tuleb n\u00e4dalaid korraldada, v\u00f5i m\u00f5istuse piire \u00fcletavaid rahasummasid, et maksta kinni sind l\u00e4bi riigi saatev 4&#215;4 autoga eskort &#8211; nii umbes 400 dollarit p\u00e4evas.<\/p>\n<p>Niisiis oleme Bangkokis ning tegeleme tsikli transpordi korraldamisega Nepali. Tegemist on kuuenda ehk k\u00f5igi eelduste kohaselt meie viimase lahkuminekuga tsiklist, ning tsikli jaoks saab see olema kolmas kord lennata. Esimene kord lendas ta Hispaaniast Argentinasse (\u00fcle Atlandi ookeani), teine kord Colombiast Panamasse (\u00fcle Darien Gap&#8217;i). J\u00e4lle pisut pabistamist.<\/p>\n<p>Igasugu muud asjad vajavad ka tegemist (viisad Nepali ja India jaoks, tsikliga kaasa uus rehvikomplekt, m\u00f5ned varu- ja kuluosad, ports uusi filme osta ja vanad Eestisse ilmutamisele saata, jms), nii et oleme siin juba m\u00f5ned p\u00e4evad ringi tormanud, ning oh, \u00fcllatust! linn on hakanud juba kuidagi kodusena tunduma. V\u00f5ib-olla on asi muidugi ka selles, et kaks viimast p\u00e4eva on olnud k\u00fcllaltki pilves ilm ning temperatuur on j\u00e4\u00e4nud m\u00f5istliku +33 C piirimaile, nii et oleme saanud vabamalt hingata ja linna elur\u00fctmi ja helisid vaikselt endasse imeda. Siin m\u00f5ned pildid ja helid\u2026<\/p>\n<p><img loading=\"lazy\" decoding=\"async\" class=\"alignnone size-full wp-image-6491\" title=\"Bangkoki liiklus\" src=\"http:\/\/yhelteljel.ee\/wp-content\/uploads\/2010\/03\/Bangkok-1.jpg\" alt=\"\" width=\"530\" height=\"1700\" srcset=\"https:\/\/yhelteljel.ee\/wp-content\/uploads\/2010\/03\/Bangkok-1.jpg 530w, https:\/\/yhelteljel.ee\/wp-content\/uploads\/2010\/03\/Bangkok-1-319x1023.jpg 319w\" sizes=\"auto, (max-width: 530px) 100vw, 530px\" \/><\/p>\n<p><a href=\"http:\/\/yhelteljel.ee\/wp-content\/uploads\/2010\/03\/IMG_5467_s.jpg\" target=\"_blank\"><img loading=\"lazy\" decoding=\"async\" class=\"alignnone size-full wp-image-6501\" title=\"Musitseeriv pime kerjus Bangkoki t\u00e4naval\" src=\"http:\/\/yhelteljel.ee\/wp-content\/uploads\/2010\/03\/IMG_5467_v.jpg\" alt=\"\" width=\"530\" height=\"398\" srcset=\"https:\/\/yhelteljel.ee\/wp-content\/uploads\/2010\/03\/IMG_5467_v.jpg 530w, https:\/\/yhelteljel.ee\/wp-content\/uploads\/2010\/03\/IMG_5467_v-300x225.jpg 300w\" sizes=\"auto, (max-width: 530px) 100vw, 530px\" \/><\/a><\/p>\n<p>Sama koht helis:<\/p>\n[audio:BKK_pime_kerjus.mp3]\n<p><a href=\"http:\/\/yhelteljel.ee\/wp-content\/uploads\/2010\/03\/IMG_5469_s.jpg\" target=\"_blank\"><img loading=\"lazy\" decoding=\"async\" class=\"alignnone size-full wp-image-6503\" title=\"Protestimeelsed punased s\u00e4rgid k\u00f5ikjal\" src=\"http:\/\/yhelteljel.ee\/wp-content\/uploads\/2010\/03\/IMG_5469_v.jpg\" alt=\"\" width=\"530\" height=\"398\" srcset=\"https:\/\/yhelteljel.ee\/wp-content\/uploads\/2010\/03\/IMG_5469_v.jpg 530w, https:\/\/yhelteljel.ee\/wp-content\/uploads\/2010\/03\/IMG_5469_v-300x225.jpg 300w\" sizes=\"auto, (max-width: 530px) 100vw, 530px\" \/><\/a><\/p>\n<p><img loading=\"lazy\" decoding=\"async\" class=\"alignnone size-full wp-image-6504\" title=\"Nagu sildil kirjas - rahumeelne ja v\u00e4givallatu valitsuse kukutamine - ei tea kas see ka t\u00f6\u00f6tab?\" src=\"http:\/\/yhelteljel.ee\/wp-content\/uploads\/2010\/03\/IMG_5480_2.jpg\" alt=\"\" width=\"530\" height=\"839\" srcset=\"https:\/\/yhelteljel.ee\/wp-content\/uploads\/2010\/03\/IMG_5480_2.jpg 530w, https:\/\/yhelteljel.ee\/wp-content\/uploads\/2010\/03\/IMG_5480_2-189x300.jpg 189w\" sizes=\"auto, (max-width: 530px) 100vw, 530px\" \/><\/p>\n<p><a href=\"http:\/\/yhelteljel.ee\/wp-content\/uploads\/2010\/03\/IMG_5486_s.jpg\" target=\"_blank\"><img loading=\"lazy\" decoding=\"async\" title=\"Valitsuse vastu protestimas\" src=\"http:\/\/yhelteljel.ee\/wp-content\/uploads\/2010\/03\/IMG_5486_v.jpg\" alt=\"\" width=\"530\" height=\"465\" \/><\/a><\/p>\n<p>Meeleavaldus helis:<\/p>\n[audio:BKK_riigipoore.mp3]\n<p><a href=\"http:\/\/yhelteljel.ee\/wp-content\/uploads\/2010\/03\/IMG_5485_s.jpg\" target=\"_blank\"><img loading=\"lazy\" decoding=\"async\" class=\"alignnone size-full wp-image-6508\" title=\"Valitsusevastaste miiting\" src=\"http:\/\/yhelteljel.ee\/wp-content\/uploads\/2010\/03\/IMG_5485_v.jpg\" alt=\"\" width=\"530\" height=\"398\" srcset=\"https:\/\/yhelteljel.ee\/wp-content\/uploads\/2010\/03\/IMG_5485_v.jpg 530w, https:\/\/yhelteljel.ee\/wp-content\/uploads\/2010\/03\/IMG_5485_v-300x225.jpg 300w\" sizes=\"auto, (max-width: 530px) 100vw, 530px\" \/><\/a><\/p>\n<p>Ja iga p\u00e4ev k\u00e4ib meie akna alt l\u00e4bi juba kaugelt kuuldav j\u00e4\u00e4tisem\u00fc\u00fcja:<\/p>\n[audio:BKK_j22tisemyyja.mp3]\n","protected":false},"excerpt":{"rendered":"<p>Kui Khmeeri impeerium alustas allak\u00e4iku, algas teistel \u00f5itseng, sealhulgas 1238. aastal Sukhothais asutatud esimesel siiami kuningriigil. T\u00e4nap\u00e4eval peetaksegi Bangkokist neljasaja kilomeetri kaugusel olevat Sukhothaid esimeseks pealinnaks Tai ajaloos. P\u00e4rast kaht sajandit kestnud \u00f5itsengut t\u00f5usis esiplaanile aga t\u00e4nasele Bangkokile \u00fcsna l\u00e4hedal asuv Ayutthaya, ja nii on m\u00f5lemas s\u00e4ilinud esinduslikke sakraalarhitektuuri n\u00e4iteid.<\/p>\n","protected":false},"author":2,"featured_media":0,"comment_status":"open","ping_status":"open","sticky":false,"template":"","format":"standard","meta":{"_monsterinsights_skip_tracking":false,"_monsterinsights_sitenote_active":false,"_monsterinsights_sitenote_note":"","_monsterinsights_sitenote_category":0,"footnotes":""},"categories":[10],"tags":[129,134,128,127,1131],"class_list":["post-6489","post","type-post","status-publish","format-standard","hentry","category-aasia","tag-helimaastikud","tag-ilm","tag-linnad","tag-muu-transport","tag-tai"],"_links":{"self":[{"href":"https:\/\/yhelteljel.ee\/index.php?rest_route=\/wp\/v2\/posts\/6489","targetHints":{"allow":["GET"]}}],"collection":[{"href":"https:\/\/yhelteljel.ee\/index.php?rest_route=\/wp\/v2\/posts"}],"about":[{"href":"https:\/\/yhelteljel.ee\/index.php?rest_route=\/wp\/v2\/types\/post"}],"author":[{"embeddable":true,"href":"https:\/\/yhelteljel.ee\/index.php?rest_route=\/wp\/v2\/users\/2"}],"replies":[{"embeddable":true,"href":"https:\/\/yhelteljel.ee\/index.php?rest_route=%2Fwp%2Fv2%2Fcomments&post=6489"}],"version-history":[{"count":17,"href":"https:\/\/yhelteljel.ee\/index.php?rest_route=\/wp\/v2\/posts\/6489\/revisions"}],"predecessor-version":[{"id":6526,"href":"https:\/\/yhelteljel.ee\/index.php?rest_route=\/wp\/v2\/posts\/6489\/revisions\/6526"}],"wp:attachment":[{"href":"https:\/\/yhelteljel.ee\/index.php?rest_route=%2Fwp%2Fv2%2Fmedia&parent=6489"}],"wp:term":[{"taxonomy":"category","embeddable":true,"href":"https:\/\/yhelteljel.ee\/index.php?rest_route=%2Fwp%2Fv2%2Fcategories&post=6489"},{"taxonomy":"post_tag","embeddable":true,"href":"https:\/\/yhelteljel.ee\/index.php?rest_route=%2Fwp%2Fv2%2Ftags&post=6489"}],"curies":[{"name":"wp","href":"https:\/\/api.w.org\/{rel}","templated":true}]}}