{"id":6424,"date":"2010-03-22T14:00:48","date_gmt":"2010-03-22T12:00:48","guid":{"rendered":"http:\/\/yhelteljel.ee\/?p=6424"},"modified":"2010-03-20T16:50:51","modified_gmt":"2010-03-20T14:50:51","slug":"magirahvaste-jalil","status":"publish","type":"post","link":"https:\/\/yhelteljel.ee\/?p=6424","title":{"rendered":"M\u00e4girahvaste j\u00e4lil"},"content":{"rendered":"<p><a href=\"http:\/\/yhelteljel.ee\/wp-content\/uploads\/2010\/03\/IMG_5410_s.jpg\" target=\"_blank\"><img loading=\"lazy\" decoding=\"async\" class=\"alignnone size-full wp-image-6456\" title=\"Kayani h\u00f5imu naine - tuntud oma &quot;pika kaela&quot; poolest\" src=\"http:\/\/yhelteljel.ee\/wp-content\/uploads\/2010\/03\/IMG_5410_v.jpg\" alt=\"\" width=\"530\" height=\"707\" srcset=\"https:\/\/yhelteljel.ee\/wp-content\/uploads\/2010\/03\/IMG_5410_v.jpg 530w, https:\/\/yhelteljel.ee\/wp-content\/uploads\/2010\/03\/IMG_5410_v-224x300.jpg 224w\" sizes=\"auto, (max-width: 530px) 100vw, 530px\" \/><\/a><\/p>\n<p><a href=\"http:\/\/yhelteljel.ee\/wp-content\/uploads\/2010\/03\/IMG_5410_s.jpg\" target=\"_blank\"><\/a>Akhade k\u00fcla Laoses andis nii v\u00f5imsa emotsionaalse laengu, et n\u00fc\u00fcd, kui olime j\u00f5udnud Taisse, ei saanud kuidagi vastu panna kiusatusele m\u00e4girahvaste vallas veel midagi uut avastada. K\u00e4sitsi joonistatud kaart n\u00e4pus, istusime taas tsikli selga ning p\u00f5rutasime tundmatusse.<\/p>\n<p><!--more--><\/p>\n<p>Teele j\u00e4i igasugu k\u00fclasid &#8211; nii selliseid, kus meid n\u00e4hes suveniiriletid lahti l\u00f6\u00f6di, kui selliseid, kus lapsed vaatasid meid hirmunud pilgul, nagu oleksime esimesed turistid, keda nad on eales n\u00e4inud.<\/p>\n<p>Teele j\u00e4i karenite k\u00fclasid. Karenid on p\u00e4rit Myanmarist ning tegemist on arvu poolest suurima rahvusv\u00e4hemusega Tais &#8211; kokku \u00fcle kolmesaja tuhande inimese. Maailmas elab neid \u00fcle 14 miljoni &#8211; m\u00f5elda vaid, k\u00fcmnekordne Eesti elanikkond &#8211; kuid vaatamata aastak\u00fcmneid kestnud vabadusv\u00f5itlusele ei ole neil iseseisvat riiki \u00f5nnestunud rajada. Paljud on Taisse p\u00f5genenud tagakiusamise eest Myanmaris.<\/p>\n<p><a href=\"http:\/\/yhelteljel.ee\/wp-content\/uploads\/2010\/03\/IMG_5284_s.jpg\" target=\"_blank\"><img loading=\"lazy\" decoding=\"async\" class=\"alignnone size-full wp-image-6430\" title=\"Pudulojused teed \u00fcletamas\" src=\"http:\/\/yhelteljel.ee\/wp-content\/uploads\/2010\/03\/IMG_5284_v.jpg\" alt=\"\" width=\"530\" height=\"398\" srcset=\"https:\/\/yhelteljel.ee\/wp-content\/uploads\/2010\/03\/IMG_5284_v.jpg 530w, https:\/\/yhelteljel.ee\/wp-content\/uploads\/2010\/03\/IMG_5284_v-300x225.jpg 300w\" sizes=\"auto, (max-width: 530px) 100vw, 530px\" \/><\/a><\/p>\n<p><a href=\"http:\/\/yhelteljel.ee\/wp-content\/uploads\/2010\/03\/IMG_5281_s.jpg\" target=\"_blank\"><img loading=\"lazy\" decoding=\"async\" title=\"Pudulojused kareni k\u00fclas\" src=\"http:\/\/yhelteljel.ee\/wp-content\/uploads\/2010\/03\/IMG_5281_v.jpg\" alt=\"\" width=\"530\" height=\"398\" \/><\/a><\/p>\n<p><img loading=\"lazy\" decoding=\"async\" class=\"alignnone size-full wp-image-6426\" title=\"Kareni vanat\u00e4di\" src=\"http:\/\/yhelteljel.ee\/wp-content\/uploads\/2010\/03\/IMG_5277_2.jpg\" alt=\"\" width=\"530\" height=\"852\" srcset=\"https:\/\/yhelteljel.ee\/wp-content\/uploads\/2010\/03\/IMG_5277_2.jpg 530w, https:\/\/yhelteljel.ee\/wp-content\/uploads\/2010\/03\/IMG_5277_2-186x300.jpg 186w\" sizes=\"auto, (max-width: 530px) 100vw, 530px\" \/><\/p>\n<p>Visuaalselt \u00fcheks ekstravagantsemaks r\u00fchmaks karenite seas on kayanid, kes on \u00fcle maailma tuntud oma pikkade kaelte poolest. Teaduslikust k\u00fcljest vaadates on jutt pikkadest kaeltest muidugi jama &#8211; vaskr\u00f5ngaste lisamine kaelale ei venita seda pikemaks, k\u00fcll aga surub alla rangluud ning sunnib rinnakorvi deformeeruma, kuid vaatepilt on efektne.<\/p>\n<p>T\u00e4nap\u00e4eval kannavad kayani naised r\u00f5ngaid rohkem kultuurilise identiteedi s\u00e4ilitamise p\u00e4rast, kuid r\u00f5ngad toovad ka turiste, ning turistid toovad raha. Teooriaid ja legende selle kohta, miks r\u00f5ngaid \u00fcldse kandma hakati, on muidugi mitmeid. N\u00e4iteks, et r\u00f5ngad kaitsesid naisi orjastamise eest, sest r\u00f5ngastatud, inetud naised ei pakkunud v\u00f5\u00f5rastele h\u00f5imudele huvi. Romantikutele meeldib kindlasti seletus, et pika kaelaga naised meenutavad kayani muistendite olulist tegelast, draakonit.<\/p>\n<p><a href=\"http:\/\/yhelteljel.ee\/wp-content\/uploads\/2010\/03\/IMG_5401_s.jpg\" target=\"_blank\"><img loading=\"lazy\" decoding=\"async\" title=\"Kayani t\u00fcdruk kangast kudumas\" src=\"http:\/\/yhelteljel.ee\/wp-content\/uploads\/2010\/03\/IMG_5401_v.jpg\" alt=\"\" width=\"530\" height=\"385\" \/><\/a><\/p>\n<p><img loading=\"lazy\" decoding=\"async\" class=\"alignnone size-full wp-image-6452\" title=\"Kayani poiss\" src=\"http:\/\/yhelteljel.ee\/wp-content\/uploads\/2010\/03\/IMG_5407_2.jpg\" alt=\"\" width=\"530\" height=\"901\" srcset=\"https:\/\/yhelteljel.ee\/wp-content\/uploads\/2010\/03\/IMG_5407_2.jpg 530w, https:\/\/yhelteljel.ee\/wp-content\/uploads\/2010\/03\/IMG_5407_2-176x300.jpg 176w\" sizes=\"auto, (max-width: 530px) 100vw, 530px\" \/><\/p>\n<p><a href=\"http:\/\/yhelteljel.ee\/wp-content\/uploads\/2010\/03\/IMG_5399_s.jpg\" target=\"_blank\"><img loading=\"lazy\" decoding=\"async\" class=\"alignnone size-full wp-image-6449\" title=\"Kayani naine\" src=\"http:\/\/yhelteljel.ee\/wp-content\/uploads\/2010\/03\/IMG_5399_v.jpg\" alt=\"\" width=\"530\" height=\"617\" srcset=\"https:\/\/yhelteljel.ee\/wp-content\/uploads\/2010\/03\/IMG_5399_v.jpg 530w, https:\/\/yhelteljel.ee\/wp-content\/uploads\/2010\/03\/IMG_5399_v-257x300.jpg 257w\" sizes=\"auto, (max-width: 530px) 100vw, 530px\" \/><\/a><\/p>\n<p><a href=\"http:\/\/yhelteljel.ee\/wp-content\/uploads\/2010\/03\/IMG_5408_s.jpg\" target=\"_blank\"><img loading=\"lazy\" decoding=\"async\" class=\"alignnone size-full wp-image-6454\" title=\"Kayani t\u00fcdruk\" src=\"http:\/\/yhelteljel.ee\/wp-content\/uploads\/2010\/03\/IMG_5408_v.jpg\" alt=\"\" width=\"530\" height=\"707\" srcset=\"https:\/\/yhelteljel.ee\/wp-content\/uploads\/2010\/03\/IMG_5408_v.jpg 530w, https:\/\/yhelteljel.ee\/wp-content\/uploads\/2010\/03\/IMG_5408_v-224x300.jpg 224w\" sizes=\"auto, (max-width: 530px) 100vw, 530px\" \/><\/a><\/p>\n<p>Shanid j\u00f5udsid t\u00e4nase Tai, Laose ja Myanmari aladele juba enne, kui 13. sajandil loodi Sukhothaisse esimene Siiami kuningriik, ning t\u00e4na elab suurem osa nendest Myanmaris.<\/p>\n<p><a href=\"http:\/\/yhelteljel.ee\/wp-content\/uploads\/2010\/03\/IMG_5305_s.jpg\" target=\"_blank\"><img loading=\"lazy\" decoding=\"async\" title=\"Tee shanide k\u00fclla - jah, see on tee sinna - ei n\u00e4e just palju autosid.\" src=\"http:\/\/yhelteljel.ee\/wp-content\/uploads\/2010\/03\/IMG_5305_v.jpg\" alt=\"\" width=\"530\" height=\"707\" \/><\/a><\/p>\n<p><a href=\"http:\/\/yhelteljel.ee\/wp-content\/uploads\/2010\/03\/Tai-6s.jpg\" target=\"_blank\"><img loading=\"lazy\" decoding=\"async\" class=\"alignnone size-full wp-image-6457\" title=\"Shani k\u00fcla panoraam\" src=\"http:\/\/yhelteljel.ee\/wp-content\/uploads\/2010\/03\/Tai-5v.png\" alt=\"\" width=\"530\" height=\"102\" srcset=\"https:\/\/yhelteljel.ee\/wp-content\/uploads\/2010\/03\/Tai-5v.png 530w, https:\/\/yhelteljel.ee\/wp-content\/uploads\/2010\/03\/Tai-5v-300x57.png 300w\" sizes=\"auto, (max-width: 530px) 100vw, 530px\" \/><\/a><\/p>\n<p><a href=\"http:\/\/yhelteljel.ee\/wp-content\/uploads\/2010\/03\/Tai-7s.jpg\" target=\"_blank\"><img loading=\"lazy\" decoding=\"async\" class=\"alignnone size-full wp-image-6461\" title=\"Shani k\u00fcla on asetatud j\u00e4rskudel teede vahele - seal s\u00f5idetakse v\u00e4he\" src=\"http:\/\/yhelteljel.ee\/wp-content\/uploads\/2010\/03\/Tai-7v.png\" alt=\"\" width=\"530\" height=\"141\" srcset=\"https:\/\/yhelteljel.ee\/wp-content\/uploads\/2010\/03\/Tai-7v.png 530w, https:\/\/yhelteljel.ee\/wp-content\/uploads\/2010\/03\/Tai-7v-300x79.png 300w\" sizes=\"auto, (max-width: 530px) 100vw, 530px\" \/><\/a><\/p>\n<p><a href=\"http:\/\/yhelteljel.ee\/wp-content\/uploads\/2010\/03\/IMG_5321_s.jpg\" target=\"_blank\"><img loading=\"lazy\" decoding=\"async\" class=\"alignnone size-full wp-image-6440\" title=\"Shani naine\" src=\"http:\/\/yhelteljel.ee\/wp-content\/uploads\/2010\/03\/IMG_5321_v.jpg\" alt=\"\" width=\"530\" height=\"398\" srcset=\"https:\/\/yhelteljel.ee\/wp-content\/uploads\/2010\/03\/IMG_5321_v.jpg 530w, https:\/\/yhelteljel.ee\/wp-content\/uploads\/2010\/03\/IMG_5321_v-300x225.jpg 300w\" sizes=\"auto, (max-width: 530px) 100vw, 530px\" \/><\/a><\/p>\n<p><a href=\"http:\/\/yhelteljel.ee\/wp-content\/uploads\/2010\/03\/IMG_5327_s.jpg\" target=\"_blank\"><img loading=\"lazy\" decoding=\"async\" class=\"alignnone size-full wp-image-6442\" title=\"Laps k\u00fclas\" src=\"http:\/\/yhelteljel.ee\/wp-content\/uploads\/2010\/03\/IMG_5327_v.jpg\" alt=\"\" width=\"530\" height=\"707\" srcset=\"https:\/\/yhelteljel.ee\/wp-content\/uploads\/2010\/03\/IMG_5327_v.jpg 530w, https:\/\/yhelteljel.ee\/wp-content\/uploads\/2010\/03\/IMG_5327_v-224x300.jpg 224w\" sizes=\"auto, (max-width: 530px) 100vw, 530px\" \/><\/a><\/p>\n<p><img loading=\"lazy\" decoding=\"async\" class=\"alignnone size-full wp-image-6443\" title=\"Noor preili k\u00fcmme numbrit suuremates kingades\" src=\"http:\/\/yhelteljel.ee\/wp-content\/uploads\/2010\/03\/IMG_5329_2.jpg\" alt=\"\" width=\"530\" height=\"899\" srcset=\"https:\/\/yhelteljel.ee\/wp-content\/uploads\/2010\/03\/IMG_5329_2.jpg 530w, https:\/\/yhelteljel.ee\/wp-content\/uploads\/2010\/03\/IMG_5329_2-176x300.jpg 176w\" sizes=\"auto, (max-width: 530px) 100vw, 530px\" \/><\/p>\n<p><a href=\"http:\/\/yhelteljel.ee\/wp-content\/uploads\/2010\/03\/IMG_5313_s.jpg\" target=\"_blank\"><img loading=\"lazy\" decoding=\"async\" class=\"alignnone size-full wp-image-6436\" title=\"Shani t\u00fcdruk\" src=\"http:\/\/yhelteljel.ee\/wp-content\/uploads\/2010\/03\/IMG_5313_v.jpg\" alt=\"\" width=\"530\" height=\"398\" srcset=\"https:\/\/yhelteljel.ee\/wp-content\/uploads\/2010\/03\/IMG_5313_v.jpg 530w, https:\/\/yhelteljel.ee\/wp-content\/uploads\/2010\/03\/IMG_5313_v-300x225.jpg 300w\" sizes=\"auto, (max-width: 530px) 100vw, 530px\" \/><\/a><\/p>\n<p><a href=\"http:\/\/yhelteljel.ee\/wp-content\/uploads\/2010\/03\/IMG_5317_s.jpg\" target=\"_blank\"><img loading=\"lazy\" decoding=\"async\" class=\"alignnone size-full wp-image-6438\" title=\"Vana naine shani h\u00f5imust\" src=\"http:\/\/yhelteljel.ee\/wp-content\/uploads\/2010\/03\/IMG_5317_v.jpg\" alt=\"\" width=\"530\" height=\"707\" srcset=\"https:\/\/yhelteljel.ee\/wp-content\/uploads\/2010\/03\/IMG_5317_v.jpg 530w, https:\/\/yhelteljel.ee\/wp-content\/uploads\/2010\/03\/IMG_5317_v-224x300.jpg 224w\" sizes=\"auto, (max-width: 530px) 100vw, 530px\" \/><\/a><\/p>\n<p><a href=\"http:\/\/yhelteljel.ee\/wp-content\/uploads\/2010\/03\/IMG_5306_s.jpg\" target=\"_blank\"><img loading=\"lazy\" decoding=\"async\" class=\"alignnone size-full wp-image-6434\" title=\"Shani mees\" src=\"http:\/\/yhelteljel.ee\/wp-content\/uploads\/2010\/03\/IMG_5306_v.jpg\" alt=\"\" width=\"530\" height=\"707\" srcset=\"https:\/\/yhelteljel.ee\/wp-content\/uploads\/2010\/03\/IMG_5306_v.jpg 530w, https:\/\/yhelteljel.ee\/wp-content\/uploads\/2010\/03\/IMG_5306_v-224x300.jpg 224w\" sizes=\"auto, (max-width: 530px) 100vw, 530px\" \/><\/a><\/p>\n<p>Ja siis on veel lisud ja lahud ja mitu rahvusr\u00fchma veel, kellest k\u00f5ik elavad P\u00f5hja-Tai m\u00e4gistel aladel. Muide, nii nagu Laoses, on ka Tais \u00f5hk praegusel aastaajal alep\u00f5llunduse osaks olevast metsap\u00f5letamisest suitsust paks, nii et erilisi vaateid m\u00e4gedest ei saa. Siin m\u00f5ned pildid:<\/p>\n<p><a href=\"http:\/\/yhelteljel.ee\/wp-content\/uploads\/2010\/03\/IMG_5363_s.jpg\" target=\"_blank\"><img loading=\"lazy\" decoding=\"async\" class=\"alignnone size-full wp-image-6447\" title=\"Vana lisu naine\" src=\"http:\/\/yhelteljel.ee\/wp-content\/uploads\/2010\/03\/IMG_5363_v.jpg\" alt=\"\" width=\"530\" height=\"707\" srcset=\"https:\/\/yhelteljel.ee\/wp-content\/uploads\/2010\/03\/IMG_5363_v.jpg 530w, https:\/\/yhelteljel.ee\/wp-content\/uploads\/2010\/03\/IMG_5363_v-224x300.jpg 224w\" sizes=\"auto, (max-width: 530px) 100vw, 530px\" \/><\/a><\/p>\n<p><a href=\"http:\/\/yhelteljel.ee\/wp-content\/uploads\/2010\/03\/IMG_5354_s.jpg\" target=\"_blank\"><img loading=\"lazy\" decoding=\"async\" class=\"alignnone size-full wp-image-6445\" title=\"Lisude k\u00fcla\" src=\"http:\/\/yhelteljel.ee\/wp-content\/uploads\/2010\/03\/IMG_5354_v.jpg\" alt=\"\" width=\"530\" height=\"398\" srcset=\"https:\/\/yhelteljel.ee\/wp-content\/uploads\/2010\/03\/IMG_5354_v.jpg 530w, https:\/\/yhelteljel.ee\/wp-content\/uploads\/2010\/03\/IMG_5354_v-300x225.jpg 300w\" sizes=\"auto, (max-width: 530px) 100vw, 530px\" \/><\/a><\/p>\n<p><a href=\"http:\/\/yhelteljel.ee\/wp-content\/uploads\/2010\/03\/IMG_5419_s.jpg\" target=\"_blank\"><img loading=\"lazy\" decoding=\"async\" class=\"alignnone size-full wp-image-6482\" title=\"M\u00e4girahva k\u00fcla\" src=\"http:\/\/yhelteljel.ee\/wp-content\/uploads\/2010\/03\/IMG_5419_v.jpg\" alt=\"\" width=\"530\" height=\"398\" srcset=\"https:\/\/yhelteljel.ee\/wp-content\/uploads\/2010\/03\/IMG_5419_v.jpg 530w, https:\/\/yhelteljel.ee\/wp-content\/uploads\/2010\/03\/IMG_5419_v-300x225.jpg 300w\" sizes=\"auto, (max-width: 530px) 100vw, 530px\" \/><\/a><\/p>\n<p><a href=\"http:\/\/yhelteljel.ee\/wp-content\/uploads\/2010\/03\/IMG_5415_s.jpg\" target=\"_blank\"><img loading=\"lazy\" decoding=\"async\" class=\"alignnone size-full wp-image-6480\" title=\"Naine katuseehitusmaterjali k\u00fclla toimetamas\" src=\"http:\/\/yhelteljel.ee\/wp-content\/uploads\/2010\/03\/IMG_5415_v.jpg\" alt=\"\" width=\"530\" height=\"355\" srcset=\"https:\/\/yhelteljel.ee\/wp-content\/uploads\/2010\/03\/IMG_5415_v.jpg 530w, https:\/\/yhelteljel.ee\/wp-content\/uploads\/2010\/03\/IMG_5415_v-300x200.jpg 300w\" sizes=\"auto, (max-width: 530px) 100vw, 530px\" \/><\/a><\/p>\n<p><a href=\"http:\/\/yhelteljel.ee\/wp-content\/uploads\/2010\/03\/Tai-9s.jpg\" target=\"_blank\"><img loading=\"lazy\" decoding=\"async\" class=\"alignnone size-full wp-image-6467\" title=\"Lahude k\u00fcla\" src=\"http:\/\/yhelteljel.ee\/wp-content\/uploads\/2010\/03\/Tai-9v.png\" alt=\"\" width=\"530\" height=\"105\" srcset=\"https:\/\/yhelteljel.ee\/wp-content\/uploads\/2010\/03\/Tai-9v.png 530w, https:\/\/yhelteljel.ee\/wp-content\/uploads\/2010\/03\/Tai-9v-300x59.png 300w\" sizes=\"auto, (max-width: 530px) 100vw, 530px\" \/><\/a><\/p>\n<p><a href=\"http:\/\/yhelteljel.ee\/wp-content\/uploads\/2010\/03\/Tai-8s.jpg\" target=\"_blank\"><img loading=\"lazy\" decoding=\"async\" class=\"alignnone size-full wp-image-6464\" title=\"Teel\u00f5ik m\u00e4girahvaste k\u00fclade vahel\" src=\"http:\/\/yhelteljel.ee\/wp-content\/uploads\/2010\/03\/Tai-8v.png\" alt=\"\" width=\"530\" height=\"62\" srcset=\"https:\/\/yhelteljel.ee\/wp-content\/uploads\/2010\/03\/Tai-8v.png 530w, https:\/\/yhelteljel.ee\/wp-content\/uploads\/2010\/03\/Tai-8v-300x35.png 300w\" sizes=\"auto, (max-width: 530px) 100vw, 530px\" \/><\/a><\/p>\n<p><a href=\"http:\/\/yhelteljel.ee\/wp-content\/uploads\/2010\/03\/Tai-11s.jpg\" target=\"_blank\"><img loading=\"lazy\" decoding=\"async\" class=\"alignnone size-full wp-image-6473\" title=\"Suitsused P\u00f5hja-Tai maastikud - peaks olema Tai k\u00f5ige ilusam kant, aga oleme ilmselgelt tulnud siia valel ajal!\" src=\"http:\/\/yhelteljel.ee\/wp-content\/uploads\/2010\/03\/Tai-11v.png\" alt=\"\" width=\"530\" height=\"123\" srcset=\"https:\/\/yhelteljel.ee\/wp-content\/uploads\/2010\/03\/Tai-11v.png 530w, https:\/\/yhelteljel.ee\/wp-content\/uploads\/2010\/03\/Tai-11v-300x69.png 300w\" sizes=\"auto, (max-width: 530px) 100vw, 530px\" \/><\/a><\/p>\n","protected":false},"excerpt":{"rendered":"<p>Akhade k\u00fcla Laoses andis nii v\u00f5imsa emotsionaalse laengu, et n\u00fc\u00fcd, kui olime j\u00f5udnud Taisse, ei saanud kuidagi vastu panna kiusatusele m\u00e4girahvaste vallas veel midagi uut avastada. K\u00e4sitsi joonistatud kaart n\u00e4pus, istusime taas tsikli selga ning p\u00f5rutasime tundmatusse.<\/p>\n","protected":false},"author":3,"featured_media":0,"comment_status":"open","ping_status":"open","sticky":false,"template":"","format":"standard","meta":{"_monsterinsights_skip_tracking":false,"_monsterinsights_sitenote_active":false,"_monsterinsights_sitenote_note":"","_monsterinsights_sitenote_category":0,"footnotes":""},"categories":[10],"tags":[1114,1131,1115],"class_list":["post-6424","post","type-post","status-publish","format-standard","hentry","category-aasia","tag-inimesed","tag-tai","tag-teeolud"],"_links":{"self":[{"href":"https:\/\/yhelteljel.ee\/index.php?rest_route=\/wp\/v2\/posts\/6424","targetHints":{"allow":["GET"]}}],"collection":[{"href":"https:\/\/yhelteljel.ee\/index.php?rest_route=\/wp\/v2\/posts"}],"about":[{"href":"https:\/\/yhelteljel.ee\/index.php?rest_route=\/wp\/v2\/types\/post"}],"author":[{"embeddable":true,"href":"https:\/\/yhelteljel.ee\/index.php?rest_route=\/wp\/v2\/users\/3"}],"replies":[{"embeddable":true,"href":"https:\/\/yhelteljel.ee\/index.php?rest_route=%2Fwp%2Fv2%2Fcomments&post=6424"}],"version-history":[{"count":9,"href":"https:\/\/yhelteljel.ee\/index.php?rest_route=\/wp\/v2\/posts\/6424\/revisions"}],"predecessor-version":[{"id":6486,"href":"https:\/\/yhelteljel.ee\/index.php?rest_route=\/wp\/v2\/posts\/6424\/revisions\/6486"}],"wp:attachment":[{"href":"https:\/\/yhelteljel.ee\/index.php?rest_route=%2Fwp%2Fv2%2Fmedia&parent=6424"}],"wp:term":[{"taxonomy":"category","embeddable":true,"href":"https:\/\/yhelteljel.ee\/index.php?rest_route=%2Fwp%2Fv2%2Fcategories&post=6424"},{"taxonomy":"post_tag","embeddable":true,"href":"https:\/\/yhelteljel.ee\/index.php?rest_route=%2Fwp%2Fv2%2Ftags&post=6424"}],"curies":[{"name":"wp","href":"https:\/\/api.w.org\/{rel}","templated":true}]}}