{"id":6376,"date":"2010-03-20T11:48:39","date_gmt":"2010-03-20T09:48:39","guid":{"rendered":"http:\/\/yhelteljel.ee\/?p=6376"},"modified":"2010-03-20T11:48:39","modified_gmt":"2010-03-20T09:48:39","slug":"everybody-so-tired","status":"publish","type":"post","link":"https:\/\/yhelteljel.ee\/?p=6376","title":{"rendered":"&#8220;Everybody so tired&#8221;"},"content":{"rendered":"<p><a href=\"http:\/\/yhelteljel.ee\/wp-content\/uploads\/2010\/03\/IMG_5206_s.jpg\" target=\"_blank\"><img loading=\"lazy\" decoding=\"async\" class=\"alignnone size-full wp-image-6388\" title=\"Moodustised \u00fcrgses Lot'i koopas (1)\" src=\"http:\/\/yhelteljel.ee\/wp-content\/uploads\/2010\/03\/IMG_5206_v.jpg\" alt=\"\" width=\"530\" height=\"398\" srcset=\"https:\/\/yhelteljel.ee\/wp-content\/uploads\/2010\/03\/IMG_5206_v.jpg 530w, https:\/\/yhelteljel.ee\/wp-content\/uploads\/2010\/03\/IMG_5206_v-300x225.jpg 300w\" sizes=\"auto, (max-width: 530px) 100vw, 530px\" \/><\/a><\/p>\n<p><a href=\"http:\/\/yhelteljel.ee\/wp-content\/uploads\/2010\/03\/IMG_5206_s.jpg\" target=\"_blank\"><\/a>Tagantj\u00e4rele veel paar s\u00f5na Laosest. Ta \u00fcllatas. Nagu suurema osa riikide puhul, mida oleme sellel ekspeditsioonil k\u00fclastanud, ei teadnud me ka Laosest enne suurt midagi. Vaid \u00fcks asi oli vestlustest teiste motomatkajatega varem k\u00f5rva j\u00e4\u00e4nud &#8211; et P\u00f5hja-Laose teed on kehvad, kuid pakuvad atmosf\u00e4\u00e4riliste m\u00e4gik\u00fclade n\u00e4ol rohkelt avastamisr\u00f5\u00f5mu. Ja muud midagi. Seda siis l\u00e4ksimegi otsima, kuid nagu see tihtilugu kipub olema, joonistas elu meile mitmetahulisema pildi. Jah, teed on kehvad, kuid ilmselt mitte enam kauaks, sest tee-ehitus on t\u00e4ies hoos. M\u00e4gik\u00fclad on atmosf\u00e4\u00e4rilised, kuid mitte midagi sellist, mida me juba Ida-Timoris v\u00f5i Indoneesias n\u00e4inud poleks. Meie pildile mahtus ka prantsuse koloniaalp\u00e4rand, lehvivad punalipud, v\u00e4rvikad m\u00e4girahvad, kange kohv ning kohalike ootamatu soojus.<\/p>\n<p><!--more--><\/p>\n<p><a href=\"http:\/\/yhelteljel.ee\/wp-content\/uploads\/2010\/03\/IMG_5119_s.jpg\" target=\"_blank\"><img loading=\"lazy\" decoding=\"async\" class=\"alignnone size-full wp-image-6379\" title=\"H\u00fctt Laose hommikuses udus\" src=\"http:\/\/yhelteljel.ee\/wp-content\/uploads\/2010\/03\/IMG_5119_v.jpg\" alt=\"\" width=\"530\" height=\"398\" srcset=\"https:\/\/yhelteljel.ee\/wp-content\/uploads\/2010\/03\/IMG_5119_v.jpg 530w, https:\/\/yhelteljel.ee\/wp-content\/uploads\/2010\/03\/IMG_5119_v-300x225.jpg 300w\" sizes=\"auto, (max-width: 530px) 100vw, 530px\" \/><\/a><\/p>\n<p>Asutasime end taas teele, taas Tai poole, ning p\u00f5kkusime veel viimast korda meile sellel teekonnal juba sinas\u00f5braks saanud auruse Mekongiga &#8211; j\u00f5ega, mis suures osas t\u00e4histab Tai p\u00f5hja- ja idapiiri. Selleks pidime kasutama parve.<\/p>\n<p><a href=\"http:\/\/yhelteljel.ee\/wp-content\/uploads\/2010\/03\/IMG_5124_s.jpg\" target=\"_blank\"><img loading=\"lazy\" decoding=\"async\" class=\"alignnone size-full wp-image-6381\" title=\"Ainsana praamil Mekongi \u00fcletamas, Laosest Taisse\" src=\"http:\/\/yhelteljel.ee\/wp-content\/uploads\/2010\/03\/IMG_5124_v.jpg\" alt=\"\" width=\"530\" height=\"398\" srcset=\"https:\/\/yhelteljel.ee\/wp-content\/uploads\/2010\/03\/IMG_5124_v.jpg 530w, https:\/\/yhelteljel.ee\/wp-content\/uploads\/2010\/03\/IMG_5124_v-300x225.jpg 300w\" sizes=\"auto, (max-width: 530px) 100vw, 530px\" \/><\/a><\/p>\n<p>Esimeseks peatuseks sai Tai kultuuripealinnaks peetav Chiang Mai. Tai rahvas peab sellest v\u00e4ga lugu, nii et \u00fckski vestlus kohalikega ei l\u00e4he \u00fcmber k\u00fcsimusest: &#8220;Kas te Chiang Mais olete juba k\u00e4inud?&#8221;. M\u00f5istagi ajab see ootused suureks. Taaskord pidime t\u00f5dema, et liiga suureks, sest leidsime eest tavalise suure, tolmuse ja l\u00e4rmaka linna, mida ei suuda p\u00e4\u00e4sta ka see, et selles on samapalju templeid, kui Bangkokis kokku. V\u00f5ib-olla ei ole meil lihtsalt m\u00e4\u00e4ratud Chiang Maisse \u00e4ra armuda? V\u00f5i Taisse \u00fcldse? \u00c4rge saage valesti aru, Tail ei ole tegelikult h\u00e4da midagi, ning kohati leiab siingi v\u00f5luvaid n\u00fcansse, kuid et tekiks selline arusaamine, nagu m\u00f5ne riigi puhul, et &#8220;see ongi see&#8221;\u2026 Mida ei ole, seda ei ole. Veel mitte.<\/p>\n<p>Pildikesi Chiang Maist:<\/p>\n<p><a href=\"http:\/\/yhelteljel.ee\/wp-content\/uploads\/2010\/03\/IMG_5142_s.jpg\" target=\"_blank\"><img loading=\"lazy\" decoding=\"async\" class=\"alignnone size-full wp-image-6383\" title=\"Ehtne pr\u00e4\u00e4nikupood Chiang Mais\" src=\"http:\/\/yhelteljel.ee\/wp-content\/uploads\/2010\/03\/IMG_5142_v.jpg\" alt=\"\" width=\"530\" height=\"398\" srcset=\"https:\/\/yhelteljel.ee\/wp-content\/uploads\/2010\/03\/IMG_5142_v.jpg 530w, https:\/\/yhelteljel.ee\/wp-content\/uploads\/2010\/03\/IMG_5142_v-300x225.jpg 300w\" sizes=\"auto, (max-width: 530px) 100vw, 530px\" \/><\/a><\/p>\n<p><a href=\"http:\/\/yhelteljel.ee\/wp-content\/uploads\/2010\/03\/IMG_5148_s.jpg\" target=\"_blank\"><img loading=\"lazy\" decoding=\"async\" class=\"alignnone size-full wp-image-6385\" title=\"Meie elu esimene s\u00f5it Tuk Tuk'ga\" src=\"http:\/\/yhelteljel.ee\/wp-content\/uploads\/2010\/03\/IMG_5148_v.jpg\" alt=\"\" width=\"530\" height=\"398\" srcset=\"https:\/\/yhelteljel.ee\/wp-content\/uploads\/2010\/03\/IMG_5148_v.jpg 530w, https:\/\/yhelteljel.ee\/wp-content\/uploads\/2010\/03\/IMG_5148_v-300x225.jpg 300w\" sizes=\"auto, (max-width: 530px) 100vw, 530px\" \/><\/a><\/p>\n<p><a href=\"http:\/\/yhelteljel.ee\/wp-content\/uploads\/2010\/03\/Tai-1s.jpg\" target=\"_blank\"><img loading=\"lazy\" decoding=\"async\" class=\"alignnone size-full wp-image-6412\" title=\"Phra Singh tempel Chiang Mais\" src=\"http:\/\/yhelteljel.ee\/wp-content\/uploads\/2010\/03\/Tai-1v.jpg\" alt=\"\" width=\"530\" height=\"439\" srcset=\"https:\/\/yhelteljel.ee\/wp-content\/uploads\/2010\/03\/Tai-1v.jpg 530w, https:\/\/yhelteljel.ee\/wp-content\/uploads\/2010\/03\/Tai-1v-300x248.jpg 300w\" sizes=\"auto, (max-width: 530px) 100vw, 530px\" \/><\/a><\/p>\n<p><a href=\"http:\/\/yhelteljel.ee\/wp-content\/uploads\/2010\/03\/Tai-2s.jpg\" target=\"_blank\"><img loading=\"lazy\" decoding=\"async\" class=\"alignnone size-full wp-image-6414\" title=\"Phra Singh'i kompleksi panoraam koos stuupaga\" src=\"http:\/\/yhelteljel.ee\/wp-content\/uploads\/2010\/03\/Tai-2v.png\" alt=\"\" width=\"530\" height=\"254\" srcset=\"https:\/\/yhelteljel.ee\/wp-content\/uploads\/2010\/03\/Tai-2v.png 530w, https:\/\/yhelteljel.ee\/wp-content\/uploads\/2010\/03\/Tai-2v-300x143.png 300w\" sizes=\"auto, (max-width: 530px) 100vw, 530px\" \/><\/a><\/p>\n<p><a href=\"http:\/\/yhelteljel.ee\/wp-content\/uploads\/2010\/03\/Tai-3s.jpg\" target=\"_blank\"><img loading=\"lazy\" decoding=\"async\" class=\"alignnone size-full wp-image-6417\" title=\"Tempel seest\" src=\"http:\/\/yhelteljel.ee\/wp-content\/uploads\/2010\/03\/Tai-3v.jpg\" alt=\"\" width=\"530\" height=\"494\" srcset=\"https:\/\/yhelteljel.ee\/wp-content\/uploads\/2010\/03\/Tai-3v.jpg 530w, https:\/\/yhelteljel.ee\/wp-content\/uploads\/2010\/03\/Tai-3v-300x279.jpg 300w\" sizes=\"auto, (max-width: 530px) 100vw, 530px\" \/><\/a><\/p>\n<p>Phra Singhi templis toimus munkade meditatsioon:<\/p>\n[audio:Chiang_Mai_meditatsioon.mp3]\n<p>Kui n\u00fc\u00fcd siiski p\u00fc\u00fcda olla objektiivne, siis ei saa v\u00e4listada, et meie kesisev\u00f5itu mulje on tingitud igap\u00e4evasest l\u00e4mmatavast kuumusest, mis muudab meid loiuks ja virilaks. Kuid mitte ainult meid &#8211; enam kui \u00fcks kord oleme turvalise parkimisega k\u00fclalistemaja otsides kuulnud, et &#8220;nobody steal your bike, your bike too heavy, the sun is too hot, everybody so tired!&#8221; (keegi ei varasta teie ratast \u00e4ra, see on liiga raske, ilm on liiga palav, k\u00f5ik on nii v\u00e4sinud!). Muidugi vaevalt, et vargal on ilmast sooja ega k\u00fclma, aga see selleks. Palavus ON v\u00e4sitav.<\/p>\n<p>Me ei hakanud Chiang Mai peale liigselt aega raiskama, vaid otsustasime kuumuse eest m\u00e4gedesse p\u00f5geneda. Ja teatavasti pole jahedamat kohta kui m\u00e4gikoopad. Otsisime \u00fcles \u00fcsna Myanmari piiri l\u00e4hedal asuva Lot&#8217;i koobastiku, rentisime gaasilaterna ja giidi seda kandma, ning s\u00f5it bambusparvel m\u00f6\u00f6da Nam Langi j\u00f5ge l\u00e4bi koobaste v\u00f5is alata!<\/p>\n<p><a href=\"http:\/\/yhelteljel.ee\/wp-content\/uploads\/2010\/03\/Tai-4s.jpg\" target=\"_blank\"><img loading=\"lazy\" decoding=\"async\" class=\"alignnone size-full wp-image-6419\" title=\"Sissep\u00e4\u00e4s tohutusuurde Lot'i koopasse\" src=\"http:\/\/yhelteljel.ee\/wp-content\/uploads\/2010\/03\/Tai-4v.jpg\" alt=\"\" width=\"530\" height=\"169\" srcset=\"https:\/\/yhelteljel.ee\/wp-content\/uploads\/2010\/03\/Tai-4v.jpg 530w, https:\/\/yhelteljel.ee\/wp-content\/uploads\/2010\/03\/Tai-4v-300x95.jpg 300w\" sizes=\"auto, (max-width: 530px) 100vw, 530px\" \/><\/a><\/p>\n<p><a href=\"http:\/\/yhelteljel.ee\/wp-content\/uploads\/2010\/03\/IMG_5239_s.jpg\" target=\"_blank\"><img loading=\"lazy\" decoding=\"async\" class=\"alignnone size-full wp-image-6406\" title=\"Parvemees meid pimedusse viimas\" src=\"http:\/\/yhelteljel.ee\/wp-content\/uploads\/2010\/03\/IMG_5239_v.jpg\" alt=\"\" width=\"530\" height=\"707\" srcset=\"https:\/\/yhelteljel.ee\/wp-content\/uploads\/2010\/03\/IMG_5239_v.jpg 530w, https:\/\/yhelteljel.ee\/wp-content\/uploads\/2010\/03\/IMG_5239_v-224x300.jpg 224w\" sizes=\"auto, (max-width: 530px) 100vw, 530px\" \/><\/a><\/p>\n<p><a href=\"http:\/\/yhelteljel.ee\/wp-content\/uploads\/2010\/03\/IMG_5254_s.jpg\" target=\"_blank\"><img loading=\"lazy\" decoding=\"async\" class=\"alignnone size-full wp-image-6410\" title=\"Parvega pimeduses - vaid m\u00fcstilised seinte detailid olid kohati n\u00e4ha\" src=\"http:\/\/yhelteljel.ee\/wp-content\/uploads\/2010\/03\/IMG_5254_v.jpg\" alt=\"\" width=\"530\" height=\"398\" srcset=\"https:\/\/yhelteljel.ee\/wp-content\/uploads\/2010\/03\/IMG_5254_v.jpg 530w, https:\/\/yhelteljel.ee\/wp-content\/uploads\/2010\/03\/IMG_5254_v-300x225.jpg 300w\" sizes=\"auto, (max-width: 530px) 100vw, 530px\" \/><\/a><\/p>\n<p>Pooleteisekilomeetrise s\u00f5idu sisse j\u00e4id peatused suuremates koobastes. N\u00e4gime \u00e4ra nii stalagmiidid (kasvavad alt \u00fcles) kui stalaktiidid (kasvavad \u00fclevalt alla), kuid lisaks nendele on huvitavad koobastes s\u00e4ilinud paari tuhande aasta vanused tiikpuust kirstud &#8211; m\u00f5ni neist lausa 9 meetrit pikk. Neid on leitud mujaltki P\u00f5hja-Taist ning arvatakse, et need on Lawa h\u00f5imu p\u00e4rand. \u00dches koopas ei ole tavaliselt \u00fcle k\u00fcmne kirstu, nii et ilmselt toimisid koopad kalmistuna vaid kogukonna v\u00e4ljapaistvamatele liikmetele.<\/p>\n<p><a href=\"http:\/\/yhelteljel.ee\/wp-content\/uploads\/2010\/03\/IMG_5213_s.jpg\" target=\"_blank\"><img loading=\"lazy\" decoding=\"async\" title=\"Sissep\u00e4\u00e4s \u00fchte Loti koopasse\" src=\"http:\/\/yhelteljel.ee\/wp-content\/uploads\/2010\/03\/IMG_5213_v.jpg\" alt=\"\" width=\"530\" height=\"351\" \/><\/a><\/p>\n<p><a href=\"http:\/\/yhelteljel.ee\/wp-content\/uploads\/2010\/03\/IMG_5212_s.jpg\" target=\"_blank\"><img loading=\"lazy\" decoding=\"async\" title=\"Giidiga koopaseinu valgustamas\" src=\"http:\/\/yhelteljel.ee\/wp-content\/uploads\/2010\/03\/IMG_5212_v.jpg\" alt=\"\" width=\"530\" height=\"463\" \/><\/a><\/p>\n<p><a href=\"http:\/\/yhelteljel.ee\/wp-content\/uploads\/2010\/03\/IMG_5208_s.jpg\" target=\"_blank\"><img loading=\"lazy\" decoding=\"async\" title=\"Moodustised \u00fcrgses Lot'i koopas (3)\" src=\"http:\/\/yhelteljel.ee\/wp-content\/uploads\/2010\/03\/IMG_5208_v.jpg\" alt=\"\" width=\"530\" height=\"398\" \/><\/a><\/p>\n<p><a href=\"http:\/\/yhelteljel.ee\/wp-content\/uploads\/2010\/03\/IMG_5207_s.jpg\" target=\"_blank\"><img loading=\"lazy\" decoding=\"async\" title=\"Moodustised \u00fcrgses Lot'i koopas (2)\" src=\"http:\/\/yhelteljel.ee\/wp-content\/uploads\/2010\/03\/IMG_5207_v.jpg\" alt=\"\" width=\"530\" height=\"398\" \/><\/a><\/p>\n<p><a href=\"http:\/\/yhelteljel.ee\/wp-content\/uploads\/2010\/03\/IMG_5211_s.jpg\" target=\"_blank\"><img loading=\"lazy\" decoding=\"async\" class=\"alignnone size-full wp-image-6394\" title=\"Pimedas tohutusuures koopas ringi m\u00fcttamas - tekitab peas s\u00fcrri ruumitunnetuse kui m\u00f5tteil lennata lased\" src=\"http:\/\/yhelteljel.ee\/wp-content\/uploads\/2010\/03\/IMG_5211_v.jpg\" alt=\"\" width=\"530\" height=\"398\" srcset=\"https:\/\/yhelteljel.ee\/wp-content\/uploads\/2010\/03\/IMG_5211_v.jpg 530w, https:\/\/yhelteljel.ee\/wp-content\/uploads\/2010\/03\/IMG_5211_v-300x225.jpg 300w\" sizes=\"auto, (max-width: 530px) 100vw, 530px\" \/><\/a><\/p>\n<p><a href=\"http:\/\/yhelteljel.ee\/wp-content\/uploads\/2010\/03\/IMG_5252_s.jpg\" target=\"_blank\"><img loading=\"lazy\" decoding=\"async\" title=\"\u00dcle 2000 aasta vanad puidust killud, millest olid ehitatud kirstud, mis omakorda rippusid koopas puidust kontstruktsioonide otsas\" src=\"http:\/\/yhelteljel.ee\/wp-content\/uploads\/2010\/03\/IMG_5252_v.jpg\" alt=\"\" width=\"530\" height=\"398\" \/><\/a><\/p>\n<p><a href=\"http:\/\/yhelteljel.ee\/wp-content\/uploads\/2010\/03\/IMG_5221_s.jpg\" target=\"_blank\"><img loading=\"lazy\" decoding=\"async\" class=\"alignnone size-full wp-image-6400\" title=\"Koopalagi - stalaktiidid olid suuresti pikemad kui kesmine inimene\" src=\"http:\/\/yhelteljel.ee\/wp-content\/uploads\/2010\/03\/IMG_5221_v.jpg\" alt=\"\" width=\"530\" height=\"398\" srcset=\"https:\/\/yhelteljel.ee\/wp-content\/uploads\/2010\/03\/IMG_5221_v.jpg 530w, https:\/\/yhelteljel.ee\/wp-content\/uploads\/2010\/03\/IMG_5221_v-300x225.jpg 300w\" sizes=\"auto, (max-width: 530px) 100vw, 530px\" \/><\/a><\/p>\n<p><a href=\"http:\/\/yhelteljel.ee\/wp-content\/uploads\/2010\/03\/IMG_5227_s.jpg\" target=\"_blank\"><img loading=\"lazy\" decoding=\"async\" title=\"V\u00e4ljap\u00e4\u00e4s koopast m\u00f6\u00f6da maaalust j\u00f5ge\" src=\"http:\/\/yhelteljel.ee\/wp-content\/uploads\/2010\/03\/IMG_5227_v.jpg\" alt=\"\" width=\"530\" height=\"398\" \/><\/a><\/p>\n<p>Koopas oli m\u00f5nusalt jahe, kuid nii kui v\u00e4lja saime, l\u00e4mmatas kuumus edasi.<\/p>\n","protected":false},"excerpt":{"rendered":"<p>Tagantj\u00e4rele veel paar s\u00f5na Laosest. Ta \u00fcllatas. Nagu suurema osa riikide puhul, mida oleme sellel ekspeditsioonil k\u00fclastanud, ei teadnud me ka Laosest enne suurt midagi. Vaid \u00fcks asi oli vestlustest teiste motomatkajatega varem k\u00f5rva j\u00e4\u00e4nud &#8211; et P\u00f5hja-Laose teed on kehvad, kuid pakuvad atmosf\u00e4\u00e4riliste m\u00e4gik\u00fclade n\u00e4ol rohkelt avastamisr\u00f5\u00f5mu. Ja muud midagi. Seda siis l\u00e4ksimegi otsima, &hellip; <a href=\"https:\/\/yhelteljel.ee\/?p=6376\" class=\"more-link\">Loe edasi <span class=\"screen-reader-text\">&#8220;Everybody so tired&#8221;<\/span> <span class=\"meta-nav\">&rarr;<\/span><\/a><\/p>\n","protected":false},"author":2,"featured_media":0,"comment_status":"open","ping_status":"open","sticky":false,"template":"","format":"standard","meta":{"_monsterinsights_skip_tracking":false,"_monsterinsights_sitenote_active":false,"_monsterinsights_sitenote_note":"","_monsterinsights_sitenote_category":0,"footnotes":""},"categories":[10],"tags":[129,134,1134,1131,126],"class_list":["post-6376","post","type-post","status-publish","format-standard","hentry","category-aasia","tag-helimaastikud","tag-ilm","tag-laos","tag-tai","tag-turismiatraktsioon"],"_links":{"self":[{"href":"https:\/\/yhelteljel.ee\/index.php?rest_route=\/wp\/v2\/posts\/6376","targetHints":{"allow":["GET"]}}],"collection":[{"href":"https:\/\/yhelteljel.ee\/index.php?rest_route=\/wp\/v2\/posts"}],"about":[{"href":"https:\/\/yhelteljel.ee\/index.php?rest_route=\/wp\/v2\/types\/post"}],"author":[{"embeddable":true,"href":"https:\/\/yhelteljel.ee\/index.php?rest_route=\/wp\/v2\/users\/2"}],"replies":[{"embeddable":true,"href":"https:\/\/yhelteljel.ee\/index.php?rest_route=%2Fwp%2Fv2%2Fcomments&post=6376"}],"version-history":[{"count":4,"href":"https:\/\/yhelteljel.ee\/index.php?rest_route=\/wp\/v2\/posts\/6376\/revisions"}],"predecessor-version":[{"id":6423,"href":"https:\/\/yhelteljel.ee\/index.php?rest_route=\/wp\/v2\/posts\/6376\/revisions\/6423"}],"wp:attachment":[{"href":"https:\/\/yhelteljel.ee\/index.php?rest_route=%2Fwp%2Fv2%2Fmedia&parent=6376"}],"wp:term":[{"taxonomy":"category","embeddable":true,"href":"https:\/\/yhelteljel.ee\/index.php?rest_route=%2Fwp%2Fv2%2Fcategories&post=6376"},{"taxonomy":"post_tag","embeddable":true,"href":"https:\/\/yhelteljel.ee\/index.php?rest_route=%2Fwp%2Fv2%2Ftags&post=6376"}],"curies":[{"name":"wp","href":"https:\/\/api.w.org\/{rel}","templated":true}]}}