{"id":4094,"date":"2009-10-25T15:24:27","date_gmt":"2009-10-25T13:24:27","guid":{"rendered":"http:\/\/yhelteljel.ee\/?p=4094"},"modified":"2009-10-31T08:04:07","modified_gmt":"2009-10-31T06:04:07","slug":"bemmil-uued-kummid","status":"publish","type":"post","link":"https:\/\/yhelteljel.ee\/?p=4094","title":{"rendered":"Bemmil uued kummid"},"content":{"rendered":"<p><a href=\"http:\/\/yhelteljel.ee\/wp-content\/uploads\/2009\/10\/IMG_0080_s.jpg\" target=\"_blank\"><img loading=\"lazy\" decoding=\"async\" class=\"alignnone size-full wp-image-4110\" title=\"Darwini kaid - uued ja vanad\" src=\"http:\/\/yhelteljel.ee\/wp-content\/uploads\/2009\/10\/IMG_0080_v.jpg\" alt=\"Darwini kaid - uued ja vanad\" width=\"530\" height=\"327\" srcset=\"https:\/\/yhelteljel.ee\/wp-content\/uploads\/2009\/10\/IMG_0080_v.jpg 530w, https:\/\/yhelteljel.ee\/wp-content\/uploads\/2009\/10\/IMG_0080_v-300x185.jpg 300w\" sizes=\"auto, (max-width: 530px) 100vw, 530px\" \/><\/a><\/p>\n<p><a href=\"http:\/\/yhelteljel.ee\/wp-content\/uploads\/2009\/10\/IMG_0080_s.jpg\" target=\"_blank\"><\/a>Olles j\u00f5udnud <a href=\"http:\/\/en.wikipedia.org\/wiki\/Darwin,_Northern_Territory\" target=\"_blank\">Darwinisse<\/a>, P\u00f5hjaterritooriumi pealinna, ei olnud enam mingit l\u00f5\u00f5gastumist, vaid asusime koheselt organiseerima tsikli transporti Ida-Timorisse (paljud ilmselt k\u00fcsivad, et mis asi see veel on, kuid loodetavasti oskame sellele k\u00fcsimusele varsti ka vastata &#8211; ega me isegi ei tea sellest praeguseks suurt palju rohkem kui seda, et tegemist on \u00fcsna v\u00e4rskelt iseseisvuse saavutanud riigiga, mis veel \u00fcsna hiljuti oli s\u00f5jas Indoneesiaga ning jagab n\u00fc\u00fcd viimasega Timori saart, olles ise pool sellest).<\/p>\n<p><!--more--><\/p>\n<p>Milleks see kiirustamine? Siinkandis on l\u00e4henemas n.\u00f6. m\u00e4rg aeg, mis avamerel l\u00e4hendab tormist ilma. Kuid kuna meie plaan n\u00e4eb l\u00e4hitulevikus ette k\u00f5va seilamist (Indoneesia saarte vahel), ning kuna siinkandi laevad on tormise ilmaga kuulsad\u00a0p\u00f5hjaminejad, siis oleks optimaalne suuremad seilamised enne \u00e4ra teha, kui asi p\u00e4ris hulluks l\u00e4heb.<\/p>\n<p>Niisiis sai transpordifirmaga kokku lepitud, millal tsikli nende hoolde anname, ning see andis meile kaks p\u00e4eva tsikli viimiseks parimasse v\u00f5imalikku vormi enne s\u00f5itmist tont-teab-kuhu (st sinna, kus pole saada varuosi ega sobivaid t\u00f6\u00f6riistu, peaks miski \u00fcles \u00fctlema).<\/p>\n<p>Osa t\u00f6\u00f6st sai tehtud veoautode parkla servas. St seni, kui sealsamas l\u00e4hedal asuvas tsiklit\u00f6\u00f6kojas (kuhu meid muidugi ei lastud) tegeleti rehvide vahetamisega &#8211; tagarehv oli nii kulunud, et keskel terendas juba tekstiil, kiskusin mina lahti ning vahetasin v\u00e4lja esipiduriklotsid:<\/p>\n<p><img loading=\"lazy\" decoding=\"async\" class=\"alignnone size-full wp-image-4103\" title=\"Rehvivahetus +35C kraadises kuumuses - m\u00f5lema ratta eemaldamisel statiiv abiks\" src=\"http:\/\/yhelteljel.ee\/wp-content\/uploads\/2009\/10\/IMG_0058_2.jpg\" alt=\"Rehvivahetus +35C kraadises kuumuses - m\u00f5lema ratta eemaldamisel statiiv abiks\" width=\"530\" height=\"742\" srcset=\"https:\/\/yhelteljel.ee\/wp-content\/uploads\/2009\/10\/IMG_0058_2.jpg 530w, https:\/\/yhelteljel.ee\/wp-content\/uploads\/2009\/10\/IMG_0058_2-214x300.jpg 214w\" sizes=\"auto, (max-width: 530px) 100vw, 530px\" \/><\/p>\n<p>Siis tiirutasime ringi, et leida alumiiniumkeevitust, sest tookord, kui k\u00e4igukast sai tsikli k\u00fcljest eemaldatud, ilmnes, et selle korpusesse on tekkinud v\u00e4ike m\u00f5ra &#8211; sellesse kohta, kuhu k\u00e4ib polt, mis hoiab kinni vasakut jalatuge. \u00dcks jupp oli sealt tegelikult juba ammu lahti tulnud, kuid m\u00f5ra oli uus asi. Kuna arvasin, et risk, et m\u00f5ra hakkab edasi arenema, on p\u00e4ris suur, siis otsustasime seda viga pisut parandada. Ideaal oleks muidugi t\u00e4hendanud p\u00e4ris suurt tegemist, kuid kuna meil polnud ei palju aega ega head kohta tsikli lahtikiskumiseks, siis lasime \u00fches t\u00f6\u00f6kojas teha miinimumi, ehk varem lahti tulnud jupi k\u00e4igukasti k\u00fclge keevitada, et v\u00e4hendada asjatut loksumist. Tund aega t\u00f6\u00f6d, ning &#8220;s\u00f5brahinnaks&#8221; 80 AUD.<\/p>\n<p>Kuid \u00fcks mure oli veel. Avastasin, et p\u00e4rast <a href=\"http:\/\/yhelteljel.ee\/?p=3888\">Kalgoorlie<\/a>&#8216;s tehtud remonti oli kiike j\u00e4\u00e4nud v\u00e4ike loks, ning sellega edasi s\u00f5ita oleks olnud rumal. See t\u00e4hendas, et ka kiik-kardaan vajas lahtiv\u00f5tmist. \u00d5nneks kutsus \u00fcks kohalik motomees, Mick, meid enda poole, kus saime muretult kasutada tema garaa\u017ei ning tsikkel saatmisk\u00f5lbulikku konditsiooni viia &#8211; \u00e4ra tuli vahetada <em>paraleveri<\/em> laagrid, mis olid kulunud:<\/p>\n<p><img loading=\"lazy\" decoding=\"async\" class=\"alignnone size-full wp-image-4104\" title=\"Paraleveri laagrite vahetus\" src=\"http:\/\/yhelteljel.ee\/wp-content\/uploads\/2009\/10\/IMG_0062.jpg\" alt=\"Paraleveri laagrite vahetus\" width=\"530\" height=\"398\" srcset=\"https:\/\/yhelteljel.ee\/wp-content\/uploads\/2009\/10\/IMG_0062.jpg 530w, https:\/\/yhelteljel.ee\/wp-content\/uploads\/2009\/10\/IMG_0062-300x225.jpg 300w\" sizes=\"auto, (max-width: 530px) 100vw, 530px\" \/><\/p>\n<p>Kui see oli korras, siis v\u00f5isimegi tsikli transpordifirmale \u00fcle anda:<\/p>\n<p><a href=\"http:\/\/yhelteljel.ee\/wp-content\/uploads\/2009\/10\/IMG_0068_s.jpg\" target=\"_blank\"><img loading=\"lazy\" decoding=\"async\" class=\"alignnone size-full wp-image-4107\" title=\"Gessut merele saatmas\" src=\"http:\/\/yhelteljel.ee\/wp-content\/uploads\/2009\/10\/IMG_0068.jpg\" alt=\"Gessut merele saatmas\" width=\"530\" height=\"398\" srcset=\"https:\/\/yhelteljel.ee\/wp-content\/uploads\/2009\/10\/IMG_0068.jpg 530w, https:\/\/yhelteljel.ee\/wp-content\/uploads\/2009\/10\/IMG_0068-300x225.jpg 300w\" sizes=\"auto, (max-width: 530px) 100vw, 530px\" \/><\/a><\/p>\n<p>Nii l\u00e4hebki konteinerisse, ilma kasti ja milletagi. J\u00e4rjekordne &#8220;\u00fcletus&#8221;, ja j\u00e4rjekordne s\u00fcdamevalu. Enne ei saa rahu, kui ta n\u00e4dala p\u00e4rast peaksime Ida-Timoris k\u00e4tte saama. Pisut pakub meile leevendust see, et oleme taaskord heades k\u00e4tes, st Mick on lubanud meil enda juures peatuda, ning on meile j\u00f5udum\u00f6\u00f6da ka linna n\u00e4idanud:<\/p>\n<p><a href=\"http:\/\/yhelteljel.ee\/wp-content\/uploads\/2009\/10\/Darwin-1s.jpg\" target=\"_blank\"><img loading=\"lazy\" decoding=\"async\" class=\"alignnone size-full wp-image-4097\" title=\"Darwini siluett l\u00e4bi kuuma ja niiske troopilise \u00f5hu\" src=\"http:\/\/yhelteljel.ee\/wp-content\/uploads\/2009\/10\/Darwin-1v.jpg\" alt=\"Darwini siluett l\u00e4bi kuuma ja niiske troopilise \u00f5hu\" width=\"530\" height=\"75\" srcset=\"https:\/\/yhelteljel.ee\/wp-content\/uploads\/2009\/10\/Darwin-1v.jpg 530w, https:\/\/yhelteljel.ee\/wp-content\/uploads\/2009\/10\/Darwin-1v-300x42.jpg 300w\" sizes=\"auto, (max-width: 530px) 100vw, 530px\" \/><\/a><\/p>\n<p><a href=\"http:\/\/yhelteljel.ee\/wp-content\/uploads\/2009\/10\/Darwin-2s.jpg\" target=\"_blank\"><img loading=\"lazy\" decoding=\"async\" class=\"alignnone size-full wp-image-4099\" title=\"Darwini kesklinna kandist\" src=\"http:\/\/yhelteljel.ee\/wp-content\/uploads\/2009\/10\/Darwin-2v.png\" alt=\"Darwini kesklinna kandist\" width=\"530\" height=\"106\" srcset=\"https:\/\/yhelteljel.ee\/wp-content\/uploads\/2009\/10\/Darwin-2v.png 530w, https:\/\/yhelteljel.ee\/wp-content\/uploads\/2009\/10\/Darwin-2v-300x60.png 300w\" sizes=\"auto, (max-width: 530px) 100vw, 530px\" \/><\/a><\/p>\n<p><a href=\"http:\/\/yhelteljel.ee\/wp-content\/uploads\/2009\/10\/Darwin-3s.jpg\" target=\"_blank\"><img loading=\"lazy\" decoding=\"async\" class=\"alignnone size-full wp-image-4101\" title=\"Darwini rannad - suplemise hooaeg on siiski n\u00fc\u00fcdseks l\u00e4bi seoses m\u00fcrgiste meduuside tulekuga\" src=\"http:\/\/yhelteljel.ee\/wp-content\/uploads\/2009\/10\/Darwin-3v.jpg\" alt=\"Darwini rannad - suplemise hooaeg on siiski n\u00fc\u00fcdseks l\u00e4bi seoses m\u00fcrgiste meduuside tulekuga\" width=\"530\" height=\"68\" srcset=\"https:\/\/yhelteljel.ee\/wp-content\/uploads\/2009\/10\/Darwin-3v.jpg 530w, https:\/\/yhelteljel.ee\/wp-content\/uploads\/2009\/10\/Darwin-3v-300x38.jpg 300w\" sizes=\"auto, (max-width: 530px) 100vw, 530px\" \/><\/a><\/p>\n<p><a href=\"http:\/\/yhelteljel.ee\/wp-content\/uploads\/2009\/10\/IMG_0092_s.jpg\" target=\"_blank\"><img loading=\"lazy\" decoding=\"async\" class=\"alignnone size-full wp-image-4112\" title=\"Kai Darwinis\" src=\"http:\/\/yhelteljel.ee\/wp-content\/uploads\/2009\/10\/IMG_0092_v.jpg\" alt=\"Kai Darwinis\" width=\"530\" height=\"398\" srcset=\"https:\/\/yhelteljel.ee\/wp-content\/uploads\/2009\/10\/IMG_0092_v.jpg 530w, https:\/\/yhelteljel.ee\/wp-content\/uploads\/2009\/10\/IMG_0092_v-300x225.jpg 300w\" sizes=\"auto, (max-width: 530px) 100vw, 530px\" \/><\/a><\/p>\n<p><img loading=\"lazy\" decoding=\"async\" class=\"alignnone size-full wp-image-4108\" title=\"Just sellele laevale meie moto t\u00f5en\u00e4oliselt t\u00f5stetaksegi\" src=\"http:\/\/yhelteljel.ee\/wp-content\/uploads\/2009\/10\/IMG_0075.jpg\" alt=\"Just sellele laevale meie moto t\u00f5en\u00e4oliselt t\u00f5stetaksegi\" width=\"530\" height=\"521\" srcset=\"https:\/\/yhelteljel.ee\/wp-content\/uploads\/2009\/10\/IMG_0075.jpg 530w, https:\/\/yhelteljel.ee\/wp-content\/uploads\/2009\/10\/IMG_0075-300x294.jpg 300w\" sizes=\"auto, (max-width: 530px) 100vw, 530px\" \/><\/p>\n<p>\u00dcks asi, millest ei saa kuidagi vaikida, on see, et head eestimaalased on j\u00e4lle hakkama saanud suurep\u00e4rase \u00fcllatusega &#8211; O\u00dc Greencom eesotsas Taivo Paeveeruga toimetas meile Austraaliasse kummalegi uued \u00a0\u00e4gedad Cloveri &#8220;sukad&#8221; ja kindad. Ja Kalevi \u0161okolaadi. Suur, suur ait\u00e4h!<\/p>\n<p><img loading=\"lazy\" decoding=\"async\" class=\"alignnone size-full wp-image-4105\" title=\"Eestist tuli varajane j\u00f5uluvana :)\" src=\"http:\/\/yhelteljel.ee\/wp-content\/uploads\/2009\/10\/IMG_0065.jpg\" alt=\"Eestist tuli varajane j\u00f5uluvana :)\" width=\"530\" height=\"389\" srcset=\"https:\/\/yhelteljel.ee\/wp-content\/uploads\/2009\/10\/IMG_0065.jpg 530w, https:\/\/yhelteljel.ee\/wp-content\/uploads\/2009\/10\/IMG_0065-300x220.jpg 300w\" sizes=\"auto, (max-width: 530px) 100vw, 530px\" \/><\/p>\n","protected":false},"excerpt":{"rendered":"<p>Olles j\u00f5udnud Darwinisse, P\u00f5hjaterritooriumi pealinna, ei olnud enam mingit l\u00f5\u00f5gastumist, vaid asusime koheselt organiseerima tsikli transporti Ida-Timorisse (paljud ilmselt k\u00fcsivad, et mis asi see veel on, kuid loodetavasti oskame sellele k\u00fcsimusele varsti ka vastata &#8211; ega me isegi ei tea sellest praeguseks suurt palju rohkem kui seda, et tegemist on \u00fcsna v\u00e4rskelt iseseisvuse saavutanud riigiga, &hellip; <a href=\"https:\/\/yhelteljel.ee\/?p=4094\" class=\"more-link\">Loe edasi <span class=\"screen-reader-text\">Bemmil uued kummid<\/span> <span class=\"meta-nav\">&rarr;<\/span><\/a><\/p>\n","protected":false},"author":3,"featured_media":0,"comment_status":"open","ping_status":"open","sticky":false,"template":"","format":"standard","meta":{"_monsterinsights_skip_tracking":false,"_monsterinsights_sitenote_active":false,"_monsterinsights_sitenote_note":"","_monsterinsights_sitenote_category":0,"footnotes":""},"categories":[11,5],"tags":[1127,134,1114,128,136],"class_list":["post-4094","post","type-post","status-publish","format-standard","hentry","category-okeaania","category-tehniline","tag-austraalia","tag-ilm","tag-inimesed","tag-linnad","tag-probleemid"],"_links":{"self":[{"href":"https:\/\/yhelteljel.ee\/index.php?rest_route=\/wp\/v2\/posts\/4094","targetHints":{"allow":["GET"]}}],"collection":[{"href":"https:\/\/yhelteljel.ee\/index.php?rest_route=\/wp\/v2\/posts"}],"about":[{"href":"https:\/\/yhelteljel.ee\/index.php?rest_route=\/wp\/v2\/types\/post"}],"author":[{"embeddable":true,"href":"https:\/\/yhelteljel.ee\/index.php?rest_route=\/wp\/v2\/users\/3"}],"replies":[{"embeddable":true,"href":"https:\/\/yhelteljel.ee\/index.php?rest_route=%2Fwp%2Fv2%2Fcomments&post=4094"}],"version-history":[{"count":11,"href":"https:\/\/yhelteljel.ee\/index.php?rest_route=\/wp\/v2\/posts\/4094\/revisions"}],"predecessor-version":[{"id":4125,"href":"https:\/\/yhelteljel.ee\/index.php?rest_route=\/wp\/v2\/posts\/4094\/revisions\/4125"}],"wp:attachment":[{"href":"https:\/\/yhelteljel.ee\/index.php?rest_route=%2Fwp%2Fv2%2Fmedia&parent=4094"}],"wp:term":[{"taxonomy":"category","embeddable":true,"href":"https:\/\/yhelteljel.ee\/index.php?rest_route=%2Fwp%2Fv2%2Fcategories&post=4094"},{"taxonomy":"post_tag","embeddable":true,"href":"https:\/\/yhelteljel.ee\/index.php?rest_route=%2Fwp%2Fv2%2Ftags&post=4094"}],"curies":[{"name":"wp","href":"https:\/\/api.w.org\/{rel}","templated":true}]}}