{"id":4006,"date":"2009-10-14T01:00:19","date_gmt":"2009-10-13T23:00:19","guid":{"rendered":"http:\/\/yhelteljel.ee\/?p=4006"},"modified":"2009-10-14T00:35:09","modified_gmt":"2009-10-13T22:35:09","slug":"liivad","status":"publish","type":"post","link":"https:\/\/yhelteljel.ee\/?p=4006","title":{"rendered":"Liivad"},"content":{"rendered":"<p><a href=\"http:\/\/yhelteljel.ee\/wp-content\/uploads\/2009\/10\/IMG_9755_s.jpg\" target=\"_blank\"><img loading=\"lazy\" decoding=\"async\" class=\"alignnone size-full wp-image-4015\" title=\"Pinnacles - tippude keskel\" src=\"http:\/\/yhelteljel.ee\/wp-content\/uploads\/2009\/10\/IMG_9755_v.jpg\" alt=\"Pinnacles - tippude keskel\" width=\"530\" height=\"296\" srcset=\"https:\/\/yhelteljel.ee\/wp-content\/uploads\/2009\/10\/IMG_9755_v.jpg 530w, https:\/\/yhelteljel.ee\/wp-content\/uploads\/2009\/10\/IMG_9755_v-300x167.jpg 300w\" sizes=\"auto, (max-width: 530px) 100vw, 530px\" \/><\/a><\/p>\n<p>Perth (kuhu me tegelikult ei l\u00e4inud, sest meelde ei tulnud \u00fchtegi p\u00f5hjust, miks peaks minema) selja taga, kiskus meid ikka ranna\u00e4\u00e4rsete teede poole, sest m\u00f5tlesime, et &#8220;\u00e4kki ikka midagi n\u00e4eb&#8221;. No ei n\u00e4inud ikka suurt midagi, kuid selle asemel ootasid ees m\u00f5ned liivased \u00fcllatused.<\/p>\n<p><!--more--><br \/>\n\u00dcheks nendest osutus Nambungi rahvuspargis olev &#8220;tippude k\u00f5rb&#8221; ehk Pinnacle Desert. Muidu madalate p\u00f5\u00f5sastega kaetud maastiku sekka oli oskuslikult peitunud kollane liivav\u00e4li, justkui tegemist oleks olnud merep\u00f5hjaga. Kuid mitte liiv polnud see, mis muutis koha eriliseks, vaid sihvakad kivisambad, millest m\u00f5ned lausa viie meetri k\u00f5rgused. Ja neid sambaid, suuremaid ja v\u00e4iksemaid, oli seal ikka rohkelt, isegi rohkem kui turiste (ja uskuge mind, neid oli seal palju &#8211; eriti jaapanlasi):<\/p>\n<p><img loading=\"lazy\" decoding=\"async\" class=\"alignnone size-full wp-image-4013\" title=\"Kaks tursti Pinnacles\" src=\"http:\/\/yhelteljel.ee\/wp-content\/uploads\/2009\/10\/IMG_9734_2.jpg\" alt=\"Kaks tursti Pinnacles\" width=\"530\" height=\"398\" srcset=\"https:\/\/yhelteljel.ee\/wp-content\/uploads\/2009\/10\/IMG_9734_2.jpg 530w, https:\/\/yhelteljel.ee\/wp-content\/uploads\/2009\/10\/IMG_9734_2-300x225.jpg 300w\" sizes=\"auto, (max-width: 530px) 100vw, 530px\" \/><\/p>\n<p><a href=\"http:\/\/yhelteljel.ee\/wp-content\/uploads\/2009\/10\/IMG_9733_s.jpg\" target=\"_blank\"><img loading=\"lazy\" decoding=\"async\" class=\"alignnone size-full wp-image-4012\" title=\"Pinnacles\" src=\"http:\/\/yhelteljel.ee\/wp-content\/uploads\/2009\/10\/IMG_9733_v.jpg\" alt=\"Pinnacles\" width=\"530\" height=\"398\" srcset=\"https:\/\/yhelteljel.ee\/wp-content\/uploads\/2009\/10\/IMG_9733_v.jpg 530w, https:\/\/yhelteljel.ee\/wp-content\/uploads\/2009\/10\/IMG_9733_v-300x225.jpg 300w\" sizes=\"auto, (max-width: 530px) 100vw, 530px\" \/><\/a><\/p>\n<p><a href=\"http:\/\/yhelteljel.ee\/wp-content\/uploads\/2009\/10\/Pinnacles-1s.jpg\" target=\"_blank\"><img loading=\"lazy\" decoding=\"async\" style=\"border: 0px initial initial;\" title=\"Pinnacles (1)\" src=\"http:\/\/yhelteljel.ee\/wp-content\/uploads\/2009\/10\/Pinnacles-1v.png\" alt=\"Pinnacles (1)\" width=\"530\" height=\"67\" \/><\/a><\/p>\n<p><a href=\"http:\/\/yhelteljel.ee\/wp-content\/uploads\/2009\/10\/Pinnacles-2s.jpg\" target=\"_blank\"><img loading=\"lazy\" decoding=\"async\" style=\"border: 0px initial initial;\" title=\"Pinnacles (2)\" src=\"http:\/\/yhelteljel.ee\/wp-content\/uploads\/2009\/10\/Pinnacles-2v.png\" alt=\"Pinnacles (2)\" width=\"530\" height=\"81\" \/><\/a><\/p>\n<p>Ja siis, kui sambad n\u00e4htud ja m\u00f5tlesime, et selleks p\u00e4evaks on pidu l\u00e4bi ja et vaevalt, et midagi huvitavat tuleb, avastasime tee \u00e4\u00e4rest (no ikka pisut teest eemal, pigem nagu silmapiiril &#8211; seal, kuhu turistid muidu ei l\u00e4he, kui just keegi silti ei pane, et tegemist on vaatamisv\u00e4\u00e4rsusega) valged liivaluited:<\/p>\n<p><a href=\"http:\/\/yhelteljel.ee\/wp-content\/uploads\/2009\/10\/IMG_9757_s.jpg\" target=\"_blank\"><img loading=\"lazy\" decoding=\"async\" class=\"alignnone size-full wp-image-4017\" title=\"Gessu ja d\u00fc\u00fcn\" src=\"http:\/\/yhelteljel.ee\/wp-content\/uploads\/2009\/10\/IMG_9757_v.jpg\" alt=\"Gessu ja d\u00fc\u00fcn\" width=\"530\" height=\"398\" srcset=\"https:\/\/yhelteljel.ee\/wp-content\/uploads\/2009\/10\/IMG_9757_v.jpg 530w, https:\/\/yhelteljel.ee\/wp-content\/uploads\/2009\/10\/IMG_9757_v-300x225.jpg 300w\" sizes=\"auto, (max-width: 530px) 100vw, 530px\" \/><\/a><\/p>\n<p><img loading=\"lazy\" decoding=\"async\" class=\"alignnone size-full wp-image-4008\" title=\"Valge liiva d\u00fc\u00fcni muster\" src=\"http:\/\/yhelteljel.ee\/wp-content\/uploads\/2009\/10\/Dyyn-1.jpg\" alt=\"Valge liiva d\u00fc\u00fcni muster\" width=\"530\" height=\"429\" srcset=\"https:\/\/yhelteljel.ee\/wp-content\/uploads\/2009\/10\/Dyyn-1.jpg 530w, https:\/\/yhelteljel.ee\/wp-content\/uploads\/2009\/10\/Dyyn-1-300x242.jpg 300w\" sizes=\"auto, (max-width: 530px) 100vw, 530px\" \/><\/p>\n<p><a href=\"http:\/\/yhelteljel.ee\/wp-content\/uploads\/2009\/10\/Dyyn-2s.jpg\" target=\"_blank\"><img loading=\"lazy\" decoding=\"async\" class=\"alignnone size-full wp-image-4009\" title=\"D\u00fc\u00fcn valge liivaga\" src=\"http:\/\/yhelteljel.ee\/wp-content\/uploads\/2009\/10\/Dyyn-2.png\" alt=\"D\u00fc\u00fcn valge liivaga\" width=\"530\" height=\"161\" srcset=\"https:\/\/yhelteljel.ee\/wp-content\/uploads\/2009\/10\/Dyyn-2.png 530w, https:\/\/yhelteljel.ee\/wp-content\/uploads\/2009\/10\/Dyyn-2-300x91.png 300w\" sizes=\"auto, (max-width: 530px) 100vw, 530px\" \/><\/a><\/p>\n<p>Kuna kiskus \u00f5htuks ning taevasse olid taas tekkinud \u00e4hvardavad vihmapilved, otsustasime telgi sinnasamasse d\u00fc\u00fcnide k\u00f5rvale p\u00f5\u00f5sastesse panna. V\u00e4ljas tibutas, oli tuuline &#8211; meie aga libistasime siis oma pommikindlas, hubases (Hillebergi)\u00a0telgis veini ja elu oli hea \ud83d\ude09<\/p>\n<p><a href=\"http:\/\/yhelteljel.ee\/wp-content\/uploads\/2009\/10\/Peron-1s.jpg\" target=\"_blank\"><img loading=\"lazy\" decoding=\"async\" style=\"border: 0px initial initial;\" title=\"Peroni poolsaar (1)\" src=\"http:\/\/yhelteljel.ee\/wp-content\/uploads\/2009\/10\/Peron-1v.png\" alt=\"Peroni poolsaar (1)\" width=\"530\" height=\"146\" \/><\/a><\/p>\n<p><a href=\"http:\/\/yhelteljel.ee\/wp-content\/uploads\/2009\/10\/Peron-2s.jpg\" target=\"_blank\"><img loading=\"lazy\" decoding=\"async\" style=\"border: 0px initial initial;\" title=\"Peroni poolsar (2) - tavaliselt kubiseb see haidest\" src=\"http:\/\/yhelteljel.ee\/wp-content\/uploads\/2009\/10\/Peron-2v.jpg\" alt=\"Peroni poolsar (2) - tavaliselt kubiseb see haidest\" width=\"530\" height=\"128\" \/><\/a><\/p>\n<p>J\u00e4rgmisel p\u00e4eval veeresime Peroni poolsaarele, kus sai siiski ka merevaateid nautida. Lahedad v\u00e4iksed liivateed viisid peateelt eemale, India ookeani \u00e4\u00e4rde, kus polnud peale meie endi\u00a0\u00fchtegi hinge n\u00e4ha:<\/p>\n<p><a href=\"http:\/\/yhelteljel.ee\/wp-content\/uploads\/2009\/10\/Peron-3s.jpg\" target=\"_blank\"><img loading=\"lazy\" decoding=\"async\" class=\"alignnone size-full wp-image-4028\" title=\"V\u00e4ike liivatee viis meid laheda \u00fcksiku kohani, kus ka ennast \u00f6\u00f6seks \u00fcles seadsime\" src=\"http:\/\/yhelteljel.ee\/wp-content\/uploads\/2009\/10\/Peron-3v.png\" alt=\"V\u00e4ike liivatee viis meid laheda \u00fcksiku kohani, kus ka ennast \u00f6\u00f6seks \u00fcles seadsime\" width=\"530\" height=\"109\" srcset=\"https:\/\/yhelteljel.ee\/wp-content\/uploads\/2009\/10\/Peron-3v.png 530w, https:\/\/yhelteljel.ee\/wp-content\/uploads\/2009\/10\/Peron-3v-300x61.png 300w\" sizes=\"auto, (max-width: 530px) 100vw, 530px\" \/><\/a><\/p>\n<p>\u00d6\u00f6seks maandusimegi \u00fches sellises k\u00f5rvalises kohas, kus me k\u00fcll eriti varjatud polnud. Seda ei v\u00f5\u00f5raste pilkude ega tuule eest. Tuul oli t\u00e4iesti olemas &#8211; ei m\u00e4letagi, millal viimati nii tugeva tuule k\u00e4es oleks olnud.<\/p>\n<p><a href=\"http:\/\/yhelteljel.ee\/wp-content\/uploads\/2009\/10\/IMG_9845.jpg\"><img loading=\"lazy\" decoding=\"async\" style=\"border: 0px initial initial;\" title=\"Tuuline telkimine Peroni poolsaarel India ookeani \u00e4\u00e4res\" src=\"http:\/\/yhelteljel.ee\/wp-content\/uploads\/2009\/10\/IMG_9845.jpg\" alt=\"Tuuline telkimine Peroni poolsaarel India ookeani \u00e4\u00e4res\" width=\"530\" height=\"375\" \/><\/a><\/p>\n<p><a href=\"http:\/\/yhelteljel.ee\/wp-content\/uploads\/2009\/10\/Peron-4s.jpg\" target=\"_blank\"><img loading=\"lazy\" decoding=\"async\" class=\"alignnone size-full wp-image-4030\" title=\"Telkimiskoht\" src=\"http:\/\/yhelteljel.ee\/wp-content\/uploads\/2009\/10\/Peron-4v.png\" alt=\"Telkimiskoht\" width=\"530\" height=\"69\" srcset=\"https:\/\/yhelteljel.ee\/wp-content\/uploads\/2009\/10\/Peron-4v.png 530w, https:\/\/yhelteljel.ee\/wp-content\/uploads\/2009\/10\/Peron-4v-300x39.png 300w\" sizes=\"auto, (max-width: 530px) 100vw, 530px\" \/><\/a><\/p>\n<p>Nii et kui telgi \u00fclespanek oli juba omaette v\u00e4gitegu (eriti veel sealses liivases pinnases, kus vaiad h\u00e4sti maas ei taha p\u00fcsida), siis magamaj\u00e4\u00e4mine oli veel teine ooper &#8211; telk rappus India ookeani\u00a0raju tuule k\u00e4es nii mis hirmus, ning l\u00e4rmakas tuulevihin saatis meid suuresti varahommikuni v\u00e4lja, nii et ega p\u00e4ris v\u00e4lja ennast ei maganud. Kuulake ise lindistust telgist:<\/p>\n[audio:http:\/\/yhelteljel.ee\/audio\/Telk_tuul_Monkey_Mia.mp3]\n","protected":false},"excerpt":{"rendered":"<p>Perth (kuhu me tegelikult ei l\u00e4inud, sest meelde ei tulnud \u00fchtegi p\u00f5hjust, miks peaks minema) selja taga, kiskus meid ikka ranna\u00e4\u00e4rsete teede poole, sest m\u00f5tlesime, et &#8220;\u00e4kki ikka midagi n\u00e4eb&#8221;. No ei n\u00e4inud ikka suurt midagi, kuid selle asemel ootasid ees m\u00f5ned liivased \u00fcllatused.<\/p>\n","protected":false},"author":3,"featured_media":0,"comment_status":"open","ping_status":"open","sticky":false,"template":"","format":"standard","meta":{"_monsterinsights_skip_tracking":false,"_monsterinsights_sitenote_active":false,"_monsterinsights_sitenote_note":"","_monsterinsights_sitenote_category":0,"footnotes":""},"categories":[11],"tags":[1127,132,129,134],"class_list":["post-4006","post","type-post","status-publish","format-standard","hentry","category-okeaania","tag-austraalia","tag-floora-ja-fauna","tag-helimaastikud","tag-ilm"],"_links":{"self":[{"href":"https:\/\/yhelteljel.ee\/index.php?rest_route=\/wp\/v2\/posts\/4006","targetHints":{"allow":["GET"]}}],"collection":[{"href":"https:\/\/yhelteljel.ee\/index.php?rest_route=\/wp\/v2\/posts"}],"about":[{"href":"https:\/\/yhelteljel.ee\/index.php?rest_route=\/wp\/v2\/types\/post"}],"author":[{"embeddable":true,"href":"https:\/\/yhelteljel.ee\/index.php?rest_route=\/wp\/v2\/users\/3"}],"replies":[{"embeddable":true,"href":"https:\/\/yhelteljel.ee\/index.php?rest_route=%2Fwp%2Fv2%2Fcomments&post=4006"}],"version-history":[{"count":8,"href":"https:\/\/yhelteljel.ee\/index.php?rest_route=\/wp\/v2\/posts\/4006\/revisions"}],"predecessor-version":[{"id":4041,"href":"https:\/\/yhelteljel.ee\/index.php?rest_route=\/wp\/v2\/posts\/4006\/revisions\/4041"}],"wp:attachment":[{"href":"https:\/\/yhelteljel.ee\/index.php?rest_route=%2Fwp%2Fv2%2Fmedia&parent=4006"}],"wp:term":[{"taxonomy":"category","embeddable":true,"href":"https:\/\/yhelteljel.ee\/index.php?rest_route=%2Fwp%2Fv2%2Fcategories&post=4006"},{"taxonomy":"post_tag","embeddable":true,"href":"https:\/\/yhelteljel.ee\/index.php?rest_route=%2Fwp%2Fv2%2Ftags&post=4006"}],"curies":[{"name":"wp","href":"https:\/\/api.w.org\/{rel}","templated":true}]}}