{"id":3951,"date":"2009-10-13T07:56:54","date_gmt":"2009-10-13T05:56:54","guid":{"rendered":"http:\/\/yhelteljel.ee\/?p=3951"},"modified":"2009-10-13T07:56:54","modified_gmt":"2009-10-13T05:56:54","slug":"korbest-rohelusse","status":"publish","type":"post","link":"https:\/\/yhelteljel.ee\/?p=3951","title":{"rendered":"K\u00f5rbest rohelusse"},"content":{"rendered":"<p><a href=\"http:\/\/yhelteljel.ee\/wp-content\/uploads\/2009\/10\/IMG_9560_s.jpg\" target=\"_blank\"><img loading=\"lazy\" decoding=\"async\" style=\"border: 0px initial initial;\" title=\"Kai Esperance'is\" src=\"http:\/\/yhelteljel.ee\/wp-content\/uploads\/2009\/10\/IMG_9560_v.jpg\" alt=\"Kai Esperance-is\" width=\"530\" height=\"386\" \/><\/a><\/p>\n<p>Kui Kalgoorlie&#8217;st l\u00f5unasse p\u00f5rutades meid j\u00e4rsku tee \u00e4\u00e4res \u00fcha k\u00f5rgemad puud tervitasid, oli ikka \u00fcpris kummaline tunne k\u00fcll &#8211; nii pikalt olime tiirutanud m\u00f6\u00f6da k\u00f5rbemaastikke, et p\u00e4he ei tahtnud enam \u00e4ra mahtuda m\u00f5te sellest, et Austraalias v\u00f5iks peale punaste v\u00e4ljade veel midagi muud olla. Kuid v\u00f5ta n\u00e4pust!<\/p>\n<p><!--more--><\/p>\n<p>Esperance&#8217;i poole s\u00f5ites j\u00e4i tee \u00e4\u00e4rde j\u00e4rvekesi ning soisemaidki alasid, mis andsid aimu Austraalia mitmekesisest loodusest. Eriti v\u00f5imendas seda muljet ilmselt ka see, et tegelikult on suurem osa taimedest, mida oleme siin mandril kohanud, meile v\u00f5\u00f5rad, st me pole neid n\u00e4inud ei Euroopas ega Ameerikas (v\u00f5ib-olla on asi ka selles, et pole h\u00e4sti vaadanud, aga see selleks). Nii ongi tekkinud olukord, et kus ka ei peatuks ning ringi ei vaataks, ikka on tunne, nagu oleks kusagil rahvuspargis, kus kasvavad ainult kaitsealused taimed, v\u00f5i m\u00f5nes v\u00e4ga eksootilises paigas. N\u00e4iteks alloleval pildil on n\u00e4ha killukest tee\u00e4\u00e4rsest m\u00e4rgalast, kus madalama v\u00f5sa vahelt sirutavad end k\u00f5rgustesse kummitustena n\u00e4ivad oksaraod. Meie jaoks j\u00e4\u00e4b siiski k\u00fcsimuseks, miks ei ole neid lehti k\u00fcljes &#8211; kas pole hooaeg veel alanud (siin on ju veel alles kevad) v\u00f5i on neile liiga teinud Austraalias nii sagedased metsatulekahjud:<\/p>\n<p><img loading=\"lazy\" decoding=\"async\" class=\"alignnone size-full wp-image-3959\" title=\"Raagus puud - peale p\u00f5lengut\" src=\"http:\/\/yhelteljel.ee\/wp-content\/uploads\/2009\/10\/IMG_9513_2.jpg\" alt=\"Raagus puud - peale p\u00f5lengut\" width=\"530\" height=\"334\" srcset=\"https:\/\/yhelteljel.ee\/wp-content\/uploads\/2009\/10\/IMG_9513_2.jpg 530w, https:\/\/yhelteljel.ee\/wp-content\/uploads\/2009\/10\/IMG_9513_2-300x189.jpg 300w\" sizes=\"auto, (max-width: 530px) 100vw, 530px\" \/><\/p>\n<p>V\u00f5i siis kummalisusega v\u00f5luvad soolaj\u00e4rved. Tumedad, valgust neelavad p\u00f5\u00f5sapuhmad silmipimestavalt heleda soolaliiva taustal &#8211; nagu oleks tegemist moonutatud reaalsusega:<\/p>\n<p><a href=\"http:\/\/yhelteljel.ee\/wp-content\/uploads\/2009\/10\/J2rv-1s.jpg\" target=\"_blank\"><img loading=\"lazy\" decoding=\"async\" class=\"alignnone size-full wp-image-3987\" title=\"J\u00e4rv (1)\" src=\"http:\/\/yhelteljel.ee\/wp-content\/uploads\/2009\/10\/J2rv-1v.png\" alt=\"J\u00e4rv (1)\" width=\"530\" height=\"89\" srcset=\"https:\/\/yhelteljel.ee\/wp-content\/uploads\/2009\/10\/J2rv-1v.png 530w, https:\/\/yhelteljel.ee\/wp-content\/uploads\/2009\/10\/J2rv-1v-300x50.png 300w\" sizes=\"auto, (max-width: 530px) 100vw, 530px\" \/><\/a><\/p>\n<p><a href=\"http:\/\/yhelteljel.ee\/wp-content\/uploads\/2009\/10\/J2rv-2s.jpg\" target=\"_blank\"><img loading=\"lazy\" decoding=\"async\" class=\"alignnone size-full wp-image-3989\" title=\"J\u00e4rv (2)\" src=\"http:\/\/yhelteljel.ee\/wp-content\/uploads\/2009\/10\/J2rv-2v.png\" alt=\"J\u00e4rv (2)\" width=\"530\" height=\"71\" srcset=\"https:\/\/yhelteljel.ee\/wp-content\/uploads\/2009\/10\/J2rv-2v.png 530w, https:\/\/yhelteljel.ee\/wp-content\/uploads\/2009\/10\/J2rv-2v-300x40.png 300w\" sizes=\"auto, (max-width: 530px) 100vw, 530px\" \/><\/a><\/p>\n<p>Taimed on siin, s\u00f5bralikumas keskkonnas pisut teistmoodi kui k\u00f5rbes. Eriti torkab silma see, kui palju \u00f5itseb siin lilli. Kevadine aeg on lilles\u00f5pradele siinkandis kui t\u00f5eline paradiis. Siin paar pilti soolaj\u00e4rvede \u00e4\u00e4rest leitud isenditest:<\/p>\n<p><img loading=\"lazy\" decoding=\"async\" class=\"alignnone size-full wp-image-3960\" title=\"Lilled\" src=\"http:\/\/yhelteljel.ee\/wp-content\/uploads\/2009\/10\/IMG_9537_2.jpg\" alt=\"Lilled\" width=\"530\" height=\"418\" srcset=\"https:\/\/yhelteljel.ee\/wp-content\/uploads\/2009\/10\/IMG_9537_2.jpg 530w, https:\/\/yhelteljel.ee\/wp-content\/uploads\/2009\/10\/IMG_9537_2-300x236.jpg 300w\" sizes=\"auto, (max-width: 530px) 100vw, 530px\" \/><\/p>\n<p><img loading=\"lazy\" decoding=\"async\" class=\"alignnone size-full wp-image-3961\" title=\"Justkui kommid kasvavad maas\" src=\"http:\/\/yhelteljel.ee\/wp-content\/uploads\/2009\/10\/IMG_9538.jpg\" alt=\"Justkui kommid kasvavad maas\" width=\"530\" height=\"398\" srcset=\"https:\/\/yhelteljel.ee\/wp-content\/uploads\/2009\/10\/IMG_9538.jpg 530w, https:\/\/yhelteljel.ee\/wp-content\/uploads\/2009\/10\/IMG_9538-300x225.jpg 300w\" sizes=\"auto, (max-width: 530px) 100vw, 530px\" \/><\/p>\n<p>Ja \u00fchest \u00e4mblikust, kes metsa all meie kohvril maandus:<\/p>\n<p><a href=\"http:\/\/yhelteljel.ee\/wp-content\/uploads\/2009\/10\/IMG_9566_s.jpg\" target=\"_blank\"><img loading=\"lazy\" decoding=\"async\" class=\"alignnone size-full wp-image-3970\" title=\"Roheline \u00e4mblik\" src=\"http:\/\/yhelteljel.ee\/wp-content\/uploads\/2009\/10\/IMG_9566_v.jpg\" alt=\"Roheline \u00e4mblik\" width=\"530\" height=\"431\" srcset=\"https:\/\/yhelteljel.ee\/wp-content\/uploads\/2009\/10\/IMG_9566_v.jpg 530w, https:\/\/yhelteljel.ee\/wp-content\/uploads\/2009\/10\/IMG_9566_v-300x243.jpg 300w\" sizes=\"auto, (max-width: 530px) 100vw, 530px\" \/><\/a><\/p>\n<p>Esperance&#8217;is toimus meie esimene kokkupuude L\u00f5unaookeaniga. Kuidagi v\u00e4ga kirgastav oli j\u00e4lle n\u00e4ha merd, ja veel millist! Vesi oli sini-sinine, kuid mitte selline, nagu Kariibi meres, vaid juba v\u00e4rvitooni s\u00fcgavusest v\u00f5is aimata, et tegemist on k\u00fclma veega. Asub ju teisel pool vett Antarktika!<\/p>\n<p><a href=\"http:\/\/yhelteljel.ee\/wp-content\/uploads\/2009\/10\/Esperance-1s.jpg\" target=\"_blank\"><img loading=\"lazy\" decoding=\"async\" class=\"alignnone size-full wp-image-3957\" title=\"Austraallased kutsuvad seda L\u00f5unaookeaniks\" src=\"http:\/\/yhelteljel.ee\/wp-content\/uploads\/2009\/10\/Esperance-1v.png\" alt=\"Austraallased kutsuvad seda L\u00f5unaookeaniks\" width=\"530\" height=\"109\" srcset=\"https:\/\/yhelteljel.ee\/wp-content\/uploads\/2009\/10\/Esperance-1v.png 530w, https:\/\/yhelteljel.ee\/wp-content\/uploads\/2009\/10\/Esperance-1v-300x61.png 300w\" sizes=\"auto, (max-width: 530px) 100vw, 530px\" \/><\/a><\/p>\n<p>Vee poole sirutub pikk kai, ja selle k\u00f5rval end p\u00e4ikese k\u00e4es soojendamas linna p\u00fcsiasukas (j\u00e4reldame seda sellest, et teda promotakse p\u00e4ris mitmes bro\u0161\u00fc\u00fcris), h\u00fcljes Sammy:<\/p>\n<p><img loading=\"lazy\" decoding=\"async\" class=\"alignnone size-full wp-image-3968\" title=\"Sammy\" src=\"http:\/\/yhelteljel.ee\/wp-content\/uploads\/2009\/10\/IMG_9561.jpg\" alt=\"Sammy\" width=\"530\" height=\"398\" srcset=\"https:\/\/yhelteljel.ee\/wp-content\/uploads\/2009\/10\/IMG_9561.jpg 530w, https:\/\/yhelteljel.ee\/wp-content\/uploads\/2009\/10\/IMG_9561-300x225.jpg 300w\" sizes=\"auto, (max-width: 530px) 100vw, 530px\" \/><\/p>\n<p><img loading=\"lazy\" decoding=\"async\" class=\"alignnone size-full wp-image-3962\" title=\"Esperance'i linnamuuseumi esine\" src=\"http:\/\/yhelteljel.ee\/wp-content\/uploads\/2009\/10\/IMG_9547.jpg\" alt=\"Esperance'i linnamuuseumi esine\" width=\"530\" height=\"398\" srcset=\"https:\/\/yhelteljel.ee\/wp-content\/uploads\/2009\/10\/IMG_9547.jpg 530w, https:\/\/yhelteljel.ee\/wp-content\/uploads\/2009\/10\/IMG_9547-300x225.jpg 300w\" sizes=\"auto, (max-width: 530px) 100vw, 530px\" \/><\/p>\n<p>T\u00f5eliselt huvitavaks tegi Esperance&#8217;i aga meie jaoks see, et 1979. aastal sadas selle l\u00e4hedal (kummalisel kombel ei saanud keegi viga) maha 77 tonni kaaluv USA kosmosejaam <a href=\"http:\/\/en.wikipedia.org\/wiki\/Skylab\" target=\"_blank\">Skylab<\/a>, ning osa selle juppidest on v\u00f5imalik n\u00e4ha linnamuuseumis:<\/p>\n<p><img loading=\"lazy\" decoding=\"async\" class=\"alignnone size-full wp-image-3963\" title=\"T\u00fckike Skylab'i mehhaanikat - v\u00e4ga h\u00e4sti s\u00e4ilinud atmosf\u00e4\u00e4ri sisenemise p\u00f5lemises\" src=\"http:\/\/yhelteljel.ee\/wp-content\/uploads\/2009\/10\/IMG_9548.jpg\" alt=\"T\u00fckike Skylab'i mehhaanikat - v\u00e4ga h\u00e4sti s\u00e4ilinud atmosf\u00e4\u00e4ri sisenemise p\u00f5lemises\" width=\"530\" height=\"398\" srcset=\"https:\/\/yhelteljel.ee\/wp-content\/uploads\/2009\/10\/IMG_9548.jpg 530w, https:\/\/yhelteljel.ee\/wp-content\/uploads\/2009\/10\/IMG_9548-300x225.jpg 300w\" sizes=\"auto, (max-width: 530px) 100vw, 530px\" \/><\/p>\n<p><img loading=\"lazy\" decoding=\"async\" class=\"alignnone size-full wp-image-3965\" title=\"Titaaniumist sf\u00e4\u00e4r - peamiselt orbiidilhoidmise stabiilsusbuusterite k\u00fctuse hoiustamiseks\" src=\"http:\/\/yhelteljel.ee\/wp-content\/uploads\/2009\/10\/IMG_9551.jpg\" alt=\"Titaaniumist sf\u00e4\u00e4r - peamiselt orbiidilhoidmise stabiilsusbuusterite k\u00fctuse hoiustamiseks\" width=\"530\" height=\"398\" srcset=\"https:\/\/yhelteljel.ee\/wp-content\/uploads\/2009\/10\/IMG_9551.jpg 530w, https:\/\/yhelteljel.ee\/wp-content\/uploads\/2009\/10\/IMG_9551-300x225.jpg 300w\" sizes=\"auto, (max-width: 530px) 100vw, 530px\" \/><\/p>\n<p><img loading=\"lazy\" decoding=\"async\" class=\"alignnone size-full wp-image-3964\" title=\"Skylab'i uks\" src=\"http:\/\/yhelteljel.ee\/wp-content\/uploads\/2009\/10\/IMG_9550.jpg\" alt=\"Skylab'i uks\" width=\"530\" height=\"398\" srcset=\"https:\/\/yhelteljel.ee\/wp-content\/uploads\/2009\/10\/IMG_9550.jpg 530w, https:\/\/yhelteljel.ee\/wp-content\/uploads\/2009\/10\/IMG_9550-300x225.jpg 300w\" sizes=\"auto, (max-width: 530px) 100vw, 530px\" \/><\/p>\n<p>Kosmosepr\u00fcgi n\u00e4htud, suundusime m\u00f6\u00f6da rannikut (j\u00e4llegi on m\u00f5iste &#8220;m\u00f6\u00f6da rannikut&#8221; v\u00e4ga petlik, sest nendelt teedelt, mis kaardi j\u00e4rgi kulgevad m\u00f6\u00f6da ranna\u00e4\u00e4rt, ei ole ookeani tegelikult n\u00e4ha &#8211; t\u00e4ielik pettumus) edela suunas. Ilmaga meil k\u00fcll ei vedanud, sest j\u00e4rgmiste p\u00e4evade v\u00e4ltel kord sadas, kord tuli p\u00e4ike v\u00e4lja kuid \u00fcldiselt oli olme kuidagi v\u00e4ga sombune ja tujutu.<\/p>\n<p>L\u00e4\u00e4ne-Austraalia edelaosa on k\u00fcllaltki tunnustatud turismipiirkond, eelk\u00f5ige kaunite maastike ning veiniistanduste p\u00e4rast. Ning selle m\u00f5ttes tuleb sellele ka au anda, et s\u00f5ita on seal t\u00f5eliselt m\u00f5nus &#8211; tee l\u00e4heb kord k\u00f5rgete metsade, kord viinamarjaistanduste vahelt, paljastades siin-seal kurvi peal laiasid vaateid mahlaselt rohelistele orgudele ja m\u00e4en\u00f5lvadele.<\/p>\n<p><img loading=\"lazy\" decoding=\"async\" class=\"alignnone size-full wp-image-3981\" title=\"Viinamarjakasvatus - veinikeldreid on seal Austraalia &quot;nurgas&quot; jalaga segada.\" src=\"http:\/\/yhelteljel.ee\/wp-content\/uploads\/2009\/10\/IMG_9697.jpg\" alt=\"Viinamarjakasvatus - veinikeldreid on seal Austraalia &quot;nurgas&quot; jalaga segada.\" width=\"530\" height=\"158\" srcset=\"https:\/\/yhelteljel.ee\/wp-content\/uploads\/2009\/10\/IMG_9697.jpg 530w, https:\/\/yhelteljel.ee\/wp-content\/uploads\/2009\/10\/IMG_9697-300x89.jpg 300w\" sizes=\"auto, (max-width: 530px) 100vw, 530px\" \/><\/p>\n<p>K\u00e4imata ei saanud j\u00e4tta ka kuulsas &#8220;hiiglaste orus&#8221; (Valley of the Giants), kus on kaitse alla v\u00f5etud tohutusuured eukal\u00fcptipuud, millest m\u00f5ni arvatakse olevat koguni 400 aastat vana:<\/p>\n<p><img loading=\"lazy\" decoding=\"async\" class=\"alignnone size-full wp-image-3955\" title=\"Vanad sihvakad puud\" src=\"http:\/\/yhelteljel.ee\/wp-content\/uploads\/2009\/10\/Edela-mets.png\" alt=\"Vanad sihvakad puud\" width=\"530\" height=\"880\" srcset=\"https:\/\/yhelteljel.ee\/wp-content\/uploads\/2009\/10\/Edela-mets.png 530w, https:\/\/yhelteljel.ee\/wp-content\/uploads\/2009\/10\/Edela-mets-180x300.png 180w\" sizes=\"auto, (max-width: 530px) 100vw, 530px\" \/><br \/>\nSuuri puid on sealkandis tegelikult palju, ning \u00fches suvalises kohas metsa vahel peatudes saime saagiks j\u00e4rgmised pildid ja helid:<\/p>\n<p><img loading=\"lazy\" decoding=\"async\" style=\"border: 0px initial initial;\" title=\"Mets\" src=\"http:\/\/yhelteljel.ee\/wp-content\/uploads\/2009\/10\/IMG_9623_2.png\" alt=\"Mets\" width=\"530\" height=\"707\" \/><\/p>\n<p><img loading=\"lazy\" decoding=\"async\" class=\"alignnone size-full wp-image-3979\" title=\"Kalla\" src=\"http:\/\/yhelteljel.ee\/wp-content\/uploads\/2009\/10\/IMG_9686.jpg\" alt=\"Kalla\" width=\"530\" height=\"707\" srcset=\"https:\/\/yhelteljel.ee\/wp-content\/uploads\/2009\/10\/IMG_9686.jpg 530w, https:\/\/yhelteljel.ee\/wp-content\/uploads\/2009\/10\/IMG_9686-224x300.jpg 224w\" sizes=\"auto, (max-width: 530px) 100vw, 530px\" \/><\/p>\n<p><img loading=\"lazy\" decoding=\"async\" class=\"alignnone size-full wp-image-3980\" title=\"Kalla\" src=\"http:\/\/yhelteljel.ee\/wp-content\/uploads\/2009\/10\/IMG_9687.jpg\" alt=\"Kalla\" width=\"530\" height=\"707\" srcset=\"https:\/\/yhelteljel.ee\/wp-content\/uploads\/2009\/10\/IMG_9687.jpg 530w, https:\/\/yhelteljel.ee\/wp-content\/uploads\/2009\/10\/IMG_9687-224x300.jpg 224w\" sizes=\"auto, (max-width: 530px) 100vw, 530px\" \/><\/p>\n<p><a href=\"http:\/\/yhelteljel.ee\/wp-content\/uploads\/2009\/10\/Edela-mets-s.jpg\" target=\"_blank\"><img loading=\"lazy\" decoding=\"async\" class=\"alignnone size-full wp-image-3954\" title=\"Mets\" src=\"http:\/\/yhelteljel.ee\/wp-content\/uploads\/2009\/10\/Edela-mets-v.jpg\" alt=\"Mets\" width=\"530\" height=\"140\" srcset=\"https:\/\/yhelteljel.ee\/wp-content\/uploads\/2009\/10\/Edela-mets-v.jpg 530w, https:\/\/yhelteljel.ee\/wp-content\/uploads\/2009\/10\/Edela-mets-v-300x79.jpg 300w\" sizes=\"auto, (max-width: 530px) 100vw, 530px\" \/><\/a><\/p>\n[audio:http:\/\/yhelteljel.ee\/audio\/Mets_Edela-Austraalias.mp3]\n<p>Nojah, siin kasvavad ju kallad lausa metsa all, ning neid on siin lademetes!<br \/>\nKuna asus on siin j\u00e4llegi v\u00e4ga h\u00f5re, siis parkisimegi end \u00f6\u00f6seks metsa alla &#8211; s\u00f5itsime lihtsalt \u00fcht v\u00e4ikest teed m\u00f6\u00f6da metsa sisse, siis veel m\u00f6\u00f6da v\u00e4ikest rada veidi s\u00fcgavamale, ning sinna, kus \u00fcks puu oli teele kukkudes pool teest blokeerinud, panimegi telgi:<\/p>\n<p><a href=\"http:\/\/yhelteljel.ee\/wp-content\/uploads\/2009\/10\/Telkimine-edelas-s.jpg\" target=\"_blank\"><img loading=\"lazy\" decoding=\"async\" style=\"border: 0px initial initial;\" title=\"Telkimiskoht\" src=\"http:\/\/yhelteljel.ee\/wp-content\/uploads\/2009\/10\/Telk-loodes-v.png\" alt=\"Telkimiskoht\" width=\"530\" height=\"76\" \/><\/a><\/p>\n<p>\u00dcle\u00fcldse tunneme me end ka suvalistes kohtades telkides \u00fcpriski turvaliselt &#8211; erilist hirmu pole, et keegi \u00f6\u00f6sel meid leiab t\u00fclitama tuleb. Lihtsalt meile on j\u00e4\u00e4nud mulje, et \u00f6\u00f6siti siin, Austraalias, suurt keegi ringi ei s\u00f5ida, sest k\u00f5ik kardavad k\u00e4ngurule otsa p\u00f5rutada.<\/p>\n<p><img loading=\"lazy\" decoding=\"async\" class=\"alignnone size-full wp-image-3975\" title=\"K\u00e4nguruoht\" src=\"http:\/\/yhelteljel.ee\/wp-content\/uploads\/2009\/10\/IMG_9662.jpg\" alt=\"K\u00e4nguruoht\" width=\"530\" height=\"707\" srcset=\"https:\/\/yhelteljel.ee\/wp-content\/uploads\/2009\/10\/IMG_9662.jpg 530w, https:\/\/yhelteljel.ee\/wp-content\/uploads\/2009\/10\/IMG_9662-224x300.jpg 224w\" sizes=\"auto, (max-width: 530px) 100vw, 530px\" \/><\/p>\n<p><img loading=\"lazy\" decoding=\"async\" class=\"alignnone size-full wp-image-3972\" title=\"K\u00e4ngururauad\" src=\"http:\/\/yhelteljel.ee\/wp-content\/uploads\/2009\/10\/IMG_9620.jpg\" alt=\"K\u00e4ngururauad\" width=\"530\" height=\"398\" srcset=\"https:\/\/yhelteljel.ee\/wp-content\/uploads\/2009\/10\/IMG_9620.jpg 530w, https:\/\/yhelteljel.ee\/wp-content\/uploads\/2009\/10\/IMG_9620-300x225.jpg 300w\" sizes=\"auto, (max-width: 530px) 100vw, 530px\" \/><\/p>\n<p>Hulljulgeid muidugi on, ja nii ei m\u00f6\u00f6du vist \u00fchtegi p\u00e4eva, kus me tee \u00e4\u00e4res m\u00f5nd k\u00e4ngurukorjust ei n\u00e4e. Suuremate teede \u00e4res on &#8220;saak&#8221; tavaliselt suurem &#8211; on t\u00e4itsa tavaline, et iga kilomeetri kohta vedeleb maas \u00fcks surnud loom. S\u00f5ites toob k\u00f5igepealt tuul su ninna roiskunud haisu, siis n\u00e4ed ronkasid tee \u00e4\u00e4rest lendu t\u00f5usmas, ja siis n\u00e4edki tee \u00e4\u00e4res j\u00e4rjekordset liiklusohvrit. Algul oli seda oi, kui valus vaadata, ja eks n\u00fc\u00fcdki tuleb klomp kurku, kuid hakkame vist tasapisi muutuma immuunseks.<\/p>\n<p>Pika s\u00f5itmise peale j\u00f5udsime ka kahte edelaranniku tippu &#8211; Cape Leeuwin ja Cape Naturaliste, \u00fcks l\u00f5una- \u00fcks p\u00f5hjapool. Ilma piletita meid tuletorne kahjuks l\u00e4hemalt vaatama ei lastud, kuid maastikke ja merevaadet saime nautida ikka. Cape Leeuwin j\u00e4ttis kargema ja j\u00f5ulisema mulje, vihmapilvede all hallikalt helkiv vesi kivisesse randa tulemas ja sealt raevukalt j\u00e4lle lahkudes:<\/p>\n<p><img loading=\"lazy\" decoding=\"async\" class=\"alignnone size-full wp-image-3978\" title=\"Cape Leeuwini majakas\" src=\"http:\/\/yhelteljel.ee\/wp-content\/uploads\/2009\/10\/IMG_9685.jpg\" alt=\"Cape Leeuwini majakas\" width=\"530\" height=\"398\" srcset=\"https:\/\/yhelteljel.ee\/wp-content\/uploads\/2009\/10\/IMG_9685.jpg 530w, https:\/\/yhelteljel.ee\/wp-content\/uploads\/2009\/10\/IMG_9685-300x225.jpg 300w\" sizes=\"auto, (max-width: 530px) 100vw, 530px\" \/><\/p>\n<p><a href=\"http:\/\/yhelteljel.ee\/wp-content\/uploads\/2009\/10\/IMG_9684_s.jpg\" target=\"_blank\"><img loading=\"lazy\" decoding=\"async\" class=\"alignnone size-full wp-image-3977\" title=\"Cape Leeuwini tormine meri\" src=\"http:\/\/yhelteljel.ee\/wp-content\/uploads\/2009\/10\/IMG_9684_v.jpg\" alt=\"Cape Leeuwini tormine meri\" width=\"530\" height=\"398\" srcset=\"https:\/\/yhelteljel.ee\/wp-content\/uploads\/2009\/10\/IMG_9684_v.jpg 530w, https:\/\/yhelteljel.ee\/wp-content\/uploads\/2009\/10\/IMG_9684_v-300x225.jpg 300w\" sizes=\"auto, (max-width: 530px) 100vw, 530px\" \/><\/a><\/p>\n<p><a href=\"http:\/\/yhelteljel.ee\/wp-content\/uploads\/2009\/10\/Leeuwin-1s.jpg\" target=\"_blank\"><img loading=\"lazy\" decoding=\"async\" class=\"alignnone size-full wp-image-3991\" title=\"Cape Leeuwin (1)\" src=\"http:\/\/yhelteljel.ee\/wp-content\/uploads\/2009\/10\/Leeuwin-1v.jpg\" alt=\"Cape Leeuwin (1)\" width=\"530\" height=\"131\" srcset=\"https:\/\/yhelteljel.ee\/wp-content\/uploads\/2009\/10\/Leeuwin-1v.jpg 530w, https:\/\/yhelteljel.ee\/wp-content\/uploads\/2009\/10\/Leeuwin-1v-300x74.jpg 300w\" sizes=\"auto, (max-width: 530px) 100vw, 530px\" \/><\/a><\/p>\n<p><a href=\"http:\/\/yhelteljel.ee\/wp-content\/uploads\/2009\/10\/Leeuwin-2s.jpg\" target=\"_blank\"><img loading=\"lazy\" decoding=\"async\" class=\"alignnone size-full wp-image-3993\" title=\"Cape Leeuwin (2)\" src=\"http:\/\/yhelteljel.ee\/wp-content\/uploads\/2009\/10\/Leeuwin-2v.png\" alt=\"Cape Leeuwin (2)\" width=\"530\" height=\"79\" srcset=\"https:\/\/yhelteljel.ee\/wp-content\/uploads\/2009\/10\/Leeuwin-2v.png 530w, https:\/\/yhelteljel.ee\/wp-content\/uploads\/2009\/10\/Leeuwin-2v-300x44.png 300w\" sizes=\"auto, (max-width: 530px) 100vw, 530px\" \/><\/a><\/p>\n<p>Cape Naturaliste oli paranenud ilma taustal j\u00e4llegi p\u00e4ikeseliselt helge, ning sinine vesi tundus t\u00e4iesti kutsuv:<\/p>\n<p><a href=\"http:\/\/yhelteljel.ee\/wp-content\/uploads\/2009\/10\/Naturaliste-s.jpg\" target=\"_blank\"><img loading=\"lazy\" decoding=\"async\" class=\"alignnone size-full wp-image-3996\" title=\"Cape Naturaliste\" src=\"http:\/\/yhelteljel.ee\/wp-content\/uploads\/2009\/10\/Naturaliste-v.png\" alt=\"Cape Naturaliste\" width=\"530\" height=\"63\" srcset=\"https:\/\/yhelteljel.ee\/wp-content\/uploads\/2009\/10\/Naturaliste-v.png 530w, https:\/\/yhelteljel.ee\/wp-content\/uploads\/2009\/10\/Naturaliste-v-300x35.png 300w\" sizes=\"auto, (max-width: 530px) 100vw, 530px\" \/><\/a><\/p>\n<p>Veidi veel edasi, pea Perthi k\u00fclje all maandusime \u00f6\u00f6seks Yalgorupi rahvuspargis. Muide, paari s\u00f5naga r\u00e4\u00e4giks ka kohanimedest. Kuigi v\u00e4ga palju on Austraalias inglisep\u00e4raseid nimesid, tunduvad domineerivat ikkagi aborigeenide keeltest tulnud nimed. M\u00f5ned neist tunduvad \u00fcpris l\u00f5busad, n\u00e4iteks Kununurra, Woollomooloo, Toowoomba, Muruwillumbah, jne. Edelaosas panime t\u00e4hele, et paljud kohanimed l\u00f5pevad silbiga &#8220;up&#8221; (Nornalup, Munglinup, jne). Tuleb v\u00e4lja, et &#8220;up&#8221; t\u00e4hendab p\u00f5liselanike keeles &#8220;seal kus asub&#8221;, ehk siis Yalgorup t\u00e4hendab &#8220;seal, kus asub j\u00e4rv&#8221;. Ja j\u00e4rv on seal t\u00f5esti l\u00e4heduses. Yalgorupi rahvuspargis oli j\u00e4llegi t\u00e4iesti omamoodi floora:<\/p>\n<p><img loading=\"lazy\" decoding=\"async\" style=\"border: 0px initial initial;\" title=\"Loodus Yalgorupis\" src=\"http:\/\/yhelteljel.ee\/wp-content\/uploads\/2009\/10\/IMG_9713.jpg\" alt=\"Loodus Yalgorupis\" width=\"530\" height=\"707\" \/><\/p>\n<p><a href=\"http:\/\/yhelteljel.ee\/wp-content\/uploads\/2009\/10\/IMG_9712_s.jpg\" target=\"_blank\"><img loading=\"lazy\" decoding=\"async\" class=\"alignnone size-full wp-image-3984\" title=\"Puhmas\" src=\"http:\/\/yhelteljel.ee\/wp-content\/uploads\/2009\/10\/IMG_9712_v.jpg\" alt=\"Puhmas\" width=\"530\" height=\"398\" srcset=\"https:\/\/yhelteljel.ee\/wp-content\/uploads\/2009\/10\/IMG_9712_v.jpg 530w, https:\/\/yhelteljel.ee\/wp-content\/uploads\/2009\/10\/IMG_9712_v-300x225.jpg 300w\" sizes=\"auto, (max-width: 530px) 100vw, 530px\" \/><\/a><\/p>\n<p>Ning vaid \u00f5rnade pilvedega taevas lubas meile j\u00e4rgmiseks p\u00e4evaks head ilma:<\/p>\n<p><img loading=\"lazy\" decoding=\"async\" class=\"alignnone size-full wp-image-3982\" title=\"Taevamuster\" src=\"http:\/\/yhelteljel.ee\/wp-content\/uploads\/2009\/10\/IMG_9708_2.jpg\" alt=\"Taevamuster\" width=\"530\" height=\"398\" srcset=\"https:\/\/yhelteljel.ee\/wp-content\/uploads\/2009\/10\/IMG_9708_2.jpg 530w, https:\/\/yhelteljel.ee\/wp-content\/uploads\/2009\/10\/IMG_9708_2-300x225.jpg 300w\" sizes=\"auto, (max-width: 530px) 100vw, 530px\" \/><\/p>\n<p>Ees on pikk tee p\u00f5hja suunas.<\/p>\n","protected":false},"excerpt":{"rendered":"<p>Kui Kalgoorlie&#8217;st l\u00f5unasse p\u00f5rutades meid j\u00e4rsku tee \u00e4\u00e4res \u00fcha k\u00f5rgemad puud tervitasid, oli ikka \u00fcpris kummaline tunne k\u00fcll &#8211; nii pikalt olime tiirutanud m\u00f6\u00f6da k\u00f5rbemaastikke, et p\u00e4he ei tahtnud enam \u00e4ra mahtuda m\u00f5te sellest, et Austraalias v\u00f5iks peale punaste v\u00e4ljade veel midagi muud olla. Kuid v\u00f5ta n\u00e4pust!<\/p>\n","protected":false},"author":2,"featured_media":0,"comment_status":"open","ping_status":"open","sticky":false,"template":"","format":"standard","meta":{"_monsterinsights_skip_tracking":false,"_monsterinsights_sitenote_active":false,"_monsterinsights_sitenote_note":"","_monsterinsights_sitenote_category":0,"footnotes":""},"categories":[11],"tags":[1127,132,129,134],"class_list":["post-3951","post","type-post","status-publish","format-standard","hentry","category-okeaania","tag-austraalia","tag-floora-ja-fauna","tag-helimaastikud","tag-ilm"],"_links":{"self":[{"href":"https:\/\/yhelteljel.ee\/index.php?rest_route=\/wp\/v2\/posts\/3951","targetHints":{"allow":["GET"]}}],"collection":[{"href":"https:\/\/yhelteljel.ee\/index.php?rest_route=\/wp\/v2\/posts"}],"about":[{"href":"https:\/\/yhelteljel.ee\/index.php?rest_route=\/wp\/v2\/types\/post"}],"author":[{"embeddable":true,"href":"https:\/\/yhelteljel.ee\/index.php?rest_route=\/wp\/v2\/users\/2"}],"replies":[{"embeddable":true,"href":"https:\/\/yhelteljel.ee\/index.php?rest_route=%2Fwp%2Fv2%2Fcomments&post=3951"}],"version-history":[{"count":6,"href":"https:\/\/yhelteljel.ee\/index.php?rest_route=\/wp\/v2\/posts\/3951\/revisions"}],"predecessor-version":[{"id":16445,"href":"https:\/\/yhelteljel.ee\/index.php?rest_route=\/wp\/v2\/posts\/3951\/revisions\/16445"}],"wp:attachment":[{"href":"https:\/\/yhelteljel.ee\/index.php?rest_route=%2Fwp%2Fv2%2Fmedia&parent=3951"}],"wp:term":[{"taxonomy":"category","embeddable":true,"href":"https:\/\/yhelteljel.ee\/index.php?rest_route=%2Fwp%2Fv2%2Fcategories&post=3951"},{"taxonomy":"post_tag","embeddable":true,"href":"https:\/\/yhelteljel.ee\/index.php?rest_route=%2Fwp%2Fv2%2Ftags&post=3951"}],"curies":[{"name":"wp","href":"https:\/\/api.w.org\/{rel}","templated":true}]}}