{"id":3888,"date":"2009-10-08T04:12:04","date_gmt":"2009-10-08T02:12:04","guid":{"rendered":"http:\/\/yhelteljel.ee\/?p=3888"},"modified":"2009-10-08T04:17:17","modified_gmt":"2009-10-08T02:17:17","slug":"vigade-parandus","status":"publish","type":"post","link":"https:\/\/yhelteljel.ee\/?p=3888","title":{"rendered":"Vigade parandus"},"content":{"rendered":"<p><img loading=\"lazy\" decoding=\"async\" class=\"alignnone size-full wp-image-3891\" title=\"Austraalia lipu all t\u00f6\u00f6d rabamas - 3 p\u00e4eva jutti\" src=\"http:\/\/yhelteljel.ee\/wp-content\/uploads\/2009\/10\/IMG_4959.jpg\" alt=\"Austraalia lipu all t\u00f6\u00f6d rabamas - 3 p\u00e4eva jutti\" width=\"530\" height=\"398\" srcset=\"https:\/\/yhelteljel.ee\/wp-content\/uploads\/2009\/10\/IMG_4959.jpg 530w, https:\/\/yhelteljel.ee\/wp-content\/uploads\/2009\/10\/IMG_4959-300x225.jpg 300w\" sizes=\"auto, (max-width: 530px) 100vw, 530px\" \/><\/p>\n<p>Vigade parandus &#8211; just nagu koolis oli. V\u00f5i suvet\u00f6\u00f6, kui midagi nihu l\u00e4ks ja soojal suvep\u00e4eval higistama pidid &#8211; m\u00f5neti selline see remont oligi, kui kolm tihedat p\u00e4eva j\u00e4rjest tsikli kallal t\u00f6\u00f6d tegin.<\/p>\n<p><!--more-->Lavertonist s\u00f5itsime Kalgoorlie&#8217;sse, L\u00e4\u00e4ne-Austraalia suuruselt teise linna, et korralikum remondit\u00f6\u00f6koda leida. Esimese asjana l\u00e4ksingi Yamaha tsikleid m\u00fc\u00fcvasse poodi, kus k\u00fcsisin, kas saan mingi tasu eest nende garaa\u017ei kasutada. T\u00f6\u00f6j\u00f5u eest ei oleks me sellise t\u00f6\u00f6 puhul nii v\u00f5i naa v\u00f5imelised maksma (keskmine mehaaniku t\u00f6\u00f6tund maksab 80-100 AUD). Vastus oli eitav.<\/p>\n<p>Kuid kes oleks v\u00f5inud arvata, et siit meie (eba)\u00f5nn p\u00f6\u00f6rdub. Poes juhtus just sel hetkel olema \u00fcks kohalik, Lance, kes kuulis meie juttu pealt ning poest v\u00e4lja minnes ootaski ta juba mind ees, ning \u00fctles: &#8220;kui tahad, tule minu hoovi, mul riistad olemas&#8221;. Ta ise mootorrattur ja kardiv\u00f5istluste fanaatik (kasutab kartidel Yamaha mootoreid, mis teda sinna poodi viiski). Saime hoovinurka telgi p\u00fcsti panna ja sealt alates oli k\u00f5ik juba \u00fcks suur &#8220;remondilaager&#8221;.<\/p>\n<p>Kaks p\u00f5hiprobleemi olid murtud tagaraam ja undav k\u00e4igukast. \u00d5nneks on nad \u00fcks suur lahtiv\u00f5tmine &#8211; k\u00e4igukasti k\u00e4ttesaamiseks tuleb tagaraam suuresti \u00e4ra v\u00f5tta nii v\u00f5i naa. Sellest alustasimegi, mis on paras hakkimine:<\/p>\n<p><img loading=\"lazy\" decoding=\"async\" style=\"border: 0px initial initial;\" title=\"Lahti tagaraam - see on suur t\u00f6\u00f6!\" src=\"http:\/\/yhelteljel.ee\/wp-content\/uploads\/2009\/10\/IMG_4934.jpg\" alt=\"Lahti tagaraam - see on suur t\u00f6\u00f6!\" width=\"530\" height=\"398\" \/><\/p>\n<p>Hea uudis oli see, et Lance sai s\u00f5bralt keevitusaparaati laenutada ja nii see raam paigatud saigi. Lance ise on ametilt muidu elektrik, ning ka keevitamisega sina peal:<\/p>\n<p><img loading=\"lazy\" decoding=\"async\" style=\"border: 0px initial initial;\" title=\"Raami keevitus\" src=\"http:\/\/yhelteljel.ee\/wp-content\/uploads\/2009\/10\/IMG_4941.jpg\" alt=\"Raami keevitus\" width=\"530\" height=\"707\" \/><\/p>\n<p>Ja kui tegemiseks juba l\u00e4ks, otsustasin, et raam tuleks murdunud kohast ka tugevdada, et sellist jama ei korduks. L\u00f5ikasin metallist v\u00e4lja kolmnurgad, mis peaks raamil vastavat kriitilist kohta rohkem toestama:<\/p>\n<p><img loading=\"lazy\" decoding=\"async\" class=\"alignnone size-full wp-image-3892\" title=\"Raamik\u00f5venduse aretused\" src=\"http:\/\/yhelteljel.ee\/wp-content\/uploads\/2009\/10\/IMG_4969.jpg\" alt=\"Raamik\u00f5venduse aretused\" width=\"530\" height=\"398\" srcset=\"https:\/\/yhelteljel.ee\/wp-content\/uploads\/2009\/10\/IMG_4969.jpg 530w, https:\/\/yhelteljel.ee\/wp-content\/uploads\/2009\/10\/IMG_4969-300x225.jpg 300w\" sizes=\"auto, (max-width: 530px) 100vw, 530px\" \/><\/p>\n<p><img loading=\"lazy\" decoding=\"async\" class=\"alignnone size-full wp-image-3893\" title=\"&quot;istuvad&quot; ilusti\" src=\"http:\/\/yhelteljel.ee\/wp-content\/uploads\/2009\/10\/IMG_4970.jpg\" alt=\"&quot;istuvad&quot; ilusti\" width=\"530\" height=\"398\" srcset=\"https:\/\/yhelteljel.ee\/wp-content\/uploads\/2009\/10\/IMG_4970.jpg 530w, https:\/\/yhelteljel.ee\/wp-content\/uploads\/2009\/10\/IMG_4970-300x225.jpg 300w\" sizes=\"auto, (max-width: 530px) 100vw, 530px\" \/><\/p>\n<p>Paigatud raam:<\/p>\n<p><img loading=\"lazy\" decoding=\"async\" class=\"alignnone size-full wp-image-3906\" title=\"Paigatud tagaraam\" src=\"http:\/\/yhelteljel.ee\/wp-content\/uploads\/2009\/10\/IMG_5423.jpg\" alt=\"Paigatud tagaraam\" width=\"530\" height=\"398\" srcset=\"https:\/\/yhelteljel.ee\/wp-content\/uploads\/2009\/10\/IMG_5423.jpg 530w, https:\/\/yhelteljel.ee\/wp-content\/uploads\/2009\/10\/IMG_5423-300x225.jpg 300w\" sizes=\"auto, (max-width: 530px) 100vw, 530px\" \/><\/p>\n<p>Ja tugevdatud raam:<\/p>\n<p><img loading=\"lazy\" decoding=\"async\" class=\"alignnone size-full wp-image-3907\" title=\"K\u00f5vendatud tagaraam - pole k\u00fcll iludus, aga loodetavasti t\u00e4idab funktsiooni\" src=\"http:\/\/yhelteljel.ee\/wp-content\/uploads\/2009\/10\/IMG_5424.jpg\" alt=\"K\u00f5vendatud tagaraam - pole k\u00fcll iludus, aga loodetavasti t\u00e4idab funktsiooni\" width=\"530\" height=\"398\" srcset=\"https:\/\/yhelteljel.ee\/wp-content\/uploads\/2009\/10\/IMG_5424.jpg 530w, https:\/\/yhelteljel.ee\/wp-content\/uploads\/2009\/10\/IMG_5424-300x225.jpg 300w\" sizes=\"auto, (max-width: 530px) 100vw, 530px\" \/><\/p>\n<p>\u00d5htul otsustas Lance meid grilliga kostitada, mida nende keeli hellitavalt\u00a0<em>barbie&#8217;<\/em>ks kutsutakse (tuleb s\u00f5nast <em>barbeque<\/em>):<\/p>\n<p><img loading=\"lazy\" decoding=\"async\" style=\"border: 0px initial initial;\" title=\"Barbie\" src=\"http:\/\/yhelteljel.ee\/wp-content\/uploads\/2009\/10\/IMG_4972.jpg\" alt=\"Barbie\" width=\"530\" height=\"398\" \/><\/p>\n<p>Mmmm&#8230; liha! P\u00e4ris tihti on nii, et k\u00e4mpingutes levib \u00f5htuti isu\u00e4ratav grillil\u00f5hn. Eriti ajab see suu vett jooksma, kui ise peaasjalikult purgisupist elame. Nii et oli t\u00e4itsa asja eest!<\/p>\n<p>Kui raam korras, oli j\u00e4rgmine p\u00e4ev juba k\u00e4igukastilainetel:<\/p>\n<p><img loading=\"lazy\" decoding=\"async\" class=\"alignnone size-full wp-image-3896\" title=\"\u00c4ra v\u00f5etud k\u00e4imar - j\u00e4rgi j\u00e4\u00e4b poolik ratas mis ikka veel ise seisab :)\" src=\"http:\/\/yhelteljel.ee\/wp-content\/uploads\/2009\/10\/IMG_4976.jpg\" alt=\"\u00c4ra v\u00f5etud k\u00e4imar - j\u00e4rgi j\u00e4\u00e4b poolik ratas mis ikka veel ise seisab :)\" width=\"530\" height=\"645\" srcset=\"https:\/\/yhelteljel.ee\/wp-content\/uploads\/2009\/10\/IMG_4976.jpg 530w, https:\/\/yhelteljel.ee\/wp-content\/uploads\/2009\/10\/IMG_4976-246x300.jpg 246w\" sizes=\"auto, (max-width: 530px) 100vw, 530px\" \/><\/p>\n<p>Kuumap\u00fcstoliga oskuslikult m\u00e4ngides sain k\u00e4imari ka lahti, et selle urina-undamise p\u00f5hjusi otsima hakata. Esimese osa laagrid tundusid k\u00f5ik korras olevat:<\/p>\n<p><img loading=\"lazy\" decoding=\"async\" class=\"alignnone size-full wp-image-3897\" title=\"Lahti k\u00e4igukast - kuskil on siin pekkis laager\" src=\"http:\/\/yhelteljel.ee\/wp-content\/uploads\/2009\/10\/IMG_5399.jpg\" alt=\"Lahti k\u00e4igukast - kuskil on siin pekkis laager\" width=\"530\" height=\"398\" srcset=\"https:\/\/yhelteljel.ee\/wp-content\/uploads\/2009\/10\/IMG_5399.jpg 530w, https:\/\/yhelteljel.ee\/wp-content\/uploads\/2009\/10\/IMG_5399-300x225.jpg 300w\" sizes=\"auto, (max-width: 530px) 100vw, 530px\" \/><\/p>\n<p>Vahetusmehhanism oli ka vinks-vonks, nagu uus:<\/p>\n<p><img loading=\"lazy\" decoding=\"async\" class=\"alignnone size-full wp-image-3898\" title=\"Vahetssv\u00f5ll ja jupid olid OK\" src=\"http:\/\/yhelteljel.ee\/wp-content\/uploads\/2009\/10\/IMG_5400.jpg\" alt=\"Vahetssv\u00f5ll ja jupid olid OK\" width=\"530\" height=\"707\" srcset=\"https:\/\/yhelteljel.ee\/wp-content\/uploads\/2009\/10\/IMG_5400.jpg 530w, https:\/\/yhelteljel.ee\/wp-content\/uploads\/2009\/10\/IMG_5400-224x300.jpg 224w\" sizes=\"auto, (max-width: 530px) 100vw, 530px\" \/><\/p>\n<p>V\u00f5llid olid \u00fcllatavalt v\u00e4he kulunud, \u00fcle 150 000 km s\u00f5itnud rattal\u00a0praktiliselt kulumise m\u00e4rke ei n\u00e4inudki:<\/p>\n<p><img loading=\"lazy\" decoding=\"async\" class=\"alignnone size-full wp-image-3899\" title=\"V\u00f5llid - justkui uued 157 000km s\u00f5itnud rattal\" src=\"http:\/\/yhelteljel.ee\/wp-content\/uploads\/2009\/10\/IMG_5401.jpg\" alt=\"V\u00f5llid - justkui uued 157 000km s\u00f5itnud rattal\" width=\"530\" height=\"391\" srcset=\"https:\/\/yhelteljel.ee\/wp-content\/uploads\/2009\/10\/IMG_5401.jpg 530w, https:\/\/yhelteljel.ee\/wp-content\/uploads\/2009\/10\/IMG_5401-300x221.jpg 300w\" sizes=\"auto, (max-width: 530px) 100vw, 530px\" \/><\/p>\n<p>Kuna \u00fclaosas probleeme polnud, tuli v\u00f5llid ka teiselt poolt v\u00e4lja kiskuda:<\/p>\n<p><img loading=\"lazy\" decoding=\"async\" class=\"alignnone size-full wp-image-3900\" title=\"Alusest lahti t\u00f5mmatud v\u00f5llid\" src=\"http:\/\/yhelteljel.ee\/wp-content\/uploads\/2009\/10\/IMG_5402.jpg\" alt=\"Alusest lahti t\u00f5mmatud v\u00f5llid\" width=\"530\" height=\"398\" srcset=\"https:\/\/yhelteljel.ee\/wp-content\/uploads\/2009\/10\/IMG_5402.jpg 530w, https:\/\/yhelteljel.ee\/wp-content\/uploads\/2009\/10\/IMG_5402-300x225.jpg 300w\" sizes=\"auto, (max-width: 530px) 100vw, 530px\" \/><\/p>\n<p>Ja &#8220;ahhaa&#8221; moment oligi suuresti kohe k\u00e4es &#8211; \u00fcks laager k\u00e4rises keerates kui liivapaber. Laagrile oli kirjutatud &#8220;Japan&#8221; &#8211; paras iroonia saksa ratta puhul! 150 000 km j\u00e4rel ei oleks tohtinud selline detail kulunud olla. (N\u00e4iteks meie tuttav Hank, kellel sellel samal mootorrattamudelil\u00a0\u00fcle 700 000 km kellal, on vaid korra k\u00f5ik laagrid v\u00e4lja\u00a0vahetanud, nii et selline laager\u00a0v\u00f5inuks julgelt \u00fcle 200 000 km kesta)<\/p>\n<p><img loading=\"lazy\" decoding=\"async\" class=\"alignnone size-full wp-image-3901\" title=\"Pekkis laager - vaata aga vaata, Made in Japan :P\" src=\"http:\/\/yhelteljel.ee\/wp-content\/uploads\/2009\/10\/IMG_5404.jpg\" alt=\"Pekkis laager - vaata aga vaata, Made in Japan :P\" width=\"530\" height=\"398\" srcset=\"https:\/\/yhelteljel.ee\/wp-content\/uploads\/2009\/10\/IMG_5404.jpg 530w, https:\/\/yhelteljel.ee\/wp-content\/uploads\/2009\/10\/IMG_5404-300x225.jpg 300w\" sizes=\"auto, (max-width: 530px) 100vw, 530px\" \/><\/p>\n<p>Avastusr\u00f5\u00f5mule (et viga sai kindlaks tehtud) j\u00e4rgnes masendus &#8211; kust saada uusi laagreid??? Hakata tellima kuskilt Sydney BMW-st, v\u00f5i kui neil pole, siis Euroopast m\u00f5nest h\u00e4sti varustatud BMW poest? Suur k\u00fcsimus, sest see oleks hull ootamine, v\u00f5ibolla isegi n\u00e4dalaid. Lance arvas, et v\u00f5ta aga Kalgoorlie telefonikataloog ette ja helista m\u00f5ned laagripoed igaks-juhuks l\u00e4bi.<\/p>\n<p>Nii ma siis talitasingi ja siit tuli ka kohe j\u00e4rgmine \u00f5nnelik juhtum: esimesele numbrile, millele ma laup\u00e4evasel p\u00e4eval helistasin, vastas t\u00e4ielik laagrite fanaatik nimega Otis (ta teadis juba tootekoodi j\u00e4rgi\u00a0laagri t\u00e4pseid m\u00f5\u00f5tmeid). P\u00e4rast seda, kui olin talle oma loo \u00e4ra r\u00e4\u00e4kinud, \u00fctles ta: &#8220;\u00dcldiselt on pood meil t\u00e4na suletud. Kuid mis rattaga sa s\u00f5idad?&#8221; Kui \u00fctlesin, et BMW-ga, toimus kiire toonimuutus: &#8220;Aaa, kui \u00e4ge, see polegi Jaapani ratas! Sellisel juhul ma v\u00e4ga tahan sind aidata. Palun \u00fctle, kus sa oled, tulen korjan su \u00fcles ja l\u00e4hme mu laagripoodi. Mul peaks see laager laos olema.&#8221;<\/p>\n<p>Otis oli <a href=\"http:\/\/www.triumph.co.uk\/\" target=\"_blank\">Triumph<\/a>i rataste paadunud austaja, sest p\u00e4eval, mil ta s\u00fcndis, viidi ta haiglast koju Triumphi tagaistmel. Ta on motomatkanud nii P\u00f5hja-Ameerikas kui Aafrikas, ilmselt sealt need seosed meil \u00fchtisidki. Nii me kokku saimegi, ta uuris laagreid ja arvas, et v\u00f5iks sisendv\u00f5lli m\u00f5lemad laagrid igaks juhuks \u00e4ra vahetada, kui juba nii v\u00f5i naa vahetusse l\u00e4heb. Teised on ehk OK, sest \u00fcht teiste v\u00f5llide laagritest tal laos polnud. Nii meile tehtigi laagrite &#8220;kommipood&#8221; lahti otse laup\u00e4eval ja saime sealt ka ideaalm\u00f5\u00f5dus t\u00f5mmitsa, et vanad maha kiskuda:<\/p>\n<p><img loading=\"lazy\" decoding=\"async\" class=\"alignnone size-full wp-image-3902\" title=\"Otisega tema poes \u00f5iget laagrit\u00f5mmitsat otsimas\" src=\"http:\/\/yhelteljel.ee\/wp-content\/uploads\/2009\/10\/IMG_5409.jpg\" alt=\"Otisega tema poes \u00f5iget laagrit\u00f5mmitsat otsimas\" width=\"530\" height=\"398\" srcset=\"https:\/\/yhelteljel.ee\/wp-content\/uploads\/2009\/10\/IMG_5409.jpg 530w, https:\/\/yhelteljel.ee\/wp-content\/uploads\/2009\/10\/IMG_5409-300x225.jpg 300w\" sizes=\"auto, (max-width: 530px) 100vw, 530px\" \/><\/p>\n<p>Arva \u00e4ra, milline on uus laager:<\/p>\n<p><img loading=\"lazy\" decoding=\"async\" class=\"alignnone size-full wp-image-3903\" title=\"Arva-arva milline on uus laager?\" src=\"http:\/\/yhelteljel.ee\/wp-content\/uploads\/2009\/10\/IMG_5413.jpg\" alt=\"Arva-arva milline on uus laager?\" width=\"530\" height=\"398\" srcset=\"https:\/\/yhelteljel.ee\/wp-content\/uploads\/2009\/10\/IMG_5413.jpg 530w, https:\/\/yhelteljel.ee\/wp-content\/uploads\/2009\/10\/IMG_5413-300x225.jpg 300w\" sizes=\"auto, (max-width: 530px) 100vw, 530px\" \/><\/p>\n<p>BMW v\u00f5tab t\u00e4pselt sama laagri eest enam kui $50, sama NTN laager maksab suvalises laos $15. M\u00f5nikord pole see originaaltootja juppide v\u00e4rk ikka \u00f5iglane, nii et hea, et ei hakanud kuskilt kaugelt neid samu asju ootama \ud83d\ude42<\/p>\n<p>Muidugi lisairoonia on see, et Jaapani asemel on t\u00e4pselt sama NTN-i laager n\u00fc\u00fcdsest toodetud Taiwanis. Loodame parimat!?<\/p>\n<p>Ja ei j\u00e4\u00e4nudki \u00fcle muud, kui Otist t\u00e4nada ja k\u00e4igukasti kokku lappima hakata. Kuumap\u00fcstol on just see t\u00f6\u00f6rist, mis antud t\u00f6\u00f6del roolib. Profit\u00f6\u00f6riistade poest saadud hirmkallis tihendiliim vahele ja v\u00e4ga v\u00e4ikse j\u00f5upingutusega l\u00e4ks k\u00e4igukast lopsti kokku:<\/p>\n<p><img loading=\"lazy\" decoding=\"async\" class=\"alignnone size-full wp-image-3904\" title=\"Kuumap\u00fcstol on kui Jumala kingitus sellistel t\u00f6\u00f6del\" src=\"http:\/\/yhelteljel.ee\/wp-content\/uploads\/2009\/10\/IMG_5415.jpg\" alt=\"Kuumap\u00fcstol on kui Jumala kingitus sellistel t\u00f6\u00f6del\" width=\"530\" height=\"613\" srcset=\"https:\/\/yhelteljel.ee\/wp-content\/uploads\/2009\/10\/IMG_5415.jpg 530w, https:\/\/yhelteljel.ee\/wp-content\/uploads\/2009\/10\/IMG_5415-259x300.jpg 259w\" sizes=\"auto, (max-width: 530px) 100vw, 530px\" \/><\/p>\n<p>J\u00e4rgmisel p\u00e4eval tuli veel otsida alumiiniumkeevitust, ning selle ka leidsime.<\/p>\n<p><img loading=\"lazy\" decoding=\"async\" class=\"alignnone size-full wp-image-3908\" title=\"Alumiiniumi keevitust saanud esiklaasi raam\" src=\"http:\/\/yhelteljel.ee\/wp-content\/uploads\/2009\/10\/IMG_9481.jpg\" alt=\"Alumiiniumi keevitust saanud esiklaasi raam\" width=\"530\" height=\"465\" srcset=\"https:\/\/yhelteljel.ee\/wp-content\/uploads\/2009\/10\/IMG_9481.jpg 530w, https:\/\/yhelteljel.ee\/wp-content\/uploads\/2009\/10\/IMG_9481-300x263.jpg 300w\" sizes=\"auto, (max-width: 530px) 100vw, 530px\" \/><\/p>\n<p>Tegelikult oli Kalgoorlie selliste t\u00f6\u00f6de l\u00e4biviimiseks\u00a0suht ideaalil\u00e4hedane koht \u00a0&#8211; tegemist on kaevanduslinnaga ja kaevandustehnika vajab teatavasti pidevat hooldust, mis tekitabki igasugu hea laovalikuga laagripoode ja igasugu eksootilisema funktsiooniga remondit\u00f6\u00f6kodasid.<\/p>\n<p>Lance kutsus meid ka j\u00e4rgmine p\u00e4ev <em>barbie<\/em>&#8216;le, seekord veidi Kalgoorlie&#8217;st v\u00e4lja\u00a0mingi vana kaevanduse \u00e4\u00e4rde, kus saime kohalikega suuremas seltskonnas\u00a0juttu puhuda.<\/p>\n<p><img loading=\"lazy\" decoding=\"async\" class=\"alignnone size-full wp-image-3905\" title=\"Teine barbie Kalgoorlie v\u00f5psikus Austraalia seltskonnaga\" src=\"http:\/\/yhelteljel.ee\/wp-content\/uploads\/2009\/10\/IMG_5418.jpg\" alt=\"Teine barbie Kalgoorlie v\u00f5psikus Austraalia seltskonnaga\" width=\"530\" height=\"378\" srcset=\"https:\/\/yhelteljel.ee\/wp-content\/uploads\/2009\/10\/IMG_5418.jpg 530w, https:\/\/yhelteljel.ee\/wp-content\/uploads\/2009\/10\/IMG_5418-300x213.jpg 300w\" sizes=\"auto, (max-width: 530px) 100vw, 530px\" \/><\/p>\n<p>Tegin ka tuuleklaasi-&#8220;arenduse&#8221; alumiiniumplaadi ja neetide n\u00e4ol, &#8220;funksib&#8221; k\u00fcll:<\/p>\n<p><img loading=\"lazy\" decoding=\"async\" style=\"border: 0px initial initial;\" title=\"Nagu StarTrek'i borg - alumiiniumplaadi ja neetidega paigatud tuuleklaas\" src=\"http:\/\/yhelteljel.ee\/wp-content\/uploads\/2009\/10\/IMG_9515.jpg\" alt=\"Nagu StarTrek'i borg - alumiiniumplaadi ja neetidega paigatud tuuleklaas\" width=\"530\" height=\"398\" \/><\/p>\n<p>K\u00f5ige l\u00f5puks ka \u00fcks pilt riiulit\u00e4iest Lance&#8217;i trofeedest (neid oli veel), mis 20 aastat kardiv\u00f5idus\u00f5itudelt kogutud:<\/p>\n<p><a href=\"http:\/\/yhelteljel.ee\/wp-content\/uploads\/2009\/10\/IMG_9482_s.jpg\" target=\"_blank\"><img loading=\"lazy\" decoding=\"async\" class=\"alignnone size-full wp-image-3910\" title=\"Lance'i trofeede kollektsioon, pole kuskile enam panna.\" src=\"http:\/\/yhelteljel.ee\/wp-content\/uploads\/2009\/10\/IMG_9482_v.jpg\" alt=\"Lance'i trofeede kollektsioon, pole kuskile enam panna.\" width=\"530\" height=\"398\" srcset=\"https:\/\/yhelteljel.ee\/wp-content\/uploads\/2009\/10\/IMG_9482_v.jpg 530w, https:\/\/yhelteljel.ee\/wp-content\/uploads\/2009\/10\/IMG_9482_v-300x225.jpg 300w\" sizes=\"auto, (max-width: 530px) 100vw, 530px\" \/><\/a><\/p>\n<p>Ja \u00f5nnelik l\u00f5pupilt mehe endaga:<\/p>\n<p><img loading=\"lazy\" decoding=\"async\" class=\"alignnone size-full wp-image-3911\" title=\"Ja \u00f5nnelik l\u00f5pupilt Lance'iga - v\u00e4ga heas\u00fcdamlik onu kes meid h\u00e4dast v\u00e4lja aitas!\" src=\"http:\/\/yhelteljel.ee\/wp-content\/uploads\/2009\/10\/IMG_9484.jpg\" alt=\"Ja \u00f5nnelik l\u00f5pupilt Lance'iga - v\u00e4ga heas\u00fcdamlik onu kes meid h\u00e4dast v\u00e4lja aitas!\" width=\"530\" height=\"362\" srcset=\"https:\/\/yhelteljel.ee\/wp-content\/uploads\/2009\/10\/IMG_9484.jpg 530w, https:\/\/yhelteljel.ee\/wp-content\/uploads\/2009\/10\/IMG_9484-300x204.jpg 300w\" sizes=\"auto, (max-width: 530px) 100vw, 530px\" \/><\/p>\n<p>Oleme t\u00f5elised \u00f5nneseened. Kui me poleks \u00f5igete inimeste juurde sattunud, oleks ilmselgelt tegemist olnud mitmen\u00e4dalase masendusega. Meie aga saime k\u00f5ik (v.a paagi m\u00f5lk, millega saab ka edasi s\u00f5ita) tehtud kolme p\u00e4evaga. Juhhuu &#8211; homme oleme loodetavasti taas liikvel!<\/p>\n","protected":false},"excerpt":{"rendered":"<p>Vigade parandus &#8211; just nagu koolis oli. V\u00f5i suvet\u00f6\u00f6, kui midagi nihu l\u00e4ks ja soojal suvep\u00e4eval higistama pidid &#8211; m\u00f5neti selline see remont oligi, kui kolm tihedat p\u00e4eva j\u00e4rjest tsikli kallal t\u00f6\u00f6d tegin.<\/p>\n","protected":false},"author":3,"featured_media":0,"comment_status":"open","ping_status":"open","sticky":false,"template":"","format":"standard","meta":{"_monsterinsights_skip_tracking":false,"_monsterinsights_sitenote_active":false,"_monsterinsights_sitenote_note":"","_monsterinsights_sitenote_category":0,"footnotes":""},"categories":[11,5],"tags":[1127,1114,136],"class_list":["post-3888","post","type-post","status-publish","format-standard","hentry","category-okeaania","category-tehniline","tag-austraalia","tag-inimesed","tag-probleemid"],"_links":{"self":[{"href":"https:\/\/yhelteljel.ee\/index.php?rest_route=\/wp\/v2\/posts\/3888","targetHints":{"allow":["GET"]}}],"collection":[{"href":"https:\/\/yhelteljel.ee\/index.php?rest_route=\/wp\/v2\/posts"}],"about":[{"href":"https:\/\/yhelteljel.ee\/index.php?rest_route=\/wp\/v2\/types\/post"}],"author":[{"embeddable":true,"href":"https:\/\/yhelteljel.ee\/index.php?rest_route=\/wp\/v2\/users\/3"}],"replies":[{"embeddable":true,"href":"https:\/\/yhelteljel.ee\/index.php?rest_route=%2Fwp%2Fv2%2Fcomments&post=3888"}],"version-history":[{"count":8,"href":"https:\/\/yhelteljel.ee\/index.php?rest_route=\/wp\/v2\/posts\/3888\/revisions"}],"predecessor-version":[{"id":3919,"href":"https:\/\/yhelteljel.ee\/index.php?rest_route=\/wp\/v2\/posts\/3888\/revisions\/3919"}],"wp:attachment":[{"href":"https:\/\/yhelteljel.ee\/index.php?rest_route=%2Fwp%2Fv2%2Fmedia&parent=3888"}],"wp:term":[{"taxonomy":"category","embeddable":true,"href":"https:\/\/yhelteljel.ee\/index.php?rest_route=%2Fwp%2Fv2%2Fcategories&post=3888"},{"taxonomy":"post_tag","embeddable":true,"href":"https:\/\/yhelteljel.ee\/index.php?rest_route=%2Fwp%2Fv2%2Ftags&post=3888"}],"curies":[{"name":"wp","href":"https:\/\/api.w.org\/{rel}","templated":true}]}}