{"id":3440,"date":"2009-08-14T12:05:10","date_gmt":"2009-08-14T10:05:10","guid":{"rendered":"http:\/\/yhelteljel.ee\/?p=3440"},"modified":"2009-08-14T12:05:10","modified_gmt":"2009-08-14T10:05:10","slug":"tsikli-saatmine-ookeanile","status":"publish","type":"post","link":"https:\/\/yhelteljel.ee\/?p=3440","title":{"rendered":"Tsikli saatmine ookeanile"},"content":{"rendered":"<p><img loading=\"lazy\" decoding=\"async\" class=\"alignnone size-full wp-image-3442\" title=\"Gessu kastis\" src=\"http:\/\/yhelteljel.ee\/wp-content\/uploads\/2009\/08\/IMG_0508.jpg\" alt=\"Gessu kastis\" width=\"530\" height=\"707\" srcset=\"https:\/\/yhelteljel.ee\/wp-content\/uploads\/2009\/08\/IMG_0508.jpg 530w, https:\/\/yhelteljel.ee\/wp-content\/uploads\/2009\/08\/IMG_0508-224x300.jpg 224w\" sizes=\"auto, (max-width: 530px) 100vw, 530px\" \/><\/p>\n<p>N\u00fc\u00fcd tagantj\u00e4rele veidi ka tsikli ettevalmistustest pikaks s\u00f5iduks \u00fcle Vaikse ookeani. Nagu varasemalt sai juba kirjutatud, veetsime suurema osa Vancouveris oldud ajast, organiseerides tsikli transporti Vancouverist Sydney&#8217;sse. Eks tegelikult algas organiseerimist\u00f6\u00f6 juba oma kuu aega varem, kui hakkasime erinevaid transpordifirmasid hinnap\u00e4ringutega pommitama. L\u00f5ppkokkuv\u00f5ttes ei saanud aga m\u00e4\u00e4ravaks mitte niiv\u00e4ga hind (sest raha k\u00fcsivad nad k\u00f5ik enam-v\u00e4hem \u00fchepalju), vaid hoopis aeg &#8211; otsustasime selle kasuks, kes lubas tsikli \u00fcle ookeani saata kolme n\u00e4dalaga (m\u00f5ni pakkus lausa kuut n\u00e4dalat).<!--more--><\/p>\n<p>Meretranspordiga on muidugi see h\u00e4da, et see ei toimi nii suure sagedusega kui lennutransport &#8211; nii pakutigi meile, kas saata tsikkel enam-v\u00e4hem kohe (t\u00e4htaeg tsikli \u00e4raandmiseks oli paari p\u00e4eva p\u00e4rast) v\u00f5i pea kuu aja p\u00e4rast. M\u00f5tlesime, et mis siin enam oodata, ning asusime aga asju korraldama. \u00dcks n\u00f5uetest kasutatud s\u00f5idukite transportimisel on see, et need peavad olema puhtad. Austraalia on selles m\u00f5ttes tuntud kui eriline pedant &#8211; kui ikka sihtkohasadama karantiinit\u00f6\u00f6tajad leiavad su s\u00f5iduki radiaatorist m\u00f5ne k\u00e4rbse v\u00f5i rohulible, siis oled p\u00fcstih\u00e4das.Ei mingeid liivaterasid ega teetolmu! Keegi teadis r\u00e4\u00e4kida \u00f5uduslugu, kus tema autol olla \u00fclevaatusel avastatud nii palju puudusi, et vaeseke pidi riiki sissesaamiseks laskma seda 2500 dollari eest puhastada. Oh, elu!<\/p>\n<p>Niisiis tuli tsiklile l\u00e4bi viia korralik pesu. Pea 70 000km jooksul sellel matkal olen tsiklit pesnud umbes 3-4 korda, nii et v\u00f5ite vast ette kujutada, kui must vaeseke oli. P\u00e4ris t\u00fckk t\u00f6\u00f6d oli survepesurite, spetsiaalse keemia ja lappidega, et mingigi tulemus saada:<\/p>\n<p><img loading=\"lazy\" decoding=\"async\" style=\"border: 0px initial initial;\" title=\"P\u00f5hjalik tsiklipesu - pole seda teinud terve igaviku\" src=\"http:\/\/yhelteljel.ee\/wp-content\/uploads\/2009\/08\/IMG_0492.jpg\" alt=\"P\u00f5hjalik tsiklipesu - pole seda teinud terve igaviku\" width=\"530\" height=\"707\" \/><\/p>\n<p>Teine n\u00f5ue mereteed m\u00f6\u00f6da transportimisel on see, et kast, millesse s\u00f5iduk pannakse (kast peab olema, niisama ei pane teda konteinerisse keegi), peab olema t\u00f6\u00f6deldud (ja vastavalt markeeritud) puidust &#8211; et j\u00e4llegi mingeid kohalikku \u00f6kos\u00fcsteemi kahjustavaid tegureid sisse ei toodaks. H\u00e4da on loomulikult selles, et ega selliseid kaste niisama t\u00e4naval ei vedele, ning pidime laskma selle enam kui 3000 krooni eest spetsiaalselt ehitada. L\u00f5puks siis veeretasime tsikli kasti:<\/p>\n<p><img loading=\"lazy\" decoding=\"async\" class=\"alignnone size-full wp-image-3446\" title=\"Margus veeretab Gessu &quot;karpi&quot;\" src=\"http:\/\/yhelteljel.ee\/wp-content\/uploads\/2009\/08\/IMG_0497.jpg\" alt=\"Margus veeretab Gessu &quot;karpi&quot;\" width=\"530\" height=\"453\" srcset=\"https:\/\/yhelteljel.ee\/wp-content\/uploads\/2009\/08\/IMG_0497.jpg 530w, https:\/\/yhelteljel.ee\/wp-content\/uploads\/2009\/08\/IMG_0497-300x256.jpg 300w\" sizes=\"auto, (max-width: 530px) 100vw, 530px\" \/><\/p>\n<p>Esiratta fikseerimiseks sai kasti p\u00f5hja k\u00fclge l\u00f6\u00f6dud \u00fcksjagu puuklotse:<\/p>\n<p><img loading=\"lazy\" decoding=\"async\" style=\"border: 0px initial initial;\" title=\"Esi- ja tagaratta fikseerimine\" src=\"http:\/\/yhelteljel.ee\/wp-content\/uploads\/2009\/08\/IMG_0504.jpg\" alt=\"Esi- ja tagaratta fikseerimine\" width=\"530\" height=\"398\" \/><\/p>\n<p>Lisaks said pandud veel k\u00f6ied. Viskasime \u00fclej\u00e4\u00e4nud, kohvritesse mittemahtuva kraami vabalt sisse, ja selline n\u00e4gi siis tsikkel v\u00e4lja, kui teda viimast korda n\u00e4gime (tahaks loota, et see ei j\u00e4\u00e4nud p\u00e4ris viimaseks korraks, sest kes teab &#8211; aeg-ajalt ikka m\u00f5ni konteiner kukub \u00fcle parda):<\/p>\n<p><img loading=\"lazy\" decoding=\"async\" class=\"alignnone size-full wp-image-3443\" title=\"Tsikkel koos asjadega kastis\" src=\"http:\/\/yhelteljel.ee\/wp-content\/uploads\/2009\/08\/IMG_0505.jpg\" alt=\"Tsikkel koos asjadega kastis\" width=\"530\" height=\"707\" srcset=\"https:\/\/yhelteljel.ee\/wp-content\/uploads\/2009\/08\/IMG_0505.jpg 530w, https:\/\/yhelteljel.ee\/wp-content\/uploads\/2009\/08\/IMG_0505-224x300.jpg 224w\" sizes=\"auto, (max-width: 530px) 100vw, 530px\" \/><\/p>\n<p>V\u00e4ga tundlikud seadmed &#8211; sellised kirjad sai meie t\u00f6\u00f6kindel, k\u00f5igile v\u00e4ntsutustele vastu pidanud tsikkel:<\/p>\n<p><img loading=\"lazy\" decoding=\"async\" class=\"alignnone size-full wp-image-3444\" title=\"Ja kinnine kast - n\u00fc\u00fcd pole enam midagi meie teha... Loodame parimat!\" src=\"http:\/\/yhelteljel.ee\/wp-content\/uploads\/2009\/08\/IMG_0506.jpg\" alt=\"Ja kinnine kast - n\u00fc\u00fcd pole enam midagi meie teha... Loodame parimat!\" width=\"530\" height=\"398\" srcset=\"https:\/\/yhelteljel.ee\/wp-content\/uploads\/2009\/08\/IMG_0506.jpg 530w, https:\/\/yhelteljel.ee\/wp-content\/uploads\/2009\/08\/IMG_0506-300x225.jpg 300w\" sizes=\"auto, (max-width: 530px) 100vw, 530px\" \/><\/p>\n<p>Paari p\u00e4eva p\u00e4rast peaks kaubalaevale antama start. Kohtumiseni, kallis gessu, kolme n\u00e4dala p\u00e4rast!<\/p>\n","protected":false},"excerpt":{"rendered":"<p>N\u00fc\u00fcd tagantj\u00e4rele veidi ka tsikli ettevalmistustest pikaks s\u00f5iduks \u00fcle Vaikse ookeani. Nagu varasemalt sai juba kirjutatud, veetsime suurema osa Vancouveris oldud ajast, organiseerides tsikli transporti Vancouverist Sydney&#8217;sse. Eks tegelikult algas organiseerimist\u00f6\u00f6 juba oma kuu aega varem, kui hakkasime erinevaid transpordifirmasid hinnap\u00e4ringutega pommitama. L\u00f5ppkokkuv\u00f5ttes ei saanud aga m\u00e4\u00e4ravaks mitte niiv\u00e4ga hind (sest raha k\u00fcsivad nad k\u00f5ik &hellip; <a href=\"https:\/\/yhelteljel.ee\/?p=3440\" class=\"more-link\">Loe edasi <span class=\"screen-reader-text\">Tsikli saatmine ookeanile<\/span> <span class=\"meta-nav\">&rarr;<\/span><\/a><\/p>\n","protected":false},"author":3,"featured_media":0,"comment_status":"open","ping_status":"open","sticky":false,"template":"","format":"standard","meta":{"_monsterinsights_skip_tracking":false,"_monsterinsights_sitenote_active":false,"_monsterinsights_sitenote_note":"","_monsterinsights_sitenote_category":0,"footnotes":""},"categories":[9],"tags":[1126,127],"class_list":["post-3440","post","type-post","status-publish","format-standard","hentry","category-pohja-ameerika","tag-kanada","tag-muu-transport"],"_links":{"self":[{"href":"https:\/\/yhelteljel.ee\/index.php?rest_route=\/wp\/v2\/posts\/3440","targetHints":{"allow":["GET"]}}],"collection":[{"href":"https:\/\/yhelteljel.ee\/index.php?rest_route=\/wp\/v2\/posts"}],"about":[{"href":"https:\/\/yhelteljel.ee\/index.php?rest_route=\/wp\/v2\/types\/post"}],"author":[{"embeddable":true,"href":"https:\/\/yhelteljel.ee\/index.php?rest_route=\/wp\/v2\/users\/3"}],"replies":[{"embeddable":true,"href":"https:\/\/yhelteljel.ee\/index.php?rest_route=%2Fwp%2Fv2%2Fcomments&post=3440"}],"version-history":[{"count":6,"href":"https:\/\/yhelteljel.ee\/index.php?rest_route=\/wp\/v2\/posts\/3440\/revisions"}],"predecessor-version":[{"id":3458,"href":"https:\/\/yhelteljel.ee\/index.php?rest_route=\/wp\/v2\/posts\/3440\/revisions\/3458"}],"wp:attachment":[{"href":"https:\/\/yhelteljel.ee\/index.php?rest_route=%2Fwp%2Fv2%2Fmedia&parent=3440"}],"wp:term":[{"taxonomy":"category","embeddable":true,"href":"https:\/\/yhelteljel.ee\/index.php?rest_route=%2Fwp%2Fv2%2Fcategories&post=3440"},{"taxonomy":"post_tag","embeddable":true,"href":"https:\/\/yhelteljel.ee\/index.php?rest_route=%2Fwp%2Fv2%2Ftags&post=3440"}],"curies":[{"name":"wp","href":"https:\/\/api.w.org\/{rel}","templated":true}]}}