{"id":3068,"date":"2009-07-01T01:29:18","date_gmt":"2009-06-30T23:29:18","guid":{"rendered":"http:\/\/yhelteljel.ee\/?p=3068"},"modified":"2009-07-01T01:29:18","modified_gmt":"2009-06-30T23:29:18","slug":"new-york-citys-on-koike","status":"publish","type":"post","link":"https:\/\/yhelteljel.ee\/?p=3068","title":{"rendered":"New York Citys on k\u00f5ike"},"content":{"rendered":"<p><a href=\"http:\/\/yhelteljel.ee\/wp-content\/uploads\/2009\/06\/img_1074_s.jpg\" target=\"_blank\"><img loading=\"lazy\" decoding=\"async\" class=\"alignnone size-full wp-image-3082\" title=\"New York n\u00e4htuna k\u00f5rgustest (Empire State Building'u otsast)\" src=\"http:\/\/yhelteljel.ee\/wp-content\/uploads\/2009\/06\/img_1074_v.jpg\" alt=\"New York n\u00e4htuna k\u00f5rgustest (Empire State Building'u otsast)\" width=\"530\" height=\"398\" srcset=\"https:\/\/yhelteljel.ee\/wp-content\/uploads\/2009\/06\/img_1074_v.jpg 530w, https:\/\/yhelteljel.ee\/wp-content\/uploads\/2009\/06\/img_1074_v-300x225.jpg 300w\" sizes=\"auto, (max-width: 530px) 100vw, 530px\" \/><\/a><\/p>\n<p>Mida kauem siin oleme, seda rohkem mulle siin meeldib. New York on lihtsalt nii v\u00e4rvik\u00fcllane ja nii varieeruv, et siin saab ilma pikema jututagi aru, mida peetakse silmas, kui \u00f6eldakse &#8220;palju v\u00f5imalusi&#8221;. Tahad v\u00e4rskelt valmistatud pastat &#8211; l\u00e4hed Little Italy linnaossa, tahad midagi aasiap\u00e4rast, sead sammud China Town&#8217;i. Sellest ei maksa \u00fcldse r\u00e4\u00e4kidagi, et pidevalt on midagi toimumas &#8211; kontserdid, n\u00e4itused, improviseeritud \u00fcritused&#8230; See v\u00f5ib tunduda v\u00e4ga enesestm\u00f5istetav, kuid ise sain muidu abstraktsena tundunud v\u00f5imalusterohkusest kui sellisest t\u00f5eliselt aru alles siin.<!--more--><\/p>\n<p>Selles m\u00f5ttes on New York j\u00e4tnud mulje kui v\u00e4ga turvaline ja efektiivne sihtkoht &#8211; kui ikka on soov saada v\u00e4ga populaarteaduslik sissejuhatus mingisse kultuuri, siis New York City annab selleks ideaalse v\u00f5imaluse, ilma igasuguste kultuuri\u0161okkide ja muu s\u00e4\u00e4raseta &#8211; ei pea \u00fcldse v\u00e4ljuma oma mugavustsoonist, et saada aimu teiste rahvaste kommetest. Pole lehmasid, kes m\u00f6\u00f6da t\u00e4navaid uitaksid v\u00f5i lihak\u00e4ntsakaid, mis k\u00e4rbeste r\u00f5\u00f5muks v\u00e4likioski lakke rippuma oleks t\u00f5mmatud. Ehk oleme selles m\u00f5ttes pisut kummalise maitsega, et oskame sellistes piltides n\u00e4ha oma v\u00f5lu, kuid on ju ka \u00f5rnema hingega inimesi, kes hotelli vannitoas sisalikku kohates kohe selle kohta reisib\u00fcroole kaebust kirjutama tormavad.<\/p>\n<p>New York on mugav &#8211; mida iganes on sul vaja, on siin peaaegu k\u00f5ik olemas. Ja v\u00e4ga sageli k\u00e4ttesaadav kasv\u00f5i \u00f6\u00f6sel. Meile on kohalik kaubandusv\u00f5rk tekitanud visiooni \u00e4\u00e4rmuslikust tarbimishullusest. Kohalikud \u00fctlevad aga, et kui USA peaks oma tarbimist piirama, kannatavad selle arvelt Kagu-Aasia tootjamaad &#8211; tekib t\u00f6\u00f6puudus ja n\u00e4lg ja mis k\u00f5ik veel. Ometi tuleks Maa ressursside s\u00e4\u00e4stmise nimel v\u00e4hem tarbima. N\u00f5iaring!<\/p>\n<p>Minu jaoks on alati p\u00f5nev teha tutvust v\u00f5\u00f5ra linna \u00fchistranspordis\u00fcsteemiga. Siiani ei ole kunagi pidanud pettuma metroos. V\u00f5ib-olla on asi selles, et mulle kui Eestist tulnud provintsiinimesele on metroo midagi suurlinlikku, isegi glamuurset. Metroo l\u00f5hnas (mis on mingil p\u00f5hjusel igas linnas sama) on midagi kaasakiskuvat. Metroo on hea koht inimeste vaatamiseks.<\/p>\n<p><img loading=\"lazy\" decoding=\"async\" class=\"alignnone size-full wp-image-3089\" title=\"NY Manhattani metroo\" src=\"http:\/\/yhelteljel.ee\/wp-content\/uploads\/2009\/06\/img_3735.jpg\" alt=\"NY Manhattani metroo\" width=\"530\" height=\"391\" srcset=\"https:\/\/yhelteljel.ee\/wp-content\/uploads\/2009\/06\/img_3735.jpg 530w, https:\/\/yhelteljel.ee\/wp-content\/uploads\/2009\/06\/img_3735-300x221.jpg 300w\" sizes=\"auto, (max-width: 530px) 100vw, 530px\" \/><\/p>\n<p><a href=\"http:\/\/en.wikipedia.org\/wiki\/New_York_City_Subway\" target=\"_blank\">New York City metroov\u00f5rgustik<\/a> on ilmselt suurim, mida oleme kunagi kasutanud. Kuuldavasti j\u00e4\u00e4b see kasutajate arvult alla vaid Tokyo, Moskva ja Seouli metroole, ning 369 kilomeetril r\u00f6\u00f6bastel on 468 peatust. \u00dclalolev pilt on Broadway t\u00e4naval asuvast jaamast, ja allpool on lindistus samast kohast. Absoluutselt igas nahav\u00e4rvuses ja rassist esindatud k\u00f5ndisid l\u00e4bi nende s\u00fcsteemide samal ajal, kui afroameeriklane j\u00e4mmis koridoris oma kitarriga &#8211; see on t\u00f5eline Manhattan! \ud83d\ude42<\/p>\n[audio:http:\/\/yhelteljel.ee\/audio\/NY-metroo-kitarrij2mm.mp3]\n<p>Eri kultuuridest r\u00e4\u00e4kides ei saa \u00fcle ega \u00fcmber ka transvestiitidest ega geidest-lesbidest &#8211; linnas ringi uidates sattusime kogemata peale <a href=\"http:\/\/www.nycpride.org\/\" target=\"_blank\">NYC Pride<\/a> festivalile.<\/p>\n<p>Viiendal aven\u00fc\u00fcl toimus p\u00fchap\u00e4eval korralik t\u00e4navam\u00f6ll, rongk\u00e4ik kestis tunde:<\/p>\n[audio:http:\/\/yhelteljel.ee\/audio\/NY-gay-lesbian-fest.mp3]\n<p><img loading=\"lazy\" decoding=\"async\" class=\"alignnone size-full wp-image-3090\" title=\"Geifestival Manhattanil\" src=\"http:\/\/yhelteljel.ee\/wp-content\/uploads\/2009\/06\/img_1045.jpg\" alt=\"Geifestival Manhattanil\" width=\"530\" height=\"419\" srcset=\"https:\/\/yhelteljel.ee\/wp-content\/uploads\/2009\/06\/img_1045.jpg 530w, https:\/\/yhelteljel.ee\/wp-content\/uploads\/2009\/06\/img_1045-300x237.jpg 300w\" sizes=\"auto, (max-width: 530px) 100vw, 530px\" \/><\/p>\n<p><a href=\"http:\/\/yhelteljel.ee\/wp-content\/uploads\/2009\/06\/img_1035_s.jpg\" target=\"_blank\"><img loading=\"lazy\" decoding=\"async\" class=\"alignnone size-full wp-image-3069\" title=\"Geifestival (1)\" src=\"http:\/\/yhelteljel.ee\/wp-content\/uploads\/2009\/06\/img_1035.jpg\" alt=\"Geifestival (1)\" width=\"530\" height=\"469\" srcset=\"https:\/\/yhelteljel.ee\/wp-content\/uploads\/2009\/06\/img_1035.jpg 530w, https:\/\/yhelteljel.ee\/wp-content\/uploads\/2009\/06\/img_1035-300x265.jpg 300w\" sizes=\"auto, (max-width: 530px) 100vw, 530px\" \/><\/a><\/p>\n<p><img loading=\"lazy\" decoding=\"async\" class=\"alignnone size-full wp-image-3072\" title=\"Geifestival (2) - t\u00fcdruk jagab infosedeleid\" src=\"http:\/\/yhelteljel.ee\/wp-content\/uploads\/2009\/06\/img_1063_2.jpg\" alt=\"Geifestival (2) - t\u00fcdruk jagab infosedeleid\" width=\"530\" height=\"764\" srcset=\"https:\/\/yhelteljel.ee\/wp-content\/uploads\/2009\/06\/img_1063_2.jpg 530w, https:\/\/yhelteljel.ee\/wp-content\/uploads\/2009\/06\/img_1063_2-208x300.jpg 208w\" sizes=\"auto, (max-width: 530px) 100vw, 530px\" \/><\/p>\n<p><img loading=\"lazy\" decoding=\"async\" class=\"alignnone size-full wp-image-3088\" title=\"Geifestival (3)\" src=\"http:\/\/yhelteljel.ee\/wp-content\/uploads\/2009\/06\/img_1054.jpg\" alt=\"Geifestival (3)\" width=\"530\" height=\"816\" srcset=\"https:\/\/yhelteljel.ee\/wp-content\/uploads\/2009\/06\/img_1054.jpg 530w, https:\/\/yhelteljel.ee\/wp-content\/uploads\/2009\/06\/img_1054-194x300.jpg 194w\" sizes=\"auto, (max-width: 530px) 100vw, 530px\" \/><\/p>\n<p><img loading=\"lazy\" decoding=\"async\" class=\"alignnone size-full wp-image-3095\" title=\"Geifestival (4) - \u00f5petajate kommuun\" src=\"http:\/\/yhelteljel.ee\/wp-content\/uploads\/2009\/06\/img_1037.jpg\" alt=\"Geifestival (4) - \u00f5petajate kommuun\" width=\"530\" height=\"407\" srcset=\"https:\/\/yhelteljel.ee\/wp-content\/uploads\/2009\/06\/img_1037.jpg 530w, https:\/\/yhelteljel.ee\/wp-content\/uploads\/2009\/06\/img_1037-300x230.jpg 300w\" sizes=\"auto, (max-width: 530px) 100vw, 530px\" \/><\/p>\n<p>Vaevalt, et New York City geiparaad teiste maailma linnade samasisulistest paraadidest oluliselt erineb &#8211; eksponeeritakse erksav\u00e4rvilisi suleboasid ja paljast ihu. K\u00f5ik teavad, et asjal on ka s\u00fcgavam sisu ja t\u00e4hendus, ent mul (igaks juhuks mainin, et mul ei ole homseksuaalide vastu midagi) tekib k\u00fcsimus, kas selline m\u00f6ll ja s\u00fcndsuse piiridel m\u00e4ngimine aitavad kaasa eesm\u00e4rgi saavutamisele, milleks, nagu ma aru saan, on v\u00f5rdne kohtlemine \u00fchiskonnas. Samas, ega ma ei oska \u00f6elda, milline oleks parem viis tolerantsuse suurendamiseks. Huvitav oleks teada, mida arvavad selliste \u00fcrituste poolt loodavast imagost sotsioloogid.<\/p>\n<p>Aga turismi juurde tagasi tulles. K\u00e4isime Battery pargist vabadussammast vaatamas ning jalutasime Manhattanil ringi. Allpool m\u00f5ned pildid ja helid:<\/p>\n<p><a href=\"http:\/\/yhelteljel.ee\/wp-content\/uploads\/2009\/06\/img_3738_s.jpg\" target=\"_blank\"><img loading=\"lazy\" decoding=\"async\" class=\"alignnone size-full wp-image-3091\" title=\"Vabaduse kuju\" src=\"http:\/\/yhelteljel.ee\/wp-content\/uploads\/2009\/06\/img_3738.jpg\" alt=\"Vabaduse kuju\" width=\"530\" height=\"341\" srcset=\"https:\/\/yhelteljel.ee\/wp-content\/uploads\/2009\/06\/img_3738.jpg 530w, https:\/\/yhelteljel.ee\/wp-content\/uploads\/2009\/06\/img_3738-300x193.jpg 300w\" sizes=\"auto, (max-width: 530px) 100vw, 530px\" \/><\/a><\/p>\n[audio:http:\/\/yhelteljel.ee\/audio\/NY-pargi-trummid.mp3]\n<p><img loading=\"lazy\" decoding=\"async\" class=\"alignnone size-full wp-image-3070\" title=\"Surnuaed New York Manhattan Downtown\" src=\"http:\/\/yhelteljel.ee\/wp-content\/uploads\/2009\/06\/img_3746.jpg\" alt=\"Surnuaed New York Manhattan Downtown\" width=\"530\" height=\"299\" srcset=\"https:\/\/yhelteljel.ee\/wp-content\/uploads\/2009\/06\/img_3746.jpg 530w, https:\/\/yhelteljel.ee\/wp-content\/uploads\/2009\/06\/img_3746-300x169.jpg 300w\" sizes=\"auto, (max-width: 530px) 100vw, 530px\" \/><\/p>\n<p><a href=\"http:\/\/yhelteljel.ee\/wp-content\/uploads\/2009\/06\/ny-10s.jpg\" target=\"_blank\"><img loading=\"lazy\" decoding=\"async\" class=\"alignnone size-full wp-image-3087\" title=\"New York (10) - Times Square kandist\" src=\"http:\/\/yhelteljel.ee\/wp-content\/uploads\/2009\/06\/ny-10v.png\" alt=\"New York (10) - Times Square kandist\" width=\"530\" height=\"391\" srcset=\"https:\/\/yhelteljel.ee\/wp-content\/uploads\/2009\/06\/ny-10v.png 530w, https:\/\/yhelteljel.ee\/wp-content\/uploads\/2009\/06\/ny-10v-300x221.png 300w\" sizes=\"auto, (max-width: 530px) 100vw, 530px\" \/><\/a><\/p>\n<p><a href=\"http:\/\/yhelteljel.ee\/wp-content\/uploads\/2009\/06\/ny-10s.jpg\" target=\"_blank\"><\/a><img loading=\"lazy\" decoding=\"async\" class=\"alignnone size-full wp-image-3086\" title=\"New York (16) - Wall Streeti kant\" src=\"http:\/\/yhelteljel.ee\/wp-content\/uploads\/2009\/06\/ny-16.jpg\" alt=\"New York (16) - Wall Streeti kant\" width=\"530\" height=\"1191\" srcset=\"https:\/\/yhelteljel.ee\/wp-content\/uploads\/2009\/06\/ny-16.jpg 530w, https:\/\/yhelteljel.ee\/wp-content\/uploads\/2009\/06\/ny-16-133x300.jpg 133w\" sizes=\"auto, (max-width: 530px) 100vw, 530px\" \/><\/p>\n<p>Empire State Building&#8217;u otsast avanesid vapustavad vaated Mahnattani saarele:<\/p>\n<p><a href=\"http:\/\/yhelteljel.ee\/wp-content\/uploads\/2009\/06\/ny-11s.jpg\" target=\"_blank\"><img loading=\"lazy\" decoding=\"async\" class=\"alignnone size-full wp-image-3076\" title=\"New York (11)\" src=\"http:\/\/yhelteljel.ee\/wp-content\/uploads\/2009\/06\/ny-11v.png\" alt=\"New York (11)\" width=\"530\" height=\"174\" srcset=\"https:\/\/yhelteljel.ee\/wp-content\/uploads\/2009\/06\/ny-11v.png 530w, https:\/\/yhelteljel.ee\/wp-content\/uploads\/2009\/06\/ny-11v-300x98.png 300w\" sizes=\"auto, (max-width: 530px) 100vw, 530px\" \/><\/a><\/p>\n<p><a href=\"http:\/\/yhelteljel.ee\/wp-content\/uploads\/2009\/06\/ny-12s.jpg\" target=\"_blank\"><img loading=\"lazy\" decoding=\"async\" class=\"alignnone size-full wp-image-3074\" title=\"New York (12)\" src=\"http:\/\/yhelteljel.ee\/wp-content\/uploads\/2009\/06\/ny-12v.png\" alt=\"New York (12)\" width=\"530\" height=\"185\" srcset=\"https:\/\/yhelteljel.ee\/wp-content\/uploads\/2009\/06\/ny-12v.png 530w, https:\/\/yhelteljel.ee\/wp-content\/uploads\/2009\/06\/ny-12v-300x104.png 300w\" sizes=\"auto, (max-width: 530px) 100vw, 530px\" \/><\/a><\/p>\n<p><a href=\"http:\/\/yhelteljel.ee\/wp-content\/uploads\/2009\/06\/ny-13s.jpg\" target=\"_blank\"><img loading=\"lazy\" decoding=\"async\" class=\"alignnone size-full wp-image-3079\" title=\"New York (13)\" src=\"http:\/\/yhelteljel.ee\/wp-content\/uploads\/2009\/06\/ny-13v.png\" alt=\"New York (13)\" width=\"530\" height=\"281\" srcset=\"https:\/\/yhelteljel.ee\/wp-content\/uploads\/2009\/06\/ny-13v.png 530w, https:\/\/yhelteljel.ee\/wp-content\/uploads\/2009\/06\/ny-13v-300x159.png 300w\" sizes=\"auto, (max-width: 530px) 100vw, 530px\" \/><\/a><\/p>\n<p><a href=\"http:\/\/yhelteljel.ee\/wp-content\/uploads\/2009\/06\/ny-14s.jpg\" target=\"_blank\"><img loading=\"lazy\" decoding=\"async\" class=\"alignnone size-full wp-image-3075\" title=\"New York (14)\" src=\"http:\/\/yhelteljel.ee\/wp-content\/uploads\/2009\/06\/ny-14v.jpg\" alt=\"New York (14)\" width=\"530\" height=\"98\" srcset=\"https:\/\/yhelteljel.ee\/wp-content\/uploads\/2009\/06\/ny-14v.jpg 530w, https:\/\/yhelteljel.ee\/wp-content\/uploads\/2009\/06\/ny-14v-300x55.jpg 300w\" sizes=\"auto, (max-width: 530px) 100vw, 530px\" \/><\/a><\/p>\n<p><a href=\"http:\/\/yhelteljel.ee\/wp-content\/uploads\/2009\/06\/ny-15s.jpg\" target=\"_blank\"><img loading=\"lazy\" decoding=\"async\" class=\"alignnone size-full wp-image-3097\" title=\"New York (15)\" src=\"http:\/\/yhelteljel.ee\/wp-content\/uploads\/2009\/06\/ny-15v.png\" alt=\"New York (15)\" width=\"530\" height=\"261\" srcset=\"https:\/\/yhelteljel.ee\/wp-content\/uploads\/2009\/06\/ny-15v.png 530w, https:\/\/yhelteljel.ee\/wp-content\/uploads\/2009\/06\/ny-15v-300x147.png 300w\" sizes=\"auto, (max-width: 530px) 100vw, 530px\" \/><\/a><\/p>\n<p>K\u00fclastasime ka World Trade Centeri asukohta, mis 9\/11 s\u00fcndmusega maatasa tehti. Tulevikus kerkib sinna uus hoone, ent hetkel haigutab seal seal t\u00fchi plats. Siiski k\u00e4ib usin t\u00f6\u00f6 kraanadega:<\/p>\n<p><a href=\"http:\/\/yhelteljel.ee\/wp-content\/uploads\/2009\/06\/ny-17s.jpg\" target=\"_blank\"><img loading=\"lazy\" decoding=\"async\" class=\"alignnone size-full wp-image-3085\" title=\"New York (17) - World Trade Centeri plats on uuesti ehitamisel\" src=\"http:\/\/yhelteljel.ee\/wp-content\/uploads\/2009\/06\/ny-17v.png\" alt=\"New York (17) - World Trade Centeri plats on uuesti ehitamisel\" width=\"530\" height=\"244\" srcset=\"https:\/\/yhelteljel.ee\/wp-content\/uploads\/2009\/06\/ny-17v.png 530w, https:\/\/yhelteljel.ee\/wp-content\/uploads\/2009\/06\/ny-17v-300x138.png 300w\" sizes=\"auto, (max-width: 530px) 100vw, 530px\" \/><\/a><\/p>\n<p>Mul tekkis seda kummalist t\u00fchja kohta vaadates k\u00fcll palju k\u00fcsimusi.<\/p>\n","protected":false},"excerpt":{"rendered":"<p>Mida kauem siin oleme, seda rohkem mulle siin meeldib. New York on lihtsalt nii v\u00e4rvik\u00fcllane ja nii varieeruv, et siin saab ilma pikema jututagi aru, mida peetakse silmas, kui \u00f6eldakse &#8220;palju v\u00f5imalusi&#8221;. Tahad v\u00e4rskelt valmistatud pastat &#8211; l\u00e4hed Little Italy linnaossa, tahad midagi aasiap\u00e4rast, sead sammud China Town&#8217;i. Sellest ei maksa \u00fcldse r\u00e4\u00e4kidagi, et pidevalt &hellip; <a href=\"https:\/\/yhelteljel.ee\/?p=3068\" class=\"more-link\">Loe edasi <span class=\"screen-reader-text\">New York Citys on k\u00f5ike<\/span> <span class=\"meta-nav\">&rarr;<\/span><\/a><\/p>\n","protected":false},"author":2,"featured_media":0,"comment_status":"open","ping_status":"open","sticky":false,"template":"","format":"standard","meta":{"_monsterinsights_skip_tracking":false,"_monsterinsights_sitenote_active":false,"_monsterinsights_sitenote_note":"","_monsterinsights_sitenote_category":0,"footnotes":""},"categories":[9],"tags":[129,1114,128,1125],"class_list":["post-3068","post","type-post","status-publish","format-standard","hentry","category-pohja-ameerika","tag-helimaastikud","tag-inimesed","tag-linnad","tag-usa"],"_links":{"self":[{"href":"https:\/\/yhelteljel.ee\/index.php?rest_route=\/wp\/v2\/posts\/3068","targetHints":{"allow":["GET"]}}],"collection":[{"href":"https:\/\/yhelteljel.ee\/index.php?rest_route=\/wp\/v2\/posts"}],"about":[{"href":"https:\/\/yhelteljel.ee\/index.php?rest_route=\/wp\/v2\/types\/post"}],"author":[{"embeddable":true,"href":"https:\/\/yhelteljel.ee\/index.php?rest_route=\/wp\/v2\/users\/2"}],"replies":[{"embeddable":true,"href":"https:\/\/yhelteljel.ee\/index.php?rest_route=%2Fwp%2Fv2%2Fcomments&post=3068"}],"version-history":[{"count":16,"href":"https:\/\/yhelteljel.ee\/index.php?rest_route=\/wp\/v2\/posts\/3068\/revisions"}],"predecessor-version":[{"id":3113,"href":"https:\/\/yhelteljel.ee\/index.php?rest_route=\/wp\/v2\/posts\/3068\/revisions\/3113"}],"wp:attachment":[{"href":"https:\/\/yhelteljel.ee\/index.php?rest_route=%2Fwp%2Fv2%2Fmedia&parent=3068"}],"wp:term":[{"taxonomy":"category","embeddable":true,"href":"https:\/\/yhelteljel.ee\/index.php?rest_route=%2Fwp%2Fv2%2Fcategories&post=3068"},{"taxonomy":"post_tag","embeddable":true,"href":"https:\/\/yhelteljel.ee\/index.php?rest_route=%2Fwp%2Fv2%2Ftags&post=3068"}],"curies":[{"name":"wp","href":"https:\/\/api.w.org\/{rel}","templated":true}]}}