{"id":288,"date":"2008-09-30T08:27:40","date_gmt":"2008-09-30T06:27:40","guid":{"rendered":"http:\/\/yhelteljel.ee\/?p=288"},"modified":"2009-04-15T17:49:22","modified_gmt":"2009-04-15T15:49:22","slug":"vaikus-enne-tormi","status":"publish","type":"post","link":"https:\/\/yhelteljel.ee\/?p=288","title":{"rendered":"Vaikus enne tormi"},"content":{"rendered":"<p>Oleme veidi aega &#8220;liinilt&#8221; maas olnud. M\u00f5ned <a title=\"Pulm\" href=\"http:\/\/yhelteljel.ee\/wp-content\/uploads\/2008\/09\/img384.jpg\" target=\"_blank\">perekondlikud s\u00fcndmused<\/a>\u00a0tulid vahele.<\/p>\n<p>\u00a0<\/p>\n<p>Stardime \u00f6\u00f6l vastu 2. oktoobrit kell 00.45 Paldiski sadamast Kappelsk\u00e4ri s\u00f5itval laeval. Ja loomulikult on pea pulki t\u00e4is ning \u00e4revus sees &#8211; \u00fcht-teist on j\u00e4\u00e4nud veel ka tsikli kallal teha ning vaja on kogu kraam kokku pakkida.<\/p>\n<p>\u00a0<\/p>\n<p>OK, aitab jutust &#8211; nii palju on veel teha!<\/p>\n","protected":false},"excerpt":{"rendered":"<p>Oleme veidi aega &#8220;liinilt&#8221; maas olnud. M\u00f5ned perekondlikud s\u00fcndmused\u00a0tulid vahele. \u00a0 Stardime \u00f6\u00f6l vastu 2. oktoobrit kell 00.45 Paldiski sadamast Kappelsk\u00e4ri s\u00f5itval laeval. Ja loomulikult on pea pulki t\u00e4is ning \u00e4revus sees &#8211; \u00fcht-teist on j\u00e4\u00e4nud veel ka tsikli kallal teha ning vaja on kogu kraam kokku pakkida. \u00a0 OK, aitab jutust &#8211; nii palju &hellip; <a href=\"https:\/\/yhelteljel.ee\/?p=288\" class=\"more-link\">Loe edasi <span class=\"screen-reader-text\">Vaikus enne tormi<\/span> <span class=\"meta-nav\">&rarr;<\/span><\/a><\/p>\n","protected":false},"author":3,"featured_media":0,"comment_status":"open","ping_status":"open","sticky":false,"template":"","format":"standard","meta":{"_monsterinsights_skip_tracking":false,"_monsterinsights_sitenote_active":false,"_monsterinsights_sitenote_note":"","_monsterinsights_sitenote_category":0,"footnotes":""},"categories":[3],"tags":[1113,113],"class_list":["post-288","post","type-post","status-publish","format-standard","hentry","category-euroopa","tag-eesti","tag-ettevalmistused"],"_links":{"self":[{"href":"https:\/\/yhelteljel.ee\/index.php?rest_route=\/wp\/v2\/posts\/288","targetHints":{"allow":["GET"]}}],"collection":[{"href":"https:\/\/yhelteljel.ee\/index.php?rest_route=\/wp\/v2\/posts"}],"about":[{"href":"https:\/\/yhelteljel.ee\/index.php?rest_route=\/wp\/v2\/types\/post"}],"author":[{"embeddable":true,"href":"https:\/\/yhelteljel.ee\/index.php?rest_route=\/wp\/v2\/users\/3"}],"replies":[{"embeddable":true,"href":"https:\/\/yhelteljel.ee\/index.php?rest_route=%2Fwp%2Fv2%2Fcomments&post=288"}],"version-history":[{"count":2,"href":"https:\/\/yhelteljel.ee\/index.php?rest_route=\/wp\/v2\/posts\/288\/revisions"}],"predecessor-version":[{"id":2050,"href":"https:\/\/yhelteljel.ee\/index.php?rest_route=\/wp\/v2\/posts\/288\/revisions\/2050"}],"wp:attachment":[{"href":"https:\/\/yhelteljel.ee\/index.php?rest_route=%2Fwp%2Fv2%2Fmedia&parent=288"}],"wp:term":[{"taxonomy":"category","embeddable":true,"href":"https:\/\/yhelteljel.ee\/index.php?rest_route=%2Fwp%2Fv2%2Fcategories&post=288"},{"taxonomy":"post_tag","embeddable":true,"href":"https:\/\/yhelteljel.ee\/index.php?rest_route=%2Fwp%2Fv2%2Ftags&post=288"}],"curies":[{"name":"wp","href":"https:\/\/api.w.org\/{rel}","templated":true}]}}