{"id":2594,"date":"2009-05-27T22:34:44","date_gmt":"2009-05-27T20:34:44","guid":{"rendered":"http:\/\/yhelteljel.ee\/?p=2594"},"modified":"2009-05-27T22:51:49","modified_gmt":"2009-05-27T20:51:49","slug":"kogemata-mexico-citys","status":"publish","type":"post","link":"https:\/\/yhelteljel.ee\/?p=2594","title":{"rendered":"Kogemata Mexico Citys"},"content":{"rendered":"<p><img loading=\"lazy\" decoding=\"async\" class=\"alignnone size-full wp-image-2629\" title=\"Mexico City peat\u00e4nav\" src=\"http:\/\/yhelteljel.ee\/wp-content\/uploads\/2009\/05\/img_7547.jpg\" alt=\"Mexico City peat\u00e4nav\" width=\"530\" height=\"707\" srcset=\"https:\/\/yhelteljel.ee\/wp-content\/uploads\/2009\/05\/img_7547.jpg 530w, https:\/\/yhelteljel.ee\/wp-content\/uploads\/2009\/05\/img_7547-224x300.jpg 224w\" sizes=\"auto, (max-width: 530px) 100vw, 530px\" \/><\/p>\n<p>P\u00e4rast San Crist\u00f3bal de las Casas&#8217;t oli plaan s\u00f5ita Vaikse ookeani rannikuni ja siis m\u00f6\u00f6da rannikut hakata p\u00f5hja poole liikuma, v\u00e4ltimaks \u00fcht suurimatest linnadest maailmas, Mexico Cityt. Enne, kui rannikule j\u00f5udsime, pidime l\u00e4bima m\u00e4gise rajooni, kus pilved meiega \u00fchel k\u00f5rgusel salap\u00e4raselt m\u00f6\u00f6da m\u00e4ek\u00fclgi \u00fcles-alla liiguvad. Nagu sellistel k\u00f5rgustel ikka.<\/p>\n<p><!--more--><\/p>\n<p><a href=\"http:\/\/yhelteljel.ee\/wp-content\/uploads\/2009\/05\/img_7402_s.jpg\" target=\"_blank\"><img loading=\"lazy\" decoding=\"async\" class=\"alignnone size-full wp-image-2641\" title=\"Pilvedega \u00fcheskoos m\u00e4gedes\" src=\"http:\/\/yhelteljel.ee\/wp-content\/uploads\/2009\/05\/img_7402_v.jpg\" alt=\"Pilvedega \u00fcheskoos m\u00e4gedes\" width=\"530\" height=\"398\" srcset=\"https:\/\/yhelteljel.ee\/wp-content\/uploads\/2009\/05\/img_7402_v.jpg 530w, https:\/\/yhelteljel.ee\/wp-content\/uploads\/2009\/05\/img_7402_v-300x225.jpg 300w\" sizes=\"auto, (max-width: 530px) 100vw, 530px\" \/><\/a><\/p>\n<p><a href=\"http:\/\/yhelteljel.ee\/wp-content\/uploads\/2009\/05\/img_7403_s.jpg\" target=\"_blank\"><img loading=\"lazy\" decoding=\"async\" class=\"alignnone size-full wp-image-2645\" title=\"Lahkumine Yucatanilt\" src=\"http:\/\/yhelteljel.ee\/wp-content\/uploads\/2009\/05\/img_7403_v.jpg\" alt=\"Lahkumine Yucatanilt\" width=\"530\" height=\"398\" srcset=\"https:\/\/yhelteljel.ee\/wp-content\/uploads\/2009\/05\/img_7403_v.jpg 530w, https:\/\/yhelteljel.ee\/wp-content\/uploads\/2009\/05\/img_7403_v-300x225.jpg 300w\" sizes=\"auto, (max-width: 530px) 100vw, 530px\" \/><\/a><\/p>\n<p><a href=\"http:\/\/yhelteljel.ee\/wp-content\/uploads\/2009\/05\/mehhiko-1s.jpg\" target=\"_blank\"><img loading=\"lazy\" decoding=\"async\" class=\"alignnone size-full wp-image-2634\" title=\"Pilvede ja maa vahel\" src=\"http:\/\/yhelteljel.ee\/wp-content\/uploads\/2009\/05\/mehhiko-1v.png\" alt=\"Pilvede ja maa vahel\" width=\"530\" height=\"127\" srcset=\"https:\/\/yhelteljel.ee\/wp-content\/uploads\/2009\/05\/mehhiko-1v.png 530w, https:\/\/yhelteljel.ee\/wp-content\/uploads\/2009\/05\/mehhiko-1v-300x71.png 300w\" sizes=\"auto, (max-width: 530px) 100vw, 530px\" \/><\/a><\/p>\n<p>Ranniku\u00e4\u00e4rsele teele j\u00f5udes \u00fcletasime mitmeid piimakohvikarva j\u00f5gesid:<\/p>\n<p><a href=\"http:\/\/yhelteljel.ee\/wp-content\/uploads\/2009\/05\/mehhiko-3s.jpg\" target=\"_blank\"><img loading=\"lazy\" decoding=\"async\" class=\"alignnone size-full wp-image-2601\" title=\"Shokolaadi v\u00e4rvi palmidega \u00e4\u00e4ristatud j\u00f5gi\" src=\"http:\/\/yhelteljel.ee\/wp-content\/uploads\/2009\/05\/mehhiko-3v.png\" alt=\"Shokolaadi v\u00e4rvi palmidega \u00e4\u00e4ristatud j\u00f5gi\" width=\"530\" height=\"134\" srcset=\"https:\/\/yhelteljel.ee\/wp-content\/uploads\/2009\/05\/mehhiko-3v.png 530w, https:\/\/yhelteljel.ee\/wp-content\/uploads\/2009\/05\/mehhiko-3v-300x75.png 300w\" sizes=\"auto, (max-width: 530px) 100vw, 530px\" \/><\/a><\/p>\n<p><a href=\"http:\/\/yhelteljel.ee\/wp-content\/uploads\/2009\/05\/mehhiko-2s.jpg\" target=\"_blank\"><img loading=\"lazy\" decoding=\"async\" class=\"alignnone size-full wp-image-2624\" title=\"Teine shokolaadi v\u00e4rvi j\u00f5gi\" src=\"http:\/\/yhelteljel.ee\/wp-content\/uploads\/2009\/05\/mehhiko-2v.png\" alt=\"Teine shokolaadi v\u00e4rvi j\u00f5gi\" width=\"530\" height=\"110\" srcset=\"https:\/\/yhelteljel.ee\/wp-content\/uploads\/2009\/05\/mehhiko-2v.png 530w, https:\/\/yhelteljel.ee\/wp-content\/uploads\/2009\/05\/mehhiko-2v-300x62.png 300w\" sizes=\"auto, (max-width: 530px) 100vw, 530px\" \/><\/a><\/p>\n<p>Teel endal polnud v\u00e4ga viga, kui v\u00e4lja arvata arvutud &#8220;lamavad politseinikud&#8221;. Ma \u00fctleks, et peale kuumuse on need meie Mehhikos viibimise ajal olnud peamiseks nuhtluseks &#8211; vaevalt j\u00f5uad kiiruse \u00fcles v\u00f5tta, kui j\u00e4lle on silt &#8220;TOPES&#8221; v\u00f5i &#8220;VIBRADORES&#8221;, ning kiirus tuleb j\u00e4lle maksimaalselt maha v\u00f5tta &#8211; muidu ei j\u00e4\u00e4 meie amordist ju midagi j\u00e4rgi, kui neist lihtsalt \u00fcle p\u00f5rutada. M\u00f5nikord ei ole nad isegi t\u00e4histatud, nii et tuleb olla \u00fclimalt t\u00e4helepanelik. L\u00e4bi asulate kulgevatel teel\u00f5ikudel on neid s\u00f5ltuvalt asula suurusest oma kaks kuni k\u00fcmme t\u00fckki, ja asulaid siin juba jagub!<\/p>\n<p>Hea v\u00f5imalus kiiremaks edasiliikumiseks on tasulised teed, mille tasu on nii k\u00f5rgeks aetud (meie seniste arvutuste kohaselt umbes kroon kilomeetri kohta), et seal praktiliselt kedagi ei liigu, &#8220;lamavaid politseinikke&#8221; pole ning ka kurve on minimaalselt, nii et 110 km\/h on garanteeritud minek. Igap\u00e4evaselt seda endale ei lubaks (tundub, et isegi Euroopa standardite j\u00e4rgi on see kallis), aga kui &#8220;politseinike&#8221; rohkus kopsu \u00fcle maksa ajab, siis aeg-ajalt on hea neil \u00e4riklassi teedel l\u00f5\u00f5gastuda. Isegi vaateid saab nautida &#8211; kui k\u00fclateed kulgevad allpool, siis tasuline tee on ehitatud parajalt k\u00f5rgele, nii et n\u00e4eb m\u00e4gesid ja kanjoneid:<\/p>\n<p><a href=\"http:\/\/yhelteljel.ee\/wp-content\/uploads\/2009\/05\/mehhiko-4s.jpg\" target=\"_blank\"><img loading=\"lazy\" decoding=\"async\" class=\"alignnone size-full wp-image-2603\" title=\"Kesk-Mehhiko kuivanud maastikud\" src=\"http:\/\/yhelteljel.ee\/wp-content\/uploads\/2009\/05\/mehhiko-4v.png\" alt=\"Kesk-Mehhiko kuivanud maastikud\" width=\"530\" height=\"156\" srcset=\"https:\/\/yhelteljel.ee\/wp-content\/uploads\/2009\/05\/mehhiko-4v.png 530w, https:\/\/yhelteljel.ee\/wp-content\/uploads\/2009\/05\/mehhiko-4v-300x88.png 300w\" sizes=\"auto, (max-width: 530px) 100vw, 530px\" \/><\/a><\/p>\n<p>M\u00f5ned p\u00e4evad tagasi pakkisime varahommikul asjad m\u00f5ttega teha \u00fcks korralik s\u00f5idup\u00e4ev &#8211; Mehhiko on lihtsalt niiv\u00f5rd suur riik, et kui on tahtmine see l\u00f5unapiirist p\u00f5hjapiirini l\u00e4bis\u00f5ita, tuleb aeg-ajalt lihtsalt n.-\u00f6. uhada. Ja veel parem, kui m\u00f6\u00f6da tasulisi teid. Kui olime l\u00e4bi s\u00f5itnud paarsada kilomeetrit ja hakkasime j\u00f5udma <a href=\"http:\/\/en.wikipedia.org\/wiki\/Mexico_City\" target=\"_blank\">Mexico Citysse<\/a>, veeresid teemaksu kogumispunktis meie k\u00f5rvale kolm kohalikku, k\u00f5igil korralik s\u00f5iduvarustus ning vinged bemmid &#8211; R 1200 GS Adventure&#8217;id. Kuna meie GPS-i kaart pole Mehhiko koha pealt eriti detailne, siis otsustasime v\u00f5imalust \u00e4ra kasutada ja nende k\u00e4est uurida, kuidas oleks Mexico Cityst k\u00f5ige valutum soovitud teele saada. &#8220;Pole probleemi, juhatame teid ise \u00f5ige teeotsani,&#8221; oli vastus. Veidi enne nimetatud otsani j\u00f5udmist kutsuti meid aga juba enda juurde \u00f6\u00f6bima.<\/p>\n<p>K\u00f5hklesime, mis me k\u00f5hklesime (sest peale &#8220;ristikese&#8221; kirjasaamise ei paistnud rahvaarvu poolest suuruselt maailma teise linna, Mexico City k\u00fclastamisel erilist m\u00f5tet olevat, liikluse kaootilisusest tulenev stress pealekauba), otsustasime pakkumise vastu v\u00f5tta. Sest kui suurlinnade avastamiseks on olemas hea moodus, siis ilmselt toimib see just kohalike kaasabil. Esimese \u00f6\u00f6 veetsime sisekujundusvaldkonnas t\u00f6\u00f6tava Andr\u00e9si kodus, kus oli tunne, nagu viibiks viiet\u00e4rnihotellis &#8211; teenijatega ja puha.<\/p>\n<p><a href=\"http:\/\/yhelteljel.ee\/wp-content\/uploads\/2009\/05\/mehhiko-5s.jpg\" target=\"_blank\"><img loading=\"lazy\" decoding=\"async\" class=\"alignnone size-full wp-image-2609\" title=\"Andr\u00e9se modernses ja minimalistlikus kodus - teenijad t\u00f5id ka hommikus\u00f6\u00f6gi lauda\" src=\"http:\/\/yhelteljel.ee\/wp-content\/uploads\/2009\/05\/mehhiko-5v.jpg\" alt=\"Andr\u00e9se modernses ja minimalistlikus kodus - teenijad t\u00f5id ka hommikus\u00f6\u00f6gi lauda\" width=\"530\" height=\"431\" srcset=\"https:\/\/yhelteljel.ee\/wp-content\/uploads\/2009\/05\/mehhiko-5v.jpg 530w, https:\/\/yhelteljel.ee\/wp-content\/uploads\/2009\/05\/mehhiko-5v-300x243.jpg 300w\" sizes=\"auto, (max-width: 530px) 100vw, 530px\" \/><\/a><\/p>\n<p>Magasime tema poja, Micheli toas, kus leidsime \u00fche m\u00e4ngutoosi:<\/p>\n<p><img loading=\"lazy\" decoding=\"async\" class=\"alignnone size-full wp-image-2621\" title=\"M\u00e4ngutoos\" src=\"http:\/\/yhelteljel.ee\/wp-content\/uploads\/2009\/05\/img_7468.jpg\" alt=\"M\u00e4ngutoos\" width=\"530\" height=\"398\" srcset=\"https:\/\/yhelteljel.ee\/wp-content\/uploads\/2009\/05\/img_7468.jpg 530w, https:\/\/yhelteljel.ee\/wp-content\/uploads\/2009\/05\/img_7468-300x225.jpg 300w\" sizes=\"auto, (max-width: 530px) 100vw, 530px\" \/><\/p>\n[audio:http:\/\/yhelteljel.ee\/audio\/Mexico-city-pill.mp3]\n<p>Selgus, et oma t\u00f6\u00f6 k\u00f5rvalt on meie uued tuttavad &#8211; Andr\u00e9s, Juan Jos\u00e9 ja Luis &#8211; hiljuti k\u00e4ima l\u00fckanud peaasjalikult BMW mootorratastele p\u00fchendatud ajakirja Boxer Motors. Nii suures riigis kui seda on Mehhiko, on sedalaadi spetsiifilisel asjal isegi turgu, Eestis ei tuleks see ilmselt k\u00f5ne allagi. Viimase numbri esikaanepilt on maalitud kohaliku motos\u00f5bra poolt:<\/p>\n<p><a href=\"http:\/\/yhelteljel.ee\/wp-content\/uploads\/2009\/05\/mehhiko-8s.png\" target=\"_blank\"><img loading=\"lazy\" decoding=\"async\" class=\"alignnone size-full wp-image-2633\" title=\"Meistriteos\" src=\"http:\/\/yhelteljel.ee\/wp-content\/uploads\/2009\/05\/mehhiko-8.png\" alt=\"Meistriteos\" width=\"530\" height=\"336\" srcset=\"https:\/\/yhelteljel.ee\/wp-content\/uploads\/2009\/05\/mehhiko-8.png 530w, https:\/\/yhelteljel.ee\/wp-content\/uploads\/2009\/05\/mehhiko-8-300x190.jpg 300w\" sizes=\"auto, (max-width: 530px) 100vw, 530px\" \/><\/a><\/p>\n<p>Igal juhul v\u00f5eti meid suurep\u00e4raselt vastu &#8211; oleme ikkagi kaugelt tulnud ja tegemas seda, millest nii paljud unistavad. Vahel, raskematel hetkedel, tuletame seda ise endale meelde, kuid vahel tundub ikkagi uskumatu, kuidas inimesed meie ettev\u00f5tmisest nii vaimustuvad ja kuidas neil silmad p\u00f5lema l\u00e4hevad, kui neile oma juhtumistest r\u00e4\u00e4kida. Sattusime just sedalaadi inimeste otsa.<\/p>\n<p>Koos k\u00e4isime\u00a0<a href=\"http:\/\/en.wikipedia.org\/wiki\/World_Trade_Center_M\u00e9xico\" target=\"_blank\">World Trade Center M\u00e9xico<\/a>&#8216;s, mis on Mexico City k\u00f5rguselt kolmas hoone. Selle 45. korruse\u00a0\u00a0p\u00f6\u00f6rleva p\u00f5randaga\u00a0restoranist avaneb linnale vinge vaade.<\/p>\n<p><a href=\"http:\/\/yhelteljel.ee\/wp-content\/uploads\/2009\/05\/img_7550_s.jpg\" target=\"_blank\"><img loading=\"lazy\" decoding=\"async\" class=\"alignnone size-full wp-image-2630\" title=\"World Trade Center kaugustest n\u00e4htuna\" src=\"http:\/\/yhelteljel.ee\/wp-content\/uploads\/2009\/05\/img_7550.jpg\" alt=\"World Trade Center kaugustest n\u00e4htuna\" width=\"530\" height=\"346\" srcset=\"https:\/\/yhelteljel.ee\/wp-content\/uploads\/2009\/05\/img_7550.jpg 530w, https:\/\/yhelteljel.ee\/wp-content\/uploads\/2009\/05\/img_7550-300x195.jpg 300w\" sizes=\"auto, (max-width: 530px) 100vw, 530px\" \/><\/a><\/p>\n<p><img loading=\"lazy\" decoding=\"async\" class=\"alignnone size-full wp-image-2619\" title=\"World Trade Center (WTC)\" src=\"http:\/\/yhelteljel.ee\/wp-content\/uploads\/2009\/05\/wtc-1v.png\" alt=\"World Trade Center (WTC)\" width=\"530\" height=\"450\" srcset=\"https:\/\/yhelteljel.ee\/wp-content\/uploads\/2009\/05\/wtc-1v.png 530w, https:\/\/yhelteljel.ee\/wp-content\/uploads\/2009\/05\/wtc-1v-300x254.png 300w\" sizes=\"auto, (max-width: 530px) 100vw, 530px\" \/><\/p>\n<p><a href=\"http:\/\/yhelteljel.ee\/wp-content\/uploads\/2009\/05\/mehhiko-6s.jpg\" target=\"_blank\"><img loading=\"lazy\" decoding=\"async\" class=\"alignnone size-full wp-image-2612\" title=\"Mexico city panoraam World Trade Center'i otsast l\u00e4bi akna\" src=\"http:\/\/yhelteljel.ee\/wp-content\/uploads\/2009\/05\/mehhiko-6v.png\" alt=\"Mexico city panoraam World Trade Center'i otsast l\u00e4bi akna\" width=\"530\" height=\"87\" srcset=\"https:\/\/yhelteljel.ee\/wp-content\/uploads\/2009\/05\/mehhiko-6v.png 530w, https:\/\/yhelteljel.ee\/wp-content\/uploads\/2009\/05\/mehhiko-6v-300x49.png 300w\" sizes=\"auto, (max-width: 530px) 100vw, 530px\" \/><\/a><\/p>\n<p>Huvitav oli k\u00e4ik riikliku ajaloomuuseumina toimivasse <a href=\"http:\/\/en.wikipedia.org\/wiki\/Castillo_de_Chapultepec\" target=\"_blank\">Chapultepeci lossi<\/a>. Lossi vaadates oli tunne, nagu viibiks Euroopas, peaaegu mitte miski ei viidanud sellele, et asume hoopis Mehhikos &#8211; sarnast arhitektuuri ja sisekujundust n\u00e4eb ju vanas Euroopas siin ja seal. Pole ka ime, sest oma t\u00e4nase v\u00e4limuse on loss saanud Habsburgide suguv\u00f5sast p\u00e4rineva, Mehhiko valitseja <a href=\"http:\/\/en.wikipedia.org\/wiki\/Maximilian_I_of_Mexico\" target=\"_blank\">Maximilian I<\/a> k\u00e4e all.<\/p>\n<p><a href=\"http:\/\/yhelteljel.ee\/wp-content\/uploads\/2009\/05\/img_7548_s.jpg\" target=\"_blank\"><img loading=\"lazy\" decoding=\"async\" class=\"alignnone size-full wp-image-2614\" title=\"Mehhiko s\u00f5pradega Chapultepec-is\" src=\"http:\/\/yhelteljel.ee\/wp-content\/uploads\/2009\/05\/img_7548_v.jpg\" alt=\"Mehhiko s\u00f5pradega Chapultepec-is\" width=\"530\" height=\"287\" srcset=\"https:\/\/yhelteljel.ee\/wp-content\/uploads\/2009\/05\/img_7548_v.jpg 530w, https:\/\/yhelteljel.ee\/wp-content\/uploads\/2009\/05\/img_7548_v-300x162.jpg 300w\" sizes=\"auto, (max-width: 530px) 100vw, 530px\" \/><\/a><\/p>\n<p><a href=\"http:\/\/yhelteljel.ee\/wp-content\/uploads\/2009\/05\/mehhiko-10s.jpg\" target=\"_blank\"><img loading=\"lazy\" decoding=\"async\" class=\"alignnone size-full wp-image-2604\" title=\"Mexico City (1)\" src=\"http:\/\/yhelteljel.ee\/wp-content\/uploads\/2009\/05\/mehhiko-10v.png\" alt=\"Mexico City (1)\" width=\"530\" height=\"157\" srcset=\"https:\/\/yhelteljel.ee\/wp-content\/uploads\/2009\/05\/mehhiko-10v.png 530w, https:\/\/yhelteljel.ee\/wp-content\/uploads\/2009\/05\/mehhiko-10v-300x88.png 300w\" sizes=\"auto, (max-width: 530px) 100vw, 530px\" \/><\/a><\/p>\n<p><a href=\"http:\/\/yhelteljel.ee\/wp-content\/uploads\/2009\/05\/mehhiko-9s.jpg\" target=\"_blank\"><img loading=\"lazy\" decoding=\"async\" class=\"alignnone size-full wp-image-2610\" title=\"Mexico City (2)\" src=\"http:\/\/yhelteljel.ee\/wp-content\/uploads\/2009\/05\/mehhiko-9v.jpg\" alt=\"Mexico City (2)\" width=\"530\" height=\"104\" srcset=\"https:\/\/yhelteljel.ee\/wp-content\/uploads\/2009\/05\/mehhiko-9v.jpg 530w, https:\/\/yhelteljel.ee\/wp-content\/uploads\/2009\/05\/mehhiko-9v-300x58.jpg 300w\" sizes=\"auto, (max-width: 530px) 100vw, 530px\" \/><\/a><\/p>\n<p>Nagu piltidelt n\u00e4ha, on selles \u00fches maailma suurimas metropolis \u00fcllatavalt palju rohelist &#8211; rohkelt parke.<\/p>\n<p><img loading=\"lazy\" decoding=\"async\" class=\"alignnone size-full wp-image-2620\" title=\"Sanitaart\u00f6\u00f6tajad - kohustuslik oli t\u00e4naval k\u00e4si nende juures pesta\" src=\"http:\/\/yhelteljel.ee\/wp-content\/uploads\/2009\/05\/img_7512.jpg\" alt=\"Sanitaart\u00f6\u00f6tajad - kohustuslik oli t\u00e4naval k\u00e4si nende juures pesta\" width=\"530\" height=\"371\" srcset=\"https:\/\/yhelteljel.ee\/wp-content\/uploads\/2009\/05\/img_7512.jpg 530w, https:\/\/yhelteljel.ee\/wp-content\/uploads\/2009\/05\/img_7512-300x210.jpg 300w\" sizes=\"auto, (max-width: 530px) 100vw, 530px\" \/><\/p>\n<p><img loading=\"lazy\" decoding=\"async\" class=\"alignnone size-full wp-image-2622\" title=\"Siesta aeg\" src=\"http:\/\/yhelteljel.ee\/wp-content\/uploads\/2009\/05\/img_7556.jpg\" alt=\"Siesta aeg\" width=\"530\" height=\"679\" srcset=\"https:\/\/yhelteljel.ee\/wp-content\/uploads\/2009\/05\/img_7556.jpg 530w, https:\/\/yhelteljel.ee\/wp-content\/uploads\/2009\/05\/img_7556-234x300.jpg 234w\" sizes=\"auto, (max-width: 530px) 100vw, 530px\" \/><\/p>\n<p><img loading=\"lazy\" decoding=\"async\" class=\"alignnone size-full wp-image-2640\" title=\"Orav t\u00e4navapargis\" src=\"http:\/\/yhelteljel.ee\/wp-content\/uploads\/2009\/05\/img_7561.jpg\" alt=\"Orav t\u00e4navapargis\" width=\"530\" height=\"707\" srcset=\"https:\/\/yhelteljel.ee\/wp-content\/uploads\/2009\/05\/img_7561.jpg 530w, https:\/\/yhelteljel.ee\/wp-content\/uploads\/2009\/05\/img_7561-224x300.jpg 224w\" sizes=\"auto, (max-width: 530px) 100vw, 530px\" \/><\/p>\n<p><img loading=\"lazy\" decoding=\"async\" class=\"alignnone size-full wp-image-2642\" title=\"Modernne Mexico City\" src=\"http:\/\/yhelteljel.ee\/wp-content\/uploads\/2009\/05\/img_7510.jpg\" alt=\"Modernne Mexico City\" width=\"530\" height=\"398\" srcset=\"https:\/\/yhelteljel.ee\/wp-content\/uploads\/2009\/05\/img_7510.jpg 530w, https:\/\/yhelteljel.ee\/wp-content\/uploads\/2009\/05\/img_7510-300x225.jpg 300w\" sizes=\"auto, (max-width: 530px) 100vw, 530px\" \/><\/p>\n<p>Lossiga on seotud ka huvitav legend. Nimelt olla 1847. aastal Mehhiko-USA s\u00f5jas USA merev\u00e4elaste pealetungi ajal \u00fcks s\u00f5jakooli \u00f5pilastest Mehhiko lipuga selle p\u00e4\u00e4stmiseks vallutajate eest lossi r\u00f5dult alla h\u00fcpanud ja hukkunud. Selle patriootliku teo m\u00e4lestuseks on lossis ka laemaal:<\/p>\n<p><a href=\"http:\/\/yhelteljel.ee\/wp-content\/uploads\/2009\/05\/mehhiko-7s.jpg\" target=\"_blank\"><img loading=\"lazy\" decoding=\"async\" class=\"alignnone size-full wp-image-2639\" title=\"Mehhiklaste auasi\" src=\"http:\/\/yhelteljel.ee\/wp-content\/uploads\/2009\/05\/mehhiko-7v.png\" alt=\"Mehhiklaste auasi\" width=\"530\" height=\"210\" srcset=\"https:\/\/yhelteljel.ee\/wp-content\/uploads\/2009\/05\/mehhiko-7v.png 530w, https:\/\/yhelteljel.ee\/wp-content\/uploads\/2009\/05\/mehhiko-7v-300x118.png 300w\" sizes=\"auto, (max-width: 530px) 100vw, 530px\" \/><\/a><\/p>\n<p><img loading=\"lazy\" decoding=\"async\" class=\"alignnone size-full wp-image-2608\" title=\"S\u00f5jakooli noormehed jooksul\" src=\"http:\/\/yhelteljel.ee\/wp-content\/uploads\/2009\/05\/img_7551.jpg\" alt=\"S\u00f5jakooli noormehed jooksul\" width=\"530\" height=\"433\" srcset=\"https:\/\/yhelteljel.ee\/wp-content\/uploads\/2009\/05\/img_7551.jpg 530w, https:\/\/yhelteljel.ee\/wp-content\/uploads\/2009\/05\/img_7551-300x245.jpg 300w\" sizes=\"auto, (max-width: 530px) 100vw, 530px\" \/><\/p>\n<p>Pikemalt oleks tahtnud ringi k\u00e4ia riiklikus antropoloogiamuuseumis, mille kogu on nii suur, et k\u00f5ige n\u00e4gemiseks peaks seal vist veetma p\u00e4evi. Huvitav on selle muuseumi (mis on, muide, v\u00e4ga h\u00e4sti organiseeritud ja v\u00e4ga modernne) juures see, et kui n\u00e4iteks Santiagos, T\u0161iilis, k\u00fclastatud Kolumbuse-eelse kunsti muuseumis olid v\u00e4ljas k\u00fcllaltki primitiivsed esemed, siis Mexico Citys olev muuseum on koduks t\u00f5elistele kunstiteostele &#8211; eksponeeritud tarbe- ja iluesemete ornamente ja disaini v\u00f5iks imetlema j\u00e4\u00e4dagi. H\u00e4mmastav ikka, milliseid asju niiv\u00f5rd primitiivsete vahenditega teha osati. Ja siis loomulikult maiade ja muude p\u00f5lisrahvaste kiviskulptuurid, mida on samuti nii palju ja nii erinevaid, et silme eest l\u00e4heb kirjuks. Soovitame soojalt! Seekord paneme vaid paar pilti, sest v\u00e4lja oli pandud palju sarnaseid esemeid nagu <a href=\"http:\/\/yhelteljel.ee\/?p=2225\" target=\"_blank\">Bogot\u00e1 kullamuuseumis<\/a>, ainult et siin oli materjaliks kivi ja savi.<\/p>\n<p><img loading=\"lazy\" decoding=\"async\" class=\"alignnone size-full wp-image-2644\" title=\"Antropoloogia muuseumist\" src=\"http:\/\/yhelteljel.ee\/wp-content\/uploads\/2009\/05\/img_7571.jpg\" alt=\"Antropoloogia muuseumist\" width=\"530\" height=\"398\" srcset=\"https:\/\/yhelteljel.ee\/wp-content\/uploads\/2009\/05\/img_7571.jpg 530w, https:\/\/yhelteljel.ee\/wp-content\/uploads\/2009\/05\/img_7571-300x225.jpg 300w\" sizes=\"auto, (max-width: 530px) 100vw, 530px\" \/><\/p>\n<p><img loading=\"lazy\" decoding=\"async\" class=\"alignnone size-full wp-image-2636\" title=\"Maiade kunst\" src=\"http:\/\/yhelteljel.ee\/wp-content\/uploads\/2009\/05\/img_7580.jpg\" alt=\"Maiade kunst\" width=\"530\" height=\"707\" srcset=\"https:\/\/yhelteljel.ee\/wp-content\/uploads\/2009\/05\/img_7580.jpg 530w, https:\/\/yhelteljel.ee\/wp-content\/uploads\/2009\/05\/img_7580-224x300.jpg 224w\" sizes=\"auto, (max-width: 530px) 100vw, 530px\" \/><\/p>\n<p>P\u00e4rast turismitegemist oli hea j\u00f5uvarusid t\u00e4iendada kohaliku maiusega, mida saab m\u00f6\u00f6da t\u00e4navaid ratastel liikuva ahjuga m\u00fc\u00fcjatelt &#8211; s\u00fctel k\u00fcpsetatud ja kondenspiimaga \u00fclepiserdatud banaanid ja maguskartul:<\/p>\n<p><img loading=\"lazy\" decoding=\"async\" class=\"alignnone size-full wp-image-2618\" title=\"Banaanik\u00fcpsetaja\" src=\"http:\/\/yhelteljel.ee\/wp-content\/uploads\/2009\/05\/img_7505.jpg\" alt=\"Banaanik\u00fcpsetaja\" width=\"530\" height=\"656\" srcset=\"https:\/\/yhelteljel.ee\/wp-content\/uploads\/2009\/05\/img_7505.jpg 530w, https:\/\/yhelteljel.ee\/wp-content\/uploads\/2009\/05\/img_7505-242x300.jpg 242w\" sizes=\"auto, (max-width: 530px) 100vw, 530px\" \/><\/p>\n<p><span style=\"text-decoration: underline;\"><img loading=\"lazy\" decoding=\"async\" class=\"alignnone size-full wp-image-2648\" title=\"Magus kartul\" src=\"http:\/\/yhelteljel.ee\/wp-content\/uploads\/2009\/05\/img_7507.jpg\" alt=\"Magus kartul\" width=\"530\" height=\"794\" srcset=\"https:\/\/yhelteljel.ee\/wp-content\/uploads\/2009\/05\/img_7507.jpg 530w, https:\/\/yhelteljel.ee\/wp-content\/uploads\/2009\/05\/img_7507-200x300.jpg 200w\" sizes=\"auto, (max-width: 530px) 100vw, 530px\" \/><\/span><\/p>\n<p>Banaanim\u00fc\u00fcjaga v\u00f5istles gaasim\u00fc\u00fcja &#8211; \u00fcle\u00fcldse toimub siin maailmaosas reklaam teisiti kui meil &#8211; kas keegi karjub midagi t\u00e4naval, v\u00f5i siis on auto katusele paigaldatud valjuh\u00e4\u00e4ldi, kust lastakse (valjusti) reklaamiklippe:<\/p>\n[audio:http:\/\/yhelteljel.ee\/audio\/Mexico-city-karje.mp3]\n<p>Chapiltepeci pargis l\u00f5bustasid rahvast Veracruzi maakonnast tulnud indiaanlased, kes k\u00f5rge posti otsast k\u00f6ite otsas alla keereldes trummi tagusid ja vilet puhusid:<\/p>\n<p><span style=\"color: #0000ee;\"><img loading=\"lazy\" decoding=\"async\" class=\"alignnone size-full wp-image-2632\" title=\"Indiaanlased\" src=\"http:\/\/yhelteljel.ee\/wp-content\/uploads\/2009\/05\/img_7564.jpg\" alt=\"Indiaanlased\" width=\"530\" height=\"604\" srcset=\"https:\/\/yhelteljel.ee\/wp-content\/uploads\/2009\/05\/img_7564.jpg 530w, https:\/\/yhelteljel.ee\/wp-content\/uploads\/2009\/05\/img_7564-263x300.jpg 263w\" sizes=\"auto, (max-width: 530px) 100vw, 530px\" \/><\/span><\/p>\n<p><span style=\"text-decoration: underline;\"><img loading=\"lazy\" decoding=\"async\" class=\"alignnone size-full wp-image-2615\" title=\"&quot;Lendavad&quot; indiaanlased torni ronimas\" src=\"http:\/\/yhelteljel.ee\/wp-content\/uploads\/2009\/05\/img_7562.jpg\" alt=\"&quot;Lendavad&quot; indiaanlased torni ronimas\" width=\"530\" height=\"398\" srcset=\"https:\/\/yhelteljel.ee\/wp-content\/uploads\/2009\/05\/img_7562.jpg 530w, https:\/\/yhelteljel.ee\/wp-content\/uploads\/2009\/05\/img_7562-300x225.jpg 300w\" sizes=\"auto, (max-width: 530px) 100vw, 530px\" \/><\/span><\/p>\n<p><span style=\"text-decoration: underline;\"><img loading=\"lazy\" decoding=\"async\" class=\"alignnone size-full wp-image-2617\" title=\"&quot;Lendavad&quot; indiaanlased lennus ja musitseerimas\" src=\"http:\/\/yhelteljel.ee\/wp-content\/uploads\/2009\/05\/mehhiko-11.jpg\" alt=\"&quot;Lendavad&quot; indiaanlased lennus ja musitseerimas\" width=\"530\" height=\"1778\" srcset=\"https:\/\/yhelteljel.ee\/wp-content\/uploads\/2009\/05\/mehhiko-11.jpg 530w, https:\/\/yhelteljel.ee\/wp-content\/uploads\/2009\/05\/mehhiko-11-89x300.jpg 89w, https:\/\/yhelteljel.ee\/wp-content\/uploads\/2009\/05\/mehhiko-11-305x1024.jpg 305w\" sizes=\"auto, (max-width: 530px) 100vw, 530px\" \/><\/span><\/p>\n<p>&gt;Indiaanlaste etendus helis:<\/p>\n[audio:http:\/\/yhelteljel.ee\/audio\/Mexico-City-lendavad-indiaanlased.mp3]\n<p>P\u00e4ev j\u00f5udis \u00f5htusse vannist leitud skorpioniga, kellel pisikesed skorpionid seljas. Mida siis teha, kui skorpion on vannis? Kohaliku soovitus: &#8220;Mina v\u00f5tan tavaliselt kinga ja siis muljun ta sellega puruks. See on parim viis temast lahtisaamiseks&#8221;. Nii \u00f5udne kui see ka pole, korraldasime skorpionidele tapatalgud, endal nutt kurgus. Loomad ju ikkagi!<\/p>\n<p><span style=\"text-decoration: underline;\"><a href=\"http:\/\/yhelteljel.ee\/wp-content\/uploads\/2009\/05\/img_7586_s.jpg\" target=\"_blank\"><img loading=\"lazy\" decoding=\"async\" class=\"alignnone size-full wp-image-2637\" title=\"Skorpion koos j\u00e4reltulijatega (klikka, et suurendada)\" src=\"http:\/\/yhelteljel.ee\/wp-content\/uploads\/2009\/05\/img_7586_v.jpg\" alt=\"Skorpion koos j\u00e4reltulijatega (klikka, et suurendada)\" width=\"530\" height=\"334\" srcset=\"https:\/\/yhelteljel.ee\/wp-content\/uploads\/2009\/05\/img_7586_v.jpg 530w, https:\/\/yhelteljel.ee\/wp-content\/uploads\/2009\/05\/img_7586_v-300x189.jpg 300w\" sizes=\"auto, (max-width: 530px) 100vw, 530px\" \/><\/a><\/span><\/p>\n","protected":false},"excerpt":{"rendered":"<p>P\u00e4rast San Crist\u00f3bal de las Casas&#8217;t oli plaan s\u00f5ita Vaikse ookeani rannikuni ja siis m\u00f6\u00f6da rannikut hakata p\u00f5hja poole liikuma, v\u00e4ltimaks \u00fcht suurimatest linnadest maailmas, Mexico Cityt. Enne, kui rannikule j\u00f5udsime, pidime l\u00e4bima m\u00e4gise rajooni, kus pilved meiega \u00fchel k\u00f5rgusel salap\u00e4raselt m\u00f6\u00f6da m\u00e4ek\u00fclgi \u00fcles-alla liiguvad. Nagu sellistel k\u00f5rgustel ikka.<\/p>\n","protected":false},"author":2,"featured_media":0,"comment_status":"open","ping_status":"open","sticky":false,"template":"","format":"standard","meta":{"_monsterinsights_skip_tracking":false,"_monsterinsights_sitenote_active":false,"_monsterinsights_sitenote_note":"","_monsterinsights_sitenote_category":0,"footnotes":""},"categories":[140],"tags":[132,129,1114,128,1124,123,126],"class_list":["post-2594","post","type-post","status-publish","format-standard","hentry","category-kesk-ameerika","tag-floora-ja-fauna","tag-helimaastikud","tag-inimesed","tag-linnad","tag-mehhiko","tag-sook-ja-jook","tag-turismiatraktsioon"],"_links":{"self":[{"href":"https:\/\/yhelteljel.ee\/index.php?rest_route=\/wp\/v2\/posts\/2594","targetHints":{"allow":["GET"]}}],"collection":[{"href":"https:\/\/yhelteljel.ee\/index.php?rest_route=\/wp\/v2\/posts"}],"about":[{"href":"https:\/\/yhelteljel.ee\/index.php?rest_route=\/wp\/v2\/types\/post"}],"author":[{"embeddable":true,"href":"https:\/\/yhelteljel.ee\/index.php?rest_route=\/wp\/v2\/users\/2"}],"replies":[{"embeddable":true,"href":"https:\/\/yhelteljel.ee\/index.php?rest_route=%2Fwp%2Fv2%2Fcomments&post=2594"}],"version-history":[{"count":19,"href":"https:\/\/yhelteljel.ee\/index.php?rest_route=\/wp\/v2\/posts\/2594\/revisions"}],"predecessor-version":[{"id":3013,"href":"https:\/\/yhelteljel.ee\/index.php?rest_route=\/wp\/v2\/posts\/2594\/revisions\/3013"}],"wp:attachment":[{"href":"https:\/\/yhelteljel.ee\/index.php?rest_route=%2Fwp%2Fv2%2Fmedia&parent=2594"}],"wp:term":[{"taxonomy":"category","embeddable":true,"href":"https:\/\/yhelteljel.ee\/index.php?rest_route=%2Fwp%2Fv2%2Fcategories&post=2594"},{"taxonomy":"post_tag","embeddable":true,"href":"https:\/\/yhelteljel.ee\/index.php?rest_route=%2Fwp%2Fv2%2Ftags&post=2594"}],"curies":[{"name":"wp","href":"https:\/\/api.w.org\/{rel}","templated":true}]}}