{"id":2564,"date":"2009-05-23T05:12:12","date_gmt":"2009-05-23T03:12:12","guid":{"rendered":"http:\/\/yhelteljel.ee\/?p=2564"},"modified":"2009-05-22T05:23:39","modified_gmt":"2009-05-22T03:23:39","slug":"san-cristobal-de-las-casas","status":"publish","type":"post","link":"https:\/\/yhelteljel.ee\/?p=2564","title":{"rendered":"San Crist\u00f3bal de las Casas"},"content":{"rendered":"<p>2100 meetri k\u00f5rgusel asuvasse <a href=\"http:\/\/en.wikipedia.org\/wiki\/San_Crist\u00f3bal_de_las_Casas\" target=\"_blank\">San Crist\u00f3bal de las Casase<\/a> linna plaanisime j\u00e4\u00e4da vaid \u00fcheks \u00f6\u00f6ks. Lonely Planetist loetud jutt j\u00e4rjekordsest koloniaalimest ei suutnud meis vaimustust tekitada, pigem olime motiveeritud asjaolust, et \u00fcks magamata \u00f6\u00f6 (vt eelmist postitust) vajas kompenseerimist. San Crist\u00f3bal n\u00e4is olevat selline koht, kus saab end korralikult, ilma turvalisuse p\u00e4rast kartmata v\u00e4lja magada.<\/p>\n<p>Hommikul rutates linnavalitsuse b\u00fcroosse minnes, et Mehhiko teede kaarti leida, j\u00f5udsin aga arusaamisele, et selles linnas on midagi sellist, mida ei ole teistes linnades, mida oleme siiani k\u00fclastanud. Nii s\u00fcndis otsus j\u00e4\u00e4da veel \u00fcheks \u00f6\u00f6ks.<\/p>\n<p><!--more--><\/p>\n<p>Ehk on see v\u00f5rdlus pisut \u00fclekohtune, kuid San Crist\u00f3bal meenutab meile <a href=\"http:\/\/yhelteljel.ee\/?p=1679\" target=\"_self\">Boliiviat<\/a>. Ka siin, k\u00f5rgustes, muutub \u00f5hk p\u00e4ikese kadudes kargeks. Ka siin kannavad kohalikud t\u00e4nini uhkelt traditsioonilisi r\u00f5ivaid. Maia naiste r\u00f5ivakomplekti kuulub laia paelaga \u00fcmber piha seotav pikk must karvane seelik. Ja loomulikult pikad punupatsid!<\/p>\n<p>S\u00fcrreaalseks muudab aga pildi \u00fclepingutatuna n\u00e4iv koloniaalsus. Meile on j\u00e4\u00e4nud mulje, et mida enam p\u00f5hja suunas liigume, seda intensiivsemaks muutub koloniaalstiil &#8211; San Crist\u00f3balis on k\u00fcll t\u00e4itsa tunne, nagu viibiks muuseumis. Kui L\u00f5una-Ameerika linnades oli sellest end veel v\u00f5imalik v\u00e4lja rebida, sest koloniaalstiilis ehitised paiknesid isoleeritud maa-alal (n\u00f6 vanalinnad) v\u00f5i uuemate ehitistega l\u00e4bisegi, siis siin on koloniaalstiil n\u00e4ha igal sammul, \u00fcksk\u00f5ik kuhu ka ei vaataks.<\/p>\n<p>Siin \u00fcks keskv\u00e4ljaku pargis salvestatud helil\u00f5ik:<\/p>\n[audio:http:\/\/yhelteljel.ee\/audio\/San-Cristobal.mp3]\n<p>Siin m\u00f5ned arhitektuurin\u00e4ited:<\/p>\n<p><a href=\"http:\/\/yhelteljel.ee\/wp-content\/uploads\/2009\/05\/san-cristobal-2s.jpg\" target=\"_blank\"><img loading=\"lazy\" decoding=\"async\" class=\"alignnone size-full wp-image-2571\" title=\"San Crist\u00f3bali \u00fche v\u00e4ljaku panoraam\" src=\"http:\/\/yhelteljel.ee\/wp-content\/uploads\/2009\/05\/san-cristobal-2v.png\" alt=\"San Crist\u00f3bali keskv\u00e4ljaku panoraam\" width=\"530\" height=\"87\" srcset=\"https:\/\/yhelteljel.ee\/wp-content\/uploads\/2009\/05\/san-cristobal-2v.png 530w, https:\/\/yhelteljel.ee\/wp-content\/uploads\/2009\/05\/san-cristobal-2v-300x49.png 300w\" sizes=\"auto, (max-width: 530px) 100vw, 530px\" \/><\/a><\/p>\n<p><span style=\"text-decoration: underline;\"><a href=\"http:\/\/yhelteljel.ee\/wp-content\/uploads\/2009\/05\/san-cristobal-1s.jpg\"><\/a><a href=\"http:\/\/yhelteljel.ee\/wp-content\/uploads\/2009\/05\/san-cristobal-1s.jpg\" target=\"_blank\"><img loading=\"lazy\" decoding=\"async\" class=\"alignnone size-full wp-image-2565\" title=\"Templo de Santo Domingo kirik\" src=\"http:\/\/yhelteljel.ee\/wp-content\/uploads\/2009\/05\/san-cristobal-1v.jpg\" alt=\"Templo de Santo Domingo kirik\" width=\"530\" height=\"666\" srcset=\"https:\/\/yhelteljel.ee\/wp-content\/uploads\/2009\/05\/san-cristobal-1v.jpg 530w, https:\/\/yhelteljel.ee\/wp-content\/uploads\/2009\/05\/san-cristobal-1v-238x300.jpg 238w\" sizes=\"auto, (max-width: 530px) 100vw, 530px\" \/><\/a><\/span><\/p>\n<p>Siin valik pilte inimestest:<\/p>\n<p><span style=\"text-decoration: underline;\"><img loading=\"lazy\" decoding=\"async\" class=\"alignnone size-full wp-image-2574\" title=\"Naine lapsega\" src=\"http:\/\/yhelteljel.ee\/wp-content\/uploads\/2009\/05\/img_7363_2.jpg\" alt=\"Naine lapsega\" width=\"530\" height=\"787\" srcset=\"https:\/\/yhelteljel.ee\/wp-content\/uploads\/2009\/05\/img_7363_2.jpg 530w, https:\/\/yhelteljel.ee\/wp-content\/uploads\/2009\/05\/img_7363_2-202x300.jpg 202w\" sizes=\"auto, (max-width: 530px) 100vw, 530px\" \/><br \/>\n<\/span><\/p>\n<p><a href=\"http:\/\/yhelteljel.ee\/wp-content\/uploads\/2009\/05\/img_7374_s.jpg\" target=\"_blank\"><img loading=\"lazy\" decoding=\"async\" class=\"alignnone size-full wp-image-2566\" title=\"P\u00f5liselanikud\" src=\"http:\/\/yhelteljel.ee\/wp-content\/uploads\/2009\/05\/img_7374_v.jpg\" alt=\"P\u00f5liselanikud\" width=\"530\" height=\"424\" srcset=\"https:\/\/yhelteljel.ee\/wp-content\/uploads\/2009\/05\/img_7374_v.jpg 530w, https:\/\/yhelteljel.ee\/wp-content\/uploads\/2009\/05\/img_7374_v-300x240.jpg 300w\" sizes=\"auto, (max-width: 530px) 100vw, 530px\" \/><\/a><\/p>\n<p><img loading=\"lazy\" decoding=\"async\" class=\"alignnone size-full wp-image-2572\" title=\"P\u00f5liselanikust naine\" src=\"http:\/\/yhelteljel.ee\/wp-content\/uploads\/2009\/05\/img_7358_2.jpg\" alt=\"P\u00f5liselanikust naine\" width=\"530\" height=\"865\" srcset=\"https:\/\/yhelteljel.ee\/wp-content\/uploads\/2009\/05\/img_7358_2.jpg 530w, https:\/\/yhelteljel.ee\/wp-content\/uploads\/2009\/05\/img_7358_2-183x300.jpg 183w\" sizes=\"auto, (max-width: 530px) 100vw, 530px\" \/><\/p>\n<p><img loading=\"lazy\" decoding=\"async\" class=\"alignnone size-full wp-image-2567\" title=\"M\u00f5tteis mees\" src=\"http:\/\/yhelteljel.ee\/wp-content\/uploads\/2009\/05\/img_7349_2.jpg\" alt=\"M\u00f5tteis mees\" width=\"530\" height=\"398\" srcset=\"https:\/\/yhelteljel.ee\/wp-content\/uploads\/2009\/05\/img_7349_2.jpg 530w, https:\/\/yhelteljel.ee\/wp-content\/uploads\/2009\/05\/img_7349_2-300x225.jpg 300w\" sizes=\"auto, (max-width: 530px) 100vw, 530px\" \/><\/p>\n<p>\u00a0<\/p>\n<p><img loading=\"lazy\" decoding=\"async\" class=\"alignnone size-full wp-image-2577\" title=\"Laps kandelinaga ema seljas\" src=\"http:\/\/yhelteljel.ee\/wp-content\/uploads\/2009\/05\/img_7367.jpg\" alt=\"Laps kandelinaga ema seljas\" width=\"530\" height=\"1026\" \/><\/p>\n<p><img loading=\"lazy\" decoding=\"async\" class=\"alignnone size-full wp-image-2569\" title=\"Kerjus kiriku ees\" src=\"http:\/\/yhelteljel.ee\/wp-content\/uploads\/2009\/05\/img_7401.png\" alt=\"Kerjus kiriku ees\" width=\"530\" height=\"623\" srcset=\"https:\/\/yhelteljel.ee\/wp-content\/uploads\/2009\/05\/img_7401.png 530w, https:\/\/yhelteljel.ee\/wp-content\/uploads\/2009\/05\/img_7401-255x300.png 255w\" sizes=\"auto, (max-width: 530px) 100vw, 530px\" \/><\/p>\n<p><img loading=\"lazy\" decoding=\"async\" class=\"alignnone size-full wp-image-2575\" title=\"Vanamees kepiga\" src=\"http:\/\/yhelteljel.ee\/wp-content\/uploads\/2009\/05\/img_7369.jpg\" alt=\"Vanamees kepiga\" width=\"530\" height=\"850\" srcset=\"https:\/\/yhelteljel.ee\/wp-content\/uploads\/2009\/05\/img_7369.jpg 530w, https:\/\/yhelteljel.ee\/wp-content\/uploads\/2009\/05\/img_7369-187x300.jpg 187w\" sizes=\"auto, (max-width: 530px) 100vw, 530px\" \/><\/p>\n<p><img loading=\"lazy\" decoding=\"async\" class=\"alignnone size-full wp-image-2568\" title=\"San Cristobali p\u00f5liselanikust poiss\" src=\"http:\/\/yhelteljel.ee\/wp-content\/uploads\/2009\/05\/img_7372.jpg\" alt=\"San Cristobali p\u00f5liselanikust poiss\" width=\"530\" height=\"507\" srcset=\"https:\/\/yhelteljel.ee\/wp-content\/uploads\/2009\/05\/img_7372.jpg 530w, https:\/\/yhelteljel.ee\/wp-content\/uploads\/2009\/05\/img_7372-300x286.jpg 300w\" sizes=\"auto, (max-width: 530px) 100vw, 530px\" \/><\/p>\n","protected":false},"excerpt":{"rendered":"<p>2100 meetri k\u00f5rgusel asuvasse San Crist\u00f3bal de las Casase linna plaanisime j\u00e4\u00e4da vaid \u00fcheks \u00f6\u00f6ks. Lonely Planetist loetud jutt j\u00e4rjekordsest koloniaalimest ei suutnud meis vaimustust tekitada, pigem olime motiveeritud asjaolust, et \u00fcks magamata \u00f6\u00f6 (vt eelmist postitust) vajas kompenseerimist. San Crist\u00f3bal n\u00e4is olevat selline koht, kus saab end korralikult, ilma turvalisuse p\u00e4rast kartmata v\u00e4lja magada. &hellip; <a href=\"https:\/\/yhelteljel.ee\/?p=2564\" class=\"more-link\">Loe edasi <span class=\"screen-reader-text\">San Crist\u00f3bal de las Casas<\/span> <span class=\"meta-nav\">&rarr;<\/span><\/a><\/p>\n","protected":false},"author":2,"featured_media":0,"comment_status":"open","ping_status":"open","sticky":false,"template":"","format":"standard","meta":{"_monsterinsights_skip_tracking":false,"_monsterinsights_sitenote_active":false,"_monsterinsights_sitenote_note":"","_monsterinsights_sitenote_category":0,"footnotes":""},"categories":[140],"tags":[129,1114,128,1124],"class_list":["post-2564","post","type-post","status-publish","format-standard","hentry","category-kesk-ameerika","tag-helimaastikud","tag-inimesed","tag-linnad","tag-mehhiko"],"_links":{"self":[{"href":"https:\/\/yhelteljel.ee\/index.php?rest_route=\/wp\/v2\/posts\/2564","targetHints":{"allow":["GET"]}}],"collection":[{"href":"https:\/\/yhelteljel.ee\/index.php?rest_route=\/wp\/v2\/posts"}],"about":[{"href":"https:\/\/yhelteljel.ee\/index.php?rest_route=\/wp\/v2\/types\/post"}],"author":[{"embeddable":true,"href":"https:\/\/yhelteljel.ee\/index.php?rest_route=\/wp\/v2\/users\/2"}],"replies":[{"embeddable":true,"href":"https:\/\/yhelteljel.ee\/index.php?rest_route=%2Fwp%2Fv2%2Fcomments&post=2564"}],"version-history":[{"count":13,"href":"https:\/\/yhelteljel.ee\/index.php?rest_route=\/wp\/v2\/posts\/2564\/revisions"}],"predecessor-version":[{"id":2590,"href":"https:\/\/yhelteljel.ee\/index.php?rest_route=\/wp\/v2\/posts\/2564\/revisions\/2590"}],"wp:attachment":[{"href":"https:\/\/yhelteljel.ee\/index.php?rest_route=%2Fwp%2Fv2%2Fmedia&parent=2564"}],"wp:term":[{"taxonomy":"category","embeddable":true,"href":"https:\/\/yhelteljel.ee\/index.php?rest_route=%2Fwp%2Fv2%2Fcategories&post=2564"},{"taxonomy":"post_tag","embeddable":true,"href":"https:\/\/yhelteljel.ee\/index.php?rest_route=%2Fwp%2Fv2%2Ftags&post=2564"}],"curies":[{"name":"wp","href":"https:\/\/api.w.org\/{rel}","templated":true}]}}