{"id":2348,"date":"2009-05-14T05:17:42","date_gmt":"2009-05-14T03:17:42","guid":{"rendered":"http:\/\/yhelteljel.ee\/?p=2348"},"modified":"2009-05-14T05:24:29","modified_gmt":"2009-05-14T03:24:29","slug":"nael-kummi","status":"publish","type":"post","link":"https:\/\/yhelteljel.ee\/?p=2348","title":{"rendered":"Nael kummi!"},"content":{"rendered":"<p><a href=\"http:\/\/yhelteljel.ee\/wp-content\/uploads\/2009\/05\/nicaragua-6s.jpg\" target=\"_blank\"><img loading=\"lazy\" decoding=\"async\" class=\"alignnone size-full wp-image-2392\" title=\"Ometepe saarte kaks vulkaani\" src=\"http:\/\/yhelteljel.ee\/wp-content\/uploads\/2009\/05\/nicaragua-6v.jpg\" alt=\"Ometepe saarte kaks vulkaani\" width=\"530\" height=\"190\" srcset=\"https:\/\/yhelteljel.ee\/wp-content\/uploads\/2009\/05\/nicaragua-6v.jpg 530w, https:\/\/yhelteljel.ee\/wp-content\/uploads\/2009\/05\/nicaragua-6v-300x107.jpg 300w\" sizes=\"auto, (max-width: 530px) 100vw, 530px\" \/><\/a><\/p>\n<p>Viimaste p\u00e4evade m\u00e4rks\u00f5nadeks v\u00f5iks olla Costa Ricas rehvi sattunud nael, korrumpeerunud liikluspolitseinik, <a href=\"http:\/\/en.wikipedia.org\/wiki\/Ometepe_Island\" target=\"_blank\">Ometepe saar<\/a> <a href=\"http:\/\/et.wikipedia.org\/wiki\/Nicaragua\" target=\"_blank\">Nicaraguas<\/a> ja j\u00f5udmine Granadasse, j\u00e4rjekordsesse koloniaallinna.<\/p>\n<p>Costa Rica \u00fchest v\u00e4iksemat sorti rannalinnast Jac\u00f3st minema s\u00f5itma hakates avastas Margus, et tagarehv on kummaliselt t\u00fchi.<\/p>\n<p><!--more--><\/p>\n<p>Pikemalt m\u00f5tlemata asusime siis auku otsima, kuni p\u00f5hjus meile ise otsa vaatas &#8211; rehvi oli l\u00e4binud parajalt pirakas nael:<\/p>\n<p><img loading=\"lazy\" decoding=\"async\" class=\"alignnone size-full wp-image-2370\" title=\"Nael kummi!\" src=\"http:\/\/yhelteljel.ee\/wp-content\/uploads\/2009\/05\/img_6764.jpg\" alt=\"Nael kummi!\" width=\"530\" height=\"398\" srcset=\"https:\/\/yhelteljel.ee\/wp-content\/uploads\/2009\/05\/img_6764.jpg 530w, https:\/\/yhelteljel.ee\/wp-content\/uploads\/2009\/05\/img_6764-300x225.jpg 300w\" sizes=\"auto, (max-width: 530px) 100vw, 530px\" \/><\/p>\n<p>Otsisime siis v\u00e4lja rehviparanduskomplekti ja asusime auku lappima. Paraku osutusid &#8220;Made in Korea&#8221; Continental TKC80 rehvide seinad imepehmeteks (v\u00f5rrelduna Marguse lemmikute matkarehvidega Heidenau K60), justkui oleksid tehtud v\u00f5ist &#8211; pea poole \u00f5hemad. Rehvi seinad olid isegi nii pehmed, et paranduspunnile ei avaldunud piisavalt survet ning ikka ja j\u00e4lle, ka p\u00e4rast kolme korda parandamist, hakkas paranduskoht tasapisi lekkima. Selline n\u00e4eb siis v\u00e4lja parandatud koht:<\/p>\n<p><img loading=\"lazy\" decoding=\"async\" class=\"alignnone size-full wp-image-2349\" title=\"Paigatud rehv - ei j\u00e4\u00e4nud pidama ka peale 3 korda lappimist - ikka vaikselt lekkis\" src=\"http:\/\/yhelteljel.ee\/wp-content\/uploads\/2009\/05\/img_6769.jpg\" alt=\"Paigatud rehv - ei j\u00e4\u00e4nud pidama ka peale 3 korda lappimist - ikka vaikselt lekkis\" width=\"530\" height=\"510\" srcset=\"https:\/\/yhelteljel.ee\/wp-content\/uploads\/2009\/05\/img_6769.jpg 530w, https:\/\/yhelteljel.ee\/wp-content\/uploads\/2009\/05\/img_6769-300x288.jpg 300w\" sizes=\"auto, (max-width: 530px) 100vw, 530px\" \/><\/p>\n<p>Paranduskomplekti tootja ise \u00fctleb, et selliselt parandatud rehviga ei tohiks s\u00f5ita \u00fcle 60 km\/h ning et see tuleks esimesel v\u00f5imalusel v\u00e4lja vahetada. Meie varasem kogemus on, et parandatud rehviga saab s\u00f5ita ka T\u00fcrgist Eestisse, ja rohkemgi veel, kuid ilmselgelt ei saanud seda toimuma, sest nagu \u00f6eldud, ei j\u00e4\u00e4nud \u00f5hk rehvi ka p\u00e4rast mitmekordset parandamist pidama. Nii ei j\u00e4\u00e4nud \u00fcle muud, kui enne Nicaragua piiri kusagile rehvit\u00f6\u00f6kotta minna, ja asi seestpoolt \u00e4ra parandada:<\/p>\n<p><img loading=\"lazy\" decoding=\"async\" class=\"alignnone size-full wp-image-2374\" title=\"Rehviparandus t\u00f6\u00f6kojas\" src=\"http:\/\/yhelteljel.ee\/wp-content\/uploads\/2009\/05\/img_6773.jpg\" alt=\"Rehviparandus t\u00f6\u00f6kojas\" width=\"530\" height=\"707\" srcset=\"https:\/\/yhelteljel.ee\/wp-content\/uploads\/2009\/05\/img_6773.jpg 530w, https:\/\/yhelteljel.ee\/wp-content\/uploads\/2009\/05\/img_6773-224x300.jpg 224w\" sizes=\"auto, (max-width: 530px) 100vw, 530px\" \/><\/p>\n<p>Lapp sissepoole:<\/p>\n<p><img loading=\"lazy\" decoding=\"async\" class=\"alignnone size-full wp-image-2361\" title=\"Seespoolt paikamine\" src=\"http:\/\/yhelteljel.ee\/wp-content\/uploads\/2009\/05\/img_6770.jpg\" alt=\"Seespoolt paikamine\" width=\"530\" height=\"707\" srcset=\"https:\/\/yhelteljel.ee\/wp-content\/uploads\/2009\/05\/img_6770.jpg 530w, https:\/\/yhelteljel.ee\/wp-content\/uploads\/2009\/05\/img_6770-224x300.jpg 224w\" sizes=\"auto, (max-width: 530px) 100vw, 530px\" \/><\/p>\n<p><img loading=\"lazy\" decoding=\"async\" class=\"alignnone size-full wp-image-2372\" title=\"L\u00f5puks pidav lahendus\" src=\"http:\/\/yhelteljel.ee\/wp-content\/uploads\/2009\/05\/img_6772.jpg\" alt=\"L\u00f5puks pidav lahendus\" width=\"530\" height=\"532\" srcset=\"https:\/\/yhelteljel.ee\/wp-content\/uploads\/2009\/05\/img_6772.jpg 530w, https:\/\/yhelteljel.ee\/wp-content\/uploads\/2009\/05\/img_6772-150x150.jpg 150w, https:\/\/yhelteljel.ee\/wp-content\/uploads\/2009\/05\/img_6772-298x300.jpg 298w\" sizes=\"auto, (max-width: 530px) 100vw, 530px\" \/><\/p>\n<p>Rehv lapitud, saime teed j\u00e4tkata. Kuid enne Nicaragua piirini j\u00f5udmist pidime silmitsi seisma korrumpeerunud liikluspolitseinikuga, kes meile radariga kiiruse\u00fcletamise m\u00f5\u00f5tis. Vaidlesime k\u00fcll vastu, et nii kiiresti me k\u00fcll ei s\u00f5itnud, aga tema j\u00e4i endale kindlaks ja kirjutas meile paberile trahvisummaks 110 USD. Siis m\u00f5tles natuke, ja pakkus, et kui me kohapeal maksame, siis p\u00e4\u00e4seme 40 USD-ga. Niisiis oli selge, et meid \u00fcritatakse ninapidi vedada, sest ametlikult saab trahvi maksta ainult politseijaoskonnas. V\u00f5tsime siis julguse kokku ja \u00fctlesime politseinikule, et me sooviks ikka jaoskonda minna ja seal maksta. Eks see selline piiripealne m\u00e4ng oli, sest see j\u00e4ttis meid kahe v\u00f5imaluse vahele &#8211; kas peame t\u00f5esti 110 USD maksma, v\u00f5i ei maksa midagi, sest enamasti pidavat korrumpeerunud tegelased selle peale leebuma ja trahvin\u00f5udest loobuma. Nii l\u00e4kski &#8211; dokumendid anti tagasi ja \u00f6eldi, et &#8220;seekord p\u00e4\u00e4sete hoiatusega&#8221;, ehk siis saime r\u00f5\u00f5msalt edasi s\u00f5ita.<\/p>\n<p>Piiri\u00fcletus Costa Ricast Nicaraguasse v\u00f5ttis k\u00fcll palju aega ja m\u00f5nev\u00f5rra ka raha (Nicaraguasse sisenedes tuleb maksta 7 USD \/ n\u00e4gu turistikaardi eest, lisaks 1 USD \/ n\u00e4gu kohaliku omavalitsuse maksu, ja tsiklile kohustuslik kindlustus 12 USD), aga midagi keerulist polnud. T\u00fc\u00fctu on ainult see, mismoodi seoses seagripiga peame n\u00fc\u00fcd igal piiri\u00fcletusel t\u00e4itma \u00fche t\u00e4iendava paberi selle kohta, et meil ei ole gripi tunnuseid &#8211; nagu neid pabereid niigi palju poleks.<\/p>\n<p>P\u00e4ikeseloojang leidis meid praamilt, mis viib Nicaragua j\u00e4rvel olevale Isla de Ometepele ehk Ometepe saarele. Ometepe saart on juba satelliit-piltidelt v\u00e4ga huvitav vaadata, kuidas <a href=\"http:\/\/maps.google.com\/?ie=UTF8&amp;ll=11.499202,-85.597572&amp;spn=0.222045,0.341263&amp;t=h&amp;z=12\" target=\"_blank\">kaks vulkaanitippu<\/a> moodustavad justkui numbri &#8220;8&#8221;.<\/p>\n<p><img loading=\"lazy\" decoding=\"async\" class=\"alignnone size-full wp-image-2376\" title=\"Praam Isla Ometepele\" src=\"http:\/\/yhelteljel.ee\/wp-content\/uploads\/2009\/05\/img_6775.jpg\" alt=\"Praam Isla Ometepele\" width=\"530\" height=\"398\" srcset=\"https:\/\/yhelteljel.ee\/wp-content\/uploads\/2009\/05\/img_6775.jpg 530w, https:\/\/yhelteljel.ee\/wp-content\/uploads\/2009\/05\/img_6775-300x225.jpg 300w\" sizes=\"auto, (max-width: 530px) 100vw, 530px\" \/><\/p>\n<p><a href=\"http:\/\/yhelteljel.ee\/wp-content\/uploads\/2009\/05\/nicaragua-1s.jpg\" target=\"_blank\"><img loading=\"lazy\" decoding=\"async\" class=\"alignnone size-full wp-image-2351\" title=\"Panoraam sadamast\" src=\"http:\/\/yhelteljel.ee\/wp-content\/uploads\/2009\/05\/nicaragua-1v.png\" alt=\"Panoraam sadamast\" width=\"530\" height=\"126\" srcset=\"https:\/\/yhelteljel.ee\/wp-content\/uploads\/2009\/05\/nicaragua-1v.png 530w, https:\/\/yhelteljel.ee\/wp-content\/uploads\/2009\/05\/nicaragua-1v-300x71.png 300w\" sizes=\"auto, (max-width: 530px) 100vw, 530px\" \/><\/a><\/p>\n<p><a href=\"http:\/\/yhelteljel.ee\/wp-content\/uploads\/2009\/05\/img_6786_s.jpg\" target=\"_blank\"><img loading=\"lazy\" decoding=\"async\" class=\"alignnone size-full wp-image-2353\" title=\"P\u00e4ikeseloojang Nicaraguas\" src=\"http:\/\/yhelteljel.ee\/wp-content\/uploads\/2009\/05\/img_6786_v.jpg\" alt=\"P\u00e4ikeseloojang Nicaraguas\" width=\"530\" height=\"398\" srcset=\"https:\/\/yhelteljel.ee\/wp-content\/uploads\/2009\/05\/img_6786_v.jpg 530w, https:\/\/yhelteljel.ee\/wp-content\/uploads\/2009\/05\/img_6786_v-300x225.jpg 300w\" sizes=\"auto, (max-width: 530px) 100vw, 530px\" \/><\/a><\/p>\n<p><a href=\"http:\/\/yhelteljel.ee\/wp-content\/uploads\/2009\/05\/img_6791_s.jpg\" target=\"_blank\"><img loading=\"lazy\" decoding=\"async\" class=\"alignnone size-full wp-image-2355\" title=\"Nicaragua p\u00e4ikeseloojang\" src=\"http:\/\/yhelteljel.ee\/wp-content\/uploads\/2009\/05\/img_6791_v.jpg\" alt=\"Nicaragua p\u00e4ikeseloojang\" width=\"530\" height=\"370\" srcset=\"https:\/\/yhelteljel.ee\/wp-content\/uploads\/2009\/05\/img_6791_v.jpg 530w, https:\/\/yhelteljel.ee\/wp-content\/uploads\/2009\/05\/img_6791_v-300x209.jpg 300w\" sizes=\"auto, (max-width: 530px) 100vw, 530px\" \/><\/a><\/p>\n<p><a href=\"http:\/\/yhelteljel.ee\/wp-content\/uploads\/2009\/05\/img_6841_s.jpg\" target=\"_blank\"><img loading=\"lazy\" decoding=\"async\" class=\"alignnone size-full wp-image-2363\" title=\"Isla Ometepe vulkaan\" src=\"http:\/\/yhelteljel.ee\/wp-content\/uploads\/2009\/05\/img_6841_v.jpg\" alt=\"Isla Ometepe vulkaan\" width=\"530\" height=\"271\" srcset=\"https:\/\/yhelteljel.ee\/wp-content\/uploads\/2009\/05\/img_6841_v.jpg 530w, https:\/\/yhelteljel.ee\/wp-content\/uploads\/2009\/05\/img_6841_v-300x153.jpg 300w\" sizes=\"auto, (max-width: 530px) 100vw, 530px\" \/><\/a><\/p>\n<p>Ja saarele j\u00f5udes me t\u00e4ielikult selle &#8220;8&#8221; l\u00e4bi s\u00f5itsimegi. Siiski, et oma amorti seekord s\u00e4\u00e4sta, laadisime kogu kupatuse rattalt maha ja j\u00e4tsime hostelisse &#8211; seekord oli meil see v\u00f5imalus. Ja nii me siis saarel ringi kolistasime &#8211; teeolud on kohati \u00e4\u00e4rmiselt halvad ja oli veidi mure ka meie suht kehvade rehvide p\u00e4rast, mis, nagu varasemalt ilmnes, aukude tekkimisele \u00fcsnagi tundlikud.<\/p>\n<p><img loading=\"lazy\" decoding=\"async\" class=\"alignnone size-full wp-image-2360\" title=\"Isla Ometepe teedel\" src=\"http:\/\/yhelteljel.ee\/wp-content\/uploads\/2009\/05\/img_6792.jpg\" alt=\"Isla Ometepe teedel\" width=\"530\" height=\"398\" srcset=\"https:\/\/yhelteljel.ee\/wp-content\/uploads\/2009\/05\/img_6792.jpg 530w, https:\/\/yhelteljel.ee\/wp-content\/uploads\/2009\/05\/img_6792-300x225.jpg 300w\" sizes=\"auto, (max-width: 530px) 100vw, 530px\" \/><\/p>\n<p><a href=\"http:\/\/yhelteljel.ee\/wp-content\/uploads\/2009\/05\/img_6826_s.jpg\" target=\"_blank\"><img loading=\"lazy\" decoding=\"async\" class=\"alignnone size-full wp-image-2350\" title=\"img_6826_\" src=\"http:\/\/yhelteljel.ee\/wp-content\/uploads\/2009\/05\/img_6826_.jpg\" alt=\"img_6826_\" width=\"530\" height=\"398\" srcset=\"https:\/\/yhelteljel.ee\/wp-content\/uploads\/2009\/05\/img_6826_.jpg 530w, https:\/\/yhelteljel.ee\/wp-content\/uploads\/2009\/05\/img_6826_-300x225.jpg 300w\" sizes=\"auto, (max-width: 530px) 100vw, 530px\" \/><\/a><\/p>\n<p><img loading=\"lazy\" decoding=\"async\" class=\"alignnone size-full wp-image-2368\" title=\"Kirik eikuskil\" src=\"http:\/\/yhelteljel.ee\/wp-content\/uploads\/2009\/05\/img_6795.jpg\" alt=\"Kirik eikuskil\" width=\"530\" height=\"398\" srcset=\"https:\/\/yhelteljel.ee\/wp-content\/uploads\/2009\/05\/img_6795.jpg 530w, https:\/\/yhelteljel.ee\/wp-content\/uploads\/2009\/05\/img_6795-300x225.jpg 300w\" sizes=\"auto, (max-width: 530px) 100vw, 530px\" \/><\/p>\n<p><a href=\"http:\/\/yhelteljel.ee\/wp-content\/uploads\/2009\/05\/nicaragua-2s.jpg\" target=\"_blank\"><img loading=\"lazy\" decoding=\"async\" class=\"alignnone size-full wp-image-2373\" title=\"Isla Ometepe t\u00fc\u00fcpiline k\u00fcla\" src=\"http:\/\/yhelteljel.ee\/wp-content\/uploads\/2009\/05\/nicaragua-2v.png\" alt=\"Isla Ometepe t\u00fc\u00fcpiline k\u00fcla\" width=\"530\" height=\"98\" srcset=\"https:\/\/yhelteljel.ee\/wp-content\/uploads\/2009\/05\/nicaragua-2v.png 530w, https:\/\/yhelteljel.ee\/wp-content\/uploads\/2009\/05\/nicaragua-2v-300x55.png 300w\" sizes=\"auto, (max-width: 530px) 100vw, 530px\" \/><\/a><\/p>\n<p><a href=\"http:\/\/yhelteljel.ee\/wp-content\/uploads\/2009\/05\/nicaragua-4s.jpg\" target=\"_blank\"><img loading=\"lazy\" decoding=\"async\" class=\"alignnone size-full wp-image-2369\" title=\"Loodust Lago Nicaragua \u00e4\u00e4rest\" src=\"http:\/\/yhelteljel.ee\/wp-content\/uploads\/2009\/05\/nicaragua-4v.png\" alt=\"Loodust Lago Nicaragua \u00e4\u00e4rest\" width=\"530\" height=\"68\" srcset=\"https:\/\/yhelteljel.ee\/wp-content\/uploads\/2009\/05\/nicaragua-4v.png 530w, https:\/\/yhelteljel.ee\/wp-content\/uploads\/2009\/05\/nicaragua-4v-300x38.png 300w\" sizes=\"auto, (max-width: 530px) 100vw, 530px\" \/><\/a><\/p>\n<p><a href=\"http:\/\/yhelteljel.ee\/wp-content\/uploads\/2009\/05\/nicaragua-3s.jpg\" target=\"_blank\"><img loading=\"lazy\" decoding=\"async\" class=\"alignnone size-full wp-image-2358\" title=\"Metsad Nicaragua j\u00e4rve \u00e4\u00e4res\" src=\"http:\/\/yhelteljel.ee\/wp-content\/uploads\/2009\/05\/nicaragua-3v.png\" alt=\"Metsad Nicaragua j\u00e4rve \u00e4\u00e4res\" width=\"530\" height=\"506\" srcset=\"https:\/\/yhelteljel.ee\/wp-content\/uploads\/2009\/05\/nicaragua-3v.png 530w, https:\/\/yhelteljel.ee\/wp-content\/uploads\/2009\/05\/nicaragua-3v-300x286.png 300w\" sizes=\"auto, (max-width: 530px) 100vw, 530px\" \/><\/a><\/p>\n<p><a href=\"http:\/\/yhelteljel.ee\/wp-content\/uploads\/2009\/05\/nicaragua-5s.jpg\" target=\"_blank\"><img loading=\"lazy\" decoding=\"async\" class=\"alignnone size-full wp-image-2371\" title=\"Nicaragua j\u00e4rv\" src=\"http:\/\/yhelteljel.ee\/wp-content\/uploads\/2009\/05\/nicaragua-5v.png\" alt=\"Nicaragua j\u00e4rv\" width=\"530\" height=\"111\" srcset=\"https:\/\/yhelteljel.ee\/wp-content\/uploads\/2009\/05\/nicaragua-5v.png 530w, https:\/\/yhelteljel.ee\/wp-content\/uploads\/2009\/05\/nicaragua-5v-300x62.png 300w\" sizes=\"auto, (max-width: 530px) 100vw, 530px\" \/><\/a><\/p>\n<p><img loading=\"lazy\" decoding=\"async\" class=\"alignnone size-full wp-image-2394\" title=\"Ometepe vulkaan\" src=\"http:\/\/yhelteljel.ee\/wp-content\/uploads\/2009\/05\/img_6890.jpg\" alt=\"Ometepe vulkaan\" width=\"530\" height=\"518\" srcset=\"https:\/\/yhelteljel.ee\/wp-content\/uploads\/2009\/05\/img_6890.jpg 530w, https:\/\/yhelteljel.ee\/wp-content\/uploads\/2009\/05\/img_6890-300x293.jpg 300w\" sizes=\"auto, (max-width: 530px) 100vw, 530px\" \/><\/p>\n<p><img loading=\"lazy\" decoding=\"async\" class=\"alignnone size-full wp-image-2364\" title=\"Isla Ometepe teed\" src=\"http:\/\/yhelteljel.ee\/wp-content\/uploads\/2009\/05\/img_6825.jpg\" alt=\"Isla Ometepe teed\" width=\"530\" height=\"707\" srcset=\"https:\/\/yhelteljel.ee\/wp-content\/uploads\/2009\/05\/img_6825.jpg 530w, https:\/\/yhelteljel.ee\/wp-content\/uploads\/2009\/05\/img_6825-224x300.jpg 224w\" sizes=\"auto, (max-width: 530px) 100vw, 530px\" \/><\/p>\n<p>Saarel on asustus olnud pikka aega, ja nagu Nicaragua j\u00e4rvel, Kesk-Ameerika suurimal j\u00e4rvel, on Ometepe saarel kohalikus m\u00fctoloogias t\u00e4htis koht. Erilist aurat v\u00f5imendavad saarel olevad iidsed petrogl\u00fc\u00fcfid:<\/p>\n<p><img loading=\"lazy\" decoding=\"async\" class=\"alignnone size-full wp-image-2388\" title=\"Petrogl\u00fc\u00fcfid (1)\" src=\"http:\/\/yhelteljel.ee\/wp-content\/uploads\/2009\/05\/img_6859.jpg\" alt=\"Petrogl\u00fc\u00fcfid (1)\" width=\"530\" height=\"378\" srcset=\"https:\/\/yhelteljel.ee\/wp-content\/uploads\/2009\/05\/img_6859.jpg 530w, https:\/\/yhelteljel.ee\/wp-content\/uploads\/2009\/05\/img_6859-300x213.jpg 300w\" sizes=\"auto, (max-width: 530px) 100vw, 530px\" \/><\/p>\n<p><img loading=\"lazy\" decoding=\"async\" class=\"alignnone size-full wp-image-2391\" title=\"Petrogl\u00fc\u00fcfid (2)\" src=\"http:\/\/yhelteljel.ee\/wp-content\/uploads\/2009\/05\/img_6851.jpg\" alt=\"Petrogl\u00fc\u00fcfid (2)\" width=\"530\" height=\"630\" srcset=\"https:\/\/yhelteljel.ee\/wp-content\/uploads\/2009\/05\/img_6851.jpg 530w, https:\/\/yhelteljel.ee\/wp-content\/uploads\/2009\/05\/img_6851-252x300.jpg 252w\" sizes=\"auto, (max-width: 530px) 100vw, 530px\" \/><\/p>\n<p>Elu sellel saarel kulgeb omas vaikses r\u00fctmis, ja ehkki Ometepet turistidele v\u00e4ga promotakse, on see ikka parajalt v\u00f5luv koht. K\u00fclad on v\u00e4ikesed ja meeldivalt vaiksed. Siin m\u00f5ned pildid elust-olust saare suuremas k\u00fclas, Moyogalpas:<\/p>\n<p><img loading=\"lazy\" decoding=\"async\" class=\"alignnone size-full wp-image-2389\" title=\"Buss ja bussile &quot;kutsuja&quot;\" src=\"http:\/\/yhelteljel.ee\/wp-content\/uploads\/2009\/05\/img_6873.jpg\" alt=\"Buss ja bussile &quot;kutsuja&quot;\" width=\"530\" height=\"707\" srcset=\"https:\/\/yhelteljel.ee\/wp-content\/uploads\/2009\/05\/img_6873.jpg 530w, https:\/\/yhelteljel.ee\/wp-content\/uploads\/2009\/05\/img_6873-224x300.jpg 224w\" sizes=\"auto, (max-width: 530px) 100vw, 530px\" \/><\/p>\n<p><a href=\"http:\/\/yhelteljel.ee\/wp-content\/uploads\/2009\/05\/img_6874_s.jpg\" target=\"_blank\"><img loading=\"lazy\" decoding=\"async\" class=\"alignnone size-full wp-image-2386\" title=\"Ometepe asula t\u00e4nav\" src=\"http:\/\/yhelteljel.ee\/wp-content\/uploads\/2009\/05\/img_6874_v.jpg\" alt=\"Ometepe asula t\u00e4nav\" width=\"530\" height=\"398\" srcset=\"https:\/\/yhelteljel.ee\/wp-content\/uploads\/2009\/05\/img_6874_v.jpg 530w, https:\/\/yhelteljel.ee\/wp-content\/uploads\/2009\/05\/img_6874_v-300x225.jpg 300w\" sizes=\"auto, (max-width: 530px) 100vw, 530px\" \/><\/a><\/p>\n<p><a href=\"http:\/\/yhelteljel.ee\/wp-content\/uploads\/2009\/05\/img_6876_s.jpg\" target=\"_blank\"><img loading=\"lazy\" decoding=\"async\" class=\"alignnone size-full wp-image-2390\" title=\"Gaut\u0161o t\u00e4naval\" src=\"http:\/\/yhelteljel.ee\/wp-content\/uploads\/2009\/05\/img_6876_v.jpg\" alt=\"Gaut\u0161o t\u00e4naval\" width=\"530\" height=\"339\" srcset=\"https:\/\/yhelteljel.ee\/wp-content\/uploads\/2009\/05\/img_6876_v.jpg 530w, https:\/\/yhelteljel.ee\/wp-content\/uploads\/2009\/05\/img_6876_v-300x191.jpg 300w\" sizes=\"auto, (max-width: 530px) 100vw, 530px\" \/><\/a><\/p>\n<p>Ometepe saarel l\u00e4ks meil \u00f5nneks kohtuda seljakottidega \u00fcmber maakera reisivate Riina ja Vahuriga, kellega suundusime pikemalt muljeid jagama <a href=\"http:\/\/en.wikipedia.org\/wiki\/Granada,_Nicaragua\" target=\"_blank\">Granadasse<\/a>.  See on k\u00fcllaltki v\u00e4ike linn Nicaragua j\u00e4rve kaldal &#8211; eks ikka koloniaalstiilis, aga pisut teistsugune kui need, mida me L\u00f5una-Ameerikas n\u00e4gime. V\u00e4iksem ja hubasem.<\/p>\n<p>Tsikli saime seekord esmakordselt lausa hotellituppa veeretada. Eks sellega oli ikka t\u00fckk tegemist &#8211; Vahur tuli ka appi:<\/p>\n<p><img loading=\"lazy\" decoding=\"async\" class=\"alignnone size-full wp-image-2414\" title=\"Tsikkel tuppa.\" src=\"http:\/\/yhelteljel.ee\/wp-content\/uploads\/2009\/05\/p5120231.jpg\" alt=\"Tsikkel tuppa (ait\u00e4h Riinale piltide eest!)\" width=\"530\" height=\"398\" srcset=\"https:\/\/yhelteljel.ee\/wp-content\/uploads\/2009\/05\/p5120231.jpg 530w, https:\/\/yhelteljel.ee\/wp-content\/uploads\/2009\/05\/p5120231-300x225.jpg 300w\" sizes=\"auto, (max-width: 530px) 100vw, 530px\" \/><\/p>\n<p><img loading=\"lazy\" decoding=\"async\" class=\"alignnone size-full wp-image-2415\" title=\"Riina ja Vahuriga.\" src=\"http:\/\/yhelteljel.ee\/wp-content\/uploads\/2009\/05\/img_6904.jpg\" alt=\"Riina ja Vahuriga.\" width=\"530\" height=\"398\" srcset=\"https:\/\/yhelteljel.ee\/wp-content\/uploads\/2009\/05\/img_6904.jpg 530w, https:\/\/yhelteljel.ee\/wp-content\/uploads\/2009\/05\/img_6904-300x225.jpg 300w\" sizes=\"auto, (max-width: 530px) 100vw, 530px\" \/><\/p>\n<p><a href=\"http:\/\/yhelteljel.ee\/wp-content\/uploads\/2009\/05\/granada-3s.jpg\" target=\"_blank\"><img loading=\"lazy\" decoding=\"async\" class=\"alignnone size-full wp-image-2406\" title=\"Gessu otse voodi k\u00f5rval\" src=\"http:\/\/yhelteljel.ee\/wp-content\/uploads\/2009\/05\/granada-3v.png\" alt=\"Gessu otse voodi k\u00f5rval\" width=\"530\" height=\"221\" srcset=\"https:\/\/yhelteljel.ee\/wp-content\/uploads\/2009\/05\/granada-3v.png 530w, https:\/\/yhelteljel.ee\/wp-content\/uploads\/2009\/05\/granada-3v-300x125.png 300w\" sizes=\"auto, (max-width: 530px) 100vw, 530px\" \/><\/a><\/p>\n<p>P\u00e4rast ponnistusi l\u00e4ksime linna peale jalutama. Siin m\u00f5ned kirikud:<\/p>\n<p><img loading=\"lazy\" decoding=\"async\" class=\"alignnone size-full wp-image-2416\" title=\"Kulunud kirik.\" src=\"http:\/\/yhelteljel.ee\/wp-content\/uploads\/2009\/05\/img_69391.jpg\" alt=\"Kulunud kirik.\" width=\"530\" height=\"403\" srcset=\"https:\/\/yhelteljel.ee\/wp-content\/uploads\/2009\/05\/img_69391.jpg 530w, https:\/\/yhelteljel.ee\/wp-content\/uploads\/2009\/05\/img_69391-300x228.jpg 300w\" sizes=\"auto, (max-width: 530px) 100vw, 530px\" \/><\/p>\n<p><img loading=\"lazy\" decoding=\"async\" class=\"alignnone size-full wp-image-2408\" title=\"Kirikutornid\" src=\"http:\/\/yhelteljel.ee\/wp-content\/uploads\/2009\/05\/img_6940_2.jpg\" alt=\"Kirikutornid\" width=\"530\" height=\"659\" srcset=\"https:\/\/yhelteljel.ee\/wp-content\/uploads\/2009\/05\/img_6940_2.jpg 530w, https:\/\/yhelteljel.ee\/wp-content\/uploads\/2009\/05\/img_6940_2-241x300.jpg 241w\" sizes=\"auto, (max-width: 530px) 100vw, 530px\" \/><\/p>\n<p><span style=\"text-decoration: underline;\"><a href=\"http:\/\/yhelteljel.ee\/wp-content\/uploads\/2009\/05\/granada-1s.jpg\" target=\"_blank\"><img loading=\"lazy\" decoding=\"async\" class=\"alignnone size-full wp-image-2384\" title=\"\u00dcks kirik Granadas (2)\" src=\"http:\/\/yhelteljel.ee\/wp-content\/uploads\/2009\/05\/granada-1v.png\" alt=\"\u00dcks kirik Granadas (1)\" width=\"530\" height=\"218\" srcset=\"https:\/\/yhelteljel.ee\/wp-content\/uploads\/2009\/05\/granada-1v.png 530w, https:\/\/yhelteljel.ee\/wp-content\/uploads\/2009\/05\/granada-1v-300x123.png 300w\" sizes=\"auto, (max-width: 530px) 100vw, 530px\" \/><\/a><\/span><\/p>\n<p><span style=\"text-decoration: underline;\"><a href=\"http:\/\/yhelteljel.ee\/wp-content\/uploads\/2009\/05\/granada-2s.jpg\" target=\"_blank\"><img loading=\"lazy\" decoding=\"async\" class=\"alignnone size-full wp-image-2381\" title=\"\u00dcks kirik Granadas (2)\" src=\"http:\/\/yhelteljel.ee\/wp-content\/uploads\/2009\/05\/granada-2v.png\" alt=\"\u00dcks kirik Granadas (2)\" width=\"530\" height=\"446\" srcset=\"https:\/\/yhelteljel.ee\/wp-content\/uploads\/2009\/05\/granada-2v.png 530w, https:\/\/yhelteljel.ee\/wp-content\/uploads\/2009\/05\/granada-2v-300x252.png 300w\" sizes=\"auto, (max-width: 530px) 100vw, 530px\" \/><\/a><\/span><\/p>\n<p>Selles samas kirikus oli silt, mis annab teada, et need inimesed kavatsevad abielluda, ja et kui kellelgi on midagi selle abielu vastu, siis peab sellest viivitamata teatama:<\/p>\n<p><span style=\"text-decoration: underline;\"><img loading=\"lazy\" decoding=\"async\" class=\"alignnone size-full wp-image-2397\" title=\"Kui Teil on midagi nende inimeste abielu vastu, siis palun teatage.\" src=\"http:\/\/yhelteljel.ee\/wp-content\/uploads\/2009\/05\/img_6931.jpg\" alt=\"Kui Teil on midagi nende inimeste abielu vastu, siis palun teatage.\" width=\"530\" height=\"386\" srcset=\"https:\/\/yhelteljel.ee\/wp-content\/uploads\/2009\/05\/img_6931.jpg 530w, https:\/\/yhelteljel.ee\/wp-content\/uploads\/2009\/05\/img_6931-300x218.jpg 300w\" sizes=\"auto, (max-width: 530px) 100vw, 530px\" \/><\/span><\/p>\n<p>T\u00e4navatel n\u00e4eb siin palju naisi, kes kausse-\u00e4mbreid pea peal kannavad:<\/p>\n<p><span style=\"text-decoration: underline;\"><img loading=\"lazy\" decoding=\"async\" class=\"alignnone size-full wp-image-2396\" title=\"T\u00e4di kausiga\" src=\"http:\/\/yhelteljel.ee\/wp-content\/uploads\/2009\/05\/img_6925.jpg\" alt=\"T\u00e4di kausiga\" width=\"530\" height=\"720\" srcset=\"https:\/\/yhelteljel.ee\/wp-content\/uploads\/2009\/05\/img_6925.jpg 530w, https:\/\/yhelteljel.ee\/wp-content\/uploads\/2009\/05\/img_6925-220x300.jpg 220w\" sizes=\"auto, (max-width: 530px) 100vw, 530px\" \/><\/span><\/p>\n<p><span style=\"text-decoration: underline;\"><img loading=\"lazy\" decoding=\"async\" class=\"alignnone size-full wp-image-2412\" title=\"T\u00e4di laadungiga.\" src=\"http:\/\/yhelteljel.ee\/wp-content\/uploads\/2009\/05\/img_6942_2.jpg\" alt=\"T\u00e4di laadungiga.\" width=\"530\" height=\"590\" srcset=\"https:\/\/yhelteljel.ee\/wp-content\/uploads\/2009\/05\/img_6942_2.jpg 530w, https:\/\/yhelteljel.ee\/wp-content\/uploads\/2009\/05\/img_6942_2-269x300.jpg 269w\" sizes=\"auto, (max-width: 530px) 100vw, 530px\" \/><\/span><\/p>\n<p><span style=\"text-decoration: underline;\"><img loading=\"lazy\" decoding=\"async\" class=\"alignnone size-full wp-image-2410\" title=\"T\u00e4di kausiga\" src=\"http:\/\/yhelteljel.ee\/wp-content\/uploads\/2009\/05\/img_6945_2.jpg\" alt=\"T\u00e4di kausiga\" width=\"530\" height=\"398\" srcset=\"https:\/\/yhelteljel.ee\/wp-content\/uploads\/2009\/05\/img_6945_2.jpg 530w, https:\/\/yhelteljel.ee\/wp-content\/uploads\/2009\/05\/img_6945_2-300x225.jpg 300w\" sizes=\"auto, (max-width: 530px) 100vw, 530px\" \/><\/span><\/p>\n<p>Ja kui l\u00f5una k\u00e4tte j\u00f5uab, siis algab t\u00e4navatel logelemine &#8211; <em>siesta<\/em>! Pildi pealt v\u00f5ibolla ei saa aru, aga tegelikult on nii palav, et viskaks isegi pikali \ud83d\ude42<\/p>\n<p><span style=\"text-decoration: underline;\"><img loading=\"lazy\" decoding=\"async\" class=\"alignnone size-full wp-image-2411\" title=\"Siesta aeg - vedelemine kuumades oludes.\" src=\"http:\/\/yhelteljel.ee\/wp-content\/uploads\/2009\/05\/img_6950.jpg\" alt=\"Siesta aeg - vedelemine kuumades oludes.\" width=\"530\" height=\"364\" srcset=\"https:\/\/yhelteljel.ee\/wp-content\/uploads\/2009\/05\/img_6950.jpg 530w, https:\/\/yhelteljel.ee\/wp-content\/uploads\/2009\/05\/img_6950-300x206.jpg 300w\" sizes=\"auto, (max-width: 530px) 100vw, 530px\" \/><\/span><\/p>\n","protected":false},"excerpt":{"rendered":"<p>Viimaste p\u00e4evade m\u00e4rks\u00f5nadeks v\u00f5iks olla Costa Ricas rehvi sattunud nael, korrumpeerunud liikluspolitseinik, Ometepe saar Nicaraguas ja j\u00f5udmine Granadasse, j\u00e4rjekordsesse koloniaallinna. Costa Rica \u00fchest v\u00e4iksemat sorti rannalinnast Jac\u00f3st minema s\u00f5itma hakates avastas Margus, et tagarehv on kummaliselt t\u00fchi.<\/p>\n","protected":false},"author":2,"featured_media":0,"comment_status":"open","ping_status":"open","sticky":false,"template":"","format":"standard","meta":{"_monsterinsights_skip_tracking":false,"_monsterinsights_sitenote_active":false,"_monsterinsights_sitenote_note":"","_monsterinsights_sitenote_category":0,"footnotes":""},"categories":[140,5],"tags":[1119,132,1114,128,127,1120,133,136,1115],"class_list":["post-2348","post","type-post","status-publish","format-standard","hentry","category-kesk-ameerika","category-tehniline","tag-costa-rica","tag-floora-ja-fauna","tag-inimesed","tag-linnad","tag-muu-transport","tag-nicaragua","tag-piiriuletus","tag-probleemid","tag-teeolud"],"_links":{"self":[{"href":"https:\/\/yhelteljel.ee\/index.php?rest_route=\/wp\/v2\/posts\/2348","targetHints":{"allow":["GET"]}}],"collection":[{"href":"https:\/\/yhelteljel.ee\/index.php?rest_route=\/wp\/v2\/posts"}],"about":[{"href":"https:\/\/yhelteljel.ee\/index.php?rest_route=\/wp\/v2\/types\/post"}],"author":[{"embeddable":true,"href":"https:\/\/yhelteljel.ee\/index.php?rest_route=\/wp\/v2\/users\/2"}],"replies":[{"embeddable":true,"href":"https:\/\/yhelteljel.ee\/index.php?rest_route=%2Fwp%2Fv2%2Fcomments&post=2348"}],"version-history":[{"count":13,"href":"https:\/\/yhelteljel.ee\/index.php?rest_route=\/wp\/v2\/posts\/2348\/revisions"}],"predecessor-version":[{"id":2418,"href":"https:\/\/yhelteljel.ee\/index.php?rest_route=\/wp\/v2\/posts\/2348\/revisions\/2418"}],"wp:attachment":[{"href":"https:\/\/yhelteljel.ee\/index.php?rest_route=%2Fwp%2Fv2%2Fmedia&parent=2348"}],"wp:term":[{"taxonomy":"category","embeddable":true,"href":"https:\/\/yhelteljel.ee\/index.php?rest_route=%2Fwp%2Fv2%2Fcategories&post=2348"},{"taxonomy":"post_tag","embeddable":true,"href":"https:\/\/yhelteljel.ee\/index.php?rest_route=%2Fwp%2Fv2%2Ftags&post=2348"}],"curies":[{"name":"wp","href":"https:\/\/api.w.org\/{rel}","templated":true}]}}