{"id":2319,"date":"2009-05-10T02:09:43","date_gmt":"2009-05-10T00:09:43","guid":{"rendered":"http:\/\/yhelteljel.ee\/?p=2319"},"modified":"2009-05-10T02:19:50","modified_gmt":"2009-05-10T00:19:50","slug":"panamast-kiiresti-labi","status":"publish","type":"post","link":"https:\/\/yhelteljel.ee\/?p=2319","title":{"rendered":"Panamast kiiresti l\u00e4bi"},"content":{"rendered":"<p><img loading=\"lazy\" decoding=\"async\" class=\"alignnone size-full wp-image-2328\" title=\"Panama kanali hoolduse paat\" src=\"http:\/\/yhelteljel.ee\/wp-content\/uploads\/2009\/05\/img_6680.jpg\" alt=\"Panama kanali hoolduse paat\" width=\"530\" height=\"398\" srcset=\"https:\/\/yhelteljel.ee\/wp-content\/uploads\/2009\/05\/img_6680.jpg 530w, https:\/\/yhelteljel.ee\/wp-content\/uploads\/2009\/05\/img_6680-300x225.jpg 300w\" sizes=\"auto, (max-width: 530px) 100vw, 530px\" \/><\/p>\n<p>Panama on k\u00fcllaltki v\u00e4ike, pindalaks vaid 78 000 ruutkilomeetrit. Seep\u00e4rast me sinna pikemalt pidama ei j\u00e4\u00e4nud, k\u00fcll aga v\u00e4isasime kohustuslikku turismimagnetit, Panama kanalit &#8211; midagi v\u00e4ga suurejoonelist seal polnud, aga seal k\u00e4imist ei kahetse ka, sest on ju tegemist majanduslikult v\u00e4ga t\u00e4htsa objektiga.<\/p>\n<p><!--more--><\/p>\n<p><img loading=\"lazy\" decoding=\"async\" class=\"alignnone size-full wp-image-2325\" title=\"Kunagine rong Panama kanali \u00e4\u00e4res\" src=\"http:\/\/yhelteljel.ee\/wp-content\/uploads\/2009\/05\/img_6660_2.jpg\" alt=\"Kunagine rong Panama kanali \u00e4\u00e4res\" width=\"530\" height=\"412\" srcset=\"https:\/\/yhelteljel.ee\/wp-content\/uploads\/2009\/05\/img_6660_2.jpg 530w, https:\/\/yhelteljel.ee\/wp-content\/uploads\/2009\/05\/img_6660_2-300x233.jpg 300w\" sizes=\"auto, (max-width: 530px) 100vw, 530px\" \/><\/p>\n<p><img loading=\"lazy\" decoding=\"async\" class=\"alignnone size-full wp-image-2327\" title=\"Panama kanal, taamal sild \" src=\"http:\/\/yhelteljel.ee\/wp-content\/uploads\/2009\/05\/img_6679.jpg\" alt=\"Panama kanal, taamal sild \" width=\"530\" height=\"394\" srcset=\"https:\/\/yhelteljel.ee\/wp-content\/uploads\/2009\/05\/img_6679.jpg 530w, https:\/\/yhelteljel.ee\/wp-content\/uploads\/2009\/05\/img_6679-300x223.jpg 300w\" sizes=\"auto, (max-width: 530px) 100vw, 530px\" \/><\/p>\n<p>Enne Panama Cityst lahkumist tegime sellest minu arvates k\u00fcllaltki iseloomutust linnast m\u00f5ned kenamad kl\u00f5psud. Siin n\u00e4iteks linna panoraam, vaadatuna Panama lahelt:<\/p>\n<p><a href=\"http:\/\/yhelteljel.ee\/wp-content\/uploads\/2009\/05\/panama-1s.jpg\" target=\"_blank\"><img loading=\"lazy\" decoding=\"async\" class=\"alignnone size-full wp-image-2333\" title=\"Panama kanal\" src=\"http:\/\/yhelteljel.ee\/wp-content\/uploads\/2009\/05\/panama-1v.png\" alt=\"Panama kanal\" width=\"530\" height=\"193\" srcset=\"https:\/\/yhelteljel.ee\/wp-content\/uploads\/2009\/05\/panama-1v.png 530w, https:\/\/yhelteljel.ee\/wp-content\/uploads\/2009\/05\/panama-1v-300x109.png 300w\" sizes=\"auto, (max-width: 530px) 100vw, 530px\" \/><\/a><\/p>\n<p>Kui kaugelt paistab linn k\u00f5igi oma pilvel\u00f5hkujatega v\u00e4ga modernne, siis mida l\u00e4hemale sattuda, seda \u00f5nnetum pilt tegelikult on.<\/p>\n<p><a href=\"http:\/\/yhelteljel.ee\/wp-content\/uploads\/2009\/05\/panama-2s.jpg\" target=\"_blank\"><img loading=\"lazy\" decoding=\"async\" class=\"alignnone size-full wp-image-2335\" title=\"Panama City panoraam (1)\" src=\"http:\/\/yhelteljel.ee\/wp-content\/uploads\/2009\/05\/panama-2v.png\" alt=\"Panama City panoraam (1)\" width=\"530\" height=\"62\" srcset=\"https:\/\/yhelteljel.ee\/wp-content\/uploads\/2009\/05\/panama-2v.png 530w, https:\/\/yhelteljel.ee\/wp-content\/uploads\/2009\/05\/panama-2v-300x35.png 300w\" sizes=\"auto, (max-width: 530px) 100vw, 530px\" \/><\/a><\/p>\n<p><a href=\"http:\/\/yhelteljel.ee\/wp-content\/uploads\/2009\/05\/panama-3s.jpg\" target=\"_blank\"><img loading=\"lazy\" decoding=\"async\" class=\"alignnone size-full wp-image-2337\" title=\"Panama City panoraam (2)\" src=\"http:\/\/yhelteljel.ee\/wp-content\/uploads\/2009\/05\/panama-3v.png\" alt=\"Panama City panoraam (2)\" width=\"530\" height=\"91\" srcset=\"https:\/\/yhelteljel.ee\/wp-content\/uploads\/2009\/05\/panama-3v.png 530w, https:\/\/yhelteljel.ee\/wp-content\/uploads\/2009\/05\/panama-3v-300x51.png 300w\" sizes=\"auto, (max-width: 530px) 100vw, 530px\" \/><\/a><\/p>\n<p>Ringi s\u00f5idavad vanakoolibussid, mis positiivsematesse v\u00e4rvidesse pandud:<\/p>\n<p><img loading=\"lazy\" decoding=\"async\" class=\"alignnone size-full wp-image-2324\" title=\"Huvitavad Panama City bussid\" src=\"http:\/\/yhelteljel.ee\/wp-content\/uploads\/2009\/05\/img_6658.jpg\" alt=\"Huvitavad Panama City bussid\" width=\"530\" height=\"438\" srcset=\"https:\/\/yhelteljel.ee\/wp-content\/uploads\/2009\/05\/img_6658.jpg 530w, https:\/\/yhelteljel.ee\/wp-content\/uploads\/2009\/05\/img_6658-300x247.jpg 300w\" sizes=\"auto, (max-width: 530px) 100vw, 530px\" \/><\/p>\n<p><img loading=\"lazy\" decoding=\"async\" class=\"alignnone size-full wp-image-2323\" title=\"Panama City busside v\u00e4rvid\" src=\"http:\/\/yhelteljel.ee\/wp-content\/uploads\/2009\/05\/img_6657.jpg\" alt=\"Panama City busside v\u00e4rvid\" width=\"530\" height=\"381\" srcset=\"https:\/\/yhelteljel.ee\/wp-content\/uploads\/2009\/05\/img_6657.jpg 530w, https:\/\/yhelteljel.ee\/wp-content\/uploads\/2009\/05\/img_6657-300x215.jpg 300w\" sizes=\"auto, (max-width: 530px) 100vw, 530px\" \/><\/p>\n<p><img loading=\"lazy\" decoding=\"async\" class=\"alignnone size-full wp-image-2322\" title=\"Panama City busside v\u00e4rvid\" src=\"http:\/\/yhelteljel.ee\/wp-content\/uploads\/2009\/05\/img_6656.jpg\" alt=\"Panama City busside v\u00e4rvid\" width=\"530\" height=\"417\" srcset=\"https:\/\/yhelteljel.ee\/wp-content\/uploads\/2009\/05\/img_6656.jpg 530w, https:\/\/yhelteljel.ee\/wp-content\/uploads\/2009\/05\/img_6656-300x236.jpg 300w\" sizes=\"auto, (max-width: 530px) 100vw, 530px\" \/><\/p>\n<p>Panama Cityst eemal tegime v\u00e4ikese &#8220;v\u00e4ljas\u00f5idu loodusesse&#8221;, ehk siis p\u00f5ikasime interamericana teelt k\u00f5rvale, Punta Chamesse, kus v\u00f5ib imetleda valgeid liivasid. Peale valge liiva seal paraku muud ei olnudki, isegi palme mitte:<\/p>\n<p><a href=\"http:\/\/yhelteljel.ee\/wp-content\/uploads\/2009\/05\/panama-4s.jpg\" target=\"_blank\"><img loading=\"lazy\" decoding=\"async\" class=\"alignnone size-full wp-image-2339\" title=\"&quot;Valged liivad&quot;\" src=\"http:\/\/yhelteljel.ee\/wp-content\/uploads\/2009\/05\/panama-4v.png\" alt=\"&quot;Valged liivad&quot;\" width=\"530\" height=\"94\" srcset=\"https:\/\/yhelteljel.ee\/wp-content\/uploads\/2009\/05\/panama-4v.png 530w, https:\/\/yhelteljel.ee\/wp-content\/uploads\/2009\/05\/panama-4v-300x53.png 300w\" sizes=\"auto, (max-width: 530px) 100vw, 530px\" \/><\/a><\/p>\n<p>\u00d6\u00f6 veetsime poolkuivanud j\u00f5es\u00e4ngis telkides. Kohutavalt palav oli, ning ritsikad siristasid kogu \u00f6\u00f6. Ilmselt need kaks tegurit kokku p\u00f5hjustasid meil paraja unetuse, nii et keset \u00f6\u00f6d sai telgist v\u00e4lja ronitud ning kuuvalguses pilte tehtud:<\/p>\n<p><img loading=\"lazy\" decoding=\"async\" class=\"alignnone size-full wp-image-2329\" title=\"Kuuvalgus\" src=\"http:\/\/yhelteljel.ee\/wp-content\/uploads\/2009\/05\/img_6727.jpg\" alt=\"Kuuvalgus\" width=\"530\" height=\"398\" srcset=\"https:\/\/yhelteljel.ee\/wp-content\/uploads\/2009\/05\/img_6727.jpg 530w, https:\/\/yhelteljel.ee\/wp-content\/uploads\/2009\/05\/img_6727-300x225.jpg 300w\" sizes=\"auto, (max-width: 530px) 100vw, 530px\" \/><\/p>\n<p><a href=\"http:\/\/yhelteljel.ee\/wp-content\/uploads\/2009\/05\/panama-5s.jpg\" target=\"_blank\"><img loading=\"lazy\" decoding=\"async\" class=\"alignnone size-full wp-image-2341\" title=\"Telkimine j\u00f5es\u00e4ngis\" src=\"http:\/\/yhelteljel.ee\/wp-content\/uploads\/2009\/05\/panama-5v.png\" alt=\"Telkimine j\u00f5es\u00e4ngis\" width=\"530\" height=\"69\" srcset=\"https:\/\/yhelteljel.ee\/wp-content\/uploads\/2009\/05\/panama-5v.png 530w, https:\/\/yhelteljel.ee\/wp-content\/uploads\/2009\/05\/panama-5v-300x39.png 300w\" sizes=\"auto, (max-width: 530px) 100vw, 530px\" \/><\/a><\/p>\n<p>J\u00e4rgmisel hommikul panime p\u00e4ikeset\u00f5usu ajal asjad kokku ning \u00fcsna pea \u00fcletasime juba Panama &#8211; Costa Rica piiri. Asjaajamine piiril ei olnud sugugi nii keeruline, kui paljud r\u00e4\u00e4givad, ning aega kulus kummalgi poolel kokku vast \u00fche tunni jagu. Costa Rica tervitas meid p\u00f5nevate palmisaludega:<\/p>\n<p><a href=\"http:\/\/yhelteljel.ee\/wp-content\/uploads\/2009\/05\/costa-rica-s.jpg\" target=\"_blank\"><img loading=\"lazy\" decoding=\"async\" class=\"alignnone size-full wp-image-2321\" title=\"Costa Rica palmikasvanduses\" src=\"http:\/\/yhelteljel.ee\/wp-content\/uploads\/2009\/05\/costa-rica-v.png\" alt=\"Costa Rica palmikasvanduses\" width=\"530\" height=\"143\" srcset=\"https:\/\/yhelteljel.ee\/wp-content\/uploads\/2009\/05\/costa-rica-v.png 530w, https:\/\/yhelteljel.ee\/wp-content\/uploads\/2009\/05\/costa-rica-v-300x80.png 300w\" sizes=\"auto, (max-width: 530px) 100vw, 530px\" \/><\/a><\/p>\n<p>Costa Rica t\u00fc\u00fcpilisi asfalt- ja kruusa\u00a0teid:<\/p>\n<p><img loading=\"lazy\" decoding=\"async\" class=\"alignnone size-full wp-image-2330\" title=\"Costa Rica lipp-lipi peal teed\" src=\"http:\/\/yhelteljel.ee\/wp-content\/uploads\/2009\/05\/img_6760.jpg\" alt=\"Costa Rica lipp-lipi peal teed\" width=\"530\" height=\"444\" srcset=\"https:\/\/yhelteljel.ee\/wp-content\/uploads\/2009\/05\/img_6760.jpg 530w, https:\/\/yhelteljel.ee\/wp-content\/uploads\/2009\/05\/img_6760-300x251.jpg 300w\" sizes=\"auto, (max-width: 530px) 100vw, 530px\" \/><\/p>\n<p><img loading=\"lazy\" decoding=\"async\" class=\"alignnone size-full wp-image-2331\" title=\"Puu niigi auklikule teele kukkunud :-P\" src=\"http:\/\/yhelteljel.ee\/wp-content\/uploads\/2009\/05\/img_6761.jpg\" alt=\"Puu niigi auklikule teele kukkunud :-P\" width=\"530\" height=\"398\" srcset=\"https:\/\/yhelteljel.ee\/wp-content\/uploads\/2009\/05\/img_6761.jpg 530w, https:\/\/yhelteljel.ee\/wp-content\/uploads\/2009\/05\/img_6761-300x225.jpg 300w\" sizes=\"auto, (max-width: 530px) 100vw, 530px\" \/><\/p>\n","protected":false},"excerpt":{"rendered":"<p>Panama on k\u00fcllaltki v\u00e4ike, pindalaks vaid 78 000 ruutkilomeetrit. Seep\u00e4rast me sinna pikemalt pidama ei j\u00e4\u00e4nud, k\u00fcll aga v\u00e4isasime kohustuslikku turismimagnetit, Panama kanalit &#8211; midagi v\u00e4ga suurejoonelist seal polnud, aga seal k\u00e4imist ei kahetse ka, sest on ju tegemist majanduslikult v\u00e4ga t\u00e4htsa objektiga.<\/p>\n","protected":false},"author":2,"featured_media":0,"comment_status":"open","ping_status":"open","sticky":false,"template":"","format":"standard","meta":{"_monsterinsights_skip_tracking":false,"_monsterinsights_sitenote_active":false,"_monsterinsights_sitenote_note":"","_monsterinsights_sitenote_category":0,"footnotes":""},"categories":[140],"tags":[1119,132,134,1118,133,126],"class_list":["post-2319","post","type-post","status-publish","format-standard","hentry","category-kesk-ameerika","tag-costa-rica","tag-floora-ja-fauna","tag-ilm","tag-panama","tag-piiriuletus","tag-turismiatraktsioon"],"_links":{"self":[{"href":"https:\/\/yhelteljel.ee\/index.php?rest_route=\/wp\/v2\/posts\/2319","targetHints":{"allow":["GET"]}}],"collection":[{"href":"https:\/\/yhelteljel.ee\/index.php?rest_route=\/wp\/v2\/posts"}],"about":[{"href":"https:\/\/yhelteljel.ee\/index.php?rest_route=\/wp\/v2\/types\/post"}],"author":[{"embeddable":true,"href":"https:\/\/yhelteljel.ee\/index.php?rest_route=\/wp\/v2\/users\/2"}],"replies":[{"embeddable":true,"href":"https:\/\/yhelteljel.ee\/index.php?rest_route=%2Fwp%2Fv2%2Fcomments&post=2319"}],"version-history":[{"count":6,"href":"https:\/\/yhelteljel.ee\/index.php?rest_route=\/wp\/v2\/posts\/2319\/revisions"}],"predecessor-version":[{"id":2345,"href":"https:\/\/yhelteljel.ee\/index.php?rest_route=\/wp\/v2\/posts\/2319\/revisions\/2345"}],"wp:attachment":[{"href":"https:\/\/yhelteljel.ee\/index.php?rest_route=%2Fwp%2Fv2%2Fmedia&parent=2319"}],"wp:term":[{"taxonomy":"category","embeddable":true,"href":"https:\/\/yhelteljel.ee\/index.php?rest_route=%2Fwp%2Fv2%2Fcategories&post=2319"},{"taxonomy":"post_tag","embeddable":true,"href":"https:\/\/yhelteljel.ee\/index.php?rest_route=%2Fwp%2Fv2%2Ftags&post=2319"}],"curies":[{"name":"wp","href":"https:\/\/api.w.org\/{rel}","templated":true}]}}