{"id":1977,"date":"2009-04-13T05:55:31","date_gmt":"2009-04-13T03:55:31","guid":{"rendered":"http:\/\/yhelteljel.ee\/?p=1977"},"modified":"2009-04-15T19:44:23","modified_gmt":"2009-04-15T17:44:23","slug":"varvisime-kookoseid-eestlastega","status":"publish","type":"post","link":"https:\/\/yhelteljel.ee\/?p=1977","title":{"rendered":"V\u00e4rvisime kookoseid &#8211; eestlastega!"},"content":{"rendered":"<p><img loading=\"lazy\" decoding=\"async\" class=\"alignnone size-full wp-image-2000\" title=\"Vin\u00fc\u00fclpaat Colombia-Eesti kodu seinal\" src=\"http:\/\/yhelteljel.ee\/wp-content\/uploads\/2009\/04\/img_5618.jpg\" alt=\"Vin\u00fc\u00fclpaat Colombia-Eesti kodu seinal\" width=\"500\" height=\"375\" srcset=\"https:\/\/yhelteljel.ee\/wp-content\/uploads\/2009\/04\/img_5618.jpg 500w, https:\/\/yhelteljel.ee\/wp-content\/uploads\/2009\/04\/img_5618-300x225.jpg 300w\" sizes=\"auto, (max-width: 500px) 100vw, 500px\" \/><\/p>\n<p>Bogot\u00e1 l\u00e4histel saime \u00fcle pika aja taas kokku eestlastega, seekord k\u00fcll t\u00e4iesti planeeritult &#8211; varasemast olid meil olemas \u00fche Eesti-Colombia segapere kontaktid, kelle juures siis juba hea mitu p\u00e4eva tagasi maandusime. Eve ja Ernesto koos toredate laste Lena ja Rafaeliga v\u00f5tsid meid kirjeldamatult h\u00e4sti vastu, ehkki meie varasem kokkupuude nendega piirdus vaid l\u00fchida meilivahetusega. On ju \u00fcks asi puhaste linadega voodi ja soe du\u0161\u0161, hoopis teine aga see, kuidas sul tekib tunne, justkui oleksid t\u00f5esti oodatud &#8211; ja siin on t\u00f5esti tunne, nagu oleksime kodus.<\/p>\n<p>Konkreetsemat plaani selles osas, kui pikaks ajaks me siia j\u00e4\u00e4me, meil tollal polnud, sest eelk\u00f5ige pidi see s\u00f5ltuma sellest, millal k\u00f5ik tegemist vajavad asjad tehtud saavad. Olulisemateks siis n\u00e4iteks uue Brasiilia viisa taotlemine, marutaudi korduss\u00fcstide saamine ning uute rehvide ostmine. Kuna meie saabumise ajal oli aga juba k\u00e4imas lihav\u00f5tten\u00e4dal, t\u00e4hendas see igasugu asjade edasil\u00fckkumist, ja nii peaks me passid viisadega k\u00e4tte saama algava n\u00e4dala neljap\u00e4eval. Niisiis ka vaktsineerida kavatseme end tuleval n\u00e4dalal. Rehvidega on lugu aga keerulisem &#8211; kuna me aeg-ajalt ka offroadi harrastame, vajame ka vastavaid rehve, kuid siin on nende leidmisega raskusi &#8211; meie ratta m\u00f5\u00f5dule on saada peaasjalikult asfaldile m\u00f5eldud &#8220;kummi&#8221;. \u00d6eldakse aga ju, et kes otsib, see leiab, nii et me ei ole veel lootust kaotanud.<\/p>\n<p><!--more--><\/p>\n<p>M\u00f5ned p\u00e4evad tagasi k\u00fclastasime Lonely Planeti arvates \u00fcht tutntumatest Colombia vaatamisv\u00e4\u00e4rsustest &#8211; Zipaquir\u00e1 soolakatedraali (<a href=\"http:\/\/en.wikipedia.org\/wiki\/Salt_Cathedral_of_Zipaquir\u00e1\" target=\"_blank\">Catedral de Sal de Zipaquir\u00e1<\/a>), mis on 200 meetri s\u00fcgavusel m\u00e4e sees asuv kirik &#8211; v\u00f5imsate v\u00e4ljauuristatud tunnelitega. Omal ajal kaevandati seal soola.<\/p>\n<p><img loading=\"lazy\" decoding=\"async\" class=\"alignnone size-full wp-image-1987\" title=\"Zipaquir\u00e1 soolakatedraal (1)\" src=\"http:\/\/yhelteljel.ee\/wp-content\/uploads\/2009\/04\/img_5607.jpg\" alt=\"Zipaquir\u00e1 soolakatedraal (1)\" width=\"500\" height=\"375\" srcset=\"https:\/\/yhelteljel.ee\/wp-content\/uploads\/2009\/04\/img_5607.jpg 500w, https:\/\/yhelteljel.ee\/wp-content\/uploads\/2009\/04\/img_5607-300x225.jpg 300w\" sizes=\"auto, (max-width: 500px) 100vw, 500px\" \/><\/p>\n<p><img loading=\"lazy\" decoding=\"async\" class=\"alignnone size-full wp-image-1988\" title=\"Zipaquir\u00e1 soolakatedraal (2)\" src=\"http:\/\/yhelteljel.ee\/wp-content\/uploads\/2009\/04\/img_5602.jpg\" alt=\"Soolakatedraal\" width=\"500\" height=\"375\" srcset=\"https:\/\/yhelteljel.ee\/wp-content\/uploads\/2009\/04\/img_5602.jpg 500w, https:\/\/yhelteljel.ee\/wp-content\/uploads\/2009\/04\/img_5602-300x225.jpg 300w\" sizes=\"auto, (max-width: 500px) 100vw, 500px\" \/><\/p>\n<p><img loading=\"lazy\" decoding=\"async\" class=\"alignnone size-full wp-image-1989\" title=\"Zipaquir\u00e1 soolakatedraal (3)\" src=\"http:\/\/yhelteljel.ee\/wp-content\/uploads\/2009\/04\/img_5614.jpg\" alt=\"Zipaquir\u00e1 soolakatedraal (3)\" width=\"500\" height=\"359\" srcset=\"https:\/\/yhelteljel.ee\/wp-content\/uploads\/2009\/04\/img_5614.jpg 500w, https:\/\/yhelteljel.ee\/wp-content\/uploads\/2009\/04\/img_5614-300x215.jpg 300w\" sizes=\"auto, (max-width: 500px) 100vw, 500px\" \/><\/p>\n<p><img loading=\"lazy\" decoding=\"async\" class=\"alignnone size-full wp-image-1992\" title=\"Zipaquir\u00e1 soolakatedraal (4)\" src=\"http:\/\/yhelteljel.ee\/wp-content\/uploads\/2009\/04\/img_5605.jpg\" alt=\"Zipaquir\u00e1 soolakatedraal (4)\" width=\"500\" height=\"375\" srcset=\"https:\/\/yhelteljel.ee\/wp-content\/uploads\/2009\/04\/img_5605.jpg 500w, https:\/\/yhelteljel.ee\/wp-content\/uploads\/2009\/04\/img_5605-300x225.jpg 300w\" sizes=\"auto, (max-width: 500px) 100vw, 500px\" \/><\/p>\n<p><img loading=\"lazy\" decoding=\"async\" class=\"alignnone size-full wp-image-1993\" title=\"Zipaquir\u00e1 soolakatedraal (5) - kuppel laes\" src=\"http:\/\/yhelteljel.ee\/wp-content\/uploads\/2009\/04\/img_5611.jpg\" alt=\"Zipaquir\u00e1 soolakatedraal (5) - kuppel laes\" width=\"500\" height=\"375\" srcset=\"https:\/\/yhelteljel.ee\/wp-content\/uploads\/2009\/04\/img_5611.jpg 500w, https:\/\/yhelteljel.ee\/wp-content\/uploads\/2009\/04\/img_5611-300x225.jpg 300w\" sizes=\"auto, (max-width: 500px) 100vw, 500px\" \/><\/p>\n<p><a href=\"http:\/\/yhelteljel.ee\/wp-content\/uploads\/2009\/04\/img_5613_s.jpg\" target=\"_blank\"><img loading=\"lazy\" decoding=\"async\" class=\"alignnone size-full wp-image-1997\" title=\"Zipaquir\u00e1 soolakatedraal (6)\" src=\"http:\/\/yhelteljel.ee\/wp-content\/uploads\/2009\/04\/img_5613_v.jpg\" alt=\"Zipaquir\u00e1 soolakatedraal (6)\" width=\"500\" height=\"362\" srcset=\"https:\/\/yhelteljel.ee\/wp-content\/uploads\/2009\/04\/img_5613_v.jpg 500w, https:\/\/yhelteljel.ee\/wp-content\/uploads\/2009\/04\/img_5613_v-300x217.jpg 300w\" sizes=\"auto, (max-width: 500px) 100vw, 500px\" \/><\/a><\/p>\n<p><a href=\"http:\/\/yhelteljel.ee\/wp-content\/uploads\/2009\/04\/img_5608_s.jpg\" target=\"_blank\"><img loading=\"lazy\" decoding=\"async\" class=\"alignnone size-full wp-image-2006\" title=\"Zipaquir\u00e1 soolakatedraal (7) - seina l\u00e4bim\u00f5\u00f5t oli umbes 3 meetrit\" src=\"http:\/\/yhelteljel.ee\/wp-content\/uploads\/2009\/04\/img_5608_v.jpg\" alt=\"Zipaquir\u00e1 soolakatedraal (7) - seina l\u00e4bim\u00f5\u00f5t oli umbes 3 meetrit\" width=\"500\" height=\"375\" srcset=\"https:\/\/yhelteljel.ee\/wp-content\/uploads\/2009\/04\/img_5608_v.jpg 500w, https:\/\/yhelteljel.ee\/wp-content\/uploads\/2009\/04\/img_5608_v-300x225.jpg 300w\" sizes=\"auto, (max-width: 500px) 100vw, 500px\" \/><\/a><\/p>\n<p>T\u00e4na toimib see niisiis p\u00fchapaigana, kuid nagu lihav\u00f5tten\u00e4dal n\u00e4itas, on see ka v\u00e4ga populaarne turismisihtkoht &#8211; v\u00e4hemasti tol p\u00e4eval, kui meie sinna sattusime, oli seal rahvast ikka hordidena. Katedraal ise ei ole traditsiooniline ehitis &#8211; selle seinaks ongi m\u00e4gi ise, ehk siis katedraal on p\u00f5him\u00f5tteliselt kui koobas v\u00f5i tunnel. Ning k\u00fcllaltki lihtsate vormidega, kivist v\u00e4lja l\u00f5igatud ristid igal pool, v\u00e4rviline valgus efekti lisamas. Tagasihoidlikkusele annab aga majesteetlikkust juurde m\u00f5te sellest, millist vaeva on n\u00f5udnud kogu see uuristamist\u00f6\u00f6 &#8211; sadade meetrite viisi m\u00e4est kivi v\u00e4lja kaevata ei ole ju ikkagi naljaasi.<\/p>\n<p>Et ilmaga on siin nii nagu on (no ei paista Colombias alati p\u00e4ike!), on pikemaid v\u00e4ljas\u00f5ite p\u00e4ris riskantne teha &#8211; kui ei taha just vihmam\u00e4rjaks saada. Sestap on olemine olnud peaasjalikult &#8220;kodune&#8221;. Alloleval pildil poseerivad maja ees meie ratsu seljas Lena ja Rafael:<\/p>\n<p><img loading=\"lazy\" decoding=\"async\" class=\"alignnone size-full wp-image-2003\" title=\"Perelaptsed tsiklit avastamas\" src=\"http:\/\/yhelteljel.ee\/wp-content\/uploads\/2009\/04\/img_5600.jpg\" alt=\"Perelaptsed tsiklit avastamas\" width=\"500\" height=\"367\" srcset=\"https:\/\/yhelteljel.ee\/wp-content\/uploads\/2009\/04\/img_5600.jpg 500w, https:\/\/yhelteljel.ee\/wp-content\/uploads\/2009\/04\/img_5600-300x220.jpg 300w\" sizes=\"auto, (max-width: 500px) 100vw, 500px\" \/><\/p>\n<p>Siin piltidel aga toimub lihav\u00f5ttemunade asemel kookosp\u00e4hklite v\u00e4rvimine. Mitte, et see siin mingi traditsioon oleks, lihtsalt alternatiivne viis lihav\u00f5tteid t\u00e4histada &#8211; sellele ideele tuli hetkel samuti Colombias viibiv, p\u00f6idlak\u00fc\u00fcdiga maailma avastav kaasmaalane <a href=\"http:\/\/followcarina.blogspot.com\/\" target=\"_blank\">Carina<\/a>. K\u00f5igepealt tuli muidu karvased kookosp\u00e4hklid \u00e4ra lihvida, ning seej\u00e4rel polnud muud kui loovust rakendada:<\/p>\n<p><a href=\"http:\/\/yhelteljel.ee\/wp-content\/uploads\/2009\/04\/dsc07335_s.jpg\" target=\"_blank\"><img loading=\"lazy\" decoding=\"async\" class=\"alignnone size-full wp-image-1980\" title=\"Kookose lihvimine liivapaberiga\" src=\"http:\/\/yhelteljel.ee\/wp-content\/uploads\/2009\/04\/dsc07335_v.jpg\" alt=\"Kookose lihvimine liivapaberiga\" width=\"500\" height=\"335\" srcset=\"https:\/\/yhelteljel.ee\/wp-content\/uploads\/2009\/04\/dsc07335_v.jpg 500w, https:\/\/yhelteljel.ee\/wp-content\/uploads\/2009\/04\/dsc07335_v-300x201.jpg 300w\" sizes=\"auto, (max-width: 500px) 100vw, 500px\" \/><\/a><\/p>\n<p><img loading=\"lazy\" decoding=\"async\" class=\"alignnone size-full wp-image-2005\" title=\"&quot;Pooltoored&quot; kookosed\" src=\"http:\/\/yhelteljel.ee\/wp-content\/uploads\/2009\/04\/dsc07371.jpg\" alt=\"&quot;Pooltoored&quot; kookosed\" width=\"500\" height=\"335\" srcset=\"https:\/\/yhelteljel.ee\/wp-content\/uploads\/2009\/04\/dsc07371.jpg 500w, https:\/\/yhelteljel.ee\/wp-content\/uploads\/2009\/04\/dsc07371-300x201.jpg 300w\" sizes=\"auto, (max-width: 500px) 100vw, 500px\" \/><\/p>\n<p><img loading=\"lazy\" decoding=\"async\" class=\"alignnone size-full wp-image-1991\" title=\"V\u00e4rvid, lakid, pintslid, v\u00e4rgid-s\u00e4rgid...\" src=\"http:\/\/yhelteljel.ee\/wp-content\/uploads\/2009\/04\/dsc07368.jpg\" alt=\"V\u00e4rvid, lakid, pintslid, v\u00e4rgid-s\u00e4rgid...\" width=\"500\" height=\"335\" srcset=\"https:\/\/yhelteljel.ee\/wp-content\/uploads\/2009\/04\/dsc07368.jpg 500w, https:\/\/yhelteljel.ee\/wp-content\/uploads\/2009\/04\/dsc07368-300x201.jpg 300w\" sizes=\"auto, (max-width: 500px) 100vw, 500px\" \/><\/p>\n<p><a href=\"http:\/\/yhelteljel.ee\/wp-content\/uploads\/2009\/04\/dsc07370_s.jpg\" target=\"_blank\"><img loading=\"lazy\" decoding=\"async\" class=\"alignnone size-full wp-image-1981\" title=\"V\u00e4rv peale\" src=\"http:\/\/yhelteljel.ee\/wp-content\/uploads\/2009\/04\/dsc07370_v.jpg\" alt=\"V\u00e4rv peale\" width=\"500\" height=\"335\" srcset=\"https:\/\/yhelteljel.ee\/wp-content\/uploads\/2009\/04\/dsc07370_v.jpg 500w, https:\/\/yhelteljel.ee\/wp-content\/uploads\/2009\/04\/dsc07370_v-300x201.jpg 300w\" sizes=\"auto, (max-width: 500px) 100vw, 500px\" \/><\/a><\/p>\n<p><img loading=\"lazy\" decoding=\"async\" class=\"alignnone size-full wp-image-1983\" title=\"Eve t\u00f6\u00f6s\" src=\"http:\/\/yhelteljel.ee\/wp-content\/uploads\/2009\/04\/dsc07378.jpg\" alt=\"Eve t\u00f6\u00f6s\" width=\"500\" height=\"335\" srcset=\"https:\/\/yhelteljel.ee\/wp-content\/uploads\/2009\/04\/dsc07378.jpg 500w, https:\/\/yhelteljel.ee\/wp-content\/uploads\/2009\/04\/dsc07378-300x201.jpg 300w\" sizes=\"auto, (max-width: 500px) 100vw, 500px\" \/><\/p>\n<p><a href=\"http:\/\/yhelteljel.ee\/wp-content\/uploads\/2009\/04\/dsc07374_s.jpg\" target=\"_blank\"><img loading=\"lazy\" decoding=\"async\" class=\"alignnone size-full wp-image-2001\" title=\"V\u00e4rvimine\" src=\"http:\/\/yhelteljel.ee\/wp-content\/uploads\/2009\/04\/dsc07374_v.jpg\" alt=\"V\u00e4rvimine\" width=\"500\" height=\"335\" srcset=\"https:\/\/yhelteljel.ee\/wp-content\/uploads\/2009\/04\/dsc07374_v.jpg 500w, https:\/\/yhelteljel.ee\/wp-content\/uploads\/2009\/04\/dsc07374_v-300x201.jpg 300w\" sizes=\"auto, (max-width: 500px) 100vw, 500px\" \/><\/a><\/p>\n<p><a href=\"http:\/\/yhelteljel.ee\/wp-content\/uploads\/2009\/04\/dsc07385_s.jpg\" target=\"_blank\"><img loading=\"lazy\" decoding=\"async\" class=\"alignnone size-full wp-image-1990\" title=\"Carina oma t\u00f6\u00f6s\" src=\"http:\/\/yhelteljel.ee\/wp-content\/uploads\/2009\/04\/dsc07385_v.jpg\" alt=\"Carina oma t\u00f6\u00f6s\" width=\"500\" height=\"335\" srcset=\"https:\/\/yhelteljel.ee\/wp-content\/uploads\/2009\/04\/dsc07385_v.jpg 500w, https:\/\/yhelteljel.ee\/wp-content\/uploads\/2009\/04\/dsc07385_v-300x201.jpg 300w\" sizes=\"auto, (max-width: 500px) 100vw, 500px\" \/><\/a><\/p>\n<p><a href=\"http:\/\/yhelteljel.ee\/wp-content\/uploads\/2009\/04\/dsc07384_s.jpg\" target=\"_blank\"><img loading=\"lazy\" decoding=\"async\" class=\"alignnone size-full wp-image-1996\" title=\"Eva-Liisa t\u00f6\u00f6s\" src=\"http:\/\/yhelteljel.ee\/wp-content\/uploads\/2009\/04\/dsc07384_v.jpg\" alt=\"Eva-Liisa t\u00f6\u00f6s\" width=\"500\" height=\"335\" srcset=\"https:\/\/yhelteljel.ee\/wp-content\/uploads\/2009\/04\/dsc07384_v.jpg 500w, https:\/\/yhelteljel.ee\/wp-content\/uploads\/2009\/04\/dsc07384_v-300x201.jpg 300w\" sizes=\"auto, (max-width: 500px) 100vw, 500px\" \/><\/a><\/p>\n<p><a href=\"http:\/\/yhelteljel.ee\/wp-content\/uploads\/2009\/04\/dsc07386_s.jpg\" target=\"_blank\"><img loading=\"lazy\" decoding=\"async\" class=\"alignnone size-full wp-image-1984\" title=\"Kariina oma oli matka-atmosf\u00e4\u00e4rist inspireeritud\" src=\"http:\/\/yhelteljel.ee\/wp-content\/uploads\/2009\/04\/dsc07386_v.jpg\" alt=\"Kariina oma oli matka-atmosf\u00e4\u00e4rist inspireeritud\" width=\"500\" height=\"335\" srcset=\"https:\/\/yhelteljel.ee\/wp-content\/uploads\/2009\/04\/dsc07386_v.jpg 500w, https:\/\/yhelteljel.ee\/wp-content\/uploads\/2009\/04\/dsc07386_v-300x201.jpg 300w\" sizes=\"auto, (max-width: 500px) 100vw, 500px\" \/><\/a><\/p>\n","protected":false},"excerpt":{"rendered":"<p>Bogot\u00e1 l\u00e4histel saime \u00fcle pika aja taas kokku eestlastega, seekord k\u00fcll t\u00e4iesti planeeritult &#8211; varasemast olid meil olemas \u00fche Eesti-Colombia segapere kontaktid, kelle juures siis juba hea mitu p\u00e4eva tagasi maandusime. Eve ja Ernesto koos toredate laste Lena ja Rafaeliga v\u00f5tsid meid kirjeldamatult h\u00e4sti vastu, ehkki meie varasem kokkupuude nendega piirdus vaid l\u00fchida meilivahetusega. On &hellip; <a href=\"https:\/\/yhelteljel.ee\/?p=1977\" class=\"more-link\">Loe edasi <span class=\"screen-reader-text\">V\u00e4rvisime kookoseid &#8211; eestlastega!<\/span> <span class=\"meta-nav\">&rarr;<\/span><\/a><\/p>\n","protected":false},"author":2,"featured_media":0,"comment_status":"open","ping_status":"open","sticky":false,"template":"","format":"standard","meta":{"_monsterinsights_skip_tracking":false,"_monsterinsights_sitenote_active":false,"_monsterinsights_sitenote_note":"","_monsterinsights_sitenote_category":0,"footnotes":""},"categories":[4],"tags":[1117,1113,1114,126],"class_list":["post-1977","post","type-post","status-publish","format-standard","hentry","category-louna-ameerika","tag-colombia","tag-eesti","tag-inimesed","tag-turismiatraktsioon"],"_links":{"self":[{"href":"https:\/\/yhelteljel.ee\/index.php?rest_route=\/wp\/v2\/posts\/1977","targetHints":{"allow":["GET"]}}],"collection":[{"href":"https:\/\/yhelteljel.ee\/index.php?rest_route=\/wp\/v2\/posts"}],"about":[{"href":"https:\/\/yhelteljel.ee\/index.php?rest_route=\/wp\/v2\/types\/post"}],"author":[{"embeddable":true,"href":"https:\/\/yhelteljel.ee\/index.php?rest_route=\/wp\/v2\/users\/2"}],"replies":[{"embeddable":true,"href":"https:\/\/yhelteljel.ee\/index.php?rest_route=%2Fwp%2Fv2%2Fcomments&post=1977"}],"version-history":[{"count":15,"href":"https:\/\/yhelteljel.ee\/index.php?rest_route=\/wp\/v2\/posts\/1977\/revisions"}],"predecessor-version":[{"id":2152,"href":"https:\/\/yhelteljel.ee\/index.php?rest_route=\/wp\/v2\/posts\/1977\/revisions\/2152"}],"wp:attachment":[{"href":"https:\/\/yhelteljel.ee\/index.php?rest_route=%2Fwp%2Fv2%2Fmedia&parent=1977"}],"wp:term":[{"taxonomy":"category","embeddable":true,"href":"https:\/\/yhelteljel.ee\/index.php?rest_route=%2Fwp%2Fv2%2Fcategories&post=1977"},{"taxonomy":"post_tag","embeddable":true,"href":"https:\/\/yhelteljel.ee\/index.php?rest_route=%2Fwp%2Fv2%2Ftags&post=1977"}],"curies":[{"name":"wp","href":"https:\/\/api.w.org\/{rel}","templated":true}]}}