{"id":1939,"date":"2009-04-10T02:26:34","date_gmt":"2009-04-10T00:26:34","guid":{"rendered":"http:\/\/yhelteljel.ee\/?p=1939"},"modified":"2009-04-15T19:42:53","modified_gmt":"2009-04-15T17:42:53","slug":"colombia","status":"publish","type":"post","link":"https:\/\/yhelteljel.ee\/?p=1939","title":{"rendered":"Colombia"},"content":{"rendered":"<p><img loading=\"lazy\" decoding=\"async\" class=\"alignnone size-full wp-image-1941\" title=\"S\u00f5jav\u00e4gi valves\" src=\"http:\/\/yhelteljel.ee\/wp-content\/uploads\/2009\/04\/img_5546.jpg\" alt=\"S\u00f5jav\u00e4gi valves\" width=\"500\" height=\"375\" srcset=\"https:\/\/yhelteljel.ee\/wp-content\/uploads\/2009\/04\/img_5546.jpg 500w, https:\/\/yhelteljel.ee\/wp-content\/uploads\/2009\/04\/img_5546-300x225.jpg 300w\" sizes=\"auto, (max-width: 500px) 100vw, 500px\" \/><\/p>\n<p>5. aprillil \u00fcletasime <a href=\"http:\/\/et.wikipedia.org\/wiki\/Colombia\" target=\"_blank\">Colombia<\/a>\u00a0(Kolumbia) piiri. Kui p\u00e4ris aus olla, siis selle riigiga seoses oli igasugu hirme ja \u00e4revust omajagu rohkem kui seoses \u00fchegi teise L\u00f5una-Ameerika riigiga &#8211; k\u00e4ib siin ju omamoodi kodus\u00f5da, millest k\u00fcll ainult m\u00f6\u00f6da peateid liikudes arugi ei pidavat saama. Seoses lihav\u00f5tten\u00e4dala l\u00e4henemisega oli peateid aga turvama pandud k\u00fcllaltki palju politsenikke ja s\u00f5jav\u00e4elasi, kuna see on selline aeg, kus inimesed liiguvad riigis rohkem ringi. Ehkki suur reede on alles homme, pandi k\u00f5ik ametiasutused juba t\u00e4nasest kinni &#8211; siin s\u00fcgavalt katoliiklikus riigis v\u00f5etakse usup\u00fchasid ikka t\u00e4ie t\u00f5sidusega \ud83d\ude09<\/p>\n<p><!--more--><\/p>\n<p>Igal juhul sai esimesel p\u00e4eval kohe \u00e4ra k\u00e4idud piiri\u00e4\u00e4rses katedraalis (<a href=\"http:\/\/en.wikipedia.org\/wiki\/Las_Lajas_Cathedral\" target=\"_blank\">Santuario de las Lajas<\/a>), mis on tuntud selle poolest, et see on ehitatud kanjonisse, j\u00f5e kohale. Et oli p\u00fchap\u00e4ev, oli sinna kohale tulnud rohkelt palver\u00e4ndureid, aga ka niisama turiste. Sinna viivate radade \u00e4\u00e4rsed kaljuseinad olid t\u00e4is tahvlikesi t\u00e4nus\u00f5nadega neitsi imetegude eest.<\/p>\n<p><img loading=\"lazy\" decoding=\"async\" class=\"alignnone size-full wp-image-1959\" title=\"Santuario de las Lajas\" src=\"http:\/\/yhelteljel.ee\/wp-content\/uploads\/2009\/04\/kirik.jpg\" alt=\"Santuario de las Lajas\" width=\"500\" height=\"781\" srcset=\"https:\/\/yhelteljel.ee\/wp-content\/uploads\/2009\/04\/kirik.jpg 500w, https:\/\/yhelteljel.ee\/wp-content\/uploads\/2009\/04\/kirik-192x300.jpg 192w\" sizes=\"auto, (max-width: 500px) 100vw, 500px\" \/><\/p>\n<p><a href=\"http:\/\/yhelteljel.ee\/wp-content\/uploads\/2009\/04\/img_5540_s.jpg\" target=\"_blank\"><img loading=\"lazy\" decoding=\"async\" class=\"alignnone size-full wp-image-1964\" title=\"T\u00e4nuavaldused\" src=\"http:\/\/yhelteljel.ee\/wp-content\/uploads\/2009\/04\/img_5540_v.jpg\" alt=\"T\u00e4nuavaldused\" width=\"500\" height=\"375\" srcset=\"https:\/\/yhelteljel.ee\/wp-content\/uploads\/2009\/04\/img_5540_v.jpg 500w, https:\/\/yhelteljel.ee\/wp-content\/uploads\/2009\/04\/img_5540_v-300x225.jpg 300w\" sizes=\"auto, (max-width: 500px) 100vw, 500px\" \/><\/a><\/p>\n<p><img loading=\"lazy\" decoding=\"async\" class=\"alignnone size-full wp-image-1961\" title=\"L\u00f5putud t\u00e4nuavaldused\" src=\"http:\/\/yhelteljel.ee\/wp-content\/uploads\/2009\/04\/img_5541.jpg\" alt=\"L\u00f5putud t\u00e4nuavaldused\" width=\"500\" height=\"375\" srcset=\"https:\/\/yhelteljel.ee\/wp-content\/uploads\/2009\/04\/img_5541.jpg 500w, https:\/\/yhelteljel.ee\/wp-content\/uploads\/2009\/04\/img_5541-300x225.jpg 300w\" sizes=\"auto, (max-width: 500px) 100vw, 500px\" \/><\/p>\n<p>Sealt edasi kulges tee vahelduvalt tasasemal ja m\u00e4gisemal maal &#8211; kord s\u00f5itsime pilvepiiril, kus on k\u00fcllaltki r\u00f5ske ja jahe:<\/p>\n<p><a href=\"http:\/\/yhelteljel.ee\/wp-content\/uploads\/2009\/04\/kolumbia-1s.jpg\" target=\"_blank\"><img loading=\"lazy\" decoding=\"async\" class=\"alignnone size-full wp-image-1963\" title=\"Kolumbia t\u00fc\u00fcpiline maastik Andides\" src=\"http:\/\/yhelteljel.ee\/wp-content\/uploads\/2009\/04\/kolumbia-1v.png\" alt=\"Kolumbia t\u00fc\u00fcpiline maastik Andides\" width=\"500\" height=\"242\" srcset=\"https:\/\/yhelteljel.ee\/wp-content\/uploads\/2009\/04\/kolumbia-1v.png 500w, https:\/\/yhelteljel.ee\/wp-content\/uploads\/2009\/04\/kolumbia-1v-300x145.png 300w\" sizes=\"auto, (max-width: 500px) 100vw, 500px\" \/><\/a><\/p>\n<p>siis j\u00e4lle m\u00f5nesaja meetri k\u00f5rgusel, kus valitseb troopiline kuumus. \u00dchel teepervel otsisime puu vilus kohvrist priimuse ja kateloki v\u00e4lja ning juba m\u00f5ne aja p\u00e4rast v\u00f5isime mekkida makarone lihakonservi ja ket\u0161upiga:<\/p>\n<p><img loading=\"lazy\" decoding=\"async\" class=\"alignnone size-full wp-image-1947\" title=\"L\u00f5unaeine Kolumbias\" src=\"http:\/\/yhelteljel.ee\/wp-content\/uploads\/2009\/04\/img_5569.jpg\" alt=\"L\u00f5unaeine Kolumbias\" width=\"500\" height=\"375\" srcset=\"https:\/\/yhelteljel.ee\/wp-content\/uploads\/2009\/04\/img_5569.jpg 500w, https:\/\/yhelteljel.ee\/wp-content\/uploads\/2009\/04\/img_5569-300x225.jpg 300w\" sizes=\"auto, (max-width: 500px) 100vw, 500px\" \/><\/p>\n<p><img loading=\"lazy\" decoding=\"async\" class=\"alignnone size-full wp-image-1960\" title=\"Toitumine teepeal\" src=\"http:\/\/yhelteljel.ee\/wp-content\/uploads\/2009\/04\/img_5584.jpg\" alt=\"Toitumine teepeal\" width=\"500\" height=\"667\" srcset=\"https:\/\/yhelteljel.ee\/wp-content\/uploads\/2009\/04\/img_5584.jpg 500w, https:\/\/yhelteljel.ee\/wp-content\/uploads\/2009\/04\/img_5584-224x300.jpg 224w\" sizes=\"auto, (max-width: 500px) 100vw, 500px\" \/><\/p>\n<p>Samal ajal kui Kariina leemekulpi liigutas, tegin mina m\u00f5ne meetri raadiuses eri mustreid otsides m\u00f5ned kl\u00f5psud:<\/p>\n<p><a href=\"http:\/\/yhelteljel.ee\/wp-content\/uploads\/2009\/04\/img_5574_s.jpg\" target=\"_blank\"><img loading=\"lazy\" decoding=\"async\" class=\"alignnone size-full wp-image-1946\" title=\"Muster (1)\" src=\"http:\/\/yhelteljel.ee\/wp-content\/uploads\/2009\/04\/img_5574.jpg\" alt=\"Muster (1)\" width=\"500\" height=\"375\" srcset=\"https:\/\/yhelteljel.ee\/wp-content\/uploads\/2009\/04\/img_5574.jpg 500w, https:\/\/yhelteljel.ee\/wp-content\/uploads\/2009\/04\/img_5574-300x225.jpg 300w\" sizes=\"auto, (max-width: 500px) 100vw, 500px\" \/><\/a><\/p>\n<p><a href=\"http:\/\/yhelteljel.ee\/wp-content\/uploads\/2009\/04\/img_5587_s.jpg\" target=\"_blank\"><img loading=\"lazy\" decoding=\"async\" class=\"alignnone size-full wp-image-1948\" title=\"Muster (2)\" src=\"http:\/\/yhelteljel.ee\/wp-content\/uploads\/2009\/04\/img_5587.jpg\" alt=\"Muster (2)\" width=\"500\" height=\"412\" srcset=\"https:\/\/yhelteljel.ee\/wp-content\/uploads\/2009\/04\/img_5587.jpg 500w, https:\/\/yhelteljel.ee\/wp-content\/uploads\/2009\/04\/img_5587-300x247.jpg 300w\" sizes=\"auto, (max-width: 500px) 100vw, 500px\" \/><\/a><\/p>\n<p><img loading=\"lazy\" decoding=\"async\" class=\"alignnone size-full wp-image-1953\" title=\"Muster (3)\" src=\"http:\/\/yhelteljel.ee\/wp-content\/uploads\/2009\/04\/img_5571_v.jpg\" alt=\"Muster (3)\" width=\"500\" height=\"667\" srcset=\"https:\/\/yhelteljel.ee\/wp-content\/uploads\/2009\/04\/img_5571_v.jpg 500w, https:\/\/yhelteljel.ee\/wp-content\/uploads\/2009\/04\/img_5571_v-224x300.jpg 224w\" sizes=\"auto, (max-width: 500px) 100vw, 500px\" \/><\/p>\n<p><a href=\"http:\/\/yhelteljel.ee\/wp-content\/uploads\/2009\/04\/img_5585_s.jpg\" target=\"_blank\"><img loading=\"lazy\" decoding=\"async\" class=\"alignnone size-full wp-image-1954\" title=\"Muster (4)\" src=\"http:\/\/yhelteljel.ee\/wp-content\/uploads\/2009\/04\/img_5585.jpg\" alt=\"Muster (4)\" width=\"500\" height=\"375\" srcset=\"https:\/\/yhelteljel.ee\/wp-content\/uploads\/2009\/04\/img_5585.jpg 500w, https:\/\/yhelteljel.ee\/wp-content\/uploads\/2009\/04\/img_5585-300x225.jpg 300w\" sizes=\"auto, (max-width: 500px) 100vw, 500px\" \/><\/a><\/p>\n<p><a href=\"http:\/\/yhelteljel.ee\/wp-content\/uploads\/2009\/04\/img_5575_s.jpg\" target=\"_blank\"><img loading=\"lazy\" decoding=\"async\" class=\"alignnone size-full wp-image-1951\" title=\"Muster (5)\" src=\"http:\/\/yhelteljel.ee\/wp-content\/uploads\/2009\/04\/img_5575.jpg\" alt=\"Muster (5)\" width=\"500\" height=\"375\" srcset=\"https:\/\/yhelteljel.ee\/wp-content\/uploads\/2009\/04\/img_5575.jpg 500w, https:\/\/yhelteljel.ee\/wp-content\/uploads\/2009\/04\/img_5575-300x225.jpg 300w\" sizes=\"auto, (max-width: 500px) 100vw, 500px\" \/><\/a><\/p>\n<p><img loading=\"lazy\" decoding=\"async\" class=\"alignnone size-full wp-image-1950\" title=\"Muster (6)\" src=\"http:\/\/yhelteljel.ee\/wp-content\/uploads\/2009\/04\/img_5592.jpg\" alt=\"Muster (6)\" width=\"500\" height=\"667\" srcset=\"https:\/\/yhelteljel.ee\/wp-content\/uploads\/2009\/04\/img_5592.jpg 500w, https:\/\/yhelteljel.ee\/wp-content\/uploads\/2009\/04\/img_5592-224x300.jpg 224w\" sizes=\"auto, (max-width: 500px) 100vw, 500px\" \/><\/p>\n<p><a href=\"http:\/\/yhelteljel.ee\/wp-content\/uploads\/2009\/04\/img_5570_s.jpg\" target=\"_blank\"><img loading=\"lazy\" decoding=\"async\" class=\"alignnone size-full wp-image-1957\" title=\"Muster (7)\" src=\"http:\/\/yhelteljel.ee\/wp-content\/uploads\/2009\/04\/img_5570_v.jpg\" alt=\"Muster (7)\" width=\"500\" height=\"375\" srcset=\"https:\/\/yhelteljel.ee\/wp-content\/uploads\/2009\/04\/img_5570_v.jpg 500w, https:\/\/yhelteljel.ee\/wp-content\/uploads\/2009\/04\/img_5570_v-300x225.jpg 300w\" sizes=\"auto, (max-width: 500px) 100vw, 500px\" \/><\/a><\/p>\n<p><img loading=\"lazy\" decoding=\"async\" class=\"alignnone size-full wp-image-1962\" title=\"Muster (8)\" src=\"http:\/\/yhelteljel.ee\/wp-content\/uploads\/2009\/04\/img_5583.jpg\" alt=\"Muster (8)\" width=\"500\" height=\"375\" srcset=\"https:\/\/yhelteljel.ee\/wp-content\/uploads\/2009\/04\/img_5583.jpg 500w, https:\/\/yhelteljel.ee\/wp-content\/uploads\/2009\/04\/img_5583-300x225.jpg 300w\" sizes=\"auto, (max-width: 500px) 100vw, 500px\" \/><\/p>\n<p><img loading=\"lazy\" decoding=\"async\" class=\"alignnone size-full wp-image-1945\" title=\"Muster (9)\" src=\"http:\/\/yhelteljel.ee\/wp-content\/uploads\/2009\/04\/img_5578.jpg\" alt=\"Muster (9)\" width=\"500\" height=\"667\" srcset=\"https:\/\/yhelteljel.ee\/wp-content\/uploads\/2009\/04\/img_5578.jpg 500w, https:\/\/yhelteljel.ee\/wp-content\/uploads\/2009\/04\/img_5578-224x300.jpg 224w\" sizes=\"auto, (max-width: 500px) 100vw, 500px\" \/><\/p>\n<p>Need viimased isendid hakkasid silma &#8211; meenutavad p\u00e4evakoeri, ainult kordades suuremad. Umbes minu nimetiss\u00f5rme j\u00e4medused ja 10-15 cm pikkused:<\/p>\n<p><img loading=\"lazy\" decoding=\"async\" class=\"alignnone size-full wp-image-1943\" title=\"Palju tegelasi!\" src=\"http:\/\/yhelteljel.ee\/wp-content\/uploads\/2009\/04\/img_5589.jpg\" alt=\"Palju tegelasi!\" width=\"500\" height=\"667\" srcset=\"https:\/\/yhelteljel.ee\/wp-content\/uploads\/2009\/04\/img_5589.jpg 500w, https:\/\/yhelteljel.ee\/wp-content\/uploads\/2009\/04\/img_5589-224x300.jpg 224w\" sizes=\"auto, (max-width: 500px) 100vw, 500px\" \/><\/p>\n<p><img loading=\"lazy\" decoding=\"async\" class=\"alignnone size-full wp-image-1940\" title=\"Tegelased puu k\u00fcljes\" src=\"http:\/\/yhelteljel.ee\/wp-content\/uploads\/2009\/04\/img_5581.jpg\" alt=\"Tegelased puu k\u00fcljes\" width=\"500\" height=\"667\" srcset=\"https:\/\/yhelteljel.ee\/wp-content\/uploads\/2009\/04\/img_5581.jpg 500w, https:\/\/yhelteljel.ee\/wp-content\/uploads\/2009\/04\/img_5581-224x300.jpg 224w\" sizes=\"auto, (max-width: 500px) 100vw, 500px\" \/><\/p>\n<p><span style=\"color: #0000ee; text-decoration: underline;\"><br \/>\n<\/span><\/p>\n","protected":false},"excerpt":{"rendered":"<p>5. aprillil \u00fcletasime Colombia\u00a0(Kolumbia) piiri. Kui p\u00e4ris aus olla, siis selle riigiga seoses oli igasugu hirme ja \u00e4revust omajagu rohkem kui seoses \u00fchegi teise L\u00f5una-Ameerika riigiga &#8211; k\u00e4ib siin ju omamoodi kodus\u00f5da, millest k\u00fcll ainult m\u00f6\u00f6da peateid liikudes arugi ei pidavat saama. Seoses lihav\u00f5tten\u00e4dala l\u00e4henemisega oli peateid aga turvama pandud k\u00fcllaltki palju politsenikke ja s\u00f5jav\u00e4elasi, &hellip; <a href=\"https:\/\/yhelteljel.ee\/?p=1939\" class=\"more-link\">Loe edasi <span class=\"screen-reader-text\">Colombia<\/span> <span class=\"meta-nav\">&rarr;<\/span><\/a><\/p>\n","protected":false},"author":3,"featured_media":0,"comment_status":"open","ping_status":"open","sticky":false,"template":"","format":"standard","meta":{"_monsterinsights_skip_tracking":false,"_monsterinsights_sitenote_active":false,"_monsterinsights_sitenote_note":"","_monsterinsights_sitenote_category":0,"footnotes":""},"categories":[4],"tags":[1117,132,134,123,126],"class_list":["post-1939","post","type-post","status-publish","format-standard","hentry","category-louna-ameerika","tag-colombia","tag-floora-ja-fauna","tag-ilm","tag-sook-ja-jook","tag-turismiatraktsioon"],"_links":{"self":[{"href":"https:\/\/yhelteljel.ee\/index.php?rest_route=\/wp\/v2\/posts\/1939","targetHints":{"allow":["GET"]}}],"collection":[{"href":"https:\/\/yhelteljel.ee\/index.php?rest_route=\/wp\/v2\/posts"}],"about":[{"href":"https:\/\/yhelteljel.ee\/index.php?rest_route=\/wp\/v2\/types\/post"}],"author":[{"embeddable":true,"href":"https:\/\/yhelteljel.ee\/index.php?rest_route=\/wp\/v2\/users\/3"}],"replies":[{"embeddable":true,"href":"https:\/\/yhelteljel.ee\/index.php?rest_route=%2Fwp%2Fv2%2Fcomments&post=1939"}],"version-history":[{"count":6,"href":"https:\/\/yhelteljel.ee\/index.php?rest_route=\/wp\/v2\/posts\/1939\/revisions"}],"predecessor-version":[{"id":2150,"href":"https:\/\/yhelteljel.ee\/index.php?rest_route=\/wp\/v2\/posts\/1939\/revisions\/2150"}],"wp:attachment":[{"href":"https:\/\/yhelteljel.ee\/index.php?rest_route=%2Fwp%2Fv2%2Fmedia&parent=1939"}],"wp:term":[{"taxonomy":"category","embeddable":true,"href":"https:\/\/yhelteljel.ee\/index.php?rest_route=%2Fwp%2Fv2%2Fcategories&post=1939"},{"taxonomy":"post_tag","embeddable":true,"href":"https:\/\/yhelteljel.ee\/index.php?rest_route=%2Fwp%2Fv2%2Ftags&post=1939"}],"curies":[{"name":"wp","href":"https:\/\/api.w.org\/{rel}","templated":true}]}}