{"id":1898,"date":"2009-04-06T05:09:06","date_gmt":"2009-04-06T03:09:06","guid":{"rendered":"http:\/\/yhelteljel.ee\/?p=1898"},"modified":"2009-04-15T19:41:17","modified_gmt":"2009-04-15T17:41:17","slug":"veel-uks-koloniaalhorgutis","status":"publish","type":"post","link":"https:\/\/yhelteljel.ee\/?p=1898","title":{"rendered":"Veel \u00fcks koloniaalh\u00f5rgutis"},"content":{"rendered":"<p><a href=\"http:\/\/yhelteljel.ee\/wp-content\/uploads\/2009\/04\/quito-1s.jpg\" target=\"_blank\"><img loading=\"lazy\" decoding=\"async\" class=\"alignnone size-full wp-image-1916\" title=\"Quito vanalinna panoraam (1)\" src=\"http:\/\/yhelteljel.ee\/wp-content\/uploads\/2009\/04\/quito-1v.png\" alt=\"Quito vanalinna panoraam (1)\" width=\"500\" height=\"345\" srcset=\"https:\/\/yhelteljel.ee\/wp-content\/uploads\/2009\/04\/quito-1v.png 500w, https:\/\/yhelteljel.ee\/wp-content\/uploads\/2009\/04\/quito-1v-300x207.png 300w\" sizes=\"auto, (max-width: 500px) 100vw, 500px\" \/><\/a><\/p>\n<p><a href=\"http:\/\/yhelteljel.ee\/wp-content\/uploads\/2009\/04\/quito-1v.png\"><\/a>Ecuadori keskosa m\u00e4gik\u00fclamaastikest v\u00e4sinuna maandusime \u00f6\u00f6l enne Quitosse j\u00f5udmist olude (st pimeduse) sunnil tee\u00e4\u00e4rses motellis. Nagu n\u00e4iteks Brasiiliaski, on Ecuadoris k\u00fcllaga selliseid majutuskohti, mis rendivad tube v\u00e4lja ka m\u00f5ne tunni kaupa. Kohe me aru ei saanud, et oleme taolisse kohta sattunud, sest tavaliselt on neil k\u00f5rge m\u00fc\u00fcr \u00fcmber (et keegi juhuslikult m\u00f6\u00f6dudes seal parkivat abikaasa numbrim\u00e4rgiga autot \u00e4ra ei tunneks), kuid sellel polnud. Kord sattusime Brasiilas, j\u00e4llegi olude sunnil, \u00f6\u00f6bima &#8220;Motel Miami&#8217;sse&#8221; &#8211; seal oli ikka nagu kord ja kohus, peegel laes, telekast tuli ainult pornot ning sisse sai l\u00fclitada neoonvalgust (igal juhul oli seal \u00f6\u00f6bimine pisut veider elamus!). Siin aga oli tuba nagu tuba ikka, ainult et \u00f6\u00f6kapil oli preservatiiv ja seinal nupp kirjaga &#8220;muusika&#8221;. Paraku ei tulnud sealt ei meeleolumuusikat, rumbat ega salsat. Aga \u00f5nneks oli ka piisavalt vaikne \ud83d\ude09<\/p>\n<p><!--more--><img loading=\"lazy\" decoding=\"async\" class=\"alignnone size-full wp-image-1912\" title=\"Muusika\" src=\"http:\/\/yhelteljel.ee\/wp-content\/uploads\/2009\/04\/img_2269.jpg\" alt=\"Muusika\" width=\"500\" height=\"667\" srcset=\"https:\/\/yhelteljel.ee\/wp-content\/uploads\/2009\/04\/img_2269.jpg 500w, https:\/\/yhelteljel.ee\/wp-content\/uploads\/2009\/04\/img_2269-224x300.jpg 224w\" sizes=\"auto, (max-width: 500px) 100vw, 500px\" \/><\/p>\n<p>Hommikul ajasime tsikli kurjaks ja p\u00f5rutasime <a href=\"http:\/\/et.wikipedia.org\/wiki\/Quito\" target=\"_blank\">Quitosse<\/a>, Ecuadori pealinna. \u00dcks j\u00e4rjekordne &#8220;suurep\u00e4rane n\u00e4ide koloniaalarhitektuurist&#8221;, &#8220;unustamatu vanalinn&#8221; &#8211; reisijuhid ei ole kiitustega kitsid. No eks ta tegelikult ole t\u00f5esti ilus, ja koloniaalarhitektuuri saab seal imetleda nii suurtes kogustes, et silme eest kirju, kuid t\u00e4naseks oleme me koloniaallinnu n\u00e4inud nii piisavalt palju, et mingit ahhaa-emotsiooni enam ei teki. Kui siis ainult m\u00f5nede konkreetsete ehitiste puhul, milleks sagedasti on kirikud.<\/p>\n<p><a href=\"http:\/\/yhelteljel.ee\/wp-content\/uploads\/2009\/04\/img_2987_s.jpg\" target=\"_blank\"><img loading=\"lazy\" decoding=\"async\" class=\"alignnone size-full wp-image-1902\" title=\"Quito Kirikutornid (1)\" src=\"http:\/\/yhelteljel.ee\/wp-content\/uploads\/2009\/04\/img_2987.jpg\" alt=\"Quito Kirikutornid (1)\" width=\"500\" height=\"375\" srcset=\"https:\/\/yhelteljel.ee\/wp-content\/uploads\/2009\/04\/img_2987.jpg 500w, https:\/\/yhelteljel.ee\/wp-content\/uploads\/2009\/04\/img_2987-300x225.jpg 300w\" sizes=\"auto, (max-width: 500px) 100vw, 500px\" \/><\/a><\/p>\n<p><img loading=\"lazy\" decoding=\"async\" class=\"alignnone size-full wp-image-1901\" title=\"Quito kirikutornid (2)\" src=\"http:\/\/yhelteljel.ee\/wp-content\/uploads\/2009\/04\/img_2986.jpg\" alt=\"Quito kirikutornid (2)\" width=\"500\" height=\"375\" srcset=\"https:\/\/yhelteljel.ee\/wp-content\/uploads\/2009\/04\/img_2986.jpg 500w, https:\/\/yhelteljel.ee\/wp-content\/uploads\/2009\/04\/img_2986-300x225.jpg 300w\" sizes=\"auto, (max-width: 500px) 100vw, 500px\" \/><\/p>\n<p><a href=\"http:\/\/yhelteljel.ee\/wp-content\/uploads\/2009\/04\/img_2989_s.jpg\" target=\"_blank\"><img loading=\"lazy\" decoding=\"async\" class=\"alignnone size-full wp-image-1906\" title=\"Quito kirikutornid (3)\" src=\"http:\/\/yhelteljel.ee\/wp-content\/uploads\/2009\/04\/img_2989_v.jpg\" alt=\"Quito kirikutornid (3)\" width=\"500\" height=\"375\" srcset=\"https:\/\/yhelteljel.ee\/wp-content\/uploads\/2009\/04\/img_2989_v.jpg 500w, https:\/\/yhelteljel.ee\/wp-content\/uploads\/2009\/04\/img_2989_v-300x225.jpg 300w\" sizes=\"auto, (max-width: 500px) 100vw, 500px\" \/><\/a><\/p>\n<p><img loading=\"lazy\" decoding=\"async\" class=\"alignnone size-full wp-image-1904\" title=\"Quito kirikutornid (4)\" src=\"http:\/\/yhelteljel.ee\/wp-content\/uploads\/2009\/04\/torn_hdr.jpg\" alt=\"Quito kirikutornid (4)\" width=\"500\" height=\"682\" srcset=\"https:\/\/yhelteljel.ee\/wp-content\/uploads\/2009\/04\/torn_hdr.jpg 500w, https:\/\/yhelteljel.ee\/wp-content\/uploads\/2009\/04\/torn_hdr-219x300.jpg 219w\" sizes=\"auto, (max-width: 500px) 100vw, 500px\" \/><\/p>\n<p><img loading=\"lazy\" decoding=\"async\" class=\"alignnone size-full wp-image-1917\" title=\"Kirikutorn \u00fclal\" src=\"http:\/\/yhelteljel.ee\/wp-content\/uploads\/2009\/04\/kirik_hdr.jpg\" alt=\"Kirikutorn \u00fclal\" width=\"500\" height=\"377\" srcset=\"https:\/\/yhelteljel.ee\/wp-content\/uploads\/2009\/04\/kirik_hdr.jpg 500w, https:\/\/yhelteljel.ee\/wp-content\/uploads\/2009\/04\/kirik_hdr-300x226.jpg 300w\" sizes=\"auto, (max-width: 500px) 100vw, 500px\" \/><\/p>\n<p><a href=\"http:\/\/yhelteljel.ee\/wp-content\/uploads\/2009\/04\/kirik-seest-hdr_s.jpg\" target=\"_blank\"><img loading=\"lazy\" decoding=\"async\" class=\"alignnone size-full wp-image-1910\" title=\"\u00dcks kirikutest seest\" src=\"http:\/\/yhelteljel.ee\/wp-content\/uploads\/2009\/04\/kirik-seest-hdr.jpg\" alt=\"\u00dcks kirikutest seest\" width=\"500\" height=\"375\" srcset=\"https:\/\/yhelteljel.ee\/wp-content\/uploads\/2009\/04\/kirik-seest-hdr.jpg 500w, https:\/\/yhelteljel.ee\/wp-content\/uploads\/2009\/04\/kirik-seest-hdr-300x225.jpg 300w\" sizes=\"auto, (max-width: 500px) 100vw, 500px\" \/><\/a><\/p>\n<p><span style=\"color: #0000ee; text-decoration: underline;\"><a href=\"http:\/\/yhelteljel.ee\/wp-content\/uploads\/2009\/04\/quito-2s.jpg\" target=\"_blank\"><img loading=\"lazy\" decoding=\"async\" class=\"alignnone size-full wp-image-1909\" title=\"Quito vanalinna panoraam (2)\" src=\"http:\/\/yhelteljel.ee\/wp-content\/uploads\/2009\/04\/quito-2v.png\" alt=\"Quito vanalinna panoraam (2)\" width=\"500\" height=\"170\" srcset=\"https:\/\/yhelteljel.ee\/wp-content\/uploads\/2009\/04\/quito-2v.png 500w, https:\/\/yhelteljel.ee\/wp-content\/uploads\/2009\/04\/quito-2v-300x102.png 300w\" sizes=\"auto, (max-width: 500px) 100vw, 500px\" \/><\/a><\/span><\/p>\n<p>Ma arvan, et on otsustatud, et enam ei l\u00e4he me \u00fchtegi linna ainult sellep\u00e4rast, et need on koloniaalajastuh\u00f5ngulised v\u00f5i midagi muud sarnast, ehkki reisijuhid ja paljud teised reisijad-matkajad maalivad neist h\u00f5rgutava pildi. L\u00f5una-Ameerikas on neid lihtsalt nii palju. Pealegi tekitavad suured linnad parajalt stressi. \u00d5nneks sattusime seekord k\u00fcllatki hubasesse hotelli, kena sise\u00f5uega, mis oli linnak\u00e4ra eest p\u00f5genedes justkui oaas:<\/p>\n<p><img loading=\"lazy\" decoding=\"async\" class=\"alignnone size-full wp-image-1915\" title=\"Tsikkel hotellis varjus\" src=\"http:\/\/yhelteljel.ee\/wp-content\/uploads\/2009\/04\/quito-hotell-hdr.jpg\" alt=\"Tsikkel hotellis varjus\" width=\"500\" height=\"375\" srcset=\"https:\/\/yhelteljel.ee\/wp-content\/uploads\/2009\/04\/quito-hotell-hdr.jpg 500w, https:\/\/yhelteljel.ee\/wp-content\/uploads\/2009\/04\/quito-hotell-hdr-300x225.jpg 300w\" sizes=\"auto, (max-width: 500px) 100vw, 500px\" \/><\/p>\n<p>Siiski ei tule Quitol puudu atmosf\u00e4\u00e4rist, mis on selline asi, mida on raske s\u00f5nadesse panna. See on sotsiaalne ja audiovisuaalne kompott, l\u00f5hnade ja maitsete virrvarr. Ehk annab sellest aimu t\u00e4naval salvestatud helil\u00f5ik:<\/p>\n<p>\u00a0<\/p>\n[audio:http:\/\/yhelteljel.ee\/audio\/Ecuador-Quito-vanalinn.mp3]\n<p>\u00a0<\/p>\n<p>Quitost edasi viis meie tee, nagu alati, p\u00f5hja suunas, ning peagi \u00fcletasime ka <a href=\"http:\/\/et.wikipedia.org\/wiki\/Ekvaator\" target=\"_blank\">ekvaatori<\/a>. Kuna tee kulgeb Quitost p\u00f5hjas sinka-vonka l\u00e4bi m\u00e4gede, oli meil &#8220;\u00f5nn&#8221; ekvaatorit \u00fcletada koguni kolm korda. Kusjuures ilma GPS-ita poleks sellest kahel korral arugi saanud, sest ekvaator polnud kuidagi t\u00e4histatud. Kolmandal korral loobusime aga v\u00f5imalusest \u00fche dollari (jah, Ecuadori ametlik valuuta on USA dollar) eest mingit ekvaatoriposti vaatama minna. K\u00fcll alles leitakse, kuidas udup\u00e4ist turisti l\u00fcpsta! Kuuldavasti on Quito k\u00fclje alla loodud terve teemapark, kus siis saab end \u00fchelt poolt joont teisele poole h\u00fcpates l\u00f5bustada, ja mida k\u00f5ike veel! \u00d5nneks oleme koolis saanud geograafia alal piisavalt tugeva aluse, et mitte ekvaatorit \u00fcle m\u00fcstifitseerida ja kellelegi selle olemasolu eest veel peale maksta. Naljaviluks sai siiski &#8220;nullkoordinaadi&#8221; juures tehtud paar pilti:<\/p>\n<p><img loading=\"lazy\" decoding=\"async\" class=\"alignnone size-full wp-image-1903\" title=\"Ekvaatoril\" src=\"http:\/\/yhelteljel.ee\/wp-content\/uploads\/2009\/04\/img_4221.jpg\" alt=\"Ekvaatoril\" width=\"500\" height=\"375\" srcset=\"https:\/\/yhelteljel.ee\/wp-content\/uploads\/2009\/04\/img_4221.jpg 500w, https:\/\/yhelteljel.ee\/wp-content\/uploads\/2009\/04\/img_4221-300x225.jpg 300w\" sizes=\"auto, (max-width: 500px) 100vw, 500px\" \/><\/p>\n<p><img loading=\"lazy\" decoding=\"async\" class=\"alignnone size-full wp-image-1905\" title=\"Tsikkel on t\u00e4pselt ekvaatori peal - kui GPSi poleks, siis ei teaks\" src=\"http:\/\/yhelteljel.ee\/wp-content\/uploads\/2009\/04\/img_4222.jpg\" alt=\"Tsikkel on t\u00e4pselt ekvaatori peal - kui GPSi poleks, siis ei teaks\" width=\"500\" height=\"375\" srcset=\"https:\/\/yhelteljel.ee\/wp-content\/uploads\/2009\/04\/img_4222.jpg 500w, https:\/\/yhelteljel.ee\/wp-content\/uploads\/2009\/04\/img_4222-300x225.jpg 300w\" sizes=\"auto, (max-width: 500px) 100vw, 500px\" \/><\/p>\n<p><img loading=\"lazy\" decoding=\"async\" class=\"alignnone size-full wp-image-1911\" title=\"&quot;T\u00e4histatud&quot; ekvaatorijoon - sinna samma pildil olevasse torni mineku eest taheti 1USD\" src=\"http:\/\/yhelteljel.ee\/wp-content\/uploads\/2009\/04\/img_4224.jpg\" alt=\"&quot;T\u00e4histatud&quot; ekvaatorijoon - sinna samma pildil olevasse torni mineku eest taheti 1USD\" width=\"500\" height=\"375\" srcset=\"https:\/\/yhelteljel.ee\/wp-content\/uploads\/2009\/04\/img_4224.jpg 500w, https:\/\/yhelteljel.ee\/wp-content\/uploads\/2009\/04\/img_4224-300x225.jpg 300w\" sizes=\"auto, (max-width: 500px) 100vw, 500px\" \/><\/p>\n<p>\u00d5htu saabudes panime oma kodinad maha <a href=\"http:\/\/www.otavalo-ecuador.com\/\" target=\"_blank\">Otavalo<\/a> l\u00e4histel \u00fches turismitalus, mis paikneb kenadel k\u00fcngastel, ning piisavalt k\u00f5rgel, et j\u00e4\u00e4da pilvede liikumisteele. Ja pilved liiguvad kiiesti &#8211; \u00fchel hetkel oled tihedas udus, teisel hetkel on udu l\u00e4inud nagu tina tuhka.<\/p>\n<p>\u00a0<\/p>\n<iframe loading=\"lazy\" width=\"530\" height=\"298\" src=\"https:\/\/www.youtube.com\/embed\/CXudxB_jNbM?feature=oembed\" frameborder=\"0\" allowfullscreen><\/iframe>\n<p>\u00a0<\/p>\n<p>Vahepeal j\u00f5udis meile\u00a0\u00fchel m\u00e4giteel\u00a0buss sisse s\u00f5ita. S\u00f5idab teine otse meie ees, j\u00e4\u00e4b j\u00e4rsult m\u00e4kke ronival teel\u00a0\u00e4kitselt\u00a0seisma. Mina m\u00f5tlen, et ilmselt laseb reisijaid maha ja s\u00f5idan paremale teepervele, kui \u00e4kki hakkab buss tagurpidi m\u00e4est alla veerema ja \u00fcmber p\u00f6\u00f6rama, nii et paneb meile l\u00f5puks ninaga paugu \u00a0ja meie lendame k\u00fclili \u00a0&#8211; rattal pole midagi h\u00e4da, alumiiniumkohvri k\u00fcljes on vaid k\u00fcllaga bussi sinist v\u00e4rvi. Hea, et (ise kallakul olles refleksist) k\u00f5rvale s\u00f5itsin, sest tavaliselt j\u00e4\u00e4n taha ootama &#8211; viimasel juhul oleks meie tsiklist vist ainult rusud j\u00e4rgi (p\u00e4ris kindlasti bussijuht ei n\u00e4inud meid taga olevat) ja ehk isegi kas haiglas v\u00f5i p\u00e4ris manalateele saadetud. Niiet seekord l\u00e4ks v\u00e4ga \u00f5nnelikult (pt\u00fci-pt\u00fci-pt\u00fci). Bussijuhil oli sellepeale \u00f6elda, et k\u00f5ik teavad, et ta seal tagurdab (kuram, me oleks seda pidanud vist ents\u00fcklopeediast enne j\u00e4rgi vaatama, et ta just seal \u00fcmber tagurdab? \ud83d\ude42 )<\/p>\n<p>\u00d5htupimeduses hakkasid heinamaal mingid putukad (v\u00e4ga s\u00fcrrealistlikult) h\u00e4\u00e4litsema:<\/p>\n[audio:http:\/\/yhelteljel.ee\/audio\/Ecuador-Otavalo-p6rnikad.mp3]\n<p>Sealsamas lendasid &#8220;s\u00e4hvivad&#8221; putukad &#8211; \u00f6\u00f6pimeduses n\u00e4ed rohelisi tulukesi vilkumas &#8211; nad ei p\u00f5le pidevalt nagu Eesti <a href=\"http:\/\/et.wikipedia.org\/wiki\/Jaaniuss\" target=\"_blank\">jaaniussid<\/a>, vaid annavad oma &#8220;signaali&#8221; v\u00e4ga konkreetsete impulssidena &#8211; nagu pidev morse kood k\u00e4iks nende parve sees. Ma ei tea nende putukate liiki \u00f6elda, aga igati vahva tuledem\u00e4ng, mida j\u00e4lgida. Neid huvitavaid isendeid oleme kohanud ka Brasiilia ja Argentina \u00f6\u00f6pimeduses. Kahju, et ma ei ole siiani kuidagi saanud neid piisavalt efektiivselt &#8220;kaamerasse&#8221; p\u00fc\u00fcda, et ka pildilt aru saaks, mis seal toimub.<\/p>\n<p>Kokkuv\u00f5tvalt on Ecuador meile igati positiivse mulje j\u00e4tnud.<\/p>\n","protected":false},"excerpt":{"rendered":"<p>Ecuadori keskosa m\u00e4gik\u00fclamaastikest v\u00e4sinuna maandusime \u00f6\u00f6l enne Quitosse j\u00f5udmist olude (st pimeduse) sunnil tee\u00e4\u00e4rses motellis. Nagu n\u00e4iteks Brasiiliaski, on Ecuadoris k\u00fcllaga selliseid majutuskohti, mis rendivad tube v\u00e4lja ka m\u00f5ne tunni kaupa. Kohe me aru ei saanud, et oleme taolisse kohta sattunud, sest tavaliselt on neil k\u00f5rge m\u00fc\u00fcr \u00fcmber (et keegi juhuslikult m\u00f6\u00f6dudes seal parkivat abikaasa &hellip; <a href=\"https:\/\/yhelteljel.ee\/?p=1898\" class=\"more-link\">Loe edasi <span class=\"screen-reader-text\">Veel \u00fcks koloniaalh\u00f5rgutis<\/span> <span class=\"meta-nav\">&rarr;<\/span><\/a><\/p>\n","protected":false},"author":3,"featured_media":0,"comment_status":"open","ping_status":"open","sticky":false,"template":"","format":"standard","meta":{"_monsterinsights_skip_tracking":false,"_monsterinsights_sitenote_active":false,"_monsterinsights_sitenote_note":"","_monsterinsights_sitenote_category":0,"footnotes":""},"categories":[4],"tags":[1116,132,129,116,128,117,126],"class_list":["post-1898","post","type-post","status-publish","format-standard","hentry","category-louna-ameerika","tag-ecuador","tag-floora-ja-fauna","tag-helimaastikud","tag-liikuv-pilt","tag-linnad","tag-raha","tag-turismiatraktsioon"],"_links":{"self":[{"href":"https:\/\/yhelteljel.ee\/index.php?rest_route=\/wp\/v2\/posts\/1898","targetHints":{"allow":["GET"]}}],"collection":[{"href":"https:\/\/yhelteljel.ee\/index.php?rest_route=\/wp\/v2\/posts"}],"about":[{"href":"https:\/\/yhelteljel.ee\/index.php?rest_route=\/wp\/v2\/types\/post"}],"author":[{"embeddable":true,"href":"https:\/\/yhelteljel.ee\/index.php?rest_route=\/wp\/v2\/users\/3"}],"replies":[{"embeddable":true,"href":"https:\/\/yhelteljel.ee\/index.php?rest_route=%2Fwp%2Fv2%2Fcomments&post=1898"}],"version-history":[{"count":20,"href":"https:\/\/yhelteljel.ee\/index.php?rest_route=\/wp\/v2\/posts\/1898\/revisions"}],"predecessor-version":[{"id":1925,"href":"https:\/\/yhelteljel.ee\/index.php?rest_route=\/wp\/v2\/posts\/1898\/revisions\/1925"}],"wp:attachment":[{"href":"https:\/\/yhelteljel.ee\/index.php?rest_route=%2Fwp%2Fv2%2Fmedia&parent=1898"}],"wp:term":[{"taxonomy":"category","embeddable":true,"href":"https:\/\/yhelteljel.ee\/index.php?rest_route=%2Fwp%2Fv2%2Fcategories&post=1898"},{"taxonomy":"post_tag","embeddable":true,"href":"https:\/\/yhelteljel.ee\/index.php?rest_route=%2Fwp%2Fv2%2Ftags&post=1898"}],"curies":[{"name":"wp","href":"https:\/\/api.w.org\/{rel}","templated":true}]}}