{"id":1871,"date":"2009-04-02T19:45:00","date_gmt":"2009-04-02T17:45:00","guid":{"rendered":"http:\/\/yhelteljel.ee\/?p=1871"},"modified":"2009-04-15T19:39:34","modified_gmt":"2009-04-15T17:39:34","slug":"quilotoa-ring","status":"publish","type":"post","link":"https:\/\/yhelteljel.ee\/?p=1871","title":{"rendered":"Quilotoa ring"},"content":{"rendered":"<p><img loading=\"lazy\" decoding=\"async\" class=\"alignnone size-full wp-image-1882\" title=\"Ecuadorlane\" src=\"http:\/\/yhelteljel.ee\/wp-content\/uploads\/2009\/04\/img_2249.jpg\" alt=\"Ecuadorlane\" width=\"500\" height=\"482\" srcset=\"https:\/\/yhelteljel.ee\/wp-content\/uploads\/2009\/04\/img_2249.jpg 500w, https:\/\/yhelteljel.ee\/wp-content\/uploads\/2009\/04\/img_2249-300x289.jpg 300w\" sizes=\"auto, (max-width: 500px) 100vw, 500px\" \/><a href=\"http:\/\/en.wikipedia.org\/wiki\/Riobamba\" target=\"_blank\">Riobambast<\/a>, t\u00e4iesti tipp-topp korras, ent pisut igavast linnast, otsustasime vaatama s\u00f5ita Ecuadori v\u00e4idetavalt \u00fchte kaunimaid paiku, ehk Quilotoa laguuni. Ehkki s\u00f5it sinna toimus m\u00f6\u00f6da k\u00fcllaltki v\u00e4ikest teed ning l\u00e4bi m\u00e4gisema piirkonna, oli just seal selgelt n\u00e4ha, kuidas <a href=\"http:\/\/et.wikipedia.org\/wiki\/Ecuador\" target=\"_blank\">Ecuador <\/a>on L\u00f5una-Ameerika k\u00f5ige tihedamalt asustatud riik (v\u00e4idetavalt 45 inimest ruutkilomeetri kohta) &#8211; asustus oli igal pool, majad m\u00e4en\u00f5lvadele laiali puistatud.<\/p>\n<p><!--more--><\/p>\n<p>M\u00e4gialadel on inimesed teistmoodi kui madalikel &#8211; iidsed traditsioonid pole kolonisaatrotest nii palju m\u00f5jutada saanud, ja nii on ka inimesed teistmoodi, kuidagi maal\u00e4hedasemad. Sama on ka n\u00e4iteks Boliivias ja Peruus &#8211; maapiirkonnas k\u00e4ivad k\u00f5ik veel tradistioonilistes r\u00f5ivastes, ja on kuidagi soojemad, positiivsemad kui linnavurled. Siin m\u00f5ned m\u00e4girahvast tehtud pildid:<\/p>\n<p><img loading=\"lazy\" decoding=\"async\" class=\"alignnone size-full wp-image-1879\" title=\"T\u00fcdruk traditsioonilisis r\u00f5ivais\" src=\"http:\/\/yhelteljel.ee\/wp-content\/uploads\/2009\/04\/img_2237.jpg\" alt=\"T\u00fcdruk traditsioonilisis r\u00f5ivais\" width=\"500\" height=\"667\" srcset=\"https:\/\/yhelteljel.ee\/wp-content\/uploads\/2009\/04\/img_2237.jpg 500w, https:\/\/yhelteljel.ee\/wp-content\/uploads\/2009\/04\/img_2237-224x300.jpg 224w\" sizes=\"auto, (max-width: 500px) 100vw, 500px\" \/><\/p>\n<p><a href=\"http:\/\/yhelteljel.ee\/wp-content\/uploads\/2009\/04\/img_2248_s.jpg\" target=\"_blank\"><img loading=\"lazy\" decoding=\"async\" class=\"alignnone size-full wp-image-1881\" title=\"Ecuadori lapsed oma tegemistes (klikka, et suurendada)\" src=\"http:\/\/yhelteljel.ee\/wp-content\/uploads\/2009\/04\/img_2248_v.jpg\" alt=\"Ecuadori lapsed oma tegemistes (klikka, et suurendada)\" width=\"500\" height=\"377\" srcset=\"https:\/\/yhelteljel.ee\/wp-content\/uploads\/2009\/04\/img_2248_v.jpg 500w, https:\/\/yhelteljel.ee\/wp-content\/uploads\/2009\/04\/img_2248_v-300x226.jpg 300w\" sizes=\"auto, (max-width: 500px) 100vw, 500px\" \/><\/a><\/p>\n<p>Nagu ikka, on igal pool kodutuid koeri. \u00dchest hakkas meil kohe eriliselt hale, oli teine nii viletsa ilmega. Ilmselt oli n\u00e4lg suur, sest kui talle pool pakki kreekereid andsime, asus viimane nii suure hoolega neid nosima, et vist ei pannud t\u00e4helegi, kui me minema s\u00f5itsime.<\/p>\n<p><img loading=\"lazy\" decoding=\"async\" class=\"alignnone size-full wp-image-1872\" title=\"N\u00e4lginud ja haige koer\" src=\"http:\/\/yhelteljel.ee\/wp-content\/uploads\/2009\/04\/img_2209.jpg\" alt=\"N\u00e4lginud ja haige koer\" width=\"500\" height=\"667\" srcset=\"https:\/\/yhelteljel.ee\/wp-content\/uploads\/2009\/04\/img_2209.jpg 500w, https:\/\/yhelteljel.ee\/wp-content\/uploads\/2009\/04\/img_2209-224x300.jpg 224w\" sizes=\"auto, (max-width: 500px) 100vw, 500px\" \/><\/p>\n<p><a href=\"http:\/\/en.wikipedia.org\/wiki\/Quilotoa\" target=\"_blank\">Quilotoa laguun<\/a> ise pole muud kui j\u00e4rv vulkaanikraatris (v.t pilti panoraamilt allpool). Midagi v\u00e4ga rabavat seal pole (v\u00f5i on siiani n\u00e4htu meid ilu suhtes immuunseks muutnud&#8230;), kui siis ainult m\u00f5te sellest, et kunagi on see olnud aktiivne vulkaan. Kraatri servast annab p\u00e4ris pikalt alla laskuda, kus j\u00e4rve kaldal paistab isegi v\u00e4ike paadisadam olevat, st ei ole nii, et kraatri sein laskub otsejoones j\u00e4rvevette, vaid on isegi kitsas rannariba.<\/p>\n<p>Siin m\u00f5ningaid Ecuadori vaateid:<\/p>\n<p><a href=\"http:\/\/yhelteljel.ee\/wp-content\/uploads\/2009\/04\/quilotoa-1s.jpg\" target=\"_blank\"><img loading=\"lazy\" decoding=\"async\" class=\"alignnone size-full wp-image-1885\" title=\"Ecuadori maastikud (1)\" src=\"http:\/\/yhelteljel.ee\/wp-content\/uploads\/2009\/04\/quilotoa-1v.png\" alt=\"Ecuadori maastikud (1)\" width=\"500\" height=\"89\" srcset=\"https:\/\/yhelteljel.ee\/wp-content\/uploads\/2009\/04\/quilotoa-1v.png 500w, https:\/\/yhelteljel.ee\/wp-content\/uploads\/2009\/04\/quilotoa-1v-300x53.png 300w\" sizes=\"auto, (max-width: 500px) 100vw, 500px\" \/><\/a><\/p>\n<p><a href=\"http:\/\/yhelteljel.ee\/wp-content\/uploads\/2009\/04\/quilotoa-2s.jpg\" target=\"_blank\"><img loading=\"lazy\" decoding=\"async\" class=\"alignnone size-full wp-image-1887\" title=\"Ecuadori maastikud (2) - p\u00f5llulappide muster\" src=\"http:\/\/yhelteljel.ee\/wp-content\/uploads\/2009\/04\/quilotoa-2v.png\" alt=\"Ecuadori maastikud (2) - p\u00f5llulappide muster\" width=\"500\" height=\"97\" srcset=\"https:\/\/yhelteljel.ee\/wp-content\/uploads\/2009\/04\/quilotoa-2v.png 500w, https:\/\/yhelteljel.ee\/wp-content\/uploads\/2009\/04\/quilotoa-2v-300x58.png 300w\" sizes=\"auto, (max-width: 500px) 100vw, 500px\" \/><\/a><\/p>\n<p><a href=\"http:\/\/yhelteljel.ee\/wp-content\/uploads\/2009\/04\/quilotoa-3s.jpg\" target=\"_blank\"><img loading=\"lazy\" decoding=\"async\" class=\"alignnone size-full wp-image-1889\" title=\"Ecuadori maastikud (3)\" src=\"http:\/\/yhelteljel.ee\/wp-content\/uploads\/2009\/04\/quilotoa-3v.png\" alt=\"Ecuadori maastikud (3)\" width=\"500\" height=\"79\" srcset=\"https:\/\/yhelteljel.ee\/wp-content\/uploads\/2009\/04\/quilotoa-3v.png 500w, https:\/\/yhelteljel.ee\/wp-content\/uploads\/2009\/04\/quilotoa-3v-300x47.png 300w\" sizes=\"auto, (max-width: 500px) 100vw, 500px\" \/><\/a><\/p>\n<p><a href=\"http:\/\/yhelteljel.ee\/wp-content\/uploads\/2009\/04\/quilotoa-4s.jpg\" target=\"_blank\"><img loading=\"lazy\" decoding=\"async\" class=\"alignnone size-full wp-image-1891\" title=\"Ecuadori maastikud (4) - Quilotoa, j\u00e4rv otse kraatris\" src=\"http:\/\/yhelteljel.ee\/wp-content\/uploads\/2009\/04\/quilotoa-4v.png\" alt=\"Ecuadori maastikud (4) - Quilotoa, j\u00e4rv otse kraatris\" width=\"500\" height=\"144\" srcset=\"https:\/\/yhelteljel.ee\/wp-content\/uploads\/2009\/04\/quilotoa-4v.png 500w, https:\/\/yhelteljel.ee\/wp-content\/uploads\/2009\/04\/quilotoa-4v-300x86.png 300w\" sizes=\"auto, (max-width: 500px) 100vw, 500px\" \/><\/a><\/p>\n<p><a href=\"http:\/\/yhelteljel.ee\/wp-content\/uploads\/2009\/04\/quilotoa-5s.jpg\" target=\"_blank\"><img loading=\"lazy\" decoding=\"async\" class=\"alignnone size-full wp-image-1893\" title=\"Ecuadori maastikud (5) - sinka vonka teed j\u00e4rsakutel\" src=\"http:\/\/yhelteljel.ee\/wp-content\/uploads\/2009\/04\/quilotoa-5v.png\" alt=\"Ecuadori maastikud (5) - sinka vonka teed j\u00e4rsakutel\" width=\"500\" height=\"131\" srcset=\"https:\/\/yhelteljel.ee\/wp-content\/uploads\/2009\/04\/quilotoa-5v.png 500w, https:\/\/yhelteljel.ee\/wp-content\/uploads\/2009\/04\/quilotoa-5v-300x78.png 300w\" sizes=\"auto, (max-width: 500px) 100vw, 500px\" \/><\/a><\/p>\n<p>Quilotoast oli plaan m\u00f6\u00f6da v\u00e4iksemat teed edasi liikuda, ning kunagi Riobamba-Quito maanteele tagasi v\u00e4lja j\u00f5uda. Quilotoast edasi ei paistnud peale mudaraja midagi minevat, nii et igaks juhuks k\u00fcsisime \u00fchelt sealtsamast tulevalt rekkajuhilt \u00fcle, kas tegemist on ikka \u00f5ige teega. Pidavat olema. Ja seda ei saanud mees ka mainimata j\u00e4tta, et tee on heas korras. Vaikselt veeredes ootasime t\u00fckk aega, millal see &#8220;heas korras&#8221; tee \u00fckskord pihta hakkab, kuid mida polnud, seda polnud &#8211; ikka s\u00fcgavad (sageli diagonaalsed) vaod, teest \u00fcle voolavad ojad. No ju see siis ongi siinkandis heas korras oleva tee standard:<\/p>\n<p><img loading=\"lazy\" decoding=\"async\" class=\"alignnone size-full wp-image-1883\" title=\"Tee Qulotoast edasi (v\u00f5i \u00f5igemini mudarada)\" src=\"http:\/\/yhelteljel.ee\/wp-content\/uploads\/2009\/04\/img_2250.jpg\" alt=\"Tee Qulotoast edasi (v\u00f5i \u00f5igemini mudarada)\" width=\"500\" height=\"667\" srcset=\"https:\/\/yhelteljel.ee\/wp-content\/uploads\/2009\/04\/img_2250.jpg 500w, https:\/\/yhelteljel.ee\/wp-content\/uploads\/2009\/04\/img_2250-224x300.jpg 224w\" sizes=\"auto, (max-width: 500px) 100vw, 500px\" \/><\/p>\n<p>Riobamba-Quito teel j\u00e4\u00e4b siin-seal silma mitmeid vulkaane:<\/p>\n<p><img loading=\"lazy\" decoding=\"async\" class=\"alignnone size-full wp-image-1873\" title=\"Chimborazo vulkaan\" src=\"http:\/\/yhelteljel.ee\/wp-content\/uploads\/2009\/04\/img_2210.jpg\" alt=\"Chimborazo vulkaan\" width=\"500\" height=\"375\" srcset=\"https:\/\/yhelteljel.ee\/wp-content\/uploads\/2009\/04\/img_2210.jpg 500w, https:\/\/yhelteljel.ee\/wp-content\/uploads\/2009\/04\/img_2210-300x225.jpg 300w\" sizes=\"auto, (max-width: 500px) 100vw, 500px\" \/><\/p>\n<p><a href=\"http:\/\/yhelteljel.ee\/wp-content\/uploads\/2009\/04\/img_2213_s.jpg\" target=\"_blank\"><img loading=\"lazy\" decoding=\"async\" class=\"alignnone size-full wp-image-1874\" title=\"Peaks olema Tungurahua vulkaan (klikka, et suurendada)\" src=\"http:\/\/yhelteljel.ee\/wp-content\/uploads\/2009\/04\/img_2213.jpg\" alt=\"Peaks olema Tungurahua vulkaan (klikka, et suurendada)\" width=\"500\" height=\"308\" srcset=\"https:\/\/yhelteljel.ee\/wp-content\/uploads\/2009\/04\/img_2213.jpg 500w, https:\/\/yhelteljel.ee\/wp-content\/uploads\/2009\/04\/img_2213-300x184.jpg 300w\" sizes=\"auto, (max-width: 500px) 100vw, 500px\" \/><\/a><\/p>\n<p><a href=\"http:\/\/yhelteljel.ee\/wp-content\/uploads\/2009\/04\/img_2223_s.jpg\" target=\"_blank\"><img loading=\"lazy\" decoding=\"async\" class=\"alignnone size-full wp-image-1877\" title=\"Vulkaan pilves (klikka, et suurendada)\" src=\"http:\/\/yhelteljel.ee\/wp-content\/uploads\/2009\/04\/img_2223_v.jpg\" alt=\"Vulkaan pilves (klikka, et suurendada)\" width=\"500\" height=\"375\" srcset=\"https:\/\/yhelteljel.ee\/wp-content\/uploads\/2009\/04\/img_2223_v.jpg 500w, https:\/\/yhelteljel.ee\/wp-content\/uploads\/2009\/04\/img_2223_v-300x225.jpg 300w\" sizes=\"auto, (max-width: 500px) 100vw, 500px\" \/><\/a><\/p>\n","protected":false},"excerpt":{"rendered":"<p>Riobambast, t\u00e4iesti tipp-topp korras, ent pisut igavast linnast, otsustasime vaatama s\u00f5ita Ecuadori v\u00e4idetavalt \u00fchte kaunimaid paiku, ehk Quilotoa laguuni. Ehkki s\u00f5it sinna toimus m\u00f6\u00f6da k\u00fcllaltki v\u00e4ikest teed ning l\u00e4bi m\u00e4gisema piirkonna, oli just seal selgelt n\u00e4ha, kuidas Ecuador on L\u00f5una-Ameerika k\u00f5ige tihedamalt asustatud riik (v\u00e4idetavalt 45 inimest ruutkilomeetri kohta) &#8211; asustus oli igal pool, majad &hellip; <a href=\"https:\/\/yhelteljel.ee\/?p=1871\" class=\"more-link\">Loe edasi <span class=\"screen-reader-text\">Quilotoa ring<\/span> <span class=\"meta-nav\">&rarr;<\/span><\/a><\/p>\n","protected":false},"author":2,"featured_media":0,"comment_status":"open","ping_status":"open","sticky":false,"template":"","format":"standard","meta":{"_monsterinsights_skip_tracking":false,"_monsterinsights_sitenote_active":false,"_monsterinsights_sitenote_note":"","_monsterinsights_sitenote_category":0,"footnotes":""},"categories":[4],"tags":[1116,1114,1115,126],"class_list":["post-1871","post","type-post","status-publish","format-standard","hentry","category-louna-ameerika","tag-ecuador","tag-inimesed","tag-teeolud","tag-turismiatraktsioon"],"_links":{"self":[{"href":"https:\/\/yhelteljel.ee\/index.php?rest_route=\/wp\/v2\/posts\/1871","targetHints":{"allow":["GET"]}}],"collection":[{"href":"https:\/\/yhelteljel.ee\/index.php?rest_route=\/wp\/v2\/posts"}],"about":[{"href":"https:\/\/yhelteljel.ee\/index.php?rest_route=\/wp\/v2\/types\/post"}],"author":[{"embeddable":true,"href":"https:\/\/yhelteljel.ee\/index.php?rest_route=\/wp\/v2\/users\/2"}],"replies":[{"embeddable":true,"href":"https:\/\/yhelteljel.ee\/index.php?rest_route=%2Fwp%2Fv2%2Fcomments&post=1871"}],"version-history":[{"count":4,"href":"https:\/\/yhelteljel.ee\/index.php?rest_route=\/wp\/v2\/posts\/1871\/revisions"}],"predecessor-version":[{"id":2148,"href":"https:\/\/yhelteljel.ee\/index.php?rest_route=\/wp\/v2\/posts\/1871\/revisions\/2148"}],"wp:attachment":[{"href":"https:\/\/yhelteljel.ee\/index.php?rest_route=%2Fwp%2Fv2%2Fmedia&parent=1871"}],"wp:term":[{"taxonomy":"category","embeddable":true,"href":"https:\/\/yhelteljel.ee\/index.php?rest_route=%2Fwp%2Fv2%2Fcategories&post=1871"},{"taxonomy":"post_tag","embeddable":true,"href":"https:\/\/yhelteljel.ee\/index.php?rest_route=%2Fwp%2Fv2%2Ftags&post=1871"}],"curies":[{"name":"wp","href":"https:\/\/api.w.org\/{rel}","templated":true}]}}