{"id":1826,"date":"2009-03-30T07:51:21","date_gmt":"2009-03-30T05:51:21","guid":{"rendered":"http:\/\/yhelteljel.ee\/?p=1826"},"modified":"2009-04-15T19:37:50","modified_gmt":"2009-04-15T17:37:50","slug":"pan-ameerika-ekspress","status":"publish","type":"post","link":"https:\/\/yhelteljel.ee\/?p=1826","title":{"rendered":"Pan-Ameerika ekspress"},"content":{"rendered":"<p><a href=\"http:\/\/yhelteljel.ee\/wp-content\/uploads\/2009\/03\/img_2159_s.jpg\" target=\"_blank\"><img loading=\"lazy\" decoding=\"async\" class=\"alignnone size-full wp-image-1827\" title=\"Pan-Ameerika ekspress - ehk kiiresti ja sujuvalt (kui politsei v\u00e4lja arvata)\" src=\"http:\/\/yhelteljel.ee\/wp-content\/uploads\/2009\/03\/img_2159.jpg\" alt=\"Pan-Ameerika ekspress - ehk kiiresti ja sujuvalt (kui politsei v\u00e4lja arvata)\" width=\"500\" height=\"375\" srcset=\"https:\/\/yhelteljel.ee\/wp-content\/uploads\/2009\/03\/img_2159.jpg 500w, https:\/\/yhelteljel.ee\/wp-content\/uploads\/2009\/03\/img_2159-300x225.jpg 300w\" sizes=\"auto, (max-width: 500px) 100vw, 500px\" \/><\/a><\/p>\n<p>Viimased p\u00e4evad on\u00a0m\u00f6\u00f6da Panamericana peateed Peruus olnud\u00a0suht k\u00f5va &#8220;andmine&#8221;. \u00d5nneks on enamasti tegu suht korraliku asfaldi ja sirge teega, mis on andnud v\u00f5imaluse vahemaid kiiresti l\u00e4bida &#8211; me pole just suured Peruu f\u00e4nnid.<\/p>\n<p><!--more--><img loading=\"lazy\" decoding=\"async\" class=\"alignnone size-full wp-image-1861\" title=\"Ilus osa Panamericanast\" src=\"http:\/\/yhelteljel.ee\/wp-content\/uploads\/2009\/03\/img_2052.jpg\" alt=\"Ilus osa Panamericanast\" width=\"500\" height=\"375\" srcset=\"https:\/\/yhelteljel.ee\/wp-content\/uploads\/2009\/03\/img_2052.jpg 500w, https:\/\/yhelteljel.ee\/wp-content\/uploads\/2009\/03\/img_2052-300x225.jpg 300w\" sizes=\"auto, (max-width: 500px) 100vw, 500px\" \/><\/p>\n<p>Kahe p\u00e4evaga sujuvalt 1300 kilomeetrit &#8211; pole meie &#8220;standardne&#8221; p\u00e4eva l\u00e4bis\u00f5it&#8230; \u00dcks mitte f\u00e4nniks olemise p\u00f5hjusi on Peruu rahva kuidagi teistmoodi suhtumine <em>gringodesse <\/em>(loe: &#8220;valgenahalistesse&#8221;, turistidesse), mida me pole \u00fcheski teises L\u00f5una-Ameerika riigis niiv\u00f5rd tugevalt tajunud &#8211; igal pool n\u00e4hakse meid kui liikuvat rahakotti, keda saab l\u00fcpsta. On see taksojuht, kellelt linnas suunda k\u00fcsime: &#8220;Oo, senj\u00f6\u00f6r, see on nii keeruline! V\u00f5in teid sinna juhatada!&#8221; (st. t\u00f5lkes &#8220;h\u00e4rra, anna mulle oma raha&#8221;, kuigi tegelikult oli meie endi suund juba \u00f5ige ja tee lihtne), k\u00fcpsisem\u00fc\u00fcja kiirtee posti \u00e4\u00e4res, k\u00e4mpingu omanik v\u00f5i kes iganes. Ei tea, kas me oleme kobamisi vaid ahnete inimeste peale sattunud, aga eelnevates riikides kogetud siirus inimestes on Peruus kuskile paugupealt juba piiripunktist alates haihtunud. N\u00e4iteks Boliivia peaks v\u00e4hemalt teoreetiliselt olema Peruust vaesem, ent inimeste suhtumises see kuidagi k\u00fcll ei v\u00e4ljendunud, et nad tohutus rahan\u00e4ljas elaksid &#8211; inimesed elasid oma elu, k\u00e4imata turistile pidevalt pinda, et oma osa saada. Samuti oli Boliivia \u00fcldiselt korras, ehitised ja t\u00e4navad olid enam-v\u00e4hem, samas kui Peruu on s\u00f5na otseses m\u00f5ttes kui \u00fcks suur pr\u00fcgila! Pidev pr\u00fcgilas s\u00f5itmise tunne on olnud teine kuidagi v\u00e4ga h\u00e4iriv element Peruus olekul &#8211; potensiaalselt (\u00fcli-)hea atmosf\u00e4\u00e4riga maastikud on plastiku, roostetanud raua ja muu haisva hunnikuga rikutud. See on olnud nii h\u00e4iriv, et mul pole isegi pilti nendest tohututest pr\u00fcgihunnikutest tee \u00e4\u00e4rtes n\u00e4idata &#8211; ju siis on see pr\u00fcgi olnud minu jaoks piisavalt eemalet\u00f5ukav.\u00a0<\/p>\n<p>Ootasime-lootsime, et ehk on pealinn majanduslikult rohkem kosunud ja korras, kuid pilt sinna j\u00f5udes eriti ei muutnud. Pealinn <a href=\"http:\/\/et.wikipedia.org\/wiki\/Lima_(Peruu)\" target=\"_blank\">Lima<\/a> oli samuti l\u00e4gane. M\u00f5ned Kariina poolt\u00a0hoo pealt\u00a0tehtud pildid:<\/p>\n<p><img loading=\"lazy\" decoding=\"async\" class=\"alignnone size-full wp-image-1828\" title=\"Lima = pr\u00fcgila. Tossav plastmass sekka.\" src=\"http:\/\/yhelteljel.ee\/wp-content\/uploads\/2009\/03\/img_2075.jpg\" alt=\"Lima = pr\u00fcgila. Tossav plastmass sekka.\" width=\"500\" height=\"375\" srcset=\"https:\/\/yhelteljel.ee\/wp-content\/uploads\/2009\/03\/img_2075.jpg 500w, https:\/\/yhelteljel.ee\/wp-content\/uploads\/2009\/03\/img_2075-300x225.jpg 300w\" sizes=\"auto, (max-width: 500px) 100vw, 500px\" \/><\/p>\n<p><img loading=\"lazy\" decoding=\"async\" class=\"alignnone size-full wp-image-1836\" title=\"L\u00e4gane Lima\" src=\"http:\/\/yhelteljel.ee\/wp-content\/uploads\/2009\/03\/img_2077.jpg\" alt=\"L\u00e4gane Lima\" width=\"500\" height=\"375\" srcset=\"https:\/\/yhelteljel.ee\/wp-content\/uploads\/2009\/03\/img_2077.jpg 500w, https:\/\/yhelteljel.ee\/wp-content\/uploads\/2009\/03\/img_2077-300x225.jpg 300w\" sizes=\"auto, (max-width: 500px) 100vw, 500px\" \/><\/p>\n<p><img loading=\"lazy\" decoding=\"async\" class=\"alignnone size-full wp-image-1834\" title=\"Lima - arbuusim\u00fc\u00fcja\" src=\"http:\/\/yhelteljel.ee\/wp-content\/uploads\/2009\/03\/img_2080.jpg\" alt=\"Lima - arbuusim\u00fc\u00fcja\" width=\"500\" height=\"410\" srcset=\"https:\/\/yhelteljel.ee\/wp-content\/uploads\/2009\/03\/img_2080.jpg 500w, https:\/\/yhelteljel.ee\/wp-content\/uploads\/2009\/03\/img_2080-300x246.jpg 300w\" sizes=\"auto, (max-width: 500px) 100vw, 500px\" \/><\/p>\n<p><img loading=\"lazy\" decoding=\"async\" class=\"alignnone size-full wp-image-1847\" title=\"Ligadi-logadi ehitus ja linnaplaneering\" src=\"http:\/\/yhelteljel.ee\/wp-content\/uploads\/2009\/03\/img_2071.jpg\" alt=\"Ligadi-logadi ehitus ja linnaplaneering\" width=\"500\" height=\"442\" srcset=\"https:\/\/yhelteljel.ee\/wp-content\/uploads\/2009\/03\/img_2071.jpg 500w, https:\/\/yhelteljel.ee\/wp-content\/uploads\/2009\/03\/img_2071-300x265.jpg 300w\" sizes=\"auto, (max-width: 500px) 100vw, 500px\" \/><\/p>\n<p><img loading=\"lazy\" decoding=\"async\" class=\"alignnone size-full wp-image-1839\" title=\"Lima liiklus - meid vaadati kui ilmaimet...\" src=\"http:\/\/yhelteljel.ee\/wp-content\/uploads\/2009\/03\/img_2074.jpg\" alt=\"Lima liiklus - meid vaadati kui ilma imet...\" width=\"500\" height=\"400\" srcset=\"https:\/\/yhelteljel.ee\/wp-content\/uploads\/2009\/03\/img_2074.jpg 500w, https:\/\/yhelteljel.ee\/wp-content\/uploads\/2009\/03\/img_2074-300x240.jpg 300w\" sizes=\"auto, (max-width: 500px) 100vw, 500px\" \/><\/p>\n<p><img loading=\"lazy\" decoding=\"async\" class=\"alignnone size-full wp-image-1837\" title=\"Lima 3-rattalised\" src=\"http:\/\/yhelteljel.ee\/wp-content\/uploads\/2009\/03\/img_2083.jpg\" alt=\"Lima 3-rattalised\" width=\"500\" height=\"375\" srcset=\"https:\/\/yhelteljel.ee\/wp-content\/uploads\/2009\/03\/img_2083.jpg 500w, https:\/\/yhelteljel.ee\/wp-content\/uploads\/2009\/03\/img_2083-300x225.jpg 300w\" sizes=\"auto, (max-width: 500px) 100vw, 500px\" \/><\/p>\n<p><img loading=\"lazy\" decoding=\"async\" class=\"alignnone size-full wp-image-1840\" title=\"Tahad osta pr\u00fcgi? Lima on selleks parim koht!\" src=\"http:\/\/yhelteljel.ee\/wp-content\/uploads\/2009\/03\/img_2084.jpg\" alt=\"Tahad osta pr\u00fcgi? Lima on selleks parim koht!\" width=\"500\" height=\"375\" srcset=\"https:\/\/yhelteljel.ee\/wp-content\/uploads\/2009\/03\/img_2084.jpg 500w, https:\/\/yhelteljel.ee\/wp-content\/uploads\/2009\/03\/img_2084-300x225.jpg 300w\" sizes=\"auto, (max-width: 500px) 100vw, 500px\" \/><\/p>\n<p>\u00dcldiselt oli Limas, p\u00e4rast paari kogemata\u00a0<em>getosse<\/em>\u00a0\u00e4raeksimist meil tunne, et siit tuleb k\u00e4hku minema saada.<\/p>\n<p>Omaette teema on veel legendaarsed korrumpeerunud politseinikud Limast p\u00f5hja poole umbes 100 kilomeetri ulatuses, kellest teistelt motomatkajatelt v\u00e4rskeid legende kuulnud oleme &#8211; kui sel teel peatatakse, olevat 100% t\u00f5en\u00e4osus, et l\u00e4heb raha k\u00fcsimiseks. Peatatakse, karjudes &#8220;rikkumine!&#8221; (mida pole tegelikut olnud) &#8211; t\u00fc\u00fcpiliseks p\u00f5hjusteks on kas see, et sul on liiga lai tsikkel, tuled p\u00f5levad liiga eredalt, sul pole laibalina kaasas (selleks, et kui avarii teed, sinu surnukeha katta), sul pole t\u00e4ielikku meditsiinipagasit, oled kiirust \u00fcletanud, mille t\u00f5enduseks n\u00e4idatakse oma mobiiltelefoni, et &#8220;n\u00e4e, sellega m\u00f5\u00f5tsin kiirust&#8221; jms absurd, mida teistelt kuulnud olime &#8211; katsu sa nendega veel \u00a0hispaania keeles vaielda. Paaril korral \u00fcritati meid peatada (ja eriti &#8220;efektiivse&#8221; selektsiooniga &#8211; s\u00f5idad tihedas kilomeetreid pikas autoreas, ja just ainult SIND tahetakse peatada &#8211; suur t\u00e4islastis mootorratas on ju 98% t\u00f5en\u00e4osusega rikas turist, mitte kohalik &#8211; juba kaugelt n\u00e4ha) aga s\u00f5itsin \u00fche kogenuma motomatkaja soovitusel julmalt edasi &#8211; \u00f5nneks ei hakanud politsei j\u00e4rgi s\u00f5itma. Nipi edukus seisneb selles, et kui nad tahavad sind reaalse aluseta l\u00fcpsta, siis &#8220;s\u00fcdametunnistuse j\u00e4rgi&#8221; pole otsest p\u00f5hjust j\u00e4rele s\u00f5ita &#8211; juba see, et nad peatamism\u00e4rguande eiramise peale j\u00e4rele ei hakka s\u00f5itma, viitab sellele, et tegu on korrumpeerunud mendiga. Nii et Lima \u00fcmbruse politseiga l\u00e4ks meil seekord \u00f5nneks &#8211; seda t\u00e4nu teiste motomatkajate raskelt k\u00e4tte tulnud praktikale (mis tavaliselt kulmineerub poole p\u00e4evase vestlusega, kui juba kord peatud ja maksmata minema tahad saada).<\/p>\n<p>Lima l\u00e4heduses veetsime \u00f6\u00f6 t\u00e4iesti juhuslikult Peruu\u00a0<a href=\"http:\/\/en.wikipedia.org\/wiki\/Krishna\" target=\"_blank\">kri\u0161nade<\/a> juures. Neil seal p\u00e4ris oma kohake otse Vaikse ookeani \u00e4\u00e4res, omad p\u00fchakojad ja ehitised &#8211; tundus t\u00e4iesti omaette kommuun olevat, kes elavad oma elu. Aed t\u00e4is igasugu eri loomi: mitut t\u00fc\u00fcpi kanu, mitu koera, paabulinnud, mingid eri t\u00fc\u00fcpi valged tuvid, haigurid, jms. meile teadmata liike, k\u00f5ik vabalt liikvel. P\u00e4ris vahva \u00f6\u00f6p\u00e4ev sai seal veedetud.<\/p>\n<p><img loading=\"lazy\" decoding=\"async\" class=\"alignnone size-full wp-image-1844\" title=\"P\u00fchakoda\" src=\"http:\/\/yhelteljel.ee\/wp-content\/uploads\/2009\/03\/koonus2_hdr.jpg\" alt=\"Koonus\" width=\"500\" height=\"660\" srcset=\"https:\/\/yhelteljel.ee\/wp-content\/uploads\/2009\/03\/koonus2_hdr.jpg 500w, https:\/\/yhelteljel.ee\/wp-content\/uploads\/2009\/03\/koonus2_hdr-227x300.jpg 227w\" sizes=\"auto, (max-width: 500px) 100vw, 500px\" \/><\/p>\n<p><img loading=\"lazy\" decoding=\"async\" class=\"alignnone size-full wp-image-1848\" title=\"\u00dcks p\u00fchakodadest seest\" src=\"http:\/\/yhelteljel.ee\/wp-content\/uploads\/2009\/03\/koonus.png\" alt=\"Koonus seest\" width=\"500\" height=\"871\" srcset=\"https:\/\/yhelteljel.ee\/wp-content\/uploads\/2009\/03\/koonus.png 500w, https:\/\/yhelteljel.ee\/wp-content\/uploads\/2009\/03\/koonus-172x300.png 172w\" sizes=\"auto, (max-width: 500px) 100vw, 500px\" \/><\/p>\n<p><a href=\"http:\/\/yhelteljel.ee\/wp-content\/uploads\/2009\/03\/krishna-s.jpg\" target=\"_blank\"><img loading=\"lazy\" decoding=\"async\" class=\"alignnone size-full wp-image-1835\" title=\"Aasia L\u00f5una-Ameerikas - kri\u0161nade oma koht Peruus\" src=\"http:\/\/yhelteljel.ee\/wp-content\/uploads\/2009\/03\/krishna-v.png\" alt=\"Aasia L\u00f5una-Ameerikas - kri\u0161nade oma koht Peruus\" width=\"500\" height=\"160\" srcset=\"https:\/\/yhelteljel.ee\/wp-content\/uploads\/2009\/03\/krishna-v.png 500w, https:\/\/yhelteljel.ee\/wp-content\/uploads\/2009\/03\/krishna-v-300x96.png 300w\" sizes=\"auto, (max-width: 500px) 100vw, 500px\" \/><\/a><\/p>\n<p><img loading=\"lazy\" decoding=\"async\" class=\"alignnone size-full wp-image-1862\" title=\"Paabulind\" src=\"http:\/\/yhelteljel.ee\/wp-content\/uploads\/2009\/03\/img_2142.jpg\" alt=\"Paabulind\" width=\"500\" height=\"366\" srcset=\"https:\/\/yhelteljel.ee\/wp-content\/uploads\/2009\/03\/img_2142.jpg 500w, https:\/\/yhelteljel.ee\/wp-content\/uploads\/2009\/03\/img_2142-300x219.jpg 300w\" sizes=\"auto, (max-width: 500px) 100vw, 500px\" \/><\/p>\n<p><img loading=\"lazy\" decoding=\"async\" class=\"alignnone size-full wp-image-1860\" title=\"Udune rand\" src=\"http:\/\/yhelteljel.ee\/wp-content\/uploads\/2009\/03\/img_2105.jpg\" alt=\"Udune rand\" width=\"500\" height=\"667\" srcset=\"https:\/\/yhelteljel.ee\/wp-content\/uploads\/2009\/03\/img_2105.jpg 500w, https:\/\/yhelteljel.ee\/wp-content\/uploads\/2009\/03\/img_2105-224x300.jpg 224w\" sizes=\"auto, (max-width: 500px) 100vw, 500px\" \/><\/p>\n<p><img loading=\"lazy\" decoding=\"async\" class=\"alignnone size-full wp-image-1830\" title=\"Udune Vaikse ookeani rand\" src=\"http:\/\/yhelteljel.ee\/wp-content\/uploads\/2009\/03\/img_2118.jpg\" alt=\"Udune Vaikse ookeani rand\" width=\"500\" height=\"375\" srcset=\"https:\/\/yhelteljel.ee\/wp-content\/uploads\/2009\/03\/img_2118.jpg 500w, https:\/\/yhelteljel.ee\/wp-content\/uploads\/2009\/03\/img_2118-300x225.jpg 300w\" sizes=\"auto, (max-width: 500px) 100vw, 500px\" \/><\/p>\n<p><span style=\"text-decoration: underline;\"><img loading=\"lazy\" decoding=\"async\" class=\"alignnone size-full wp-image-1852\" title=\"Rannas pr\u00fcgi korjamas\" src=\"http:\/\/yhelteljel.ee\/wp-content\/uploads\/2009\/03\/img_2122.jpg\" alt=\"Rannas pr\u00fcgi korjamas\" width=\"500\" height=\"380\" srcset=\"https:\/\/yhelteljel.ee\/wp-content\/uploads\/2009\/03\/img_2122.jpg 500w, https:\/\/yhelteljel.ee\/wp-content\/uploads\/2009\/03\/img_2122-300x228.jpg 300w\" sizes=\"auto, (max-width: 500px) 100vw, 500px\" \/><\/span><\/p>\n<p><img loading=\"lazy\" decoding=\"async\" class=\"alignnone size-full wp-image-1846\" title=\"Poiss rannas eelmise \u00f6\u00f6 peost j\u00e4\u00e4nud pr\u00fcgi sorteerimas\" src=\"http:\/\/yhelteljel.ee\/wp-content\/uploads\/2009\/03\/img_2120.jpg\" alt=\"Poiss rannas eelmise \u00f6\u00f6 peost j\u00e4\u00e4nud pr\u00fcgi sorteerimas\" width=\"500\" height=\"386\" srcset=\"https:\/\/yhelteljel.ee\/wp-content\/uploads\/2009\/03\/img_2120.jpg 500w, https:\/\/yhelteljel.ee\/wp-content\/uploads\/2009\/03\/img_2120-300x231.jpg 300w\" sizes=\"auto, (max-width: 500px) 100vw, 500px\" \/><\/p>\n<p>Mida Limast p\u00f5hja poole, seda vaesemaks ja r\u00e4pasemaks elu-olu l\u00e4ks. L\u00f5una on ilmselt t\u00e4nu Machu-Picchu, Cuzco jms turismibuumi kohtadele suhteliselt korda tehtud, samas kui p\u00f5hjaosa on unarusse j\u00e4etud. Nagu \u00f6eldud on P\u00f5hja-Peruu maastikel potensiaali &#8211; hingematvalt v\u00e4gevad d\u00fc\u00fcnid, k\u00f5rged vaated ookeanile ja selline m\u00fcstiline pool-k\u00f5rbestunud maastik &#8211; kui vaid seda kuradima pr\u00fcgi k\u00f5ikjal ei oleks!<\/p>\n<p>Igatahes m\u00f5ned (puhtamate kohtade) panoraamid P\u00f5hja-Peruust:<\/p>\n<p><span style=\"text-decoration: underline;\"><a href=\"http:\/\/yhelteljel.ee\/wp-content\/uploads\/2009\/03\/pan-americana-1s.jpg\" target=\"_blank\"><img loading=\"lazy\" decoding=\"async\" class=\"alignnone size-full wp-image-1833\" title=\"Panamericana (1) - tee kulgeb m\u00f6\u00f6da ilusat ookeani\u00e4\u00e4rt\" src=\"http:\/\/yhelteljel.ee\/wp-content\/uploads\/2009\/03\/pan-americana-1v.png\" alt=\"Panamericana (1) - tee kulgeb m\u00f6\u00f6da ilusat ookeani\u00e4\u00e4rt\" width=\"500\" height=\"88\" srcset=\"https:\/\/yhelteljel.ee\/wp-content\/uploads\/2009\/03\/pan-americana-1v.png 500w, https:\/\/yhelteljel.ee\/wp-content\/uploads\/2009\/03\/pan-americana-1v-300x52.png 300w\" sizes=\"auto, (max-width: 500px) 100vw, 500px\" \/><\/a><\/span><\/p>\n<p><span style=\"text-decoration: underline;\"><a href=\"http:\/\/yhelteljel.ee\/wp-content\/uploads\/2009\/03\/pan-americana-2s.jpg\" target=\"_blank\"><img loading=\"lazy\" decoding=\"async\" class=\"alignnone size-full wp-image-1843\" title=\"Panamericana (2) - see oli k\u00f5ige ilusam Vaikse ooekani\u00e4\u00e4rne koht - v\u00f5imsad k\u00f5rged d\u00fc\u00fcnid!\" src=\"http:\/\/yhelteljel.ee\/wp-content\/uploads\/2009\/03\/pan-americana-2v.png\" alt=\"Panamericana (2) - see oli k\u00f5ige ilusam Vaikse ooekani\u00e4\u00e4rne - v\u00f5imsad k\u00f5rged d\u00fc\u00fcnid!\" width=\"500\" height=\"127\" srcset=\"https:\/\/yhelteljel.ee\/wp-content\/uploads\/2009\/03\/pan-americana-2v.png 500w, https:\/\/yhelteljel.ee\/wp-content\/uploads\/2009\/03\/pan-americana-2v-300x76.png 300w\" sizes=\"auto, (max-width: 500px) 100vw, 500px\" \/><\/a><\/span><\/p>\n<p><span style=\"text-decoration: underline;\"><a href=\"http:\/\/yhelteljel.ee\/wp-content\/uploads\/2009\/03\/pan-americana-3s.jpg\" target=\"_blank\"><img loading=\"lazy\" decoding=\"async\" class=\"alignnone size-full wp-image-1845\" title=\"Panamericana (3) - varahommikune rand\" src=\"http:\/\/yhelteljel.ee\/wp-content\/uploads\/2009\/03\/pan-americana-3v.jpg\" alt=\"Panamericana (3) - varahommikune rand\" width=\"500\" height=\"224\" srcset=\"https:\/\/yhelteljel.ee\/wp-content\/uploads\/2009\/03\/pan-americana-3v.jpg 500w, https:\/\/yhelteljel.ee\/wp-content\/uploads\/2009\/03\/pan-americana-3v-300x134.jpg 300w\" sizes=\"auto, (max-width: 500px) 100vw, 500px\" \/><\/a><\/span><\/p>\n<p><span style=\"text-decoration: underline;\"><a href=\"http:\/\/yhelteljel.ee\/wp-content\/uploads\/2009\/03\/pan-americana-4s.jpg\" target=\"_blank\"><img loading=\"lazy\" decoding=\"async\" class=\"alignnone size-full wp-image-1857\" title=\"Panamericana (4) - meie telkimiskoht tee l\u00e4heduses, v\u00e4ikse d\u00fc\u00fcni varjus\" src=\"http:\/\/yhelteljel.ee\/wp-content\/uploads\/2009\/03\/pan-americana-4v.png\" alt=\"Panamericana (4) - meie telkimiskoht tee l\u00e4heduses, v\u00e4ikse d\u00fc\u00fcni varjus\" width=\"500\" height=\"58\" srcset=\"https:\/\/yhelteljel.ee\/wp-content\/uploads\/2009\/03\/pan-americana-4v.png 500w, https:\/\/yhelteljel.ee\/wp-content\/uploads\/2009\/03\/pan-americana-4v-300x34.png 300w\" sizes=\"auto, (max-width: 500px) 100vw, 500px\" \/><\/a><\/span><\/p>\n<p><span style=\"text-decoration: underline;\"><a href=\"http:\/\/yhelteljel.ee\/wp-content\/uploads\/2009\/03\/pan-americana-5s.jpg\" target=\"_blank\"><img loading=\"lazy\" decoding=\"async\" class=\"alignnone size-full wp-image-1831\" title=\"Panamericana (5) - Ecuadori piiri l\u00e4hedalt\" src=\"http:\/\/yhelteljel.ee\/wp-content\/uploads\/2009\/03\/pan-americana-5v.png\" alt=\"PanAmericana (5) - Ekvadori piiri l\u00e4hedalt\" width=\"500\" height=\"80\" srcset=\"https:\/\/yhelteljel.ee\/wp-content\/uploads\/2009\/03\/pan-americana-5v.png 500w, https:\/\/yhelteljel.ee\/wp-content\/uploads\/2009\/03\/pan-americana-5v-300x48.png 300w\" sizes=\"auto, (max-width: 500px) 100vw, 500px\" \/><\/a><\/span><\/p>\n<p><span style=\"text-decoration: underline;\"><a href=\"http:\/\/yhelteljel.ee\/wp-content\/uploads\/2009\/03\/pan-americana-6s.jpg\" target=\"_blank\"><img loading=\"lazy\" decoding=\"async\" class=\"alignnone size-full wp-image-1854\" title=\"Panamericana (6) - vahetult enne Ecuadori piiri\" src=\"http:\/\/yhelteljel.ee\/wp-content\/uploads\/2009\/03\/pan-americana-6v.png\" alt=\"Panamericana (6) - vahetult enne Ecuadori piiri\" width=\"500\" height=\"77\" srcset=\"https:\/\/yhelteljel.ee\/wp-content\/uploads\/2009\/03\/pan-americana-6v.png 500w, https:\/\/yhelteljel.ee\/wp-content\/uploads\/2009\/03\/pan-americana-6v-300x46.png 300w\" sizes=\"auto, (max-width: 500px) 100vw, 500px\" \/><\/a><\/span><\/p>\n<p>\u00a0<\/p>\n<p>Oleme j\u00f5udnud Ecuadori, end maailma banaanipealinnaks nimetavasse Machala linna. Ostsime siit suurima banaani, mida kunagi n\u00e4inud oleme:<\/p>\n<p><img loading=\"lazy\" decoding=\"async\" class=\"alignnone size-full wp-image-1865\" title=\"Suurim banaan - v\u00f5rdlusena seda hoiab minu suuremapoole k\u00e4mmal\" src=\"http:\/\/yhelteljel.ee\/wp-content\/uploads\/2009\/03\/img_2186.jpg\" alt=\"Suurim banaan - v\u00f5rdlusena seda hoiab minu suuremapoole k\u00e4mmal\" width=\"500\" height=\"667\" srcset=\"https:\/\/yhelteljel.ee\/wp-content\/uploads\/2009\/03\/img_2186.jpg 500w, https:\/\/yhelteljel.ee\/wp-content\/uploads\/2009\/03\/img_2186-224x300.jpg 224w\" sizes=\"auto, (max-width: 500px) 100vw, 500px\" \/><\/p>\n<p>Eks l\u00e4hip\u00e4evad n\u00e4itavad, mida Ecuador endast kujutab. Ootame huviga \ud83d\ude42<\/p>\n","protected":false},"excerpt":{"rendered":"<p>Viimased p\u00e4evad on\u00a0m\u00f6\u00f6da Panamericana peateed Peruus olnud\u00a0suht k\u00f5va &#8220;andmine&#8221;. \u00d5nneks on enamasti tegu suht korraliku asfaldi ja sirge teega, mis on andnud v\u00f5imaluse vahemaid kiiresti l\u00e4bida &#8211; me pole just suured Peruu f\u00e4nnid.<\/p>\n","protected":false},"author":3,"featured_media":0,"comment_status":"open","ping_status":"open","sticky":false,"template":"","format":"standard","meta":{"_monsterinsights_skip_tracking":false,"_monsterinsights_sitenote_active":false,"_monsterinsights_sitenote_note":"","_monsterinsights_sitenote_category":0,"footnotes":""},"categories":[4],"tags":[1116,132,1114,128,137,1115],"class_list":["post-1826","post","type-post","status-publish","format-standard","hentry","category-louna-ameerika","tag-ecuador","tag-floora-ja-fauna","tag-inimesed","tag-linnad","tag-peruu","tag-teeolud"],"_links":{"self":[{"href":"https:\/\/yhelteljel.ee\/index.php?rest_route=\/wp\/v2\/posts\/1826","targetHints":{"allow":["GET"]}}],"collection":[{"href":"https:\/\/yhelteljel.ee\/index.php?rest_route=\/wp\/v2\/posts"}],"about":[{"href":"https:\/\/yhelteljel.ee\/index.php?rest_route=\/wp\/v2\/types\/post"}],"author":[{"embeddable":true,"href":"https:\/\/yhelteljel.ee\/index.php?rest_route=\/wp\/v2\/users\/3"}],"replies":[{"embeddable":true,"href":"https:\/\/yhelteljel.ee\/index.php?rest_route=%2Fwp%2Fv2%2Fcomments&post=1826"}],"version-history":[{"count":11,"href":"https:\/\/yhelteljel.ee\/index.php?rest_route=\/wp\/v2\/posts\/1826\/revisions"}],"predecessor-version":[{"id":2146,"href":"https:\/\/yhelteljel.ee\/index.php?rest_route=\/wp\/v2\/posts\/1826\/revisions\/2146"}],"wp:attachment":[{"href":"https:\/\/yhelteljel.ee\/index.php?rest_route=%2Fwp%2Fv2%2Fmedia&parent=1826"}],"wp:term":[{"taxonomy":"category","embeddable":true,"href":"https:\/\/yhelteljel.ee\/index.php?rest_route=%2Fwp%2Fv2%2Fcategories&post=1826"},{"taxonomy":"post_tag","embeddable":true,"href":"https:\/\/yhelteljel.ee\/index.php?rest_route=%2Fwp%2Fv2%2Ftags&post=1826"}],"curies":[{"name":"wp","href":"https:\/\/api.w.org\/{rel}","templated":true}]}}