{"id":1707,"date":"2009-03-26T15:33:58","date_gmt":"2009-03-26T13:33:58","guid":{"rendered":"http:\/\/yhelteljel.ee\/?p=1707"},"modified":"2009-04-15T19:34:15","modified_gmt":"2009-04-15T17:34:15","slug":"peruu","status":"publish","type":"post","link":"https:\/\/yhelteljel.ee\/?p=1707","title":{"rendered":"Peruu"},"content":{"rendered":"<p><img loading=\"lazy\" decoding=\"async\" class=\"alignnone size-full wp-image-1747\" title=\"Kariina ja kaktus\" src=\"http:\/\/yhelteljel.ee\/wp-content\/uploads\/2009\/03\/img_1896.jpg\" alt=\"Kaktus ja Kariina\" width=\"500\" height=\"667\" srcset=\"https:\/\/yhelteljel.ee\/wp-content\/uploads\/2009\/03\/img_1896.jpg 500w, https:\/\/yhelteljel.ee\/wp-content\/uploads\/2009\/03\/img_1896-224x300.jpg 224w\" sizes=\"auto, (max-width: 500px) 100vw, 500px\" \/><\/p>\n<p>Olen l\u00f5puks ka jalule ja ratta selga saanud ning s\u00f5itsime Cuzcost Nazca poole. Tee viib l\u00e4bi v\u00f5imsate <a href=\"http:\/\/et.wikipedia.org\/wiki\/Andid\" target=\"_blank\">Andide, <\/a>mis s\u00f5idu v\u00e4ga huvitavaks teeb.<\/p>\n<p><!--more--><\/p>\n<p>Tee \u00e4\u00e4res n\u00e4eb palju karjatatavaid\u00a0<a href=\"http:\/\/et.wikipedia.org\/wiki\/Laama_(loom)\" target=\"_blank\">laamasid<\/a>, kes kohati p\u00e4ris ohtlikud &#8211; v\u00f5ivad j\u00e4rsult teele h\u00fcpata. Sead on tavaliselt piisavalt targad, et tee\u00e4\u00e4rtm\u00f6\u00f6da k\u00f5ndida, eeslid j\u00e4\u00e4vad alati keset teed vahtima, ja lehmad v\u00f5i h\u00e4rjad tavaliselt v\u00e4ga aeglased, et endast mingit t\u00f5sisemat ohtu kujutada. Tsiklis\u00f5idule ongi ohtlikud kas laamad, <a href=\"http:\/\/en.wikipedia.org\/wiki\/Guanaco\" target=\"_blank\">guanaakod <\/a>v\u00f5i <a href=\"http:\/\/en.wikipedia.org\/wiki\/Vicu\u00f1a\" target=\"_blank\">vicu\u00f1ad\u00a0<\/a>(m\u00f5lemad kodustamata, n.\u00f6. &#8220;kergem-kiirem&#8221; versioon laamast) v\u00f5i hulkuvad koerad, kes pidevalt j\u00e4rele tahavad joosta.<\/p>\n<p><img loading=\"lazy\" decoding=\"async\" class=\"alignnone size-full wp-image-1764\" title=\"Laamade karjataja\" src=\"http:\/\/yhelteljel.ee\/wp-content\/uploads\/2009\/03\/img_1788.jpg\" alt=\"Laamade karjataja\" width=\"500\" height=\"667\" srcset=\"https:\/\/yhelteljel.ee\/wp-content\/uploads\/2009\/03\/img_1788.jpg 500w, https:\/\/yhelteljel.ee\/wp-content\/uploads\/2009\/03\/img_1788-224x300.jpg 224w\" sizes=\"auto, (max-width: 500px) 100vw, 500px\" \/><\/p>\n<p><img loading=\"lazy\" decoding=\"async\" class=\"alignnone size-full wp-image-1728\" title=\"Laama\" src=\"http:\/\/yhelteljel.ee\/wp-content\/uploads\/2009\/03\/img_1785.jpg\" alt=\"Laama\" width=\"500\" height=\"616\" srcset=\"https:\/\/yhelteljel.ee\/wp-content\/uploads\/2009\/03\/img_1785.jpg 500w, https:\/\/yhelteljel.ee\/wp-content\/uploads\/2009\/03\/img_1785-243x300.jpg 243w\" sizes=\"auto, (max-width: 500px) 100vw, 500px\" \/><\/p>\n<p>\u00a0Tee ise n\u00e4gi enamasti v\u00e4lja selline &#8211; vahelduv maa ja taeva vahel (k\u00f5rgused varieerusid 1800 &#8211; 4500m vahel) sinka-vonka aeglaselt edasi liikumine, k\u00f5rgushaigus ei paista meid enam t\u00fclitavat (ilmselt oleme n\u00fc\u00fcd l\u00f5plikult adapteerunud) &#8211; teed ise Peruus v\u00e4ga heas korras pole:<\/p>\n<p><img loading=\"lazy\" decoding=\"async\" class=\"alignnone size-full wp-image-1714\" title=\"Pilvede kohal (\u00fcle 4000 meetri)\" src=\"http:\/\/yhelteljel.ee\/wp-content\/uploads\/2009\/03\/img_1814.jpg\" alt=\"Pilvede kohal (\u00fcle 4000 meetri)\" width=\"500\" height=\"375\" srcset=\"https:\/\/yhelteljel.ee\/wp-content\/uploads\/2009\/03\/img_1814.jpg 500w, https:\/\/yhelteljel.ee\/wp-content\/uploads\/2009\/03\/img_1814-300x225.jpg 300w\" sizes=\"auto, (max-width: 500px) 100vw, 500px\" \/><\/p>\n<p><span style=\"text-decoration: underline;\"><img loading=\"lazy\" decoding=\"async\" class=\"alignnone size-full wp-image-1716\" title=\"Vaade k\u00f5rgustest - linn all l\u00e4bi pilvede\" src=\"http:\/\/yhelteljel.ee\/wp-content\/uploads\/2009\/03\/img_1800.jpg\" alt=\"Vaade k\u00f5rgustest - linn all l\u00e4bi pilvede\" width=\"500\" height=\"375\" srcset=\"https:\/\/yhelteljel.ee\/wp-content\/uploads\/2009\/03\/img_1800.jpg 500w, https:\/\/yhelteljel.ee\/wp-content\/uploads\/2009\/03\/img_1800-300x225.jpg 300w\" sizes=\"auto, (max-width: 500px) 100vw, 500px\" \/><\/span><\/p>\n<p>Leidus k\u00f5rgeid k\u00f5rbestunud platoosid:<\/p>\n<p><img loading=\"lazy\" decoding=\"async\" class=\"alignnone size-full wp-image-1761\" title=\"L\u00f5una keset v\u00e4lja\" src=\"http:\/\/yhelteljel.ee\/wp-content\/uploads\/2009\/03\/img_1952.jpg\" alt=\"L\u00f5una keset v\u00e4lja\" width=\"500\" height=\"375\" srcset=\"https:\/\/yhelteljel.ee\/wp-content\/uploads\/2009\/03\/img_1952.jpg 500w, https:\/\/yhelteljel.ee\/wp-content\/uploads\/2009\/03\/img_1952-300x225.jpg 300w\" sizes=\"auto, (max-width: 500px) 100vw, 500px\" \/><\/p>\n<p>Ja v\u00e4gevaid alla ulatuvaid rohelisi orgusid:<\/p>\n<p><img loading=\"lazy\" decoding=\"async\" class=\"alignnone size-full wp-image-1746\" title=\"Kariina binokliga kaemas\" src=\"http:\/\/yhelteljel.ee\/wp-content\/uploads\/2009\/03\/img_1879.jpg\" alt=\"Kariina binokliga kaemas\" width=\"500\" height=\"375\" srcset=\"https:\/\/yhelteljel.ee\/wp-content\/uploads\/2009\/03\/img_1879.jpg 500w, https:\/\/yhelteljel.ee\/wp-content\/uploads\/2009\/03\/img_1879-300x225.jpg 300w\" sizes=\"auto, (max-width: 500px) 100vw, 500px\" \/><\/p>\n<p>Inimesed elavad Peruu maapiirkondades omamoodi &#8211; enamasti kividest ja savist kokku pandud hooned ja aiad, kus \u00fcmber kas laamad, sead, veised v\u00f5i eeslid.<\/p>\n<p><a href=\"http:\/\/yhelteljel.ee\/wp-content\/uploads\/2009\/03\/img_1841_s.jpg\" target=\"_blank\"><img loading=\"lazy\" decoding=\"async\" class=\"alignnone size-full wp-image-1708\" title=\"Peruu talupidamine - laamad ja kivist-savist ehitised\" src=\"http:\/\/yhelteljel.ee\/wp-content\/uploads\/2009\/03\/img_1841_v.jpg\" alt=\"Peruu talupidamine - laamad ja kivist-savist ehitised\" width=\"500\" height=\"375\" srcset=\"https:\/\/yhelteljel.ee\/wp-content\/uploads\/2009\/03\/img_1841_v.jpg 500w, https:\/\/yhelteljel.ee\/wp-content\/uploads\/2009\/03\/img_1841_v-300x225.jpg 300w\" sizes=\"auto, (max-width: 500px) 100vw, 500px\" \/><\/a><\/p>\n<p>Siin \u00fcks eksreemn\u00e4ide, kus talu on keset kaljust j\u00e4rsku m\u00e4en\u00f5lva &#8211; ja seal haritakse maad ning elatakse!<\/p>\n<p><img loading=\"lazy\" decoding=\"async\" class=\"alignnone size-full wp-image-1726\" title=\"Talupidamine j\u00e4rskude kaljude vahel\" src=\"http:\/\/yhelteljel.ee\/wp-content\/uploads\/2009\/03\/img_1892.jpg\" alt=\"Talupidamine j\u00e4rskude kaljude vahel\" width=\"500\" height=\"667\" srcset=\"https:\/\/yhelteljel.ee\/wp-content\/uploads\/2009\/03\/img_1892.jpg 500w, https:\/\/yhelteljel.ee\/wp-content\/uploads\/2009\/03\/img_1892-224x300.jpg 224w\" sizes=\"auto, (max-width: 500px) 100vw, 500px\" \/><\/p>\n<p><img loading=\"lazy\" decoding=\"async\" class=\"alignnone size-full wp-image-1715\" title=\"Talu j\u00e4rsakul (l\u00e4hemalt)\" src=\"http:\/\/yhelteljel.ee\/wp-content\/uploads\/2009\/03\/img_1892_2.jpg\" alt=\"Talu j\u00e4rsakul (l\u00e4hemalt)\" width=\"500\" height=\"414\" srcset=\"https:\/\/yhelteljel.ee\/wp-content\/uploads\/2009\/03\/img_1892_2.jpg 500w, https:\/\/yhelteljel.ee\/wp-content\/uploads\/2009\/03\/img_1892_2-300x248.jpg 300w\" sizes=\"auto, (max-width: 500px) 100vw, 500px\" \/><\/p>\n<p>Peruu maastikke:<\/p>\n<p><a href=\"http:\/\/yhelteljel.ee\/wp-content\/uploads\/2009\/03\/img_1988_s.jpg\" target=\"_blank\"><img loading=\"lazy\" decoding=\"async\" class=\"alignnone size-full wp-image-1744\" title=\"Taamal hiiglaslik liivad\u00fc\u00fcn ulatumas \u00fcle m\u00e4gede (klikka, et suurendada)\" src=\"http:\/\/yhelteljel.ee\/wp-content\/uploads\/2009\/03\/img_1988.jpg\" alt=\"Taamal hiiglaslik liivad\u00fc\u00fcn ulatumas \u00fcle m\u00e4gede (klikka, et suurendada)\" width=\"500\" height=\"375\" srcset=\"https:\/\/yhelteljel.ee\/wp-content\/uploads\/2009\/03\/img_1988.jpg 500w, https:\/\/yhelteljel.ee\/wp-content\/uploads\/2009\/03\/img_1988-300x225.jpg 300w\" sizes=\"auto, (max-width: 500px) 100vw, 500px\" \/><\/a><\/p>\n<p>\u00dclemisel pildil peaks olema\u00a0(teada olevalt)\u00a0maailma k\u00f5rgeim liivad\u00fc\u00fcn &#8211; Cerro Blanco &#8211; 2078m.<\/p>\n<p><a href=\"http:\/\/yhelteljel.ee\/wp-content\/uploads\/2009\/03\/img_1991_s.jpg\" target=\"_blank\"><img loading=\"lazy\" decoding=\"async\" class=\"alignnone size-full wp-image-1718\" title=\"Omap\u00e4rased maastikud (klikka, et suurendada)\" src=\"http:\/\/yhelteljel.ee\/wp-content\/uploads\/2009\/03\/img_1991_v.jpg\" alt=\"Omap\u00e4rased maastikud (klikka, et suurendada)\" width=\"500\" height=\"375\" srcset=\"https:\/\/yhelteljel.ee\/wp-content\/uploads\/2009\/03\/img_1991_v.jpg 500w, https:\/\/yhelteljel.ee\/wp-content\/uploads\/2009\/03\/img_1991_v-300x225.jpg 300w\" sizes=\"auto, (max-width: 500px) 100vw, 500px\" \/><\/a><\/p>\n<p><img loading=\"lazy\" decoding=\"async\" class=\"alignnone size-full wp-image-1767\" title=\"Kaktusemaastik\" src=\"http:\/\/yhelteljel.ee\/wp-content\/uploads\/2009\/03\/img_1921.jpg\" alt=\"Kaktusemaastik\" width=\"500\" height=\"375\" srcset=\"https:\/\/yhelteljel.ee\/wp-content\/uploads\/2009\/03\/img_1921.jpg 500w, https:\/\/yhelteljel.ee\/wp-content\/uploads\/2009\/03\/img_1921-300x225.jpg 300w\" sizes=\"auto, (max-width: 500px) 100vw, 500px\" \/><\/p>\n<p>Ja hiigelkaktused, mis moodustavad alati eri kujusid, nagu suured keerulise kujuga skulptuurid:<\/p>\n<p><img loading=\"lazy\" decoding=\"async\" class=\"alignnone size-full wp-image-1762\" title=\"Hiigelkaktus\" src=\"http:\/\/yhelteljel.ee\/wp-content\/uploads\/2009\/03\/img_1894.jpg\" alt=\"Hiigelkaktus\" width=\"500\" height=\"375\" srcset=\"https:\/\/yhelteljel.ee\/wp-content\/uploads\/2009\/03\/img_1894.jpg 500w, https:\/\/yhelteljel.ee\/wp-content\/uploads\/2009\/03\/img_1894-300x225.jpg 300w\" sizes=\"auto, (max-width: 500px) 100vw, 500px\" \/><\/p>\n<p><img loading=\"lazy\" decoding=\"async\" class=\"alignnone size-full wp-image-1743\" title=\"Hiiglaslik kaktus vastu taevas\" src=\"http:\/\/yhelteljel.ee\/wp-content\/uploads\/2009\/03\/img_1918.jpg\" alt=\"Hiiglaslik kaktus vastu taevas\" width=\"500\" height=\"375\" srcset=\"https:\/\/yhelteljel.ee\/wp-content\/uploads\/2009\/03\/img_1918.jpg 500w, https:\/\/yhelteljel.ee\/wp-content\/uploads\/2009\/03\/img_1918-300x225.jpg 300w\" sizes=\"auto, (max-width: 500px) 100vw, 500px\" \/><\/p>\n<p><img loading=\"lazy\" decoding=\"async\" class=\"alignnone size-full wp-image-1745\" title=\"Kaktus (1)\" src=\"http:\/\/yhelteljel.ee\/wp-content\/uploads\/2009\/03\/img_1919.jpg\" alt=\"Kaktus\" width=\"500\" height=\"375\" srcset=\"https:\/\/yhelteljel.ee\/wp-content\/uploads\/2009\/03\/img_1919.jpg 500w, https:\/\/yhelteljel.ee\/wp-content\/uploads\/2009\/03\/img_1919-300x225.jpg 300w\" sizes=\"auto, (max-width: 500px) 100vw, 500px\" \/><\/p>\n<p><img loading=\"lazy\" decoding=\"async\" class=\"alignnone size-full wp-image-1710\" title=\"Kaktus (2)\" src=\"http:\/\/yhelteljel.ee\/wp-content\/uploads\/2009\/03\/img_1928.jpg\" alt=\"Kaktus (2)\" width=\"500\" height=\"375\" srcset=\"https:\/\/yhelteljel.ee\/wp-content\/uploads\/2009\/03\/img_1928.jpg 500w, https:\/\/yhelteljel.ee\/wp-content\/uploads\/2009\/03\/img_1928-300x225.jpg 300w\" sizes=\"auto, (max-width: 500px) 100vw, 500px\" \/><\/p>\n<p><img loading=\"lazy\" decoding=\"async\" class=\"alignnone size-full wp-image-1768\" title=\"Kaktus (3)\" src=\"http:\/\/yhelteljel.ee\/wp-content\/uploads\/2009\/03\/img_1925.jpg\" alt=\"Kaktus\" width=\"500\" height=\"375\" srcset=\"https:\/\/yhelteljel.ee\/wp-content\/uploads\/2009\/03\/img_1925.jpg 500w, https:\/\/yhelteljel.ee\/wp-content\/uploads\/2009\/03\/img_1925-300x225.jpg 300w\" sizes=\"auto, (max-width: 500px) 100vw, 500px\" \/><\/p>\n<p><img loading=\"lazy\" decoding=\"async\" class=\"alignnone size-full wp-image-1755\" title=\"Kaktus l\u00e4hemalt\" src=\"http:\/\/yhelteljel.ee\/wp-content\/uploads\/2009\/03\/img_1924.jpg\" alt=\"Kaktus l\u00e4hemalt\" width=\"500\" height=\"375\" srcset=\"https:\/\/yhelteljel.ee\/wp-content\/uploads\/2009\/03\/img_1924.jpg 500w, https:\/\/yhelteljel.ee\/wp-content\/uploads\/2009\/03\/img_1924-300x225.jpg 300w\" sizes=\"auto, (max-width: 500px) 100vw, 500px\" \/><\/p>\n<p><img loading=\"lazy\" decoding=\"async\" class=\"alignnone size-full wp-image-1740\" title=\"Kaktus\" src=\"http:\/\/yhelteljel.ee\/wp-content\/uploads\/2009\/03\/img_1939.jpg\" alt=\"Kaktus\" width=\"500\" height=\"375\" srcset=\"https:\/\/yhelteljel.ee\/wp-content\/uploads\/2009\/03\/img_1939.jpg 500w, https:\/\/yhelteljel.ee\/wp-content\/uploads\/2009\/03\/img_1939-300x225.jpg 300w\" sizes=\"auto, (max-width: 500px) 100vw, 500px\" \/><\/p>\n<p>Siinkohal v\u00f5iks Peruu maastike floorat ja faunat,\u00a0mida m\u00e4gistes k\u00f5rgustes ohtralt leiab,\u00a0piltidena v\u00e4ljendada:<\/p>\n<p><img loading=\"lazy\" decoding=\"async\" class=\"alignnone size-full wp-image-1749\" title=\"Lill\" src=\"http:\/\/yhelteljel.ee\/wp-content\/uploads\/2009\/03\/img_1937.jpg\" alt=\"Lill\" width=\"500\" height=\"375\" srcset=\"https:\/\/yhelteljel.ee\/wp-content\/uploads\/2009\/03\/img_1937.jpg 500w, https:\/\/yhelteljel.ee\/wp-content\/uploads\/2009\/03\/img_1937-300x225.jpg 300w\" sizes=\"auto, (max-width: 500px) 100vw, 500px\" \/><\/p>\n<p><a href=\"http:\/\/yhelteljel.ee\/wp-content\/uploads\/2009\/03\/img_1933_s.jpg\" target=\"_blank\"><img loading=\"lazy\" decoding=\"async\" class=\"alignnone size-full wp-image-1750\" title=\"Sellist taimestikku on palju (klikka, et suurendada)\" src=\"http:\/\/yhelteljel.ee\/wp-content\/uploads\/2009\/03\/img_1933_v.jpg\" alt=\"Sellist taimestikku on palju (klikka, et suurendada)\" width=\"500\" height=\"375\" srcset=\"https:\/\/yhelteljel.ee\/wp-content\/uploads\/2009\/03\/img_1933_v.jpg 500w, https:\/\/yhelteljel.ee\/wp-content\/uploads\/2009\/03\/img_1933_v-300x225.jpg 300w\" sizes=\"auto, (max-width: 500px) 100vw, 500px\" \/><\/a><\/p>\n<p><img loading=\"lazy\" decoding=\"async\" class=\"alignnone size-full wp-image-1732\" title=\"Lill\" src=\"http:\/\/yhelteljel.ee\/wp-content\/uploads\/2009\/03\/img_1927.jpg\" alt=\"Lill\" width=\"500\" height=\"375\" srcset=\"https:\/\/yhelteljel.ee\/wp-content\/uploads\/2009\/03\/img_1927.jpg 500w, https:\/\/yhelteljel.ee\/wp-content\/uploads\/2009\/03\/img_1927-300x225.jpg 300w\" sizes=\"auto, (max-width: 500px) 100vw, 500px\" \/><\/p>\n<p><img loading=\"lazy\" decoding=\"async\" class=\"alignnone size-full wp-image-1738\" title=\"Kristalne kivi - neid on seal hulgim vabalt maas\" src=\"http:\/\/yhelteljel.ee\/wp-content\/uploads\/2009\/03\/img_1926.jpg\" alt=\"Kristalne kivi - neid on seal hulgim vabalt maas\" width=\"500\" height=\"375\" srcset=\"https:\/\/yhelteljel.ee\/wp-content\/uploads\/2009\/03\/img_1926.jpg 500w, https:\/\/yhelteljel.ee\/wp-content\/uploads\/2009\/03\/img_1926-300x225.jpg 300w\" sizes=\"auto, (max-width: 500px) 100vw, 500px\" \/><\/p>\n<p>H\u00f5reda heina vahel elavad sellised tegelased:<\/p>\n<p><span style=\"text-decoration: underline;\"><img loading=\"lazy\" decoding=\"async\" class=\"alignnone size-full wp-image-1736\" title=\"Tirts\" src=\"http:\/\/yhelteljel.ee\/wp-content\/uploads\/2009\/03\/img_1983.jpg\" alt=\"Tirts\" width=\"500\" height=\"470\" srcset=\"https:\/\/yhelteljel.ee\/wp-content\/uploads\/2009\/03\/img_1983.jpg 500w, https:\/\/yhelteljel.ee\/wp-content\/uploads\/2009\/03\/img_1983-300x282.jpg 300w\" sizes=\"auto, (max-width: 500px) 100vw, 500px\" \/><\/span><\/p>\n<p><span style=\"text-decoration: underline;\"><img loading=\"lazy\" decoding=\"async\" class=\"alignnone size-full wp-image-1727\" title=\"P\u00f5rnikas\" src=\"http:\/\/yhelteljel.ee\/wp-content\/uploads\/2009\/03\/img_1976.jpg\" alt=\"P\u00f5rnikas\" width=\"500\" height=\"555\" srcset=\"https:\/\/yhelteljel.ee\/wp-content\/uploads\/2009\/03\/img_1976.jpg 500w, https:\/\/yhelteljel.ee\/wp-content\/uploads\/2009\/03\/img_1976-270x300.jpg 270w\" sizes=\"auto, (max-width: 500px) 100vw, 500px\" \/><\/span><\/p>\n<p><a href=\"http:\/\/yhelteljel.ee\/wp-content\/uploads\/2009\/03\/img_1971_s.jpg\" target=\"_blank\"><img loading=\"lazy\" decoding=\"async\" class=\"alignnone size-full wp-image-1730\" title=\"Sisalik (klikka, et suurendada)\" src=\"http:\/\/yhelteljel.ee\/wp-content\/uploads\/2009\/03\/img_1971_v.jpg\" alt=\"Sisalik (klikka, et suurendada)\" width=\"500\" height=\"667\" srcset=\"https:\/\/yhelteljel.ee\/wp-content\/uploads\/2009\/03\/img_1971_v.jpg 500w, https:\/\/yhelteljel.ee\/wp-content\/uploads\/2009\/03\/img_1971_v-224x300.jpg 224w\" sizes=\"auto, (max-width: 500px) 100vw, 500px\" \/><\/a><\/p>\n<p><a href=\"http:\/\/yhelteljel.ee\/wp-content\/uploads\/2009\/03\/img_1974_s.jpg\" target=\"_blank\"><img loading=\"lazy\" decoding=\"async\" class=\"alignnone size-full wp-image-1765\" title=\"Sisalik (2) - klikka, et suurendada\" src=\"http:\/\/yhelteljel.ee\/wp-content\/uploads\/2009\/03\/img_1974_v.jpg\" alt=\"Sisalik (2) - klikka, et suurendada\" width=\"500\" height=\"369\" srcset=\"https:\/\/yhelteljel.ee\/wp-content\/uploads\/2009\/03\/img_1974_v.jpg 500w, https:\/\/yhelteljel.ee\/wp-content\/uploads\/2009\/03\/img_1974_v-300x221.jpg 300w\" sizes=\"auto, (max-width: 500px) 100vw, 500px\" \/><\/a><\/p>\n<p>Ja nende kohal taevas tiirleb kull:<\/p>\n<p><img loading=\"lazy\" decoding=\"async\" class=\"alignnone size-full wp-image-1741\" title=\"Kull\" src=\"http:\/\/yhelteljel.ee\/wp-content\/uploads\/2009\/03\/img_1942.jpg\" alt=\"Kull\" width=\"500\" height=\"364\" srcset=\"https:\/\/yhelteljel.ee\/wp-content\/uploads\/2009\/03\/img_1942.jpg 500w, https:\/\/yhelteljel.ee\/wp-content\/uploads\/2009\/03\/img_1942-300x218.jpg 300w\" sizes=\"auto, (max-width: 500px) 100vw, 500px\" \/><\/p>\n<p>Tegelikult tegin selle pildi tee \u00e4\u00e4rest just siis kui hetk hiljem \u00fcks 4&#215;4 meie juures seisma j\u00e4i, hunnik h\u00e4rrasmehi autost v\u00e4lja tulid, suurte binoklitega, ja hakkasid samuti seda kulli kaema, teises k\u00e4es ornitoloogiaraamat. Liigi nimest ma ise aru saamata (v.a. see, et mingi &#8220;falcon&#8221; ta on) sain teada, et see peaks olema maailma kiirema &#8220;r\u00fcnnakuga&#8221; kull, ehk see kiirus, millega ta maa poole saagi j\u00e4rele s\u00f6\u00f6stab, on kulliliste seas suurimate hulgas. Eks ornitoloogid teavad, mis liiki kulliga t\u00e4pselt tegu.<\/p>\n<p>Siin ports Peruu erinevaid maastikke panoraamide kujul, enamus otse tee \u00e4\u00e4rest &#8211; peaks andma \u00fcldisema idee L\u00f5una-Peruu m\u00e4gimaastikest (klikka iga\u00fcht, et suurendada):<\/p>\n<p><a href=\"http:\/\/yhelteljel.ee\/wp-content\/uploads\/2009\/03\/peruu-1s.jpg\" target=\"_blank\"><img loading=\"lazy\" decoding=\"async\" class=\"alignnone size-full wp-image-1720\" title=\"Peruu (1) - j\u00f5gi m\u00e4gede vahel\" src=\"http:\/\/yhelteljel.ee\/wp-content\/uploads\/2009\/03\/peruu-1v.png\" alt=\"Peruu (1) - j\u00f5gi m\u00e4gede vahel\" width=\"500\" height=\"180\" srcset=\"https:\/\/yhelteljel.ee\/wp-content\/uploads\/2009\/03\/peruu-1v.png 500w, https:\/\/yhelteljel.ee\/wp-content\/uploads\/2009\/03\/peruu-1v-300x108.png 300w\" sizes=\"auto, (max-width: 500px) 100vw, 500px\" \/><\/a><\/p>\n<p><a href=\"http:\/\/yhelteljel.ee\/wp-content\/uploads\/2009\/03\/peruu-2s.jpg\" target=\"_blank\"><img loading=\"lazy\" decoding=\"async\" class=\"alignnone size-full wp-image-1722\" title=\"Peruu (2)\" src=\"http:\/\/yhelteljel.ee\/wp-content\/uploads\/2009\/03\/peruu-2v.png\" alt=\"Peruu (2)\" width=\"500\" height=\"142\" srcset=\"https:\/\/yhelteljel.ee\/wp-content\/uploads\/2009\/03\/peruu-2v.png 500w, https:\/\/yhelteljel.ee\/wp-content\/uploads\/2009\/03\/peruu-2v-300x85.png 300w\" sizes=\"auto, (max-width: 500px) 100vw, 500px\" \/><\/a><\/p>\n<p><a href=\"http:\/\/yhelteljel.ee\/wp-content\/uploads\/2009\/03\/peruu-3s.jpg\" target=\"_blank\"><img loading=\"lazy\" decoding=\"async\" class=\"alignnone size-full wp-image-1733\" title=\"Peruu (3)\" src=\"http:\/\/yhelteljel.ee\/wp-content\/uploads\/2009\/03\/peruu-3v.png\" alt=\"Peruu (3)\" width=\"500\" height=\"190\" srcset=\"https:\/\/yhelteljel.ee\/wp-content\/uploads\/2009\/03\/peruu-3v.png 500w, https:\/\/yhelteljel.ee\/wp-content\/uploads\/2009\/03\/peruu-3v-300x114.png 300w\" sizes=\"auto, (max-width: 500px) 100vw, 500px\" \/><\/a><\/p>\n<p><a href=\"http:\/\/yhelteljel.ee\/wp-content\/uploads\/2009\/03\/peruu-4s.jpg\" target=\"_blank\"><img loading=\"lazy\" decoding=\"async\" class=\"alignnone size-full wp-image-1713\" title=\"Peruu (4) - P\u00e4ikeseloojang 4500 meetri k\u00f5rgusel\" src=\"http:\/\/yhelteljel.ee\/wp-content\/uploads\/2009\/03\/peruu-4v.png\" alt=\"Peruu (4) - P\u00e4ikeseloojang 4500 meetri k\u00f5rgusel\" width=\"500\" height=\"88\" srcset=\"https:\/\/yhelteljel.ee\/wp-content\/uploads\/2009\/03\/peruu-4v.png 500w, https:\/\/yhelteljel.ee\/wp-content\/uploads\/2009\/03\/peruu-4v-300x52.png 300w\" sizes=\"auto, (max-width: 500px) 100vw, 500px\" \/><\/a><\/p>\n<p><a href=\"http:\/\/yhelteljel.ee\/wp-content\/uploads\/2009\/03\/peruu-5s.jpg\" target=\"_blank\"><img loading=\"lazy\" decoding=\"async\" class=\"alignnone size-full wp-image-1717\" title=\"Peruu (5) - meie telkimiskoht 3850m k\u00f5rgusel\" src=\"http:\/\/yhelteljel.ee\/wp-content\/uploads\/2009\/03\/peruu-5v.png\" alt=\"Peruu (5) - meie telkimiskoht 3850m k\u00f5rgusel\" width=\"500\" height=\"118\" srcset=\"https:\/\/yhelteljel.ee\/wp-content\/uploads\/2009\/03\/peruu-5v.png 500w, https:\/\/yhelteljel.ee\/wp-content\/uploads\/2009\/03\/peruu-5v-300x70.png 300w\" sizes=\"auto, (max-width: 500px) 100vw, 500px\" \/><\/a><\/p>\n<p><a href=\"http:\/\/yhelteljel.ee\/wp-content\/uploads\/2009\/03\/peruu-6s.jpg\" target=\"_blank\"><img loading=\"lazy\" decoding=\"async\" class=\"alignnone size-full wp-image-1709\" title=\"Peruu (6) - rohelised v\u00e4ljad\" src=\"http:\/\/yhelteljel.ee\/wp-content\/uploads\/2009\/03\/peruu-6v.png\" alt=\"Peruu (6) - rohelised v\u00e4ljad\" width=\"500\" height=\"88\" srcset=\"https:\/\/yhelteljel.ee\/wp-content\/uploads\/2009\/03\/peruu-6v.png 500w, https:\/\/yhelteljel.ee\/wp-content\/uploads\/2009\/03\/peruu-6v-300x52.png 300w\" sizes=\"auto, (max-width: 500px) 100vw, 500px\" \/><\/a><\/p>\n<p><a href=\"http:\/\/yhelteljel.ee\/wp-content\/uploads\/2009\/03\/peruu-7s.jpg\" target=\"_blank\"><img loading=\"lazy\" decoding=\"async\" class=\"alignnone size-full wp-image-1723\" title=\"Peruu (7) - rohelisus\" src=\"http:\/\/yhelteljel.ee\/wp-content\/uploads\/2009\/03\/peruu-7v.png\" alt=\"Peruu (7) - rohelisus\" width=\"500\" height=\"100\" srcset=\"https:\/\/yhelteljel.ee\/wp-content\/uploads\/2009\/03\/peruu-7v.png 500w, https:\/\/yhelteljel.ee\/wp-content\/uploads\/2009\/03\/peruu-7v-300x60.png 300w\" sizes=\"auto, (max-width: 500px) 100vw, 500px\" \/><\/a><\/p>\n<p><a href=\"http:\/\/yhelteljel.ee\/wp-content\/uploads\/2009\/03\/peruu-8s.jpg\" target=\"_blank\"><img loading=\"lazy\" decoding=\"async\" class=\"alignnone size-full wp-image-1753\" title=\"Peruu (8)\" src=\"http:\/\/yhelteljel.ee\/wp-content\/uploads\/2009\/03\/peruu-8v.png\" alt=\"Peruu (8)\" width=\"500\" height=\"121\" srcset=\"https:\/\/yhelteljel.ee\/wp-content\/uploads\/2009\/03\/peruu-8v.png 500w, https:\/\/yhelteljel.ee\/wp-content\/uploads\/2009\/03\/peruu-8v-300x72.png 300w\" sizes=\"auto, (max-width: 500px) 100vw, 500px\" \/><\/a><\/p>\n<p><a href=\"http:\/\/yhelteljel.ee\/wp-content\/uploads\/2009\/03\/peruu-9s.jpg\" target=\"_blank\"><img loading=\"lazy\" decoding=\"async\" class=\"alignnone size-full wp-image-1758\" title=\"Peruu (9)\" src=\"http:\/\/yhelteljel.ee\/wp-content\/uploads\/2009\/03\/peruu-9v.png\" alt=\"Peruu (9)\" width=\"500\" height=\"140\" srcset=\"https:\/\/yhelteljel.ee\/wp-content\/uploads\/2009\/03\/peruu-9v.png 500w, https:\/\/yhelteljel.ee\/wp-content\/uploads\/2009\/03\/peruu-9v-300x84.png 300w\" sizes=\"auto, (max-width: 500px) 100vw, 500px\" \/><\/a><\/p>\n<p><a href=\"http:\/\/yhelteljel.ee\/wp-content\/uploads\/2009\/03\/peruu-10s.jpg\" target=\"_blank\"><img loading=\"lazy\" decoding=\"async\" class=\"alignnone size-full wp-image-1725\" title=\"Peruu (10) - kuiv k\u00f5rbesarnane maastik enne Nazcat\" src=\"http:\/\/yhelteljel.ee\/wp-content\/uploads\/2009\/03\/peruu-10v.png\" alt=\"Peruu (10) - kuiv k\u00f5rbesarnane maastik enne Nazcat\" width=\"500\" height=\"115\" srcset=\"https:\/\/yhelteljel.ee\/wp-content\/uploads\/2009\/03\/peruu-10v.png 500w, https:\/\/yhelteljel.ee\/wp-content\/uploads\/2009\/03\/peruu-10v-300x69.png 300w\" sizes=\"auto, (max-width: 500px) 100vw, 500px\" \/><\/a><\/p>\n<p><a href=\"http:\/\/yhelteljel.ee\/wp-content\/uploads\/2009\/03\/peruu-11s.jpg\" target=\"_blank\"><img loading=\"lazy\" decoding=\"async\" class=\"alignnone size-full wp-image-1737\" title=\"Peruu (11) - omap\u00e4rased maastikud\" src=\"http:\/\/yhelteljel.ee\/wp-content\/uploads\/2009\/03\/peruu-11v.png\" alt=\"Peruu (11) - omap\u00e4rased maastikud\" width=\"500\" height=\"82\" srcset=\"https:\/\/yhelteljel.ee\/wp-content\/uploads\/2009\/03\/peruu-11v.png 500w, https:\/\/yhelteljel.ee\/wp-content\/uploads\/2009\/03\/peruu-11v-300x49.png 300w\" sizes=\"auto, (max-width: 500px) 100vw, 500px\" \/><\/a><\/p>\n<p><a href=\"http:\/\/yhelteljel.ee\/wp-content\/uploads\/2009\/03\/peruu-12s.jpg\" target=\"_blank\"><img loading=\"lazy\" decoding=\"async\" class=\"alignnone size-full wp-image-1754\" title=\"Peruu (12) - sinka-vonka tee\" src=\"http:\/\/yhelteljel.ee\/wp-content\/uploads\/2009\/03\/peruu-12v.png\" alt=\"Peruu (12) - sinka-vonka tee\" width=\"500\" height=\"142\" srcset=\"https:\/\/yhelteljel.ee\/wp-content\/uploads\/2009\/03\/peruu-12v.png 500w, https:\/\/yhelteljel.ee\/wp-content\/uploads\/2009\/03\/peruu-12v-300x85.png 300w\" sizes=\"auto, (max-width: 500px) 100vw, 500px\" \/><\/a><\/p>\n","protected":false},"excerpt":{"rendered":"<p>Olen l\u00f5puks ka jalule ja ratta selga saanud ning s\u00f5itsime Cuzcost Nazca poole. Tee viib l\u00e4bi v\u00f5imsate Andide, mis s\u00f5idu v\u00e4ga huvitavaks teeb.<\/p>\n","protected":false},"author":3,"featured_media":0,"comment_status":"open","ping_status":"open","sticky":false,"template":"","format":"standard","meta":{"_monsterinsights_skip_tracking":false,"_monsterinsights_sitenote_active":false,"_monsterinsights_sitenote_note":"","_monsterinsights_sitenote_category":0,"footnotes":""},"categories":[4],"tags":[132,137],"class_list":["post-1707","post","type-post","status-publish","format-standard","hentry","category-louna-ameerika","tag-floora-ja-fauna","tag-peruu"],"_links":{"self":[{"href":"https:\/\/yhelteljel.ee\/index.php?rest_route=\/wp\/v2\/posts\/1707","targetHints":{"allow":["GET"]}}],"collection":[{"href":"https:\/\/yhelteljel.ee\/index.php?rest_route=\/wp\/v2\/posts"}],"about":[{"href":"https:\/\/yhelteljel.ee\/index.php?rest_route=\/wp\/v2\/types\/post"}],"author":[{"embeddable":true,"href":"https:\/\/yhelteljel.ee\/index.php?rest_route=\/wp\/v2\/users\/3"}],"replies":[{"embeddable":true,"href":"https:\/\/yhelteljel.ee\/index.php?rest_route=%2Fwp%2Fv2%2Fcomments&post=1707"}],"version-history":[{"count":18,"href":"https:\/\/yhelteljel.ee\/index.php?rest_route=\/wp\/v2\/posts\/1707\/revisions"}],"predecessor-version":[{"id":2143,"href":"https:\/\/yhelteljel.ee\/index.php?rest_route=\/wp\/v2\/posts\/1707\/revisions\/2143"}],"wp:attachment":[{"href":"https:\/\/yhelteljel.ee\/index.php?rest_route=%2Fwp%2Fv2%2Fmedia&parent=1707"}],"wp:term":[{"taxonomy":"category","embeddable":true,"href":"https:\/\/yhelteljel.ee\/index.php?rest_route=%2Fwp%2Fv2%2Fcategories&post=1707"},{"taxonomy":"post_tag","embeddable":true,"href":"https:\/\/yhelteljel.ee\/index.php?rest_route=%2Fwp%2Fv2%2Ftags&post=1707"}],"curies":[{"name":"wp","href":"https:\/\/api.w.org\/{rel}","templated":true}]}}