{"id":1685,"date":"2009-03-22T19:33:31","date_gmt":"2009-03-22T17:33:31","guid":{"rendered":"http:\/\/yhelteljel.ee\/?p=1685"},"modified":"2009-04-15T19:32:59","modified_gmt":"2009-04-15T17:32:59","slug":"pildikesi-cuscost","status":"publish","type":"post","link":"https:\/\/yhelteljel.ee\/?p=1685","title":{"rendered":"Pildikesi Cuscost"},"content":{"rendered":"<p><img loading=\"lazy\" decoding=\"async\" class=\"alignnone size-full wp-image-1697\" title=\"Iidamast-aadamast inkade ehituskunst\" src=\"http:\/\/yhelteljel.ee\/wp-content\/uploads\/2009\/03\/img_1764.jpg\" alt=\"Iidamast-aadamast inkade ehituskunst\" width=\"500\" height=\"375\" srcset=\"https:\/\/yhelteljel.ee\/wp-content\/uploads\/2009\/03\/img_1764.jpg 500w, https:\/\/yhelteljel.ee\/wp-content\/uploads\/2009\/03\/img_1764-300x225.jpg 300w\" sizes=\"auto, (max-width: 500px) 100vw, 500px\" \/><\/p>\n<p>Kui pea n\u00e4dal aega tagasi <a href=\"http:\/\/en.wikipedia.org\/wiki\/Cusco\" target=\"_blank\">Cuscosse<\/a> saabusime, oli juba pime, kuid juba siis oli selge, et tegemist on v\u00f5luva linnaga. Kui seda peaks kuidagi iseloomustama, siis esimese asjana kerkivad silme ette valgeksv\u00f5\u00f5batud majad ning m\u00e4kke ronivad munakivit\u00e4navad. Ja v\u00e4japeetus, l\u00e4bim\u00f5eldus &#8211; p\u00e4rast La Pazi kaost on siin k\u00f5ik jooned justkui joonlauaga t\u00f5mmatud, v\u00e4hemalt j\u00e4\u00e4b selline mulje.<\/p>\n<p><!--more--><\/p>\n<p><img loading=\"lazy\" decoding=\"async\" class=\"alignnone size-full wp-image-1696\" title=\"M\u00e4ed paistavad keskv\u00e4ljakult k\u00e4tte\" src=\"http:\/\/yhelteljel.ee\/wp-content\/uploads\/2009\/03\/img_1708.jpg\" alt=\"M\u00e4ed paistavad keskv\u00e4ljakult k\u00e4tte\" width=\"500\" height=\"375\" srcset=\"https:\/\/yhelteljel.ee\/wp-content\/uploads\/2009\/03\/img_1708.jpg 500w, https:\/\/yhelteljel.ee\/wp-content\/uploads\/2009\/03\/img_1708-300x225.jpg 300w\" sizes=\"auto, (max-width: 500px) 100vw, 500px\" \/><\/p>\n<p>Pikemalt ei hakkagi seletama, las pildid k\u00f5nelevad enda eest.<\/p>\n<p><img loading=\"lazy\" decoding=\"async\" class=\"alignnone size-full wp-image-1686\" title=\"Compan\u00eda de J\u00e9sus - peakirik\" src=\"http:\/\/yhelteljel.ee\/wp-content\/uploads\/2009\/03\/img_1706.jpg\" alt=\"Compan\u00eda de J\u00e9sus - peakirik\" width=\"500\" height=\"371\" srcset=\"https:\/\/yhelteljel.ee\/wp-content\/uploads\/2009\/03\/img_1706.jpg 500w, https:\/\/yhelteljel.ee\/wp-content\/uploads\/2009\/03\/img_1706-300x222.jpg 300w\" sizes=\"auto, (max-width: 500px) 100vw, 500px\" \/><\/p>\n<p>Plaza de Armas &#8211; huvitaval kombel on L\u00f5una-Ameerika linnade peav\u00e4ljakute nimeks sageli &#8220;Relvade v\u00e4ljak&#8221;:<\/p>\n<p><a href=\"http:\/\/yhelteljel.ee\/wp-content\/uploads\/2009\/03\/cuzco-s.jpg\" target=\"_blank\"><img loading=\"lazy\" decoding=\"async\" class=\"alignnone size-full wp-image-1692\" title=\"Cuzco panoraam\" src=\"http:\/\/yhelteljel.ee\/wp-content\/uploads\/2009\/03\/cuzco-v.png\" alt=\"Cuzco panoraam\" width=\"500\" height=\"111\" srcset=\"https:\/\/yhelteljel.ee\/wp-content\/uploads\/2009\/03\/cuzco-v.png 500w, https:\/\/yhelteljel.ee\/wp-content\/uploads\/2009\/03\/cuzco-v-300x66.png 300w\" sizes=\"auto, (max-width: 500px) 100vw, 500px\" \/><\/a><\/p>\n<p>Pikalt alla (v\u00f5i \u00fcles, s\u00f5ltub kust otsast vaadata) kulgevad munakivit\u00e4navad:<\/p>\n<p><span style=\"color: #0000ee; text-decoration: underline;\"><img loading=\"lazy\" decoding=\"async\" class=\"alignnone size-full wp-image-1694\" title=\"Kui siit pall alla veerema hakkab... (ja hakkab! ise n\u00e4gin)\" src=\"http:\/\/yhelteljel.ee\/wp-content\/uploads\/2009\/03\/img_1757.jpg\" alt=\"Kui siit pall alla veerema hakkab... (ja hakkab! ise n\u00e4gin)\" width=\"500\" height=\"667\" srcset=\"https:\/\/yhelteljel.ee\/wp-content\/uploads\/2009\/03\/img_1757.jpg 500w, https:\/\/yhelteljel.ee\/wp-content\/uploads\/2009\/03\/img_1757-224x300.jpg 224w\" sizes=\"auto, (max-width: 500px) 100vw, 500px\" \/><\/span><\/p>\n<p><img loading=\"lazy\" decoding=\"async\" class=\"alignnone size-full wp-image-1689\" title=\"T\u00fc\u00fcpiline Cuzco vanalinna j\u00e4rsk t\u00e4nav - taamal m\u00e4epeal &quot;Viva Peru!&quot;\" src=\"http:\/\/yhelteljel.ee\/wp-content\/uploads\/2009\/03\/img_1761.jpg\" alt=\"T\u00fc\u00fcpiline Cuzco vanalinna j\u00e4rsk t\u00e4nav - taamal m\u00e4epeal &quot;Viva Peru!&quot;\" width=\"500\" height=\"667\" srcset=\"https:\/\/yhelteljel.ee\/wp-content\/uploads\/2009\/03\/img_1761.jpg 500w, https:\/\/yhelteljel.ee\/wp-content\/uploads\/2009\/03\/img_1761-224x300.jpg 224w\" sizes=\"auto, (max-width: 500px) 100vw, 500px\" \/><\/p>\n<p><img loading=\"lazy\" decoding=\"async\" class=\"alignnone size-full wp-image-1687\" title=\"Viva El Peru!\" src=\"http:\/\/yhelteljel.ee\/wp-content\/uploads\/2009\/03\/img_1761_2.jpg\" alt=\"Viva El Peru!\" width=\"500\" height=\"276\" srcset=\"https:\/\/yhelteljel.ee\/wp-content\/uploads\/2009\/03\/img_1761_2.jpg 500w, https:\/\/yhelteljel.ee\/wp-content\/uploads\/2009\/03\/img_1761_2-300x165.jpg 300w\" sizes=\"auto, (max-width: 500px) 100vw, 500px\" \/><\/p>\n<p>V\u00e4ljan\u00e4gemise arvelt ei koonerdata &#8211; karnevalikost\u00fc\u00fcmis noored t\u00e4naval ning \u00fcks nukkudest kirikus:<\/p>\n<p><img loading=\"lazy\" decoding=\"async\" class=\"alignnone size-full wp-image-1699\" title=\"Karnevalikost\u00fc\u00fcmis noored linnateatri ees\" src=\"http:\/\/yhelteljel.ee\/wp-content\/uploads\/2009\/03\/img_1767.jpg\" alt=\"Karnevalikost\u00fc\u00fcmis noored linnateatri ees\" width=\"500\" height=\"615\" srcset=\"https:\/\/yhelteljel.ee\/wp-content\/uploads\/2009\/03\/img_1767.jpg 500w, https:\/\/yhelteljel.ee\/wp-content\/uploads\/2009\/03\/img_1767-243x300.jpg 243w\" sizes=\"auto, (max-width: 500px) 100vw, 500px\" \/><\/p>\n<p><img loading=\"lazy\" decoding=\"async\" class=\"alignnone size-full wp-image-1693\" title=\"Pikk pats ja kahar seelik - traditsioon uues kuues\" src=\"http:\/\/yhelteljel.ee\/wp-content\/uploads\/2009\/03\/img_1766.jpg\" alt=\"Pikk pats ja kahar seelik - traditsioon uues kuues\" width=\"500\" height=\"667\" srcset=\"https:\/\/yhelteljel.ee\/wp-content\/uploads\/2009\/03\/img_1766.jpg 500w, https:\/\/yhelteljel.ee\/wp-content\/uploads\/2009\/03\/img_1766-224x300.jpg 224w\" sizes=\"auto, (max-width: 500px) 100vw, 500px\" \/><\/p>\n<p>H\u00fcgieeniteenused &#8211; soe vesi iga kell ehk avalik saun:<\/p>\n<p><img loading=\"lazy\" decoding=\"async\" class=\"alignnone size-full wp-image-1691\" title=\"Avalik saun\" src=\"http:\/\/yhelteljel.ee\/wp-content\/uploads\/2009\/03\/img_1769.jpg\" alt=\"Avalik saun\" width=\"500\" height=\"705\" srcset=\"https:\/\/yhelteljel.ee\/wp-content\/uploads\/2009\/03\/img_1769.jpg 500w, https:\/\/yhelteljel.ee\/wp-content\/uploads\/2009\/03\/img_1769-212x300.jpg 212w\" sizes=\"auto, (max-width: 500px) 100vw, 500px\" \/><\/p>\n<p><img loading=\"lazy\" decoding=\"async\" class=\"alignnone size-full wp-image-1688\" title=\"R\u00f5du ja uks...\" src=\"http:\/\/yhelteljel.ee\/wp-content\/uploads\/2009\/03\/img_1763.jpg\" alt=\"R\u00f5du ja uks...\" width=\"500\" height=\"667\" srcset=\"https:\/\/yhelteljel.ee\/wp-content\/uploads\/2009\/03\/img_1763.jpg 500w, https:\/\/yhelteljel.ee\/wp-content\/uploads\/2009\/03\/img_1763-224x300.jpg 224w\" sizes=\"auto, (max-width: 500px) 100vw, 500px\" \/><\/p>\n<p><img loading=\"lazy\" decoding=\"async\" class=\"alignnone size-full wp-image-1690\" title=\"R\u00f5dud\" src=\"http:\/\/yhelteljel.ee\/wp-content\/uploads\/2009\/03\/img_1768.jpg\" alt=\"R\u00f5dud\" width=\"500\" height=\"667\" srcset=\"https:\/\/yhelteljel.ee\/wp-content\/uploads\/2009\/03\/img_1768.jpg 500w, https:\/\/yhelteljel.ee\/wp-content\/uploads\/2009\/03\/img_1768-224x300.jpg 224w\" sizes=\"auto, (max-width: 500px) 100vw, 500px\" \/><\/p>\n<p><img loading=\"lazy\" decoding=\"async\" class=\"alignnone size-full wp-image-1698\" title=\"\u00dcks p\u00fchakutest\" src=\"http:\/\/yhelteljel.ee\/wp-content\/uploads\/2009\/03\/img_1778.jpg\" alt=\"\u00dcks p\u00fchakutest\" width=\"500\" height=\"667\" srcset=\"https:\/\/yhelteljel.ee\/wp-content\/uploads\/2009\/03\/img_1778.jpg 500w, https:\/\/yhelteljel.ee\/wp-content\/uploads\/2009\/03\/img_1778-224x300.jpg 224w\" sizes=\"auto, (max-width: 500px) 100vw, 500px\" \/><\/p>\n","protected":false},"excerpt":{"rendered":"<p>Kui pea n\u00e4dal aega tagasi Cuscosse saabusime, oli juba pime, kuid juba siis oli selge, et tegemist on v\u00f5luva linnaga. Kui seda peaks kuidagi iseloomustama, siis esimese asjana kerkivad silme ette valgeksv\u00f5\u00f5batud majad ning m\u00e4kke ronivad munakivit\u00e4navad. Ja v\u00e4japeetus, l\u00e4bim\u00f5eldus &#8211; p\u00e4rast La Pazi kaost on siin k\u00f5ik jooned justkui joonlauaga t\u00f5mmatud, v\u00e4hemalt j\u00e4\u00e4b selline &hellip; <a href=\"https:\/\/yhelteljel.ee\/?p=1685\" class=\"more-link\">Loe edasi <span class=\"screen-reader-text\">Pildikesi Cuscost<\/span> <span class=\"meta-nav\">&rarr;<\/span><\/a><\/p>\n","protected":false},"author":2,"featured_media":0,"comment_status":"open","ping_status":"open","sticky":false,"template":"","format":"standard","meta":{"_monsterinsights_skip_tracking":false,"_monsterinsights_sitenote_active":false,"_monsterinsights_sitenote_note":"","_monsterinsights_sitenote_category":0,"footnotes":""},"categories":[4],"tags":[1114,128,137],"class_list":["post-1685","post","type-post","status-publish","format-standard","hentry","category-louna-ameerika","tag-inimesed","tag-linnad","tag-peruu"],"_links":{"self":[{"href":"https:\/\/yhelteljel.ee\/index.php?rest_route=\/wp\/v2\/posts\/1685","targetHints":{"allow":["GET"]}}],"collection":[{"href":"https:\/\/yhelteljel.ee\/index.php?rest_route=\/wp\/v2\/posts"}],"about":[{"href":"https:\/\/yhelteljel.ee\/index.php?rest_route=\/wp\/v2\/types\/post"}],"author":[{"embeddable":true,"href":"https:\/\/yhelteljel.ee\/index.php?rest_route=\/wp\/v2\/users\/2"}],"replies":[{"embeddable":true,"href":"https:\/\/yhelteljel.ee\/index.php?rest_route=%2Fwp%2Fv2%2Fcomments&post=1685"}],"version-history":[{"count":7,"href":"https:\/\/yhelteljel.ee\/index.php?rest_route=\/wp\/v2\/posts\/1685\/revisions"}],"predecessor-version":[{"id":2142,"href":"https:\/\/yhelteljel.ee\/index.php?rest_route=\/wp\/v2\/posts\/1685\/revisions\/2142"}],"wp:attachment":[{"href":"https:\/\/yhelteljel.ee\/index.php?rest_route=%2Fwp%2Fv2%2Fmedia&parent=1685"}],"wp:term":[{"taxonomy":"category","embeddable":true,"href":"https:\/\/yhelteljel.ee\/index.php?rest_route=%2Fwp%2Fv2%2Fcategories&post=1685"},{"taxonomy":"post_tag","embeddable":true,"href":"https:\/\/yhelteljel.ee\/index.php?rest_route=%2Fwp%2Fv2%2Ftags&post=1685"}],"curies":[{"name":"wp","href":"https:\/\/api.w.org\/{rel}","templated":true}]}}