{"id":1647,"date":"2009-03-16T17:37:45","date_gmt":"2009-03-16T15:37:45","guid":{"rendered":"http:\/\/yhelteljel.ee\/?p=1647"},"modified":"2009-04-15T19:29:56","modified_gmt":"2009-04-15T17:29:56","slug":"titicaca-jarv-ja-peruu-piiriuletus","status":"publish","type":"post","link":"https:\/\/yhelteljel.ee\/?p=1647","title":{"rendered":"Titicaca j\u00e4rv ja Peruu piiri\u00fcletus"},"content":{"rendered":"<p><img loading=\"lazy\" decoding=\"async\" class=\"alignnone size-full wp-image-1660\" title=\"Ristid\" src=\"http:\/\/yhelteljel.ee\/wp-content\/uploads\/2009\/03\/img_1692.jpg\" alt=\"Ristid\" width=\"500\" height=\"375\" srcset=\"https:\/\/yhelteljel.ee\/wp-content\/uploads\/2009\/03\/img_1692.jpg 500w, https:\/\/yhelteljel.ee\/wp-content\/uploads\/2009\/03\/img_1692-300x225.jpg 300w\" sizes=\"auto, (max-width: 500px) 100vw, 500px\" \/><\/p>\n<p>P\u00e4rast La Pazi maandusime kaheks p\u00e4evaks <a href=\"http:\/\/en.wikipedia.org\/wiki\/Copacabana,_Bolivia\" target=\"_blank\">Copacabanas<\/a>, <a href=\"http:\/\/et.wikipedia.org\/wiki\/Titicaca_j\u00e4rv\" target=\"_blank\">Titicaca<\/a> j\u00e4rve \u00e4\u00e4res. Tee sinna oli p\u00e4ris kena ning sisaldas Titicaca ja Huynaymarca j\u00e4rve vahelise v\u00e4ina \u00fcletust.<\/p>\n<p><!--more-->J\u00e4rv ise on 3812 meetri k\u00f5rgusel:<\/p>\n<p><a href=\"http:\/\/yhelteljel.ee\/wp-content\/uploads\/2009\/03\/copa-1s.jpg\" target=\"_blank\"><img loading=\"lazy\" decoding=\"async\" class=\"alignnone size-full wp-image-1651\" title=\"Titicaca j\u00e4rv\" src=\"http:\/\/yhelteljel.ee\/wp-content\/uploads\/2009\/03\/copa-1v.png\" alt=\"Titicaca j\u00e4rv\" width=\"500\" height=\"112\" srcset=\"https:\/\/yhelteljel.ee\/wp-content\/uploads\/2009\/03\/copa-1v.png 500w, https:\/\/yhelteljel.ee\/wp-content\/uploads\/2009\/03\/copa-1v-300x67.png 300w\" sizes=\"auto, (max-width: 500px) 100vw, 500px\" \/><\/a><\/p>\n<p>See toimus just sellesama parvega:<\/p>\n<p><img loading=\"lazy\" decoding=\"async\" class=\"alignnone size-full wp-image-1663\" title=\"Sellise pool m\u00e4danenud puidust praami peale tuli s\u00f5ita, et j\u00e4rve \u00fcletada\" src=\"http:\/\/yhelteljel.ee\/wp-content\/uploads\/2009\/03\/img_1646.jpg\" alt=\"Sellise pool m\u00e4danenud puidust praami peale tuli s\u00f5ita, et j\u00e4rve \u00fcletada\" width=\"500\" height=\"667\" srcset=\"https:\/\/yhelteljel.ee\/wp-content\/uploads\/2009\/03\/img_1646.jpg 500w, https:\/\/yhelteljel.ee\/wp-content\/uploads\/2009\/03\/img_1646-224x300.jpg 224w\" sizes=\"auto, (max-width: 500px) 100vw, 500px\" \/><\/p>\n<p>P\u00e4ris h\u00e4mmastav, kuidas samasuguste logudega \u00fcletavad v\u00e4ina ka bussid:<\/p>\n<p><img loading=\"lazy\" decoding=\"async\" class=\"alignnone size-full wp-image-1658\" title=\"Buss parvel\" src=\"http:\/\/yhelteljel.ee\/wp-content\/uploads\/2009\/03\/img_1652.jpg\" alt=\"Buss parvel\" width=\"500\" height=\"375\" srcset=\"https:\/\/yhelteljel.ee\/wp-content\/uploads\/2009\/03\/img_1652.jpg 500w, https:\/\/yhelteljel.ee\/wp-content\/uploads\/2009\/03\/img_1652-300x225.jpg 300w\" sizes=\"auto, (max-width: 500px) 100vw, 500px\" \/><\/p>\n<p>Lonely Planeti j\u00e4rgi n\u00e4ib Copacabanal olevat \u00fcks funktsioon &#8211; olla baaslaagriks j\u00e4rvel olevaid saari avastada soovijatele. Seet\u00f5ttu ei olnud meil sellega seoses ka mingeid illusioone &#8211; ehkki nimi on ju ahvatlev (Rio de Janeiros on n\u00e4iteks samanimeline rand). Plaan oli seal \u00fcheks \u00f6\u00f6ks peatuda, et siis j\u00e4rgmisel p\u00e4eval \u00fcletada sealt 8 kilomeetrit edasi asuv Peruu piir.<\/p>\n<p><img loading=\"lazy\" decoding=\"async\" class=\"alignnone size-full wp-image-1657\" title=\"Titicaca j\u00e4rv\" src=\"http:\/\/yhelteljel.ee\/wp-content\/uploads\/2009\/03\/img_1648.jpg\" alt=\"Titicaca j\u00e4rv\" width=\"500\" height=\"375\" srcset=\"https:\/\/yhelteljel.ee\/wp-content\/uploads\/2009\/03\/img_1648.jpg 500w, https:\/\/yhelteljel.ee\/wp-content\/uploads\/2009\/03\/img_1648-300x225.jpg 300w\" sizes=\"auto, (max-width: 500px) 100vw, 500px\" \/><\/p>\n<p>Ega asula ise kui selline v\u00e4ga palju t\u00fc\u00fcpilistest Boliivia linnakestest ei erinenud &#8211; palju k\u00fcllaltki inetuid saviplokist ja punasest tellisest maju, m\u00f5ned neist igavesti pooleli olevad. V\u00e4gev oli aga meie m\u00e4en\u00f5lval asuva hosteli aknast avanev vaade &#8211; justkui peopesal olev linn m\u00e4gede ja j\u00e4rve vahel:<\/p>\n<p><img loading=\"lazy\" decoding=\"async\" class=\"alignnone size-full wp-image-1653\" title=\"Vaade hostelist Copacabanale\" src=\"http:\/\/yhelteljel.ee\/wp-content\/uploads\/2009\/03\/img_1697.jpg\" alt=\"Vaade hostelist Copacabanale\" width=\"500\" height=\"375\" srcset=\"https:\/\/yhelteljel.ee\/wp-content\/uploads\/2009\/03\/img_1697.jpg 500w, https:\/\/yhelteljel.ee\/wp-content\/uploads\/2009\/03\/img_1697-300x225.jpg 300w\" sizes=\"auto, (max-width: 500px) 100vw, 500px\" \/><\/p>\n<p>Ja imeilus katedraal:<\/p>\n<p><a href=\"http:\/\/yhelteljel.ee\/wp-content\/uploads\/2009\/03\/copa-2s.jpg\" target=\"_blank\"><img loading=\"lazy\" decoding=\"async\" class=\"alignnone size-full wp-image-1652\" title=\"Copacabana katedraali panoraam hoovist\" src=\"http:\/\/yhelteljel.ee\/wp-content\/uploads\/2009\/03\/copa-2v.png\" alt=\"Copacabana katedraali panoraam hoovist\" width=\"500\" height=\"106\" srcset=\"https:\/\/yhelteljel.ee\/wp-content\/uploads\/2009\/03\/copa-2v.png 500w, https:\/\/yhelteljel.ee\/wp-content\/uploads\/2009\/03\/copa-2v-300x63.png 300w\" sizes=\"auto, (max-width: 500px) 100vw, 500px\" \/><\/a><\/p>\n<p>Minu arvates kahvatuvad pea k\u00f5ik \u00fclej\u00e4\u00e4nud Boliivias n\u00e4htud katedraalid selle &#8220;k\u00fclakiriku&#8221; ees &#8211; ilusad, puhtad vormid. Ehk annab \u00fcldmuljele juurde katedraali \u00fcmber j\u00e4etud vaba ruum &#8211; suurtes linnades on p\u00fchakojad enamasti surutud teiste hoonete vahele, nii et teinekord pisut hajameelselt ringi uidates v\u00f5ivad need koguni kahe silma vahele j\u00e4\u00e4da. Ka sees oli, mida vaadata. Huvitav on, kuidas erinevalt luterlikest kirikutest ei ole siin t\u00e4helepanu keskpunktis mitte maalid, vaid nukkudest moodustatud kompositsioonid. Ja ei ole nii, et Neitsi-Maarjal on seljas mingi suvaline \u00fcrp, vaid ikka satiin, kuld ja kard!<\/p>\n<p><img loading=\"lazy\" decoding=\"async\" class=\"alignnone size-full wp-image-1649\" title=\"Katedraal seest\" src=\"http:\/\/yhelteljel.ee\/wp-content\/uploads\/2009\/03\/img_1693.jpg\" alt=\"Katedraal seest\" width=\"500\" height=\"473\" srcset=\"https:\/\/yhelteljel.ee\/wp-content\/uploads\/2009\/03\/img_1693.jpg 500w, https:\/\/yhelteljel.ee\/wp-content\/uploads\/2009\/03\/img_1693-300x283.jpg 300w\" sizes=\"auto, (max-width: 500px) 100vw, 500px\" \/><\/p>\n<p><img loading=\"lazy\" decoding=\"async\" class=\"alignnone size-full wp-image-1656\" title=\"Copacabana neitsi\" src=\"http:\/\/yhelteljel.ee\/wp-content\/uploads\/2009\/03\/img_1694.jpg\" alt=\"Copacabana neitsi\" width=\"500\" height=\"779\" srcset=\"https:\/\/yhelteljel.ee\/wp-content\/uploads\/2009\/03\/img_1694.jpg 500w, https:\/\/yhelteljel.ee\/wp-content\/uploads\/2009\/03\/img_1694-192x300.jpg 192w\" sizes=\"auto, (max-width: 500px) 100vw, 500px\" \/><\/p>\n<p><img loading=\"lazy\" decoding=\"async\" class=\"alignnone size-full wp-image-1662\" title=\"Vitraa\u017eid\" src=\"http:\/\/yhelteljel.ee\/wp-content\/uploads\/2009\/03\/img_1695.jpg\" alt=\"Vitraa\u017eid\" width=\"500\" height=\"627\" srcset=\"https:\/\/yhelteljel.ee\/wp-content\/uploads\/2009\/03\/img_1695.jpg 500w, https:\/\/yhelteljel.ee\/wp-content\/uploads\/2009\/03\/img_1695-239x300.jpg 239w\" sizes=\"auto, (max-width: 500px) 100vw, 500px\" \/><\/p>\n<p><img loading=\"lazy\" decoding=\"async\" class=\"alignnone size-full wp-image-1654\" title=\"\u00dcks tornidest\" src=\"http:\/\/yhelteljel.ee\/wp-content\/uploads\/2009\/03\/img_1690.jpg\" alt=\"\u00dcks tornidest\" width=\"500\" height=\"375\" srcset=\"https:\/\/yhelteljel.ee\/wp-content\/uploads\/2009\/03\/img_1690.jpg 500w, https:\/\/yhelteljel.ee\/wp-content\/uploads\/2009\/03\/img_1690-300x225.jpg 300w\" sizes=\"auto, (max-width: 500px) 100vw, 500px\" \/><\/p>\n<p>Igal juhul peatusime l\u00f5puks Copacabanas siiski kaks \u00f6\u00f6d, ja p\u00e4rast seda asusime siis piiri \u00fcletama. Boliivia pool oli imelihtne &#8211; keegi midagi arvutist ei kontrollinud ega midagi &#8211; templid l\u00f6\u00f6di passidesse ja tsikli impordipaber korjati \u00e4ra. Riiki sisenedes antakse siin, L\u00f5una-Ameerikas alati impordipaber, mis tuleb riigist lahkumiseni alles hoida &#8211; siis j\u00e4\u00e4b see tolliametile, kuid pole selge, kas ja mida sellega edasi tehakse. Siiani ainus riik, kes meile endile v\u00e4ljumise kohta paberi on andnud, on Brasiilia, \u00fclej\u00e4\u00e4nute puhul ei garanteeri miski, et me ka ametlikult tsikliga lahkusime &#8211; v\u00f5ib ju juhtuda, et paber kaob ametniku k\u00e4est nagu tina tuhka &#8211; nii nagu Buenos Airese lennujaama kaubaterminalis kadus meie kindlustuspoliis.<\/p>\n<p><img loading=\"lazy\" decoding=\"async\" class=\"alignnone size-full wp-image-1665\" title=\"Tere tulemast Peruusse\" src=\"http:\/\/yhelteljel.ee\/wp-content\/uploads\/2009\/03\/img_1699.jpg\" alt=\"Tere tulemast Peruusse\" width=\"500\" height=\"375\" srcset=\"https:\/\/yhelteljel.ee\/wp-content\/uploads\/2009\/03\/img_1699.jpg 500w, https:\/\/yhelteljel.ee\/wp-content\/uploads\/2009\/03\/img_1699-300x225.jpg 300w\" sizes=\"auto, (max-width: 500px) 100vw, 500px\" \/><\/p>\n<p><img loading=\"lazy\" decoding=\"async\" class=\"alignnone size-full wp-image-1664\" title=\"Kolmerattalised Peruus - ilmselt v\u00e4gagi efektiivne (bensiinikulu ja kompaktsus) transpordivahend siin kandis\" src=\"http:\/\/yhelteljel.ee\/wp-content\/uploads\/2009\/03\/img_1698.jpg\" alt=\"Kolmerattalised Peruus - ilmselt v\u00e4gagi efektiivne (bensiinikulu ja kompaktsus) transpordivahend siin kandis\" width=\"500\" height=\"323\" srcset=\"https:\/\/yhelteljel.ee\/wp-content\/uploads\/2009\/03\/img_1698.jpg 500w, https:\/\/yhelteljel.ee\/wp-content\/uploads\/2009\/03\/img_1698-300x193.jpg 300w\" sizes=\"auto, (max-width: 500px) 100vw, 500px\" \/><\/p>\n<p><a href=\"http:\/\/yhelteljel.ee\/wp-content\/uploads\/2009\/03\/img_1700_s.jpg\" target=\"_blank\"><img loading=\"lazy\" decoding=\"async\" class=\"alignnone size-full wp-image-1661\" title=\"Rohkelt kolmerattalisi Peruus (klikka, et suurendada)\" src=\"http:\/\/yhelteljel.ee\/wp-content\/uploads\/2009\/03\/img_1700_v.jpg\" alt=\"Rohkelt kolmerattalisi Peruus (klikka, et suurendada)\" width=\"500\" height=\"345\" srcset=\"https:\/\/yhelteljel.ee\/wp-content\/uploads\/2009\/03\/img_1700_v.jpg 500w, https:\/\/yhelteljel.ee\/wp-content\/uploads\/2009\/03\/img_1700_v-300x207.jpg 300w\" sizes=\"auto, (max-width: 500px) 100vw, 500px\" \/><\/a><\/p>\n<p>Peruu piiripunktis algas k\u00f5ik kenasti, kuni enam ei olnud nii kena. Meile k\u00f5igile meeldiks arvata, et me k\u00fcll nii rumalad pole, et laseme piiriametnikul endalt raha v\u00e4lja petta, kuid v\u00f5ta n\u00e4pust! See, mis siin tolliameti kontoris toimus, oli \u00fcks paras etendus, kuid eelk\u00f5ige emotsionaalse intelligentsuse k\u00f5rgem pilotaa\u017e. Algas asi sellega, et l\u00e4ksin mina tsikli paberitega sinna. Esimese asjana k\u00fcsiti, kas meie tsiklil on ka Boliivias kehtiv kindlustus. Tegelikult ei ole kindlustus v\u00e4ljamaa tsiklitele Boliivias kohustuslik, kuid otsustasin ametnikuga m\u00e4ngu edasi m\u00e4ngida, sest katsu sa ametiv\u00f5imuga vaielda &#8211; otsisin v\u00e4lja Argentinas tehtud kindlustuse paberid ja v\u00e4itsin, et see kehtib kogu L\u00f5una-Ameerikas. Ametnik luges s\u00fcvenenud ilmel pabereid ja teatas, et kahjuks see Boliivias ikka ei kehti. Ja et ilma kindlustuseta ei saa nad tsiklit riiki sisse lasta. Nonii, m\u00f5tlesin, siinkohal ilmselt k\u00fcsitakse meie k\u00e4est raha. Pakkuma siiski ei hakanud, ehkki oli tunda, et just seda minult oodati. Kuna minust polnud ametnikel abi, paluti Margus kohale kutsuda &#8211; ju siis lootsid, et meesterahvas on v\u00e4he &#8220;paindlikum&#8221;. Kuid kuna Marguse hispaania keel ja sellest tulenevalt ka l\u00e4bir\u00e4\u00e4kimisv\u00f5ime on minu omast veel kehvem, siis ametnikud olid juba puhta j\u00e4nnis ja &#8220;arutasid&#8221; omavahel, et mis siis teha. Arutamise k\u00e4igus j\u00f5uti otsusele, et meie suhtes tehakse erand ja meid lastakse sisse ilma kindlustuseta. Ehk siis n\u00e4itasid v\u00e4lja \u00fclimat vastutulelikkust ja koost\u00f6\u00f6tahet. Peast lipsas juba l\u00e4bi m\u00f5te, et n\u00e4ed, ehk ei ole Peruu ametiv\u00f5imud sugugi nii korrumpeerunud ja rahaahned. Meie negatiivsed emotsioonid p\u00f6\u00f6rati justkui v\u00f5luv\u00e4el positiivseteks emotsioonideks (ja see oli selle m\u00e4ngu juures otsustav hetk). Kuni&#8230; \u00fchel hetkel, kui paberid olid juba valmis, teatas nooremametnik, et n\u00fc\u00fcd pole vaja muud, kui et \u00fclemus paneks oma allkirja, aga kuna meile on niigi tehtud suur vastutulek, tuleks selle allkirja eest \u00fclemusele anda natuke kohviraha, nii 10-20 dollarit. Vot siis lops! Ehkki mul oli paunas &#8220;rohelisi&#8221; p\u00e4ris korralikult, sest tahtsime piiril raha vahetada, koukisin v\u00e4lja \u00fche 5-dollarilise ja \u00fctlesin, et see on k\u00f5ik, mis mul on. Eks ta natuke pettunud oli, see ametnik, aga no t\u00f5esti!<\/p>\n<p>Vot selline \u00f5ppetund siis, \u00f5nneks maksis meile ainult 5 USD. V\u00f5ib ju \u00f6elda, et eks meelelahutus maksab ka midagi, aga eks see oli meie oma viga, et me valvsuse kaotasime. Oleks meie k\u00e4est kohe raha k\u00fcsitud, poleks me seda andnud, aga meid keerati ikka parajalt kavalalt \u00fcmber s\u00f5rme, nii et me ise sellest aru ei saanud. Loodame, et see annab meile tulevastel piiri\u00fcletustel eelise.<\/p>\n<p><img loading=\"lazy\" decoding=\"async\" class=\"alignnone size-full wp-image-1666\" title=\"T\u00e4di seaga n\u00f6\u00f6ri otsas Perusst Boliivasse piiri \u00fcletamas\" src=\"http:\/\/yhelteljel.ee\/wp-content\/uploads\/2009\/03\/img_1702.jpg\" alt=\"T\u00e4di seaga n\u00f6\u00f6ri otsas Perusst Boliivasse piiri \u00fcletamas\" width=\"500\" height=\"571\" srcset=\"https:\/\/yhelteljel.ee\/wp-content\/uploads\/2009\/03\/img_1702.jpg 500w, https:\/\/yhelteljel.ee\/wp-content\/uploads\/2009\/03\/img_1702-262x300.jpg 262w\" sizes=\"auto, (max-width: 500px) 100vw, 500px\" \/><\/p>\n","protected":false},"excerpt":{"rendered":"<p>P\u00e4rast La Pazi maandusime kaheks p\u00e4evaks Copacabanas, Titicaca j\u00e4rve \u00e4\u00e4res. Tee sinna oli p\u00e4ris kena ning sisaldas Titicaca ja Huynaymarca j\u00e4rve vahelise v\u00e4ina \u00fcletust.<\/p>\n","protected":false},"author":2,"featured_media":0,"comment_status":"open","ping_status":"open","sticky":false,"template":"","format":"standard","meta":{"_monsterinsights_skip_tracking":false,"_monsterinsights_sitenote_active":false,"_monsterinsights_sitenote_note":"","_monsterinsights_sitenote_category":0,"footnotes":""},"categories":[4],"tags":[1112,1114,127,137,133,126],"class_list":["post-1647","post","type-post","status-publish","format-standard","hentry","category-louna-ameerika","tag-boliivia","tag-inimesed","tag-muu-transport","tag-peruu","tag-piiriuletus","tag-turismiatraktsioon"],"_links":{"self":[{"href":"https:\/\/yhelteljel.ee\/index.php?rest_route=\/wp\/v2\/posts\/1647","targetHints":{"allow":["GET"]}}],"collection":[{"href":"https:\/\/yhelteljel.ee\/index.php?rest_route=\/wp\/v2\/posts"}],"about":[{"href":"https:\/\/yhelteljel.ee\/index.php?rest_route=\/wp\/v2\/types\/post"}],"author":[{"embeddable":true,"href":"https:\/\/yhelteljel.ee\/index.php?rest_route=\/wp\/v2\/users\/2"}],"replies":[{"embeddable":true,"href":"https:\/\/yhelteljel.ee\/index.php?rest_route=%2Fwp%2Fv2%2Fcomments&post=1647"}],"version-history":[{"count":6,"href":"https:\/\/yhelteljel.ee\/index.php?rest_route=\/wp\/v2\/posts\/1647\/revisions"}],"predecessor-version":[{"id":2138,"href":"https:\/\/yhelteljel.ee\/index.php?rest_route=\/wp\/v2\/posts\/1647\/revisions\/2138"}],"wp:attachment":[{"href":"https:\/\/yhelteljel.ee\/index.php?rest_route=%2Fwp%2Fv2%2Fmedia&parent=1647"}],"wp:term":[{"taxonomy":"category","embeddable":true,"href":"https:\/\/yhelteljel.ee\/index.php?rest_route=%2Fwp%2Fv2%2Fcategories&post=1647"},{"taxonomy":"post_tag","embeddable":true,"href":"https:\/\/yhelteljel.ee\/index.php?rest_route=%2Fwp%2Fv2%2Ftags&post=1647"}],"curies":[{"name":"wp","href":"https:\/\/api.w.org\/{rel}","templated":true}]}}