{"id":1602,"date":"2009-03-08T21:58:11","date_gmt":"2009-03-08T19:58:11","guid":{"rendered":"http:\/\/yhelteljel.ee\/?p=1602"},"modified":"2009-04-15T19:27:14","modified_gmt":"2009-04-15T17:27:14","slug":"la-paz","status":"publish","type":"post","link":"https:\/\/yhelteljel.ee\/?p=1602","title":{"rendered":"La Paz"},"content":{"rendered":"<p><a href=\"http:\/\/yhelteljel.ee\/wp-content\/uploads\/2009\/03\/img_1615-s.jpg\" target=\"_blank\"><img loading=\"lazy\" decoding=\"async\" class=\"alignnone size-full wp-image-1622\" title=\"Mt. Illimani La Pazi kohal - 6402m (klikka, et suurendada)\" src=\"http:\/\/yhelteljel.ee\/wp-content\/uploads\/2009\/03\/img_1615.jpg\" alt=\"Mt. Illimani La Pazi kohal - 6402m (klikka, et suurendada)\" width=\"500\" height=\"375\" srcset=\"https:\/\/yhelteljel.ee\/wp-content\/uploads\/2009\/03\/img_1615.jpg 500w, https:\/\/yhelteljel.ee\/wp-content\/uploads\/2009\/03\/img_1615-300x225.jpg 300w\" sizes=\"auto, (max-width: 500px) 100vw, 500px\" \/><\/a><\/p>\n<p><strong><\/strong><\/p>\n<p><a href=\"http:\/\/en.wikipedia.org\/wiki\/Potos\u00ed\" target=\"_blank\">Potos\u00edst<\/a> vurasime <a href=\"http:\/\/en.wikipedia.org\/wiki\/Sucre\" target=\"_blank\">Sucresse<\/a>, kus veetsime kaks \u00f6\u00f6d. T\u00f5tt-\u00f6elda seal midagi v\u00e4ga \u00e4gedat polnud, tegime linna peal jalgsi tuuri, kus k\u00e4isime l\u00e4bi suurema osa seal asuvaid kirikuid. Kaalusime dinosauruse-bussi, mis viinuks dinosauruste j\u00e4lgede (fossiilid) juurde, ent see n\u00e4is olevat paras \u00fclepromotud turistil\u00f5ks, mist\u00f5ttu j\u00e4tsime selle \u00e4ra.<\/p>\n<p><!--more--><\/p>\n<p><a href=\"http:\/\/yhelteljel.ee\/wp-content\/uploads\/2009\/03\/img_1577_s.jpg\" target=\"_blank\"><img loading=\"lazy\" decoding=\"async\" class=\"alignnone size-full wp-image-1608\" title=\"Teenistus kirikus, patsidega p\u00f5liselanikud kuulamas (klikka, et suurendada)\" src=\"http:\/\/yhelteljel.ee\/wp-content\/uploads\/2009\/03\/img_1577_v.jpg\" alt=\"Teenistus kirikus, patsidega p\u00f5liselanikud kuulamas (klikka, et suurendada)\" width=\"500\" height=\"375\" srcset=\"https:\/\/yhelteljel.ee\/wp-content\/uploads\/2009\/03\/img_1577_v.jpg 500w, https:\/\/yhelteljel.ee\/wp-content\/uploads\/2009\/03\/img_1577_v-300x225.jpg 300w\" sizes=\"auto, (max-width: 500px) 100vw, 500px\" \/><\/a><\/p>\n[audio:http:\/\/yhelteljel.ee\/audio\/Sucre-kirikus.mp3]\n<p>Sucrest tahtsime otse pealinna, La Pazi (t\u00f5lkes &#8220;rahu&#8221;) suunduda, ent p\u00e4rast seda, kui olime t\u00fckk aega teed otsinud, tuli v\u00e4lja, et otsetee on praegusel ajal raskesti l\u00e4bitav &#8211; palju j\u00f5e\u00fcletusi ja kuna vihma on olnud palju, on need kohati v\u00f5imatud. N\u00e4iteks kui me veel Uyunis olime, kohtasime mootorratastel kaht ameeriklast, kes olid minemas sinnasamasse, kust me olime enne tulnud ja \u00fctlesid, et just nimelt \u00fche \u00fcle-ujutatud j\u00f5e p\u00e4rast olid nad Uyunisse l\u00f5ksu j\u00e4\u00e4nud ja kogu liiklus seisis &#8211; meie saime tolle j\u00f5e vist &#8220;soodsal&#8221; ajal \u00fcletatud. Igatahes ainus viis kohalike s\u00f5nul oli tagasi Potosisse s\u00f5ita ja sealt La Pazi peale p\u00f6\u00f6rata. Seda me tegimegi.<\/p>\n<p><a href=\"http:\/\/yhelteljel.ee\/wp-content\/uploads\/2009\/03\/potosi-kant-s.png\" target=\"_blank\"><img loading=\"lazy\" decoding=\"async\" class=\"alignnone size-full wp-image-1615\" title=\"Maastikud Potosi l\u00e4histelt\" src=\"http:\/\/yhelteljel.ee\/wp-content\/uploads\/2009\/03\/potosi-kant-v.png\" alt=\"Maastikud Potosi l\u00e4histelt\" width=\"500\" height=\"145\" srcset=\"https:\/\/yhelteljel.ee\/wp-content\/uploads\/2009\/03\/potosi-kant-v.png 500w, https:\/\/yhelteljel.ee\/wp-content\/uploads\/2009\/03\/potosi-kant-v-300x87.png 300w\" sizes=\"auto, (max-width: 500px) 100vw, 500px\" \/><\/a><\/p>\n<p>P\u00e4rast seda, kui olime Potosis kohalike uudishimuliste indiaanlaste seas einestanud, suundusime \u00fcle Cordilleras de la Frailes-i, mis viis meid kohati \u00fcle 4300 m k\u00f5rgusele. P\u00e4ris v\u00e4gev tee, tekkis tunne, et oleme t\u00f5esti &#8220;maailma katusel&#8221; &#8211; s\u00fcgavad orud, kaljused m\u00e4ed, siin-seal lumised tipud ja dramaatiline pilvede m\u00e4ng (hetekel on <em>altiplanol<\/em> nn m\u00e4rg hooaeg) tegid selle k\u00f5ik nii m\u00fcstiliseks. \u00a0<\/p>\n<p><a href=\"http:\/\/yhelteljel.ee\/wp-content\/uploads\/2009\/03\/cord-de-los-frailes-1s.jpg\" target=\"_blank\"><img loading=\"lazy\" decoding=\"async\" class=\"alignnone size-full wp-image-1606\" title=\"Cordilleras de los Frailes - vaade k\u00f5rgelt alla orgudele\" src=\"http:\/\/yhelteljel.ee\/wp-content\/uploads\/2009\/03\/cord-de-los-frailes-1v.png\" alt=\"Cordilleras de los Frailes - vaade k\u00f5rgelt alla orgudele\" width=\"500\" height=\"125\" srcset=\"https:\/\/yhelteljel.ee\/wp-content\/uploads\/2009\/03\/cord-de-los-frailes-1v.png 500w, https:\/\/yhelteljel.ee\/wp-content\/uploads\/2009\/03\/cord-de-los-frailes-1v-300x75.png 300w\" sizes=\"auto, (max-width: 500px) 100vw, 500px\" \/><\/a><\/p>\n<p><a href=\"http:\/\/yhelteljel.ee\/wp-content\/uploads\/2009\/03\/img_1587_s.jpg\" target=\"_blank\"><img loading=\"lazy\" decoding=\"async\" class=\"alignnone size-full wp-image-1621\" title=\"V\u00f5imas org (klikka, et suurendada)\" src=\"http:\/\/yhelteljel.ee\/wp-content\/uploads\/2009\/03\/img_1587.jpg\" alt=\"V\u00f5imas org (klikka, et suurendada)\" width=\"500\" height=\"375\" srcset=\"https:\/\/yhelteljel.ee\/wp-content\/uploads\/2009\/03\/img_1587.jpg 500w, https:\/\/yhelteljel.ee\/wp-content\/uploads\/2009\/03\/img_1587-300x225.jpg 300w\" sizes=\"auto, (max-width: 500px) 100vw, 500px\" \/><\/a><\/p>\n<p>\u00d5htu saabudes j\u00e4imegi telkima keset t\u00fchjust, 4200 m k\u00f5rgusel. Tundub, et seekord olime adapteerunud &#8211; \u00f6\u00f6 m\u00f6\u00f6dus viperusteta, kui v\u00e4lja arvata see, et j\u00e4rjekordselt langes temperatuur nulli l\u00e4hedale, sadas rohkesti vihma-rahet ja k\u00e4is \u00fcks pidev v\u00f5itlus k\u00fclmaga. Koht ise oli selle-eest v\u00e4gev, hommikul j\u00f5udis sinna ka laamade kari.<\/p>\n<p><a href=\"http:\/\/yhelteljel.ee\/wp-content\/uploads\/2009\/03\/cord-de-los-frailes-2s.jpg\" target=\"_blank\"><img loading=\"lazy\" decoding=\"async\" class=\"alignnone size-full wp-image-1618\" title=\"Telkimine 4200m peal, Cordilleras de los Frailese p\u00e4ikeset\u00f5us\" src=\"http:\/\/yhelteljel.ee\/wp-content\/uploads\/2009\/03\/cord-de-los-frailes-2v.png\" alt=\"Telkimine 4200m peal, Cordilleras de los Frailese p\u00e4ikeset\u00f5us\" width=\"500\" height=\"78\" srcset=\"https:\/\/yhelteljel.ee\/wp-content\/uploads\/2009\/03\/cord-de-los-frailes-2v.png 500w, https:\/\/yhelteljel.ee\/wp-content\/uploads\/2009\/03\/cord-de-los-frailes-2v-300x46.png 300w\" sizes=\"auto, (max-width: 500px) 100vw, 500px\" \/><\/a><\/p>\n<p><a href=\"http:\/\/yhelteljel.ee\/wp-content\/uploads\/2009\/03\/img_1588_s.jpg\" target=\"_blank\"><img loading=\"lazy\" decoding=\"async\" class=\"alignnone size-full wp-image-1605\" title=\"Lumised tipud ja v\u00e4gev maastik (klikka, et suurendada)\" src=\"http:\/\/yhelteljel.ee\/wp-content\/uploads\/2009\/03\/img_1588_v.jpg\" alt=\"Lumised tipud ja v\u00e4gev maastik (klikka, et suurendada)\" width=\"500\" height=\"375\" srcset=\"https:\/\/yhelteljel.ee\/wp-content\/uploads\/2009\/03\/img_1588_v.jpg 500w, https:\/\/yhelteljel.ee\/wp-content\/uploads\/2009\/03\/img_1588_v-300x225.jpg 300w\" sizes=\"auto, (max-width: 500px) 100vw, 500px\" \/><\/a><\/p>\n<p>Hommikul kimasime m\u00f6\u00f6da asfaltteed edasi, kuni j\u00f5udsimegi <a href=\"http:\/\/en.wikipedia.org\/wiki\/La_Paz\" target=\"_blank\">La Paz<\/a>-i, maailma k\u00f5rgeimasse pealinna &#8211; 3660 meetrit merepinnast.\u00a0<\/p>\n<p><a href=\"http:\/\/yhelteljel.ee\/wp-content\/uploads\/2009\/03\/la-paz-s.jpg\" target=\"_blank\"><img loading=\"lazy\" decoding=\"async\" class=\"alignnone size-full wp-image-1625\" title=\"La Paz panoraam\" src=\"http:\/\/yhelteljel.ee\/wp-content\/uploads\/2009\/03\/la-paz-v.png\" alt=\"La Paz panoraam\" width=\"500\" height=\"98\" srcset=\"https:\/\/yhelteljel.ee\/wp-content\/uploads\/2009\/03\/la-paz-v.png 500w, https:\/\/yhelteljel.ee\/wp-content\/uploads\/2009\/03\/la-paz-v-300x58.png 300w\" sizes=\"auto, (max-width: 500px) 100vw, 500px\" \/><\/a><\/p>\n<p><img loading=\"lazy\" decoding=\"async\" class=\"alignnone size-full wp-image-1612\" title=\"La Laz-i kesklinn\" src=\"http:\/\/yhelteljel.ee\/wp-content\/uploads\/2009\/03\/img_1617.jpg\" alt=\"La Laz-i kesklinn\" width=\"500\" height=\"375\" srcset=\"https:\/\/yhelteljel.ee\/wp-content\/uploads\/2009\/03\/img_1617.jpg 500w, https:\/\/yhelteljel.ee\/wp-content\/uploads\/2009\/03\/img_1617-300x225.jpg 300w\" sizes=\"auto, (max-width: 500px) 100vw, 500px\" \/><\/p>\n<p><img loading=\"lazy\" decoding=\"async\" class=\"alignnone size-full wp-image-1624\" title=\"La Paz m\u00e4en\u00f5lvadel\" src=\"http:\/\/yhelteljel.ee\/wp-content\/uploads\/2009\/03\/img_1623.jpg\" alt=\"La Paz m\u00e4en\u00f5lvadel\" width=\"500\" height=\"375\" srcset=\"https:\/\/yhelteljel.ee\/wp-content\/uploads\/2009\/03\/img_1623.jpg 500w, https:\/\/yhelteljel.ee\/wp-content\/uploads\/2009\/03\/img_1623-300x225.jpg 300w\" sizes=\"auto, (max-width: 500px) 100vw, 500px\" \/><\/p>\n<p><img loading=\"lazy\" decoding=\"async\" class=\"alignnone size-full wp-image-1626\" title=\"La Paz m\u00e4en\u00f5lvadel\" src=\"http:\/\/yhelteljel.ee\/wp-content\/uploads\/2009\/03\/img_1618.jpg\" alt=\"La Paz m\u00e4en\u00f5lvadel\" width=\"500\" height=\"375\" srcset=\"https:\/\/yhelteljel.ee\/wp-content\/uploads\/2009\/03\/img_1618.jpg 500w, https:\/\/yhelteljel.ee\/wp-content\/uploads\/2009\/03\/img_1618-300x225.jpg 300w\" sizes=\"auto, (max-width: 500px) 100vw, 500px\" \/><\/p>\n<p>Liiklus on La Pazi j\u00e4rskudel, kitsastel ja kurvilistel t\u00e4navatel muidugi t\u00e4itsa sooda. T\u00e4ielik kaos tipptunni ajal, mida viimati vist Damascuses, S\u00fc\u00fcrias tunda saime. P\u00e4rast t\u00fckk aega hosteli otsimist otsustasime siiski takso ette v\u00f5tta ja meid \u00f5igesse kohta suunata &#8211;\u00a0 siduri ja piduri k\u00e4rsahaisus me \u00f5nnelikult ka kohale j\u00f5udsime.<\/p>\n<p><img loading=\"lazy\" decoding=\"async\" class=\"alignnone size-full wp-image-1610\" title=\"La Pazi liiklus\" src=\"http:\/\/yhelteljel.ee\/wp-content\/uploads\/2009\/03\/img_1620.jpg\" alt=\"La Pazi liiklus\" width=\"500\" height=\"375\" srcset=\"https:\/\/yhelteljel.ee\/wp-content\/uploads\/2009\/03\/img_1620.jpg 500w, https:\/\/yhelteljel.ee\/wp-content\/uploads\/2009\/03\/img_1620-300x225.jpg 300w\" sizes=\"auto, (max-width: 500px) 100vw, 500px\" \/><\/p>\n<p><img loading=\"lazy\" decoding=\"async\" class=\"alignnone size-full wp-image-1617\" title=\"La Pazi liiklus\" src=\"http:\/\/yhelteljel.ee\/wp-content\/uploads\/2009\/03\/img_1622.jpg\" alt=\"La Pazi liiklus\" width=\"500\" height=\"375\" srcset=\"https:\/\/yhelteljel.ee\/wp-content\/uploads\/2009\/03\/img_1622.jpg 500w, https:\/\/yhelteljel.ee\/wp-content\/uploads\/2009\/03\/img_1622-300x225.jpg 300w\" sizes=\"auto, (max-width: 500px) 100vw, 500px\" \/><\/p>\n<p>Saime tsikli ilusti hostelisse pargitud, ja oleme siin veel m\u00f5ned p\u00e4evad. Vaja on malaariarohtude varusid t\u00e4iendada (ehk j\u00f5uame veel p\u00e4ris Amazonasesse) ja m\u00f5ned vaktsiinide korduss\u00fcstid teha.<\/p>\n<p><img loading=\"lazy\" decoding=\"async\" class=\"alignnone size-full wp-image-1628\" title=\"Moto hostelis\" src=\"http:\/\/yhelteljel.ee\/wp-content\/uploads\/2009\/03\/img_1624.jpg\" alt=\"Moto hostelis\" width=\"500\" height=\"375\" srcset=\"https:\/\/yhelteljel.ee\/wp-content\/uploads\/2009\/03\/img_1624.jpg 500w, https:\/\/yhelteljel.ee\/wp-content\/uploads\/2009\/03\/img_1624-300x225.jpg 300w\" sizes=\"auto, (max-width: 500px) 100vw, 500px\" \/><\/p>\n","protected":false},"excerpt":{"rendered":"<p>Potos\u00edst vurasime Sucresse, kus veetsime kaks \u00f6\u00f6d. T\u00f5tt-\u00f6elda seal midagi v\u00e4ga \u00e4gedat polnud, tegime linna peal jalgsi tuuri, kus k\u00e4isime l\u00e4bi suurema osa seal asuvaid kirikuid. Kaalusime dinosauruse-bussi, mis viinuks dinosauruste j\u00e4lgede (fossiilid) juurde, ent see n\u00e4is olevat paras \u00fclepromotud turistil\u00f5ks, mist\u00f5ttu j\u00e4tsime selle \u00e4ra.<\/p>\n","protected":false},"author":3,"featured_media":0,"comment_status":"open","ping_status":"open","sticky":false,"template":"","format":"standard","meta":{"_monsterinsights_skip_tracking":false,"_monsterinsights_sitenote_active":false,"_monsterinsights_sitenote_note":"","_monsterinsights_sitenote_category":0,"footnotes":""},"categories":[4],"tags":[1112,129,134,128,1115,114],"class_list":["post-1602","post","type-post","status-publish","format-standard","hentry","category-louna-ameerika","tag-boliivia","tag-helimaastikud","tag-ilm","tag-linnad","tag-teeolud","tag-tervis"],"_links":{"self":[{"href":"https:\/\/yhelteljel.ee\/index.php?rest_route=\/wp\/v2\/posts\/1602","targetHints":{"allow":["GET"]}}],"collection":[{"href":"https:\/\/yhelteljel.ee\/index.php?rest_route=\/wp\/v2\/posts"}],"about":[{"href":"https:\/\/yhelteljel.ee\/index.php?rest_route=\/wp\/v2\/types\/post"}],"author":[{"embeddable":true,"href":"https:\/\/yhelteljel.ee\/index.php?rest_route=\/wp\/v2\/users\/3"}],"replies":[{"embeddable":true,"href":"https:\/\/yhelteljel.ee\/index.php?rest_route=%2Fwp%2Fv2%2Fcomments&post=1602"}],"version-history":[{"count":8,"href":"https:\/\/yhelteljel.ee\/index.php?rest_route=\/wp\/v2\/posts\/1602\/revisions"}],"predecessor-version":[{"id":2135,"href":"https:\/\/yhelteljel.ee\/index.php?rest_route=\/wp\/v2\/posts\/1602\/revisions\/2135"}],"wp:attachment":[{"href":"https:\/\/yhelteljel.ee\/index.php?rest_route=%2Fwp%2Fv2%2Fmedia&parent=1602"}],"wp:term":[{"taxonomy":"category","embeddable":true,"href":"https:\/\/yhelteljel.ee\/index.php?rest_route=%2Fwp%2Fv2%2Fcategories&post=1602"},{"taxonomy":"post_tag","embeddable":true,"href":"https:\/\/yhelteljel.ee\/index.php?rest_route=%2Fwp%2Fv2%2Ftags&post=1602"}],"curies":[{"name":"wp","href":"https:\/\/api.w.org\/{rel}","templated":true}]}}