{"id":1561,"date":"2009-03-04T04:30:51","date_gmt":"2009-03-04T02:30:51","guid":{"rendered":"http:\/\/yhelteljel.ee\/?p=1561"},"modified":"2009-04-15T19:24:52","modified_gmt":"2009-04-15T17:24:52","slug":"maailma-korgeim-linn","status":"publish","type":"post","link":"https:\/\/yhelteljel.ee\/?p=1561","title":{"rendered":"Maailma k\u00f5rgeim linn"},"content":{"rendered":"<p><img loading=\"lazy\" decoding=\"async\" class=\"alignnone size-full wp-image-1566\" title=\"Vana kurat - umbes 60-70 aasta tagune, oli aeg mil teda kaevanduses kummardati\" src=\"http:\/\/yhelteljel.ee\/wp-content\/uploads\/2009\/03\/img_1569.jpg\" alt=\"Vana kurat - umbes 60-70 aasta tagune, oli aeg mil teda kaevanduses kummardati\" width=\"500\" height=\"667\" srcset=\"https:\/\/yhelteljel.ee\/wp-content\/uploads\/2009\/03\/img_1569.jpg 500w, https:\/\/yhelteljel.ee\/wp-content\/uploads\/2009\/03\/img_1569-224x300.jpg 224w\" sizes=\"auto, (max-width: 500px) 100vw, 500px\" \/><\/p>\n<p>Uyunist Potos\u00edsse, v\u00e4idetavalt maailma k\u00f5rgeimasse linna (4060 m) viiva tee suhtes oli meid mitu varasemalt kohatud motomatkajat suutnud \u00e4ra hirmutada &#8211; kes oli seal oma siduri l\u00e4bi p\u00f5letanud, kes oli p\u00e4rast selle tee l\u00e4bimist \u00fclej\u00e4\u00e4nud Boliivia l\u00e4bimiseks igaks juhuks liivak\u00fchvli ostnud.\u00a0<\/p>\n<p><!--more--><\/p>\n<p>M\u00f5tlesime &#8211; kas t\u00f5esti saab see tee olla veel hullem kui see, mida m\u00f6\u00f6da me piiri \u00e4\u00e4rest Uyunisse olime j\u00f5udnud. Kuna paar p\u00e4eva oli olnud sajuta, osutusid meie hirmud (olime valmis halvimaks) asjatuteks. Loomulikult olid teeolud v\u00e4ga halvad &#8211; kord oli tee treppi s\u00f5idetud, kord koosnes suurtest kividest, kord oli varasematest sadudest alles j\u00e4\u00e4nud libe muda, kord tuli j\u00f5gesid \u00fcletada &#8211; kuid ei midagi \u00fcletamatut. T\u00fc\u00fctumateks l\u00f5ikudeks olid teeremondi (jah, n\u00e4ib, et midagi selle teega tehakse) l\u00f5igud, kus oli palju pehmet, mudast pinnast, mis oli kohati traktorite poolt eba\u00fchtlaseks s\u00f5idetud. Kuid j\u00e4lle \u00f5nnistati meid vaadetega!<\/p>\n<p><a href=\"http:\/\/yhelteljel.ee\/wp-content\/uploads\/2009\/03\/cordilleras-de-chichas-1s.jpg\" target=\"_blank\"><img loading=\"lazy\" decoding=\"async\" class=\"alignnone size-full wp-image-1569\" title=\"Cordilleras de Chichas (1)\" src=\"http:\/\/yhelteljel.ee\/wp-content\/uploads\/2009\/03\/cordilleras-de-chicas-1v.png\" alt=\"Cordilleras de Chichas (1)\" width=\"500\" height=\"128\" srcset=\"https:\/\/yhelteljel.ee\/wp-content\/uploads\/2009\/03\/cordilleras-de-chicas-1v.png 500w, https:\/\/yhelteljel.ee\/wp-content\/uploads\/2009\/03\/cordilleras-de-chicas-1v-300x76.png 300w\" sizes=\"auto, (max-width: 500px) 100vw, 500px\" \/><\/a><\/p>\n<p><a href=\"http:\/\/yhelteljel.ee\/wp-content\/uploads\/2009\/03\/cordilleras-de-chichas-2s.jpg\" target=\"_blank\"><img loading=\"lazy\" decoding=\"async\" class=\"alignnone size-full wp-image-1580\" title=\"Cordilleras de Chichas (2)\" src=\"http:\/\/yhelteljel.ee\/wp-content\/uploads\/2009\/03\/cordilleras-de-chichas-2v.png\" alt=\"Cordilleras de Chichas (2)\" width=\"500\" height=\"95\" srcset=\"https:\/\/yhelteljel.ee\/wp-content\/uploads\/2009\/03\/cordilleras-de-chichas-2v.png 500w, https:\/\/yhelteljel.ee\/wp-content\/uploads\/2009\/03\/cordilleras-de-chichas-2v-300x57.png 300w\" sizes=\"auto, (max-width: 500px) 100vw, 500px\" \/><\/a><\/p>\n<p><a href=\"http:\/\/yhelteljel.ee\/wp-content\/uploads\/2009\/03\/cordilleras-de-chichas-3s.jpg\" target=\"_blank\"><img loading=\"lazy\" decoding=\"async\" class=\"alignnone size-full wp-image-1575\" title=\"Cordilleras de Chichas (3)\" src=\"http:\/\/yhelteljel.ee\/wp-content\/uploads\/2009\/03\/cordilleras-de-chichas-3v.png\" alt=\"Cordilleras de Chichas (3)\" width=\"500\" height=\"89\" srcset=\"https:\/\/yhelteljel.ee\/wp-content\/uploads\/2009\/03\/cordilleras-de-chichas-3v.png 500w, https:\/\/yhelteljel.ee\/wp-content\/uploads\/2009\/03\/cordilleras-de-chichas-3v-300x53.png 300w\" sizes=\"auto, (max-width: 500px) 100vw, 500px\" \/><\/a><\/p>\n<p>Siiani on Boliivia meid kohelnud v\u00e4ga vastakalt &#8211; \u00fchest otsast paitab (kus veel leiab nii palju hoomamatut ilu?) ja teisest otsast annab kaigast (karistab suurtest k\u00f5rgustest tingitud kehva enesetundega ning enneolematult kehvade teeoludega, nii et on pidev hirm, et ratas lendab sajaks t\u00fckiks).<\/p>\n<p><img loading=\"lazy\" decoding=\"async\" class=\"alignnone size-full wp-image-1576\" title=\"Tee Potosisse\" src=\"http:\/\/yhelteljel.ee\/wp-content\/uploads\/2009\/03\/img_1517.jpg\" alt=\"Tee Potosisse\" width=\"500\" height=\"667\" srcset=\"https:\/\/yhelteljel.ee\/wp-content\/uploads\/2009\/03\/img_1517.jpg 500w, https:\/\/yhelteljel.ee\/wp-content\/uploads\/2009\/03\/img_1517-224x300.jpg 224w\" sizes=\"auto, (max-width: 500px) 100vw, 500px\" \/><\/p>\n<p><img loading=\"lazy\" decoding=\"async\" class=\"alignnone size-full wp-image-1581\" title=\"\u00dcks paremini hoitud k\u00fcla teel Potossisse\" src=\"http:\/\/yhelteljel.ee\/wp-content\/uploads\/2009\/03\/img_1527.jpg\" alt=\"\u00dcks paremini hoitud k\u00fcla teel Potossisse\" width=\"500\" height=\"375\" srcset=\"https:\/\/yhelteljel.ee\/wp-content\/uploads\/2009\/03\/img_1527.jpg 500w, https:\/\/yhelteljel.ee\/wp-content\/uploads\/2009\/03\/img_1527-300x225.jpg 300w\" sizes=\"auto, (max-width: 500px) 100vw, 500px\" \/><\/p>\n<p><img loading=\"lazy\" decoding=\"async\" class=\"alignnone size-full wp-image-1586\" title=\"\u00dcks lihtsamatest j\u00f5e\u00fcletustest\" src=\"http:\/\/yhelteljel.ee\/wp-content\/uploads\/2009\/03\/img_1519.jpg\" alt=\"\u00dcks lihtsamatest j\u00f5e\u00fcletustest\" width=\"500\" height=\"375\" srcset=\"https:\/\/yhelteljel.ee\/wp-content\/uploads\/2009\/03\/img_1519.jpg 500w, https:\/\/yhelteljel.ee\/wp-content\/uploads\/2009\/03\/img_1519-300x225.jpg 300w\" sizes=\"auto, (max-width: 500px) 100vw, 500px\" \/><\/p>\n<p><img loading=\"lazy\" decoding=\"async\" class=\"alignnone size-full wp-image-1567\" title=\"S\u00f6\u00f6gipaus otse tee\u00e4\u00e4res\" src=\"http:\/\/yhelteljel.ee\/wp-content\/uploads\/2009\/03\/img_1535.jpg\" alt=\"S\u00f6\u00f6gipaus otse tee\u00e4\u00e4res\" width=\"500\" height=\"375\" srcset=\"https:\/\/yhelteljel.ee\/wp-content\/uploads\/2009\/03\/img_1535.jpg 500w, https:\/\/yhelteljel.ee\/wp-content\/uploads\/2009\/03\/img_1535-300x225.jpg 300w\" sizes=\"auto, (max-width: 500px) 100vw, 500px\" \/><\/p>\n<p><span style=\"color: #0000ee; text-decoration: underline;\"><img loading=\"lazy\" decoding=\"async\" class=\"alignnone size-full wp-image-1570\" title=\"P\u00f5rnikaline\" src=\"http:\/\/yhelteljel.ee\/wp-content\/uploads\/2009\/03\/img_1539.jpg\" alt=\"P\u00f5rnikaline\" width=\"500\" height=\"375\" srcset=\"https:\/\/yhelteljel.ee\/wp-content\/uploads\/2009\/03\/img_1539.jpg 500w, https:\/\/yhelteljel.ee\/wp-content\/uploads\/2009\/03\/img_1539-300x225.jpg 300w\" sizes=\"auto, (max-width: 500px) 100vw, 500px\" \/><\/span><\/p>\n<p><span style=\"color: #0000ee; text-decoration: underline;\"><img loading=\"lazy\" decoding=\"async\" class=\"alignnone size-full wp-image-1572\" title=\"Puhmad orus olid umbes inimese k\u00f5rgused\" src=\"http:\/\/yhelteljel.ee\/wp-content\/uploads\/2009\/03\/img_1518.jpg\" alt=\"Puhmad orus olid umbes inimese k\u00f5rgused\" width=\"500\" height=\"375\" srcset=\"https:\/\/yhelteljel.ee\/wp-content\/uploads\/2009\/03\/img_1518.jpg 500w, https:\/\/yhelteljel.ee\/wp-content\/uploads\/2009\/03\/img_1518-300x225.jpg 300w\" sizes=\"auto, (max-width: 500px) 100vw, 500px\" \/><\/span><\/p>\n<p><span style=\"color: #0000ee; text-decoration: underline;\"><img loading=\"lazy\" decoding=\"async\" class=\"alignnone size-full wp-image-1564\" title=\"Mudased k\u00fclad teepeal\" src=\"http:\/\/yhelteljel.ee\/wp-content\/uploads\/2009\/03\/img_1531.jpg\" alt=\"Mudased k\u00fclad teepeal\" width=\"500\" height=\"344\" srcset=\"https:\/\/yhelteljel.ee\/wp-content\/uploads\/2009\/03\/img_1531.jpg 500w, https:\/\/yhelteljel.ee\/wp-content\/uploads\/2009\/03\/img_1531-300x206.jpg 300w\" sizes=\"auto, (max-width: 500px) 100vw, 500px\" \/><\/span><\/p>\n<p>T\u00e4na saime veel \u00fche intensiivse elamuse osaliseks. K\u00e4isime giidi juhendamisel Potos\u00ed, varasemalt (kui seal avastati maailma suurim h\u00f5bedamaak) L\u00f5una-Ameerika k\u00f5ige j\u00f5ukama linna kaevanduses kaevurite t\u00f6\u00f6ga tutvumas. Enne saime selga vajaliku varustuse, kummikutest kiivrini, ning &#8220;ekskursioon&#8221; v\u00f5is alata. Siiani olin arvanud, et Kohtla-N\u00f5mme kaevandusmuuseum on \u00fcks paras \u0161okiturismi sihtkoht, kuid Potos\u00ed Cerro Rico paneb seda k\u00f5ike hoopis teisiti n\u00e4gema. K\u00f5ndisime m\u00f6\u00f6da lirtsuvaid, valgustamata k\u00e4ikusid. \u00c4\u00e4repealt oleksime piduriteta liikuva, tervelt tonn kaaluva maagivaguni alla j\u00e4\u00e4nud (sest k\u00e4igud on kitsad ja kui vagun tuleb &#8211; seda on kuulda m\u00fcrina j\u00e4rgi &#8211; ei ole eriti kuhugi selle eest p\u00f5geneda, kui m\u00f5ned siin-seal olevad &#8220;taskud&#8221; v\u00e4lja arvata). Ronisime m\u00f6\u00f6da redeleid \u00fcles-alla (ja ei saa mainimata j\u00e4tta, et \u00f5hku seal eriti ei olnud), nii et hing paelaga kaelas. N\u00e4gime aukude puurimist d\u00fcnamiidi jaoks (puurimine on \u00fcldse nii raske t\u00f6\u00f6, et kaks meest t\u00f6\u00f6tavad \u00fche puuriga kaks korda \u00fcks tund p\u00e4evas, muidu oleks liig). V\u00e4isasime ka kaevanduskuradit, kellele kaevurid suitsu ja alkoholi viivad ning head maaki paluvad (sest palka saavad nad t\u00e4pselt nii palju, kui head maaki nad m\u00e4est v\u00e4lja kaevavad).<\/p>\n<p><img loading=\"lazy\" decoding=\"async\" class=\"alignnone size-full wp-image-1583\" title=\"Kaevur-Matid valmis m\u00e4e sisse minekuks\" src=\"http:\/\/yhelteljel.ee\/wp-content\/uploads\/2009\/03\/img_1559.jpg\" alt=\"Kaevur-Matid valmis m\u00e4e sisse minekuks\" width=\"500\" height=\"568\" srcset=\"https:\/\/yhelteljel.ee\/wp-content\/uploads\/2009\/03\/img_1559.jpg 500w, https:\/\/yhelteljel.ee\/wp-content\/uploads\/2009\/03\/img_1559-264x300.jpg 264w\" sizes=\"auto, (max-width: 500px) 100vw, 500px\" \/><\/p>\n<p>\u00a0<\/p>\n<p><img loading=\"lazy\" decoding=\"async\" class=\"alignnone size-full wp-image-1577\" title=\"Sissek\u00e4ik Cunti kaevandusse - me l\u00e4ksime umbes pooleteise kilomeetri s\u00fcgavusele m\u00e4e sisse\" src=\"http:\/\/yhelteljel.ee\/wp-content\/uploads\/2009\/03\/img_1560.jpg\" alt=\"Sissek\u00e4ik Cunti kaevandusse - me l\u00e4ksime umbes pooleteise kilomeetri s\u00fcgavusele m\u00e4e sisse\" width=\"500\" height=\"667\" srcset=\"https:\/\/yhelteljel.ee\/wp-content\/uploads\/2009\/03\/img_1560.jpg 500w, https:\/\/yhelteljel.ee\/wp-content\/uploads\/2009\/03\/img_1560-224x300.jpg 224w\" sizes=\"auto, (max-width: 500px) 100vw, 500px\" \/><\/p>\n<p><img loading=\"lazy\" decoding=\"async\" class=\"alignnone size-full wp-image-1579\" title=\"\u00dcks k\u00f5rgematest \u0161ahtidest\" src=\"http:\/\/yhelteljel.ee\/wp-content\/uploads\/2009\/03\/img_1561.jpg\" alt=\"\u00dcks k\u00f5rgematest \u0161ahtidest\" width=\"500\" height=\"667\" srcset=\"https:\/\/yhelteljel.ee\/wp-content\/uploads\/2009\/03\/img_1561.jpg 500w, https:\/\/yhelteljel.ee\/wp-content\/uploads\/2009\/03\/img_1561-224x300.jpg 224w\" sizes=\"auto, (max-width: 500px) 100vw, 500px\" \/><\/p>\n<p><img loading=\"lazy\" decoding=\"async\" class=\"alignnone size-full wp-image-1568\" title=\"Meie giid - Oswaldo\" src=\"http:\/\/yhelteljel.ee\/wp-content\/uploads\/2009\/03\/img_1562.jpg\" alt=\"Meie giid - Oswaldo\" width=\"500\" height=\"375\" srcset=\"https:\/\/yhelteljel.ee\/wp-content\/uploads\/2009\/03\/img_1562.jpg 500w, https:\/\/yhelteljel.ee\/wp-content\/uploads\/2009\/03\/img_1562-300x225.jpg 300w\" sizes=\"auto, (max-width: 500px) 100vw, 500px\" \/><\/p>\n<p><img loading=\"lazy\" decoding=\"async\" class=\"alignnone size-full wp-image-1582\" title=\"Puurijad - t\u00e4iesti ebainimlikes tingimustes peavad nad t\u00f6\u00f6tama (ei kaitse prille ega ka hingamismaski!!!)\" src=\"http:\/\/yhelteljel.ee\/wp-content\/uploads\/2009\/03\/img_1564.jpg\" alt=\"Puurijad - t\u00e4iesti ebainimlikes tingimustes peavad nad t\u00f6\u00f6tama (ei kaitse prille ega ka hingamismaski!!!)\" width=\"500\" height=\"667\" srcset=\"https:\/\/yhelteljel.ee\/wp-content\/uploads\/2009\/03\/img_1564.jpg 500w, https:\/\/yhelteljel.ee\/wp-content\/uploads\/2009\/03\/img_1564-224x300.jpg 224w\" sizes=\"auto, (max-width: 500px) 100vw, 500px\" \/><\/p>\n<p><img loading=\"lazy\" decoding=\"async\" class=\"alignnone size-full wp-image-1573\" title=\"Praegune kurat, mida iga p\u00e4ev kaevurid kummardamas k\u00e4ivad, et ta neile \u00f5nne ja head maaki tooks\" src=\"http:\/\/yhelteljel.ee\/wp-content\/uploads\/2009\/03\/img_1567.jpg\" alt=\"Praegune kurat, mida iga p\u00e4ev kaevurid kummardamas k\u00e4ivad, et ta neile \u00f5nne ja head maaki tooks\" width=\"500\" height=\"667\" srcset=\"https:\/\/yhelteljel.ee\/wp-content\/uploads\/2009\/03\/img_1567.jpg 500w, https:\/\/yhelteljel.ee\/wp-content\/uploads\/2009\/03\/img_1567-224x300.jpg 224w\" sizes=\"auto, (max-width: 500px) 100vw, 500px\" \/><\/p>\n<p>T\u00f6\u00f6tingimused on \u00fclimalt kehvad, nii et need, kes kaevandusse t\u00f6\u00f6le l\u00e4hevad, surevad eri m\u00fcrkkemikaalide toimel k\u00fcmne aasta jooksul. Lisaks juhtub ohutuss\u00fcsteemide puudumise (ja alkoholi) t\u00f5ttu aastas 45 surmaga juhtuvat \u00f5nnetust. Kohtla-N\u00f5mme on selles valguses ikka t\u00f5eline MUUSEUM, Potos\u00ed aga aurav p\u00f5rgukatel. Tasub k\u00fclastamist, kuid enne oleks tungivalt soovitav k\u00f5rgushaigus t\u00e4ielikult seljatada &#8211; sest kui kokalehed muudavadki pea selgeks, siis m\u00f6\u00f6da redeleid ja kitsaid-madalaid \u0161ahte turnimine-roomamine ajab ikka \u00fcle m\u00f5istuse hingeldama &#8211; selline on meie kogemus.<\/p>\n<p><img loading=\"lazy\" decoding=\"async\" class=\"alignnone size-full wp-image-1563\" title=\"Potosi kesklinn\" src=\"http:\/\/yhelteljel.ee\/wp-content\/uploads\/2009\/03\/img_1541.jpg\" alt=\"Potosi kesklinn\" width=\"500\" height=\"375\" srcset=\"https:\/\/yhelteljel.ee\/wp-content\/uploads\/2009\/03\/img_1541.jpg 500w, https:\/\/yhelteljel.ee\/wp-content\/uploads\/2009\/03\/img_1541-300x225.jpg 300w\" sizes=\"auto, (max-width: 500px) 100vw, 500px\" \/><\/p>\n<p><img loading=\"lazy\" decoding=\"async\" class=\"alignnone size-full wp-image-1585\" title=\"Potosi katedraal\" src=\"http:\/\/yhelteljel.ee\/wp-content\/uploads\/2009\/03\/img_1544.jpg\" alt=\"Potosi katedraal\" width=\"500\" height=\"667\" srcset=\"https:\/\/yhelteljel.ee\/wp-content\/uploads\/2009\/03\/img_1544.jpg 500w, https:\/\/yhelteljel.ee\/wp-content\/uploads\/2009\/03\/img_1544-224x300.jpg 224w\" sizes=\"auto, (max-width: 500px) 100vw, 500px\" \/><\/p>\n<p><img loading=\"lazy\" decoding=\"async\" class=\"alignnone size-full wp-image-1571\" title=\"Cerro Rico - siin on kaevandustes aegade jooksul elu kaotanud 8 miljonit inimest\" src=\"http:\/\/yhelteljel.ee\/wp-content\/uploads\/2009\/03\/img_1570.jpg\" alt=\"Cerro Rico - siin on kaevandustes aegade jooksul elu kaotanud 8 miljonit inimest\" width=\"500\" height=\"361\" srcset=\"https:\/\/yhelteljel.ee\/wp-content\/uploads\/2009\/03\/img_1570.jpg 500w, https:\/\/yhelteljel.ee\/wp-content\/uploads\/2009\/03\/img_1570-300x216.jpg 300w\" sizes=\"auto, (max-width: 500px) 100vw, 500px\" \/><\/p>\n<p>Potos\u00ed ise on aga arhitektuuri poolest kena, kuid siin on nii paganama k\u00fclm &#8211; k\u00fcte pidavat v\u00e4idetavalt olema ainult kallima klassi hotellides. Meie hostelis vastati k\u00fcsimusele, &#8220;kas siin tuba kuidagi k\u00fctta ka saab?&#8221;, t\u00e4ie enesestm\u00f5istetavusega, et &#8220;ei, aga igal voodil on viis tekki&#8221;. Nii on!<\/p>\n<p><img loading=\"lazy\" decoding=\"async\" class=\"alignnone size-full wp-image-1584\" title=\"5 tekki hostelis\" src=\"http:\/\/yhelteljel.ee\/wp-content\/uploads\/2009\/03\/img_1545.jpg\" alt=\"5 tekki hostelis\" width=\"500\" height=\"375\" srcset=\"https:\/\/yhelteljel.ee\/wp-content\/uploads\/2009\/03\/img_1545.jpg 500w, https:\/\/yhelteljel.ee\/wp-content\/uploads\/2009\/03\/img_1545-300x225.jpg 300w\" sizes=\"auto, (max-width: 500px) 100vw, 500px\" \/><\/p>\n","protected":false},"excerpt":{"rendered":"<p>Uyunist Potos\u00edsse, v\u00e4idetavalt maailma k\u00f5rgeimasse linna (4060 m) viiva tee suhtes oli meid mitu varasemalt kohatud motomatkajat suutnud \u00e4ra hirmutada &#8211; kes oli seal oma siduri l\u00e4bi p\u00f5letanud, kes oli p\u00e4rast selle tee l\u00e4bimist \u00fclej\u00e4\u00e4nud Boliivia l\u00e4bimiseks igaks juhuks liivak\u00fchvli ostnud.\u00a0<\/p>\n","protected":false},"author":2,"featured_media":0,"comment_status":"open","ping_status":"open","sticky":false,"template":"","format":"standard","meta":{"_monsterinsights_skip_tracking":false,"_monsterinsights_sitenote_active":false,"_monsterinsights_sitenote_note":"","_monsterinsights_sitenote_category":0,"footnotes":""},"categories":[4],"tags":[1112,132,128,1115,126],"class_list":["post-1561","post","type-post","status-publish","format-standard","hentry","category-louna-ameerika","tag-boliivia","tag-floora-ja-fauna","tag-linnad","tag-teeolud","tag-turismiatraktsioon"],"_links":{"self":[{"href":"https:\/\/yhelteljel.ee\/index.php?rest_route=\/wp\/v2\/posts\/1561","targetHints":{"allow":["GET"]}}],"collection":[{"href":"https:\/\/yhelteljel.ee\/index.php?rest_route=\/wp\/v2\/posts"}],"about":[{"href":"https:\/\/yhelteljel.ee\/index.php?rest_route=\/wp\/v2\/types\/post"}],"author":[{"embeddable":true,"href":"https:\/\/yhelteljel.ee\/index.php?rest_route=\/wp\/v2\/users\/2"}],"replies":[{"embeddable":true,"href":"https:\/\/yhelteljel.ee\/index.php?rest_route=%2Fwp%2Fv2%2Fcomments&post=1561"}],"version-history":[{"count":8,"href":"https:\/\/yhelteljel.ee\/index.php?rest_route=\/wp\/v2\/posts\/1561\/revisions"}],"predecessor-version":[{"id":1592,"href":"https:\/\/yhelteljel.ee\/index.php?rest_route=\/wp\/v2\/posts\/1561\/revisions\/1592"}],"wp:attachment":[{"href":"https:\/\/yhelteljel.ee\/index.php?rest_route=%2Fwp%2Fv2%2Fmedia&parent=1561"}],"wp:term":[{"taxonomy":"category","embeddable":true,"href":"https:\/\/yhelteljel.ee\/index.php?rest_route=%2Fwp%2Fv2%2Fcategories&post=1561"},{"taxonomy":"post_tag","embeddable":true,"href":"https:\/\/yhelteljel.ee\/index.php?rest_route=%2Fwp%2Fv2%2Ftags&post=1561"}],"curies":[{"name":"wp","href":"https:\/\/api.w.org\/{rel}","templated":true}]}}