{"id":1510,"date":"2009-03-04T03:48:50","date_gmt":"2009-03-04T01:48:50","guid":{"rendered":"http:\/\/yhelteljel.ee\/?p=1510"},"modified":"2009-04-15T19:22:28","modified_gmt":"2009-04-15T17:22:28","slug":"uyuni-ja-maailma-suurim-soolajarv","status":"publish","type":"post","link":"https:\/\/yhelteljel.ee\/?p=1510","title":{"rendered":"Uyuni ja maailma suurim soolaj\u00e4rv"},"content":{"rendered":"<p><img loading=\"lazy\" decoding=\"async\" class=\"alignnone size-full wp-image-1513\" title=\"Uyuni festival\" src=\"http:\/\/yhelteljel.ee\/wp-content\/uploads\/2009\/03\/img_1080.jpg\" alt=\"img_1080\" width=\"500\" height=\"564\" srcset=\"https:\/\/yhelteljel.ee\/wp-content\/uploads\/2009\/03\/img_1080.jpg 500w, https:\/\/yhelteljel.ee\/wp-content\/uploads\/2009\/03\/img_1080-265x300.jpg 265w\" sizes=\"auto, (max-width: 500px) 100vw, 500px\" \/><\/p>\n<p>Uyunis veetsime l\u00f5puks kokku neli \u00f6\u00f6d. Kuidagi trehvas nii, et samal n\u00e4dalavahetusel, kui me seal olime, toimus ka <a href=\"http:\/\/en.wikipedia.org\/wiki\/Uyuni\" target=\"_blank\">Uyuni<\/a> karneval. Midagi v\u00e4ga suurt see ei olnud, kuna k\u00fcla ise ei ole teab mis suur (Eesti m\u00f5istes ei oleks 14 000 elanikku muidugi enam k\u00fcla, aga Uyuni on ikka k\u00fcla mis k\u00fcla, v\u00e4hemalt meie silmis). Kolm p\u00e4eva j\u00e4rjest liikus m\u00f6\u00f6da t\u00e4navaid pillimeeste ja kost\u00fcmeeritud tegelaste rongk\u00e4ik, keerutati jalga ja lasti pauku.\u00a0<\/p>\n<p><!--more--><\/p>\n[audio:http:\/\/yhelteljel.ee\/audio\/Uyuni-festival.mp3]\n<p>Vajuta heli k\u00e4ima ja j\u00e4lgi pilte, ehk annab seal oleku tunde k\u00e4tte:<\/p>\n<p><span style=\"color: #0000ee; text-decoration: underline;\"><img loading=\"lazy\" decoding=\"async\" class=\"alignnone size-full wp-image-1547\" title=\"Karneval\" src=\"http:\/\/yhelteljel.ee\/wp-content\/uploads\/2009\/03\/img_1037.jpg\" alt=\"Karneval\" width=\"500\" height=\"457\" srcset=\"https:\/\/yhelteljel.ee\/wp-content\/uploads\/2009\/03\/img_1037.jpg 500w, https:\/\/yhelteljel.ee\/wp-content\/uploads\/2009\/03\/img_1037-300x274.jpg 300w\" sizes=\"auto, (max-width: 500px) 100vw, 500px\" \/><\/span><\/p>\n<p><img loading=\"lazy\" decoding=\"async\" class=\"alignnone size-full wp-image-1550\" title=\"Muusika t\u00e4navatel\" src=\"http:\/\/yhelteljel.ee\/wp-content\/uploads\/2009\/03\/img_1043.jpg\" alt=\"Muusika t\u00e4navatel\" width=\"500\" height=\"482\" srcset=\"https:\/\/yhelteljel.ee\/wp-content\/uploads\/2009\/03\/img_1043.jpg 500w, https:\/\/yhelteljel.ee\/wp-content\/uploads\/2009\/03\/img_1043-300x289.jpg 300w\" sizes=\"auto, (max-width: 500px) 100vw, 500px\" \/><\/p>\n<p><img loading=\"lazy\" decoding=\"async\" class=\"alignnone size-full wp-image-1543\" title=\"Pasunamees\" src=\"http:\/\/yhelteljel.ee\/wp-content\/uploads\/2009\/03\/img_1044.jpg\" alt=\"Pasunamees\" width=\"500\" height=\"667\" srcset=\"https:\/\/yhelteljel.ee\/wp-content\/uploads\/2009\/03\/img_1044.jpg 500w, https:\/\/yhelteljel.ee\/wp-content\/uploads\/2009\/03\/img_1044-224x300.jpg 224w\" sizes=\"auto, (max-width: 500px) 100vw, 500px\" \/><\/p>\n<p><img loading=\"lazy\" decoding=\"async\" class=\"alignnone size-full wp-image-1548\" title=\"Neiud\" src=\"http:\/\/yhelteljel.ee\/wp-content\/uploads\/2009\/03\/img_1060.jpg\" alt=\"Neiud\" width=\"500\" height=\"667\" srcset=\"https:\/\/yhelteljel.ee\/wp-content\/uploads\/2009\/03\/img_1060.jpg 500w, https:\/\/yhelteljel.ee\/wp-content\/uploads\/2009\/03\/img_1060-224x300.jpg 224w\" sizes=\"auto, (max-width: 500px) 100vw, 500px\" \/><\/p>\n<p><img loading=\"lazy\" decoding=\"async\" class=\"alignnone size-full wp-image-1530\" title=\"Eri karakterid karnevalil\" src=\"http:\/\/yhelteljel.ee\/wp-content\/uploads\/2009\/03\/img_1048.jpg\" alt=\"Eri karakterid karnevalil\" width=\"500\" height=\"454\" srcset=\"https:\/\/yhelteljel.ee\/wp-content\/uploads\/2009\/03\/img_1048.jpg 500w, https:\/\/yhelteljel.ee\/wp-content\/uploads\/2009\/03\/img_1048-300x272.jpg 300w\" sizes=\"auto, (max-width: 500px) 100vw, 500px\" \/><\/p>\n<p><img loading=\"lazy\" decoding=\"async\" class=\"alignnone size-full wp-image-1517\" title=\"Preili\" src=\"http:\/\/yhelteljel.ee\/wp-content\/uploads\/2009\/03\/img_1053.jpg\" alt=\"Preili\" width=\"500\" height=\"673\" srcset=\"https:\/\/yhelteljel.ee\/wp-content\/uploads\/2009\/03\/img_1053.jpg 500w, https:\/\/yhelteljel.ee\/wp-content\/uploads\/2009\/03\/img_1053-222x300.jpg 222w\" sizes=\"auto, (max-width: 500px) 100vw, 500px\" \/><\/p>\n<p><img loading=\"lazy\" decoding=\"async\" class=\"alignnone size-full wp-image-1518\" title=\"Vangid\" src=\"http:\/\/yhelteljel.ee\/wp-content\/uploads\/2009\/03\/img_1045.jpg\" alt=\"Vangid\" width=\"500\" height=\"443\" srcset=\"https:\/\/yhelteljel.ee\/wp-content\/uploads\/2009\/03\/img_1045.jpg 500w, https:\/\/yhelteljel.ee\/wp-content\/uploads\/2009\/03\/img_1045-300x265.jpg 300w\" sizes=\"auto, (max-width: 500px) 100vw, 500px\" \/><\/p>\n<p><img loading=\"lazy\" decoding=\"async\" class=\"alignnone size-full wp-image-1540\" title=\"Karnevali noored\" src=\"http:\/\/yhelteljel.ee\/wp-content\/uploads\/2009\/03\/img_1055.jpg\" alt=\"Karnevali noored\" width=\"500\" height=\"572\" srcset=\"https:\/\/yhelteljel.ee\/wp-content\/uploads\/2009\/03\/img_1055.jpg 500w, https:\/\/yhelteljel.ee\/wp-content\/uploads\/2009\/03\/img_1055-262x300.jpg 262w\" sizes=\"auto, (max-width: 500px) 100vw, 500px\" \/><\/p>\n<p><img loading=\"lazy\" decoding=\"async\" class=\"alignnone size-full wp-image-1542\" title=\"Kaevurid\" src=\"http:\/\/yhelteljel.ee\/wp-content\/uploads\/2009\/03\/img_1038.jpg\" alt=\"Kaevurid\" width=\"500\" height=\"479\" srcset=\"https:\/\/yhelteljel.ee\/wp-content\/uploads\/2009\/03\/img_1038.jpg 500w, https:\/\/yhelteljel.ee\/wp-content\/uploads\/2009\/03\/img_1038-300x287.jpg 300w\" sizes=\"auto, (max-width: 500px) 100vw, 500px\" \/><\/p>\n<p><img loading=\"lazy\" decoding=\"async\" class=\"alignnone size-full wp-image-1528\" title=\"Trummimees\" src=\"http:\/\/yhelteljel.ee\/wp-content\/uploads\/2009\/03\/img_1042.jpg\" alt=\"Trummimees\" width=\"500\" height=\"375\" srcset=\"https:\/\/yhelteljel.ee\/wp-content\/uploads\/2009\/03\/img_1042.jpg 500w, https:\/\/yhelteljel.ee\/wp-content\/uploads\/2009\/03\/img_1042-300x225.jpg 300w\" sizes=\"auto, (max-width: 500px) 100vw, 500px\" \/><\/p>\n<p><img loading=\"lazy\" decoding=\"async\" class=\"alignnone size-full wp-image-1541\" title=\"Pasunamehed\" src=\"http:\/\/yhelteljel.ee\/wp-content\/uploads\/2009\/03\/img_1041.jpg\" alt=\"Pasunamehed\" width=\"500\" height=\"424\" srcset=\"https:\/\/yhelteljel.ee\/wp-content\/uploads\/2009\/03\/img_1041.jpg 500w, https:\/\/yhelteljel.ee\/wp-content\/uploads\/2009\/03\/img_1041-300x254.jpg 300w\" sizes=\"auto, (max-width: 500px) 100vw, 500px\" \/><\/p>\n<p><a href=\"http:\/\/yhelteljel.ee\/wp-content\/uploads\/2009\/03\/img_1057_s.jpg\" target=\"_blank\"><img loading=\"lazy\" decoding=\"async\" class=\"alignnone size-full wp-image-1551\" title=\"Peohoos p\u00e4rismaalane (klikka, et suurendada)\" src=\"http:\/\/yhelteljel.ee\/wp-content\/uploads\/2009\/03\/img_1057.jpg\" alt=\"Peohoos p\u00e4rismaalane (klikka, et suurendada)\" width=\"500\" height=\"320\" srcset=\"https:\/\/yhelteljel.ee\/wp-content\/uploads\/2009\/03\/img_1057.jpg 500w, https:\/\/yhelteljel.ee\/wp-content\/uploads\/2009\/03\/img_1057-300x192.jpg 300w\" sizes=\"auto, (max-width: 500px) 100vw, 500px\" \/><\/a><\/p>\n<p><img loading=\"lazy\" decoding=\"async\" class=\"alignnone size-full wp-image-1512\" title=\"img_1052\" src=\"http:\/\/yhelteljel.ee\/wp-content\/uploads\/2009\/03\/img_1052.jpg\" alt=\"img_1052\" width=\"500\" height=\"424\" srcset=\"https:\/\/yhelteljel.ee\/wp-content\/uploads\/2009\/03\/img_1052.jpg 500w, https:\/\/yhelteljel.ee\/wp-content\/uploads\/2009\/03\/img_1052-300x254.jpg 300w\" sizes=\"auto, (max-width: 500px) 100vw, 500px\" \/><\/p>\n<p><img loading=\"lazy\" decoding=\"async\" class=\"alignnone size-full wp-image-1519\" title=\"Tantsuhoos keskealised\" src=\"http:\/\/yhelteljel.ee\/wp-content\/uploads\/2009\/03\/img_1464.jpg\" alt=\"Tantsuhoos keskealised\" width=\"500\" height=\"426\" srcset=\"https:\/\/yhelteljel.ee\/wp-content\/uploads\/2009\/03\/img_1464.jpg 500w, https:\/\/yhelteljel.ee\/wp-content\/uploads\/2009\/03\/img_1464-300x255.jpg 300w\" sizes=\"auto, (max-width: 500px) 100vw, 500px\" \/><\/p>\n<p><img loading=\"lazy\" decoding=\"async\" class=\"alignnone size-full wp-image-1546\" title=\"Keeruta-keeruta\" src=\"http:\/\/yhelteljel.ee\/wp-content\/uploads\/2009\/03\/img_1465.jpg\" alt=\"Keeruta-keeruta\" width=\"500\" height=\"393\" srcset=\"https:\/\/yhelteljel.ee\/wp-content\/uploads\/2009\/03\/img_1465.jpg 500w, https:\/\/yhelteljel.ee\/wp-content\/uploads\/2009\/03\/img_1465-300x235.jpg 300w\" sizes=\"auto, (max-width: 500px) 100vw, 500px\" \/><\/p>\n<p><img loading=\"lazy\" decoding=\"async\" class=\"alignnone size-full wp-image-1521\" title=\"Tantsuhoos nooremapoolsed p\u00e4rismaalased\" src=\"http:\/\/yhelteljel.ee\/wp-content\/uploads\/2009\/03\/img_1460.jpg\" alt=\"Tantsuhoos nooremapoolsed p\u00e4rismaalased\" width=\"500\" height=\"420\" srcset=\"https:\/\/yhelteljel.ee\/wp-content\/uploads\/2009\/03\/img_1460.jpg 500w, https:\/\/yhelteljel.ee\/wp-content\/uploads\/2009\/03\/img_1460-300x252.jpg 300w\" sizes=\"auto, (max-width: 500px) 100vw, 500px\" \/><\/p>\n<p>T\u00e4itsa l\u00f5bus oli seda tralli j\u00e4lgida, kuid kolmanda p\u00e4eva l\u00f5puks oli see juba v\u00e4sitav, kuna j\u00e4i mulje, et peale paari-kolme loo orkester m\u00e4gida ei osanud.<\/p>\n<p>K\u00e4isime \u00e4ra ka nn rongide kalmistul, kus kolm kilomeetrit k\u00fclast v\u00e4ljas, T\u0161iilis asuvasse <a href=\"http:\/\/en.wikipedia.org\/wiki\/Antofagasta\" target=\"_blank\">Antofagasta<\/a> sadamalinna (mis kunagi varem on Boliivialie kuulunud) viiva raudtee \u00e4\u00e4res, on lademetes roostetavaid vedureid ja\u00a0 vaguneid.<\/p>\n<p><img loading=\"lazy\" decoding=\"async\" class=\"alignnone size-full wp-image-1537\" title=\"M\u00fc\u00fca vedur - vajab v\u00e4ga head mehaanikut!\" src=\"http:\/\/yhelteljel.ee\/wp-content\/uploads\/2009\/03\/img_1100.jpg\" alt=\"M\u00fc\u00fca vedur - vajab v\u00e4ga head mehaanikut!\" width=\"500\" height=\"667\" srcset=\"https:\/\/yhelteljel.ee\/wp-content\/uploads\/2009\/03\/img_1100.jpg 500w, https:\/\/yhelteljel.ee\/wp-content\/uploads\/2009\/03\/img_1100-224x300.jpg 224w\" sizes=\"auto, (max-width: 500px) 100vw, 500px\" \/><\/p>\n<p><img loading=\"lazy\" decoding=\"async\" class=\"alignnone size-full wp-image-1539\" title=\"Ka f\u00fc\u00fcsikud on siia j\u00f5udnud - aegruumi t\u00e4htis valem ilusti kirja pandud, Einsteini tensor ja puha...\" src=\"http:\/\/yhelteljel.ee\/wp-content\/uploads\/2009\/03\/img_1101.jpg\" alt=\"Ka f\u00fc\u00fcsikud on siia j\u00f5udnud - aegruumi t\u00e4htis valem ilusti kirja pandud, Einsteini tensor ja puha...\" width=\"500\" height=\"334\" srcset=\"https:\/\/yhelteljel.ee\/wp-content\/uploads\/2009\/03\/img_1101.jpg 500w, https:\/\/yhelteljel.ee\/wp-content\/uploads\/2009\/03\/img_1101-300x200.jpg 300w\" sizes=\"auto, (max-width: 500px) 100vw, 500px\" \/><\/p>\n<p><img loading=\"lazy\" decoding=\"async\" class=\"alignnone size-full wp-image-1523\" title=\"Ajapikku maasse vajanud\" src=\"http:\/\/yhelteljel.ee\/wp-content\/uploads\/2009\/03\/img_1103.jpg\" alt=\"Ajapikku maasse vajanud\" width=\"500\" height=\"375\" srcset=\"https:\/\/yhelteljel.ee\/wp-content\/uploads\/2009\/03\/img_1103.jpg 500w, https:\/\/yhelteljel.ee\/wp-content\/uploads\/2009\/03\/img_1103-300x225.jpg 300w\" sizes=\"auto, (max-width: 500px) 100vw, 500px\" \/><\/p>\n<p>M\u00f5ned panoraamid kalmistult:<\/p>\n<p><a href=\"http:\/\/yhelteljel.ee\/wp-content\/uploads\/2009\/03\/rongide-kalmistu-1s.jpg\" target=\"_blank\"><img loading=\"lazy\" decoding=\"async\" class=\"alignnone size-full wp-image-1532\" title=\"Rongide kalmistu (1)\" src=\"http:\/\/yhelteljel.ee\/wp-content\/uploads\/2009\/03\/rongide-kalmistu-1v.png\" alt=\"Rongide kalmistu (1)\" width=\"500\" height=\"87\" srcset=\"https:\/\/yhelteljel.ee\/wp-content\/uploads\/2009\/03\/rongide-kalmistu-1v.png 500w, https:\/\/yhelteljel.ee\/wp-content\/uploads\/2009\/03\/rongide-kalmistu-1v-300x52.png 300w\" sizes=\"auto, (max-width: 500px) 100vw, 500px\" \/><\/a><\/p>\n<p><a href=\"http:\/\/yhelteljel.ee\/wp-content\/uploads\/2009\/03\/rongide-kalmistu-2s.jpg\" target=\"_blank\"><img loading=\"lazy\" decoding=\"async\" class=\"alignnone size-full wp-image-1515\" title=\"Rongide kalmistu (2)\" src=\"http:\/\/yhelteljel.ee\/wp-content\/uploads\/2009\/03\/rongide-kalmistu-2v.png\" alt=\"Rongide kalmistu (2)\" width=\"500\" height=\"73\" srcset=\"https:\/\/yhelteljel.ee\/wp-content\/uploads\/2009\/03\/rongide-kalmistu-2v.png 500w, https:\/\/yhelteljel.ee\/wp-content\/uploads\/2009\/03\/rongide-kalmistu-2v-300x43.png 300w\" sizes=\"auto, (max-width: 500px) 100vw, 500px\" \/><\/a><\/p>\n<p>Uyunis viibitud aja t\u00e4hts\u00fcndmuseks kujunes aga ootusp\u00e4raselt meie pikaajaline unistus ehk s\u00f5it Uyuni <a href=\"http:\/\/en.wikipedia.org\/wiki\/Salar_de_Uyuni\" target=\"_blank\">soolaj\u00e4rvele<\/a>. Kuival perioodil on see lihtsalt \u00fcks valge soolav\u00e4li, nii kaugele kui sulm ulatub. Praegu aga on siin, <em><a href=\"http:\/\/en.wikipedia.org\/wiki\/Altiplano\" target=\"_blank\">altiplanol<\/a><\/em>, vihmaperiood, ning kogu j\u00e4rv on kaetud veekihiga. Eri kohtades on vee s\u00fcgavus erinev. Meie \u00fcle m\u00f5nek\u00fcmbe sentimeetri s\u00fcgavusse vette oma tsikliga minna ei s\u00f6andanud, sest soolaveest hullemat vaenlast mootorratta elektris\u00fcsteemile ja metalldetailidele on raske leida. Ehkki tol p\u00e4eval, kui me j\u00e4rvel k\u00e4isime, oli ka natuke tuult, oli j\u00e4rve veepind pea peegelsile, nii et k\u00f5ik objektid, mis j\u00e4id vaateulatusse, olid kenasti ka peegelduses n\u00e4ha &#8211; m\u00e4ed, pilved, ning ka meie ise. Mitte asjata ei \u00f6elda, et kui j\u00e4v on veega kaetud, on sel ps\u00fchhedeelne ilme. See oli\u00a0 t\u00f5eliselt v\u00e4gev elamus, mida oleks iga kell valmis kordama (kuid tsikli s\u00e4\u00e4stmise nimel peedistaks parem m\u00f5ne turismifirma d\u017eiipi &#8211; saab kaugemale minna, ilma et peaks end s\u00f5iduki heaolu p\u00e4rast haigeks muretsema).<\/p>\n<p><a href=\"http:\/\/yhelteljel.ee\/wp-content\/uploads\/2009\/03\/img_1159_2_s.jpg\" target=\"_blank\"><img loading=\"lazy\" decoding=\"async\" class=\"alignnone size-full wp-image-1544\" title=\"Oleme \u00fche olulise linnukese kirja saanud - Salar de Uyuni n\u00e4htud!\" src=\"http:\/\/yhelteljel.ee\/wp-content\/uploads\/2009\/03\/img_1159_2_v.jpg\" alt=\"Oleme \u00fche olulise linnukese kirja saanud - Salar de Uyuni n\u00e4htud!\" width=\"500\" height=\"375\" srcset=\"https:\/\/yhelteljel.ee\/wp-content\/uploads\/2009\/03\/img_1159_2_v.jpg 500w, https:\/\/yhelteljel.ee\/wp-content\/uploads\/2009\/03\/img_1159_2_v-300x225.jpg 300w\" sizes=\"auto, (max-width: 500px) 100vw, 500px\" \/><\/a><\/p>\n<p>Panoraamid m\u00e4rjalt Salarilt:<\/p>\n<p><a href=\"http:\/\/yhelteljel.ee\/wp-content\/uploads\/2009\/03\/uyuni-1s.jpg\" target=\"_blank\"><img loading=\"lazy\" decoding=\"async\" class=\"alignnone size-full wp-image-1534\" title=\"Maastik Salar de Uyuni soolaj\u00e4rve l\u00e4histelt\" src=\"http:\/\/yhelteljel.ee\/wp-content\/uploads\/2009\/03\/uyuni-1v.png\" alt=\"Maastik Salar de Uyuni soolaj\u00e4rve l\u00e4histelt\" width=\"500\" height=\"87\" srcset=\"https:\/\/yhelteljel.ee\/wp-content\/uploads\/2009\/03\/uyuni-1v.png 500w, https:\/\/yhelteljel.ee\/wp-content\/uploads\/2009\/03\/uyuni-1v-300x52.png 300w\" sizes=\"auto, (max-width: 500px) 100vw, 500px\" \/><\/a><\/p>\n<p><a href=\"http:\/\/yhelteljel.ee\/wp-content\/uploads\/2009\/03\/uyuni-2s.jpg\" target=\"_blank\"><img loading=\"lazy\" decoding=\"async\" class=\"alignnone size-full wp-image-1526\" title=\"Salar de Uyuni soolaj\u00e4rv - lihtsalt ulme!\" src=\"http:\/\/yhelteljel.ee\/wp-content\/uploads\/2009\/03\/uyuni-2v.png\" alt=\"Salar de Uyuni soolaj\u00e4rv - lihtsalt ulme!\" width=\"500\" height=\"82\" srcset=\"https:\/\/yhelteljel.ee\/wp-content\/uploads\/2009\/03\/uyuni-2v.png 500w, https:\/\/yhelteljel.ee\/wp-content\/uploads\/2009\/03\/uyuni-2v-300x49.png 300w\" sizes=\"auto, (max-width: 500px) 100vw, 500px\" \/><\/a><\/p>\n<p>P\u00e4rast j\u00e4rvel k\u00e4imist kihutasime tagasi Uyunisse, et tsikkel kiiremas korras nagu kord ja kohus puhtaks pesta, sest sool on kiire korrodeerija ja \u00f5gib iga mootorratta (erinevalt autodest pole mootorratastel \u00fcldiselt \u00fcldse soola olemasolule teedel m\u00f5eldud) elusast peast \u00e4ra kui \u00f5igeaegselt ei reageeri. Tundub, et l\u00e4ks \u00f5nneks!<\/p>\n<p><img loading=\"lazy\" decoding=\"async\" class=\"alignnone size-full wp-image-1536\" title=\"Sool!\" src=\"http:\/\/yhelteljel.ee\/wp-content\/uploads\/2009\/03\/img_1452.jpg\" alt=\"Sool!\" width=\"500\" height=\"375\" srcset=\"https:\/\/yhelteljel.ee\/wp-content\/uploads\/2009\/03\/img_1452.jpg 500w, https:\/\/yhelteljel.ee\/wp-content\/uploads\/2009\/03\/img_1452-300x225.jpg 300w\" sizes=\"auto, (max-width: 500px) 100vw, 500px\" \/><\/p>\n<p><img loading=\"lazy\" decoding=\"async\" class=\"alignnone size-full wp-image-1516\" title=\"Sool\" src=\"http:\/\/yhelteljel.ee\/wp-content\/uploads\/2009\/03\/img_1445.jpg\" alt=\"Sool\" width=\"500\" height=\"375\" srcset=\"https:\/\/yhelteljel.ee\/wp-content\/uploads\/2009\/03\/img_1445.jpg 500w, https:\/\/yhelteljel.ee\/wp-content\/uploads\/2009\/03\/img_1445-300x225.jpg 300w\" sizes=\"auto, (max-width: 500px) 100vw, 500px\" \/><\/p>\n<p><img loading=\"lazy\" decoding=\"async\" class=\"alignnone size-full wp-image-1525\" title=\"Sool. K\u00f5ikjal!\" src=\"http:\/\/yhelteljel.ee\/wp-content\/uploads\/2009\/03\/img_1449.jpg\" alt=\"Sool. K\u00f5ikjal!\" width=\"500\" height=\"375\" srcset=\"https:\/\/yhelteljel.ee\/wp-content\/uploads\/2009\/03\/img_1449.jpg 500w, https:\/\/yhelteljel.ee\/wp-content\/uploads\/2009\/03\/img_1449-300x225.jpg 300w\" sizes=\"auto, (max-width: 500px) 100vw, 500px\" \/><\/p>\n","protected":false},"excerpt":{"rendered":"<p>Uyunis veetsime l\u00f5puks kokku neli \u00f6\u00f6d. Kuidagi trehvas nii, et samal n\u00e4dalavahetusel, kui me seal olime, toimus ka Uyuni karneval. Midagi v\u00e4ga suurt see ei olnud, kuna k\u00fcla ise ei ole teab mis suur (Eesti m\u00f5istes ei oleks 14 000 elanikku muidugi enam k\u00fcla, aga Uyuni on ikka k\u00fcla mis k\u00fcla, v\u00e4hemalt meie silmis). Kolm &hellip; <a href=\"https:\/\/yhelteljel.ee\/?p=1510\" class=\"more-link\">Loe edasi <span class=\"screen-reader-text\">Uyuni ja maailma suurim soolaj\u00e4rv<\/span> <span class=\"meta-nav\">&rarr;<\/span><\/a><\/p>\n","protected":false},"author":3,"featured_media":0,"comment_status":"open","ping_status":"open","sticky":false,"template":"","format":"standard","meta":{"_monsterinsights_skip_tracking":false,"_monsterinsights_sitenote_active":false,"_monsterinsights_sitenote_note":"","_monsterinsights_sitenote_category":0,"footnotes":""},"categories":[4],"tags":[1112,129,1114,126],"class_list":["post-1510","post","type-post","status-publish","format-standard","hentry","category-louna-ameerika","tag-boliivia","tag-helimaastikud","tag-inimesed","tag-turismiatraktsioon"],"_links":{"self":[{"href":"https:\/\/yhelteljel.ee\/index.php?rest_route=\/wp\/v2\/posts\/1510","targetHints":{"allow":["GET"]}}],"collection":[{"href":"https:\/\/yhelteljel.ee\/index.php?rest_route=\/wp\/v2\/posts"}],"about":[{"href":"https:\/\/yhelteljel.ee\/index.php?rest_route=\/wp\/v2\/types\/post"}],"author":[{"embeddable":true,"href":"https:\/\/yhelteljel.ee\/index.php?rest_route=\/wp\/v2\/users\/3"}],"replies":[{"embeddable":true,"href":"https:\/\/yhelteljel.ee\/index.php?rest_route=%2Fwp%2Fv2%2Fcomments&post=1510"}],"version-history":[{"count":10,"href":"https:\/\/yhelteljel.ee\/index.php?rest_route=\/wp\/v2\/posts\/1510\/revisions"}],"predecessor-version":[{"id":1596,"href":"https:\/\/yhelteljel.ee\/index.php?rest_route=\/wp\/v2\/posts\/1510\/revisions\/1596"}],"wp:attachment":[{"href":"https:\/\/yhelteljel.ee\/index.php?rest_route=%2Fwp%2Fv2%2Fmedia&parent=1510"}],"wp:term":[{"taxonomy":"category","embeddable":true,"href":"https:\/\/yhelteljel.ee\/index.php?rest_route=%2Fwp%2Fv2%2Fcategories&post=1510"},{"taxonomy":"post_tag","embeddable":true,"href":"https:\/\/yhelteljel.ee\/index.php?rest_route=%2Fwp%2Fv2%2Ftags&post=1510"}],"curies":[{"name":"wp","href":"https:\/\/api.w.org\/{rel}","templated":true}]}}