{"id":14807,"date":"2011-11-04T21:07:57","date_gmt":"2011-11-04T19:07:57","guid":{"rendered":"http:\/\/yhelteljel.ee\/?p=14807"},"modified":"2011-11-04T21:09:22","modified_gmt":"2011-11-04T19:09:22","slug":"kodutee-i-osa","status":"publish","type":"post","link":"https:\/\/yhelteljel.ee\/?p=14807","title":{"rendered":"Kodutee (I osa)"},"content":{"rendered":"<p><a href=\"http:\/\/yhelteljel.ee\/wp-content\/uploads\/2011\/11\/SDIM7627_s.jpg\" target=\"_blank\"><img loading=\"lazy\" decoding=\"async\" title=\"\u00dcksik v\u00e4ike romantiline kirik Picos de Europas\" src=\"http:\/\/yhelteljel.ee\/wp-content\/uploads\/2011\/11\/SDIM7627_v.jpg\" alt=\"\" width=\"530\" height=\"353\" \/><\/a><\/p>\n<p>Aafrikaga reis muidugi ei l\u00f5ppenud &#8211; ees seisis veel Euroopa, mis tuli sisuliselt \u00fchest servast teise l\u00e4bi s\u00f5ita. Et k\u00e4es oli oktoobri teine pool ning tali l\u00e4henemas, ei saanud me Euroopat nautima j\u00e4\u00e4da, vaid pidime marsruuti ning selle l\u00e4bimiseks kuluvat aega optimeerima &#8211; muidu oli oht, et koju naasmine v\u00f5ib toimuda lumes. Optimeerida ei olnud muidugi kerge, kuna Euroopas on n\u00e4ha oi-kui-palju ning hiljaaegu meie postkasti sadanud k\u00fcllakutsed moto- ja reisientusiastidelt Euroopa eri paigust tundusid k\u00f5ik v\u00e4ga ahvatlevad &#8211; pole ju midagi paremat kui lisaks niisama ringi tiirutamisele saab kuulda ka kohalike arvamust ning seikasid nende elust. Pidime tegema valiku.<\/p>\n<p><!--more--><\/p>\n<p>Kuna varasemast oli meisse j\u00e4\u00e4nud kummitama Portugali pealinnast Lissabonist saadud emotsioon, siis oli meil kindel plaan sinna tagasi minna, ning Gibraltarilt saigi sinna suund v\u00f5etud. Seal v\u00f5ttis meid vastu Africa Twini mees Abilio, keda me k\u00fcll varem ei tundnud, kuid kellega j\u00f5udsime paugupealt \u00fchele lainele. Kuna ta on t\u00f6\u00f6inimene, siis oli tal aega ja v\u00f5imalust meile linna n\u00e4idata vaid \u00f5htuti, ning m\u00f5istagi on see teine pilt, mis avaneb \u00f6\u00f6pimeduses. Kuna me oleme v\u00e4ikestviisi audiofriigid, siis eriliselt j\u00e4i meelde 1966. aastast p\u00e4rit Ponte 25 de Abril, enam kui kahe kilomeetri pikkune rippsild, mis disainist tulenevalt on \u00fcsnagi h\u00e4\u00e4lekas. Nimelt on selle sisemised s\u00f5idurajad silla \u00f5hutakistuse v\u00e4hendamiseks tehtud metallv\u00f5rest, nii et autorehvide ning v\u00f5re kokkupuutel tekib ulmeline, lausa kosmiline heli. Pimedas silla all seistes v\u00f5ib endale vabalt ette kujutada, et pea kohal lendavad kosmoselaevad.<\/p>\n<p><a href=\"http:\/\/yhelteljel.ee\/wp-content\/uploads\/2011\/11\/Portugal-1s.jpg\" target=\"_blank\"><img loading=\"lazy\" decoding=\"async\" title=\"25. aprilli sild Lissabonis kuu ja Cristo Rei kuju all helendamas\" src=\"http:\/\/yhelteljel.ee\/wp-content\/uploads\/2011\/11\/Portugal-1v.jpg\" alt=\"\" width=\"530\" height=\"1065\" \/><\/a><\/p>\n<p>Sama aeg ja koht helis:<\/p>\n[audio:Lissabon_25_aprilli_silla_ all.mp3|titles=Kosmosehelid Lissaboni 25. aprilli silla all]\n<p>Ega me Lissabonis tegelikult suuremat vaatamisv\u00e4\u00e4rsustega tutvumist ei teinud &#8211; rohkem puhkasime niisama, ning lasime Abiliol meile n\u00e4idata seda, mis talle meeldib. Siin v\u00e4ike kogum meie hetkedest Lissabonis.<\/p>\n<p><a href=\"http:\/\/yhelteljel.ee\/wp-content\/uploads\/2011\/11\/SDIM7478_s.jpg\" target=\"_blank\"><img loading=\"lazy\" decoding=\"async\" class=\"alignnone size-full wp-image-14848\" title=\"Korerelamu trepp Lissabonis\" src=\"http:\/\/yhelteljel.ee\/wp-content\/uploads\/2011\/11\/SDIM7478_v.jpg\" alt=\"\" width=\"530\" height=\"777\" srcset=\"https:\/\/yhelteljel.ee\/wp-content\/uploads\/2011\/11\/SDIM7478_v.jpg 530w, https:\/\/yhelteljel.ee\/wp-content\/uploads\/2011\/11\/SDIM7478_v-204x300.jpg 204w\" sizes=\"auto, (max-width: 530px) 100vw, 530px\" \/><\/a><\/p>\n<p><a href=\"http:\/\/yhelteljel.ee\/wp-content\/uploads\/2011\/11\/SDIM7479_s.jpg\" target=\"_blank\"><img loading=\"lazy\" decoding=\"async\" class=\"alignnone size-full wp-image-14850\" title=\"Meie elamine Lissabonis\" src=\"http:\/\/yhelteljel.ee\/wp-content\/uploads\/2011\/11\/SDIM7479_v.jpg\" alt=\"\" width=\"530\" height=\"795\" srcset=\"https:\/\/yhelteljel.ee\/wp-content\/uploads\/2011\/11\/SDIM7479_v.jpg 530w, https:\/\/yhelteljel.ee\/wp-content\/uploads\/2011\/11\/SDIM7479_v-200x300.jpg 200w\" sizes=\"auto, (max-width: 530px) 100vw, 530px\" \/><\/a><\/p>\n<p><a href=\"http:\/\/yhelteljel.ee\/wp-content\/uploads\/2011\/11\/SDIM7487_s.jpg\" target=\"_blank\"><img loading=\"lazy\" decoding=\"async\" class=\"alignnone size-full wp-image-14852\" title=\"Gessu esitulede remont kohvikust laenatud elektri ja Abilio tinutuskolviga. Nupu kontaktid olid lihtsalt t\u00e4iesti \u00e4ra kulunud suurest kasutusest.\" src=\"http:\/\/yhelteljel.ee\/wp-content\/uploads\/2011\/11\/SDIM7487_v.jpg\" alt=\"\" width=\"530\" height=\"795\" srcset=\"https:\/\/yhelteljel.ee\/wp-content\/uploads\/2011\/11\/SDIM7487_v.jpg 530w, https:\/\/yhelteljel.ee\/wp-content\/uploads\/2011\/11\/SDIM7487_v-200x300.jpg 200w\" sizes=\"auto, (max-width: 530px) 100vw, 530px\" \/><\/a><\/p>\n<p><a href=\"http:\/\/yhelteljel.ee\/wp-content\/uploads\/2011\/11\/Portugal-6s.jpg\" target=\"_blank\"><img loading=\"lazy\" decoding=\"async\" title=\"Rattad Portugali stiilis \u00f6ise kiriku ees\" src=\"http:\/\/yhelteljel.ee\/wp-content\/uploads\/2011\/11\/Portugal-6v.jpg\" alt=\"\" width=\"530\" height=\"523\" \/><\/a><\/p>\n<p><a href=\"http:\/\/yhelteljel.ee\/wp-content\/uploads\/2011\/11\/SDIM7490_s.jpg\" target=\"_blank\"><img loading=\"lazy\" decoding=\"async\" title=\"Lissaboni esine Atlandi ookean \u00f6\u00f6pimeduses\" src=\"http:\/\/yhelteljel.ee\/wp-content\/uploads\/2011\/11\/SDIM7490_v.jpg\" alt=\"\" width=\"530\" height=\"353\" \/><\/a><\/p>\n<p><a href=\"http:\/\/yhelteljel.ee\/wp-content\/uploads\/2011\/11\/SDIM7494_s.jpg\" target=\"_blank\"><img loading=\"lazy\" decoding=\"async\" class=\"alignnone size-full wp-image-14860\" title=\"Atlandi ookean Lissabonis tehislikus valguses\" src=\"http:\/\/yhelteljel.ee\/wp-content\/uploads\/2011\/11\/SDIM7494_v.jpg\" alt=\"\" width=\"530\" height=\"353\" srcset=\"https:\/\/yhelteljel.ee\/wp-content\/uploads\/2011\/11\/SDIM7494_v.jpg 530w, https:\/\/yhelteljel.ee\/wp-content\/uploads\/2011\/11\/SDIM7494_v-300x199.jpg 300w\" sizes=\"auto, (max-width: 530px) 100vw, 530px\" \/><\/a><\/p>\n<p><a href=\"http:\/\/yhelteljel.ee\/wp-content\/uploads\/2011\/11\/SDIM7492_s.jpg\" target=\"_blank\"><img loading=\"lazy\" decoding=\"async\" title=\"Lissaboni muusik Abilio\" src=\"http:\/\/yhelteljel.ee\/wp-content\/uploads\/2011\/11\/SDIM7492_v.jpg\" alt=\"\" width=\"530\" height=\"353\" \/><\/a><\/p>\n<p><a href=\"http:\/\/yhelteljel.ee\/wp-content\/uploads\/2011\/11\/SDIM7496_s.jpg\" target=\"_blank\"><img loading=\"lazy\" decoding=\"async\" class=\"alignnone size-full wp-image-14862\" title=\"Abilioga Lissaboni l\u00e4histel ringil\" src=\"http:\/\/yhelteljel.ee\/wp-content\/uploads\/2011\/11\/SDIM7496_v.jpg\" alt=\"\" width=\"530\" height=\"353\" srcset=\"https:\/\/yhelteljel.ee\/wp-content\/uploads\/2011\/11\/SDIM7496_v.jpg 530w, https:\/\/yhelteljel.ee\/wp-content\/uploads\/2011\/11\/SDIM7496_v-300x199.jpg 300w\" sizes=\"auto, (max-width: 530px) 100vw, 530px\" \/><\/a><\/p>\n<p>Lissabonist edasi oli j\u00e4rg Porto k\u00e4es, mis on suuruselt teine linn Portugalis ning eelk\u00f5ige tuntud selle poolest, et sealt on p\u00e4rit portvein &#8211; magus kangestatud punane vein. Ka Portosse oli meil k\u00fcllakutse, kuid kahjuks oli meil liiga kiire, et linnaga l\u00e4hemalt tutvust teha, nii et pidime piirduma kauni p\u00e4ikeseloojangu nautimisega Atlandi ookeani \u00e4\u00e4res (seltsiks loomulikult pudel portveini) ning kiire linnaekskursiooni ning tassi kohviga kohaliku bemmimehe Pedro poolt. Douro j\u00f5e suudmes asuv hubane vanalinn vanade laevade ning veinikeldritega j\u00e4ttis meile aga v\u00e4\u00e4rika mulje, mist\u00f5ttu tulevikus tahaks sinna tagasi minna.<\/p>\n<p><a href=\"http:\/\/yhelteljel.ee\/wp-content\/uploads\/2011\/11\/SDIM7503_s.jpg\" target=\"_blank\"><img loading=\"lazy\" decoding=\"async\" title=\"Porto p\u00e4ikeseloojang\" src=\"http:\/\/yhelteljel.ee\/wp-content\/uploads\/2011\/11\/SDIM7503_v.jpg\" alt=\"\" width=\"530\" height=\"351\" \/><\/a><\/p>\n<p><a href=\"http:\/\/yhelteljel.ee\/wp-content\/uploads\/2011\/11\/SDIM7507_s.jpg\" target=\"_blank\"><img loading=\"lazy\" decoding=\"async\" class=\"alignnone size-full wp-image-14866\" title=\"Portos portveiniga p\u00e4ikest \u00e4ra saatmas\" src=\"http:\/\/yhelteljel.ee\/wp-content\/uploads\/2011\/11\/SDIM7507_v.jpg\" alt=\"\" width=\"530\" height=\"345\" srcset=\"https:\/\/yhelteljel.ee\/wp-content\/uploads\/2011\/11\/SDIM7507_v.jpg 530w, https:\/\/yhelteljel.ee\/wp-content\/uploads\/2011\/11\/SDIM7507_v-300x195.jpg 300w\" sizes=\"auto, (max-width: 530px) 100vw, 530px\" \/><\/a><\/p>\n<p><a href=\"http:\/\/yhelteljel.ee\/wp-content\/uploads\/2011\/11\/Portugal-2s.jpg\" target=\"_blank\"><img loading=\"lazy\" decoding=\"async\" title=\"Panoraam Porto esisest Atlandist ehavalguses\" src=\"http:\/\/yhelteljel.ee\/wp-content\/uploads\/2011\/11\/Portugal-2v.png\" alt=\"\" width=\"530\" height=\"92\" \/><\/a><\/p>\n<p><a href=\"http:\/\/yhelteljel.ee\/wp-content\/uploads\/2011\/11\/Portugal-3s.jpg\" target=\"_blank\"><img loading=\"lazy\" decoding=\"async\" class=\"alignnone size-full wp-image-14837\" title=\"Panoraam Porto esisest Atlandist ehavalguses\" src=\"http:\/\/yhelteljel.ee\/wp-content\/uploads\/2011\/11\/Portugal-3v.png\" alt=\"\" width=\"530\" height=\"105\" srcset=\"https:\/\/yhelteljel.ee\/wp-content\/uploads\/2011\/11\/Portugal-3v.png 530w, https:\/\/yhelteljel.ee\/wp-content\/uploads\/2011\/11\/Portugal-3v-300x59.png 300w\" sizes=\"auto, (max-width: 530px) 100vw, 530px\" \/><\/a><\/p>\n<p><a href=\"http:\/\/yhelteljel.ee\/wp-content\/uploads\/2011\/11\/SDIM7530_s.jpg\" target=\"_blank\"><img loading=\"lazy\" decoding=\"async\" class=\"alignnone size-full wp-image-14870\" title=\"Lained vastu kive\" src=\"http:\/\/yhelteljel.ee\/wp-content\/uploads\/2011\/11\/SDIM7530_v.jpg\" alt=\"\" width=\"530\" height=\"353\" srcset=\"https:\/\/yhelteljel.ee\/wp-content\/uploads\/2011\/11\/SDIM7530_v.jpg 530w, https:\/\/yhelteljel.ee\/wp-content\/uploads\/2011\/11\/SDIM7530_v-300x199.jpg 300w\" sizes=\"auto, (max-width: 530px) 100vw, 530px\" \/><\/a><\/p>\n<p><a href=\"http:\/\/yhelteljel.ee\/wp-content\/uploads\/2011\/11\/SDIM7527_s.jpg\" target=\"_blank\"><img loading=\"lazy\" decoding=\"async\" class=\"alignnone size-full wp-image-14868\" title=\"P\u00e4ikeseloojanguaegne ookean\" src=\"http:\/\/yhelteljel.ee\/wp-content\/uploads\/2011\/11\/SDIM7527_v.jpg\" alt=\"\" width=\"530\" height=\"353\" srcset=\"https:\/\/yhelteljel.ee\/wp-content\/uploads\/2011\/11\/SDIM7527_v.jpg 530w, https:\/\/yhelteljel.ee\/wp-content\/uploads\/2011\/11\/SDIM7527_v-300x199.jpg 300w\" sizes=\"auto, (max-width: 530px) 100vw, 530px\" \/><\/a><\/p>\n<p><a href=\"http:\/\/yhelteljel.ee\/wp-content\/uploads\/2011\/11\/SDIM7552_s.jpg\" target=\"_blank\"><img loading=\"lazy\" decoding=\"async\" title=\"Atland\" src=\"http:\/\/yhelteljel.ee\/wp-content\/uploads\/2011\/11\/SDIM7552_v.jpg\" alt=\"\" width=\"530\" height=\"795\" \/><\/a><\/p>\n<p><a href=\"http:\/\/yhelteljel.ee\/wp-content\/uploads\/2011\/11\/SDIM7569_s.jpg\" target=\"_blank\"><img loading=\"lazy\" decoding=\"async\" class=\"alignnone size-full wp-image-14874\" title=\"Pedro n\u00e4itab oma motomatkade pilte\" src=\"http:\/\/yhelteljel.ee\/wp-content\/uploads\/2011\/11\/SDIM7569_v.jpg\" alt=\"\" width=\"530\" height=\"353\" srcset=\"https:\/\/yhelteljel.ee\/wp-content\/uploads\/2011\/11\/SDIM7569_v.jpg 530w, https:\/\/yhelteljel.ee\/wp-content\/uploads\/2011\/11\/SDIM7569_v-300x199.jpg 300w\" sizes=\"auto, (max-width: 530px) 100vw, 530px\" \/><\/a><\/p>\n<p><a href=\"http:\/\/yhelteljel.ee\/wp-content\/uploads\/2011\/11\/Portugal-4s.jpg\" target=\"_blank\"><img loading=\"lazy\" decoding=\"async\" class=\"alignnone size-full wp-image-14840\" title=\"Porto n\u00e4htuna kuulsa (portveiniajaloolise) Douro j\u00f5e \u00e4\u00e4rest\" src=\"http:\/\/yhelteljel.ee\/wp-content\/uploads\/2011\/11\/Portugal-4v.png\" alt=\"\" width=\"530\" height=\"100\" srcset=\"https:\/\/yhelteljel.ee\/wp-content\/uploads\/2011\/11\/Portugal-4v.png 530w, https:\/\/yhelteljel.ee\/wp-content\/uploads\/2011\/11\/Portugal-4v-300x56.png 300w\" sizes=\"auto, (max-width: 530px) 100vw, 530px\" \/><\/a><\/p>\n<p><a href=\"http:\/\/yhelteljel.ee\/wp-content\/uploads\/2011\/11\/Portugal-5s.jpg\" target=\"_blank\"><img loading=\"lazy\" decoding=\"async\" class=\"alignnone size-full wp-image-14843\" title=\"Panoraam Porto vanalinnast\" src=\"http:\/\/yhelteljel.ee\/wp-content\/uploads\/2011\/11\/Portugal-5v.png\" alt=\"\" width=\"530\" height=\"116\" srcset=\"https:\/\/yhelteljel.ee\/wp-content\/uploads\/2011\/11\/Portugal-5v.png 530w, https:\/\/yhelteljel.ee\/wp-content\/uploads\/2011\/11\/Portugal-5v-300x65.png 300w\" sizes=\"auto, (max-width: 530px) 100vw, 530px\" \/><\/a><\/p>\n<p>Portost edasi m\u00f5tlesime minna Fisterrasse, mis asub \u00fcle piiri Hispaanias, ning t\u00f5lkes t\u00e4hendab maailma l\u00f5ppu. Paraku oli poolsaar, mis v\u00e4ljan\u00e4gemise poolest v\u00f5iks t\u00f5epoolest maailma otsa tiitlile kandideerida, turiste paksult t\u00e4is ning p\u00e4ris &#8220;otsa&#8221; minemise eest taheti veel ka piletiraha, nii et seal me palju aega ei raisanud.<\/p>\n<p><a href=\"http:\/\/yhelteljel.ee\/wp-content\/uploads\/2011\/11\/Hispaania-0s.jpg\" target=\"_blank\"><img loading=\"lazy\" decoding=\"async\" title=\"Fisterra ehk &quot;Maailma l\u00f5pp&quot; panoraamis\" src=\"http:\/\/yhelteljel.ee\/wp-content\/uploads\/2011\/11\/Hispaania-0v.jpg\" alt=\"\" width=\"530\" height=\"86\" \/><\/a><\/p>\n<p>V\u00f5tsime suuna Hispaania p\u00f5hjaosas asuvale rahvuspargile nimega Picos de Europa. Kui aus olla, siis ei olnud me sellest varem midagi kuulnud, aga meie vastleitud s\u00f5brad Abilio ja Pedro olid meile sellest pilte n\u00e4idanud, mis tekitasid isu sellega l\u00e4hemalt tutvuda. Tuli v\u00e4lja, et olime sinna sattunud v\u00e4ga \u00f5igel ajal &#8211; kuna \u00f6\u00f6d olid juba \u00fcsna kr\u00f5bedad, olid turistid l\u00e4inud ning v\u00f5isime kiviseid, konarlikke radu m\u00f6\u00f6da s\u00f5ita ning eepilisi maastikke imetleda uhkes \u00fcksinduses, taustaks helisemas oru p\u00f5hjas v\u00f5i m\u00e4ek\u00fcljel liikuva karja kellad.<\/p>\n[audio:Picos_de_Europa_lambakari.mp3|titles=Karjakellad Picos de Europa m\u00e4gedes]\n<p><a href=\"http:\/\/yhelteljel.ee\/wp-content\/uploads\/2011\/11\/Hispaania-3s.jpg\" target=\"_blank\"><img loading=\"lazy\" decoding=\"async\" title=\"Picos de Europa maastik panoraamis\" src=\"http:\/\/yhelteljel.ee\/wp-content\/uploads\/2011\/11\/Hispaania-3v.png\" alt=\"\" width=\"530\" height=\"111\" \/><\/a><\/p>\n<p><a href=\"http:\/\/yhelteljel.ee\/wp-content\/uploads\/2011\/11\/Hispaania-2s.jpg\" target=\"_blank\"><img loading=\"lazy\" decoding=\"async\" title=\"Panoraam \u00fchelt Picos de Europa rajalt\" src=\"http:\/\/yhelteljel.ee\/wp-content\/uploads\/2011\/11\/Hispaania-2v.png\" alt=\"\" width=\"530\" height=\"143\" \/><\/a><\/p>\n<p><a href=\"http:\/\/yhelteljel.ee\/wp-content\/uploads\/2011\/11\/SDIM7581_s.jpg\" target=\"_blank\"><img loading=\"lazy\" decoding=\"async\" title=\"Kirik ja m\u00e4gi P\u00f5hja-Hispaanias\" src=\"http:\/\/yhelteljel.ee\/wp-content\/uploads\/2011\/11\/SDIM7581_v.jpg\" alt=\"\" width=\"530\" height=\"353\" \/><\/a><\/p>\n<p><a href=\"http:\/\/yhelteljel.ee\/wp-content\/uploads\/2011\/11\/SDIM7660_s.jpg\" target=\"_blank\"><img loading=\"lazy\" decoding=\"async\" title=\"Talvitumismajad loomakarjale\" src=\"http:\/\/yhelteljel.ee\/wp-content\/uploads\/2011\/11\/SDIM7660_v.jpg\" alt=\"\" width=\"530\" height=\"795\" \/><\/a><\/p>\n<p><a href=\"http:\/\/yhelteljel.ee\/wp-content\/uploads\/2011\/11\/SDIM7610_s.jpg\" target=\"_blank\"><img loading=\"lazy\" decoding=\"async\" class=\"alignnone size-full wp-image-14878\" title=\"Picos de Europa radadel\" src=\"http:\/\/yhelteljel.ee\/wp-content\/uploads\/2011\/11\/SDIM7610_v.jpg\" alt=\"\" width=\"530\" height=\"353\" srcset=\"https:\/\/yhelteljel.ee\/wp-content\/uploads\/2011\/11\/SDIM7610_v.jpg 530w, https:\/\/yhelteljel.ee\/wp-content\/uploads\/2011\/11\/SDIM7610_v-300x199.jpg 300w\" sizes=\"auto, (max-width: 530px) 100vw, 530px\" \/><\/a><\/p>\n<p><a href=\"http:\/\/yhelteljel.ee\/wp-content\/uploads\/2011\/11\/SDIM7642_s.jpg\" target=\"_blank\"><img loading=\"lazy\" decoding=\"async\" title=\"Picos de Europa kurvilistel m\u00e4giradadel\" src=\"http:\/\/yhelteljel.ee\/wp-content\/uploads\/2011\/11\/SDIM7642_v.jpg\" alt=\"\" width=\"530\" height=\"353\" \/><\/a><\/p>\n<p><a href=\"http:\/\/yhelteljel.ee\/wp-content\/uploads\/2011\/11\/SDIM7640_s.jpg\" target=\"_blank\"><img loading=\"lazy\" decoding=\"async\" class=\"alignnone size-full wp-image-14882\" title=\"L\u00f5ik teest, mida tuntakse &quot;h\u00e4rjaturjana&quot;\" src=\"http:\/\/yhelteljel.ee\/wp-content\/uploads\/2011\/11\/SDIM7640_v.jpg\" alt=\"\" width=\"530\" height=\"353\" srcset=\"https:\/\/yhelteljel.ee\/wp-content\/uploads\/2011\/11\/SDIM7640_v.jpg 530w, https:\/\/yhelteljel.ee\/wp-content\/uploads\/2011\/11\/SDIM7640_v-300x199.jpg 300w\" sizes=\"auto, (max-width: 530px) 100vw, 530px\" \/><\/a><\/p>\n<p><a href=\"http:\/\/yhelteljel.ee\/wp-content\/uploads\/2011\/11\/Hispaania-6s.jpg\" target=\"_blank\"><img loading=\"lazy\" decoding=\"async\" title=\"Loomalaudad talveks Picos de Europas\" src=\"http:\/\/yhelteljel.ee\/wp-content\/uploads\/2011\/11\/Hispaania-6v.jpg\" alt=\"\" width=\"530\" height=\"825\" \/><\/a><\/p>\n<p><a href=\"http:\/\/yhelteljel.ee\/wp-content\/uploads\/2011\/11\/Hispaania-4s.jpg\" target=\"_blank\"><img loading=\"lazy\" decoding=\"async\" title=\"Picos de Europa eri vaates\" src=\"http:\/\/yhelteljel.ee\/wp-content\/uploads\/2011\/11\/Hispaania-4v.png\" alt=\"\" width=\"530\" height=\"76\" \/><\/a><\/p>\n<p><a href=\"http:\/\/yhelteljel.ee\/wp-content\/uploads\/2011\/11\/Hispaania-5s.jpg\" target=\"_blank\"><img loading=\"lazy\" decoding=\"async\" title=\"Picos de Europa k\u00f5rvaliselt rajalt\" src=\"http:\/\/yhelteljel.ee\/wp-content\/uploads\/2011\/11\/Hispaania-5v.png\" alt=\"\" width=\"530\" height=\"152\" \/><\/a><\/p>\n<p><a href=\"http:\/\/yhelteljel.ee\/wp-content\/uploads\/2011\/11\/SDIM7644_s.jpg\" target=\"_blank\"><img loading=\"lazy\" decoding=\"async\" class=\"alignnone size-full wp-image-14886\" title=\"M\u00e4gimaastikus\" src=\"http:\/\/yhelteljel.ee\/wp-content\/uploads\/2011\/11\/SDIM7644_v.jpg\" alt=\"\" width=\"530\" height=\"353\" srcset=\"https:\/\/yhelteljel.ee\/wp-content\/uploads\/2011\/11\/SDIM7644_v.jpg 530w, https:\/\/yhelteljel.ee\/wp-content\/uploads\/2011\/11\/SDIM7644_v-300x199.jpg 300w\" sizes=\"auto, (max-width: 530px) 100vw, 530px\" \/><\/a><\/p>\n<p><a href=\"http:\/\/yhelteljel.ee\/wp-content\/uploads\/2011\/11\/Hispaania-1s.jpg\" target=\"_blank\"><img loading=\"lazy\" decoding=\"async\" title=\"M\u00e4gik\u00fcla P\u00f5hja-Hispaanias\" src=\"http:\/\/yhelteljel.ee\/wp-content\/uploads\/2011\/11\/Hispaania-1v.png\" alt=\"\" width=\"530\" height=\"295\" \/><\/a><\/p>\n<p><a href=\"http:\/\/yhelteljel.ee\/wp-content\/uploads\/2011\/11\/SDIM7661_s.jpg\" target=\"_blank\"><img loading=\"lazy\" decoding=\"async\" title=\"L\u00e4bi tunneliteseeria\" src=\"http:\/\/yhelteljel.ee\/wp-content\/uploads\/2011\/11\/SDIM7661_v.jpg\" alt=\"\" width=\"530\" height=\"344\" \/><\/a><\/p>\n<p>Hispaania p\u00f5hjarannik oli ilus, kuid oli tunda, et allpool loksuvate lainete hingus on k\u00fclm ja karge &#8211; olime l\u00e4henemas kodule, ning meis valitsesid vastakad tunded.<\/p>\n<p><a href=\"http:\/\/yhelteljel.ee\/wp-content\/uploads\/2011\/11\/SDIM7667_s.jpg\" target=\"_blank\"><img loading=\"lazy\" decoding=\"async\" title=\"Graffiti Baskimaal\" src=\"http:\/\/yhelteljel.ee\/wp-content\/uploads\/2011\/11\/SDIM7667_v.jpg\" alt=\"\" width=\"530\" height=\"353\" \/><\/a><\/p>\n<p><a href=\"http:\/\/yhelteljel.ee\/wp-content\/uploads\/2011\/11\/Hispaania-7s.jpg\" target=\"_blank\"><img loading=\"lazy\" decoding=\"async\" title=\"Panoraam Biskaia lahest\" src=\"http:\/\/yhelteljel.ee\/wp-content\/uploads\/2011\/11\/Hispaania-7v.png\" alt=\"\" width=\"530\" height=\"171\" \/><\/a><\/p>\n<p><a href=\"http:\/\/yhelteljel.ee\/wp-content\/uploads\/2011\/11\/SDIM7671_s.jpg\" target=\"_blank\"><img loading=\"lazy\" decoding=\"async\" class=\"alignnone size-full wp-image-14892\" title=\"Biskaia laht\" src=\"http:\/\/yhelteljel.ee\/wp-content\/uploads\/2011\/11\/SDIM7671_v.jpg\" alt=\"\" width=\"530\" height=\"353\" srcset=\"https:\/\/yhelteljel.ee\/wp-content\/uploads\/2011\/11\/SDIM7671_v.jpg 530w, https:\/\/yhelteljel.ee\/wp-content\/uploads\/2011\/11\/SDIM7671_v-300x199.jpg 300w\" sizes=\"auto, (max-width: 530px) 100vw, 530px\" \/><\/a><\/p>\n<p>Sealt edasi oli \u00fche p\u00e4eva tee (oleks v\u00f5inud olla muidugi mitme p\u00e4eva tee, aga eelistasime s\u00f5ita pigem palju korraga) meie mootorratturist s\u00f5bra Denise juurde, keda esmakordselt kohtasime Rumeenias, kui olime teel Iraani. V\u00e4ga lahe sell, hea huumorisoonega. Kuigi ise on \u0161otlane ning on t\u00fckk aega elanud Inglismaal, on ta uue kodu leidnud Prantsusmaa l\u00f5unaosas, kuhu me talle k\u00fclla s\u00f5itsimegi. Koos temaga v\u00f5ttis meid vastu tema naabrist s\u00f5bratar Uschi, kes on samuti v\u00e4ga laheda olemise ning avara silmavaatega, nii et tundsime end nende seltskonnas kui oma kodus.<\/p>\n<p><a href=\"http:\/\/yhelteljel.ee\/wp-content\/uploads\/2011\/11\/SDIM7691_s.jpg\" target=\"_blank\"><img loading=\"lazy\" decoding=\"async\" title=\"Denise ja Uschiga - m\u00f5lemad kogenud matkasellid\" src=\"http:\/\/yhelteljel.ee\/wp-content\/uploads\/2011\/11\/SDIM7691_v.jpg\" alt=\"\" width=\"530\" height=\"353\" \/><\/a><\/p>\n<p><a href=\"http:\/\/yhelteljel.ee\/wp-content\/uploads\/2011\/11\/SDIM7685_s.jpg\" target=\"_blank\"><img loading=\"lazy\" decoding=\"async\" class=\"alignnone size-full wp-image-14894\" title=\"Toorjuustuga magustoit Prantsusmaal\" src=\"http:\/\/yhelteljel.ee\/wp-content\/uploads\/2011\/11\/SDIM7685_v.jpg\" alt=\"\" width=\"530\" height=\"353\" srcset=\"https:\/\/yhelteljel.ee\/wp-content\/uploads\/2011\/11\/SDIM7685_v.jpg 530w, https:\/\/yhelteljel.ee\/wp-content\/uploads\/2011\/11\/SDIM7685_v-300x199.jpg 300w\" sizes=\"auto, (max-width: 530px) 100vw, 530px\" \/><\/a><\/p>\n<p>Prantsusmaal leidsime Denise abiga uue tagarehvi (vana olime alla pannud Namiibias, nii et pidas ikka v\u00e4ga h\u00e4sti vastu), kuna ees oli veel pool Euroopat&#8230;<\/p>\n<p><a href=\"http:\/\/yhelteljel.ee\/wp-content\/uploads\/2011\/11\/SDIM7687_s.jpg\" target=\"_blank\"><img loading=\"lazy\" decoding=\"async\" title=\"Kulunud Mitase rehv - Namiibiast Prantsusmaale, ligi 20 000 kilomeetrit on nublurehvile tegelt kestvuse tipptase\" src=\"http:\/\/yhelteljel.ee\/wp-content\/uploads\/2011\/11\/SDIM7687_v.jpg\" alt=\"\" width=\"530\" height=\"795\" \/><\/a><\/p>\n","protected":false},"excerpt":{"rendered":"<p>Aafrikaga reis muidugi ei l\u00f5ppenud &#8211; ees seisis veel Euroopa, mis tuli sisuliselt \u00fchest servast teise l\u00e4bi s\u00f5ita. Et k\u00e4es oli oktoobri teine pool ning tali l\u00e4henemas, ei saanud me Euroopat nautima j\u00e4\u00e4da, vaid pidime marsruuti ning selle l\u00e4bimiseks kuluvat aega optimeerima &#8211; muidu oli oht, et koju naasmine v\u00f5ib toimuda lumes. Optimeerida ei olnud &hellip; <a href=\"https:\/\/yhelteljel.ee\/?p=14807\" class=\"more-link\">Loe edasi <span class=\"screen-reader-text\">Kodutee (I osa)<\/span> <span class=\"meta-nav\">&rarr;<\/span><\/a><\/p>\n","protected":false},"author":2,"featured_media":0,"comment_status":"open","ping_status":"open","sticky":false,"template":"","format":"standard","meta":{"_monsterinsights_skip_tracking":false,"_monsterinsights_sitenote_active":false,"_monsterinsights_sitenote_note":"","_monsterinsights_sitenote_category":0,"footnotes":""},"categories":[3],"tags":[129,620,1114,128,1147,125,123],"class_list":["post-14807","post","type-post","status-publish","format-standard","hentry","category-euroopa","tag-helimaastikud","tag-hispaania","tag-inimesed","tag-linnad","tag-portugal","tag-prantsusmaa","tag-sook-ja-jook"],"_links":{"self":[{"href":"https:\/\/yhelteljel.ee\/index.php?rest_route=\/wp\/v2\/posts\/14807","targetHints":{"allow":["GET"]}}],"collection":[{"href":"https:\/\/yhelteljel.ee\/index.php?rest_route=\/wp\/v2\/posts"}],"about":[{"href":"https:\/\/yhelteljel.ee\/index.php?rest_route=\/wp\/v2\/types\/post"}],"author":[{"embeddable":true,"href":"https:\/\/yhelteljel.ee\/index.php?rest_route=\/wp\/v2\/users\/2"}],"replies":[{"embeddable":true,"href":"https:\/\/yhelteljel.ee\/index.php?rest_route=%2Fwp%2Fv2%2Fcomments&post=14807"}],"version-history":[{"count":10,"href":"https:\/\/yhelteljel.ee\/index.php?rest_route=\/wp\/v2\/posts\/14807\/revisions"}],"predecessor-version":[{"id":14909,"href":"https:\/\/yhelteljel.ee\/index.php?rest_route=\/wp\/v2\/posts\/14807\/revisions\/14909"}],"wp:attachment":[{"href":"https:\/\/yhelteljel.ee\/index.php?rest_route=%2Fwp%2Fv2%2Fmedia&parent=14807"}],"wp:term":[{"taxonomy":"category","embeddable":true,"href":"https:\/\/yhelteljel.ee\/index.php?rest_route=%2Fwp%2Fv2%2Fcategories&post=14807"},{"taxonomy":"post_tag","embeddable":true,"href":"https:\/\/yhelteljel.ee\/index.php?rest_route=%2Fwp%2Fv2%2Ftags&post=14807"}],"curies":[{"name":"wp","href":"https:\/\/api.w.org\/{rel}","templated":true}]}}