{"id":14270,"date":"2011-09-23T10:50:31","date_gmt":"2011-09-23T08:50:31","guid":{"rendered":"http:\/\/yhelteljel.ee\/?p=14270"},"modified":"2011-09-23T10:50:31","modified_gmt":"2011-09-23T08:50:31","slug":"uhel-teljel-muusikasaade-malist","status":"publish","type":"post","link":"https:\/\/yhelteljel.ee\/?p=14270","title":{"rendered":"\u00dchel Teljel muusikasaade Malist"},"content":{"rendered":"<p><a href=\"http:\/\/yhelteljel.ee\/wp-content\/uploads\/2011\/09\/IMG_3093_s.jpg\" target=\"_blank\"><img loading=\"lazy\" decoding=\"async\" title=\"Mali pealinna Bamako K7 (h\u00e4\u00e4ldatakse &quot;Kassett&quot;) plaadipoes\" src=\"http:\/\/yhelteljel.ee\/wp-content\/uploads\/2011\/09\/IMG_3093_v.jpg\" alt=\"\" width=\"530\" height=\"398\" \/><\/a><\/p>\n<p>N\u00fc\u00fcd kui malaariast suuresti jagu saanud, panime augu t\u00e4iteks p\u00f5lvepeal kokku \u00fche muusikasaate Malist:<\/p>\n[audio:YHELTELJEL-Mali.mp3|titles=\u00dchel Teljel muusikaretk Malisse]\n<p><!--more--><\/p>\n<p>Kellel interneti\u00fchendus maha ei j\u00f5ua m\u00e4ngida (\u201chakib\u201d), saab faili alla t\u00f5mmata <a href=\"http:\/\/yhelteljel.ee\/audio\/YHELTELJEL-Mali.mp3\" target=\"_blank\">siit<\/a> (paremklikiga <em>\u201cSave As\u201d<\/em>).<\/p>\n<p>Saates m\u00e4ngitud palade esitusloend:<\/p>\n<p>1. Oumou Sangar\u00e9 &#8211; Donso (Kounadia, 2008)<br \/>\n2. Neba Solo &#8211; Fouladon (Neba Solo, 2002)<br \/>\n3. Issa Bagayogo &#8211; Diarabi (Sya, 1999)<br \/>\n4. Nahawa Doumbia &#8211; Minia (Yaala, 2000)<br \/>\n5. Abdoulaye Diabate &#8211; Sere (Samory, 2002)<br \/>\n6. Yoro Sidibe &#8211; Kob\u00e9li (Kob\u00e9li, ????)<br \/>\n7. Habib Koit\u00e9 &#8211; Ma Ya (Ma Ya, 1998)<br \/>\n8. Oumou Sangar\u00e9 &#8211; Diya Gneba (Moussoulou, 1990)<br \/>\n9. Nahawa Doumbia &#8211; Kalo Bole (Yankaw, 1997)<\/p>\n<p>Taustaks: Ali Farka Tour\u00e9 &amp; Ry Cooder &#8211; Bonde \/ Sega (Talking Timbuktu, 1994)<\/p>\n<p><a href=\"http:\/\/yhelteljel.ee\/wp-content\/uploads\/2011\/09\/IMG_3095_s.jpg\" target=\"_blank\"><img loading=\"lazy\" decoding=\"async\" title=\"Plaadipoe &quot;K7&quot; nimetus tulenebki siit - h\u00e4\u00e4ldatakse &quot;Kassett&quot; - siin on kassetid endiselt k\u00e4igus ja k\u00f5lavad h\u00e4sti - ikkagi vana hea analoog! :)\" src=\"http:\/\/yhelteljel.ee\/wp-content\/uploads\/2011\/09\/IMG_3095_v.jpg\" alt=\"\" width=\"530\" height=\"398\" \/><\/a><\/p>\n<p>V\u00e4heke tausta ka. Ei tea, kuidas lugejatele-kuulajatele, aga meile tundus Malis olles kohalik muusika niiv\u00f5rd v\u00e4rvikas ja niiv\u00f5rd mitmekesine, et kui Bamakos kuulsime olevat kaupluse, kus on v\u00f5imalik osta originaalplaate (m\u00f5nes m\u00f5ttes kurioosum Aafrikas, kus muusika on enamasti m\u00fc\u00fcgil turul ning loomulikult piraatversioonis), siis oli ainuke loogiline tegevusk\u00e4ik sinna kohale minna ning kohaliku muusikat\u00f6\u00f6stuse toetuseks m\u00f5ned helikandjad soetada &#8211; eelistame iga kell originaali ja meile ei meeldi &#8220;piratsemine&#8221; &#8211; kui ikka meeldib, tuleb toetada ka asja loojat.<\/p>\n<p>Tegemist on kauplusega nimega K7 (prantsuskeelselt h\u00e4\u00e4ldades k\u00f5lab nagu &#8220;kassett&#8221;), millele pani aluse Mali muusika \u00fcks legende, Ali Farka Tour\u00e9. Nagu nimestki aru saada, on kassett siinmail ikka veel kuum s\u00f5na &#8211;\u00a0poeski oli kassette vaata et suuremgi valik kui CD-plaate, ent ometi saime kokku m\u00f5nusa melomaanse assortii.<\/p>\n<p>CD-de puhul on neil huvitav lahendus leitud kohaliku ostuj\u00f5u tasakaalu saavutamiseks &#8211; kohalikuks tarbimiseks on plaadid siiski kirjutatud (ja need on ikkagi sealjuures &#8220;originaalid&#8221;, st artist saab plaadi l\u00e4bim\u00fc\u00fcgist osa!) &#8211; loogiline, sest Mali on \u00fcks vaesemaid riike maailmas ja &#8220;keskmised&#8221; kohalikud ei j\u00f5uakski osta kvaliteetseid ja kauakestvaid pressitud originaalplaate &#8211; pressitud plaadid tehakse ja m\u00fc\u00fcakse l\u00e4\u00e4nes, kus inimested j\u00f5uavad neid osta ja ilmselgelt j\u00f5ukamad kohalikud audiofiilid siia tellivad.<\/p>\n<p><a href=\"http:\/\/yhelteljel.ee\/wp-content\/uploads\/2011\/09\/IMG_3096_s.jpg\" target=\"_blank\"><img loading=\"lazy\" decoding=\"async\" title=\"Kuulsas K7 plaadipoes - siia k\u00e4ivad k\u00f5ik Mali artistid isikult ostlemas ja oma kraami v\u00e4lja reklaamimas (postrid seinal) - n\u00e4iteks p\u00e4ev varem oli siin just Issa Bagayogo k\u00e4inud\" src=\"http:\/\/yhelteljel.ee\/wp-content\/uploads\/2011\/09\/IMG_3096_v.jpg\" alt=\"\" width=\"530\" height=\"398\" \/><\/a><\/p>\n","protected":false},"excerpt":{"rendered":"<p>N\u00fc\u00fcd kui malaariast suuresti jagu saanud, panime augu t\u00e4iteks p\u00f5lvepeal kokku \u00fche muusikasaate Malist: [audio:YHELTELJEL-Mali.mp3|titles=\u00dchel Teljel muusikaretk Malisse]<\/p>\n","protected":false},"author":3,"featured_media":0,"comment_status":"open","ping_status":"open","sticky":false,"template":"","format":"standard","meta":{"_monsterinsights_skip_tracking":false,"_monsterinsights_sitenote_active":false,"_monsterinsights_sitenote_note":"","_monsterinsights_sitenote_category":0,"footnotes":""},"categories":[427],"tags":[129,1146],"class_list":["post-14270","post","type-post","status-publish","format-standard","hentry","category-aafrika","tag-helimaastikud","tag-mali"],"_links":{"self":[{"href":"https:\/\/yhelteljel.ee\/index.php?rest_route=\/wp\/v2\/posts\/14270","targetHints":{"allow":["GET"]}}],"collection":[{"href":"https:\/\/yhelteljel.ee\/index.php?rest_route=\/wp\/v2\/posts"}],"about":[{"href":"https:\/\/yhelteljel.ee\/index.php?rest_route=\/wp\/v2\/types\/post"}],"author":[{"embeddable":true,"href":"https:\/\/yhelteljel.ee\/index.php?rest_route=\/wp\/v2\/users\/3"}],"replies":[{"embeddable":true,"href":"https:\/\/yhelteljel.ee\/index.php?rest_route=%2Fwp%2Fv2%2Fcomments&post=14270"}],"version-history":[{"count":19,"href":"https:\/\/yhelteljel.ee\/index.php?rest_route=\/wp\/v2\/posts\/14270\/revisions"}],"predecessor-version":[{"id":14301,"href":"https:\/\/yhelteljel.ee\/index.php?rest_route=\/wp\/v2\/posts\/14270\/revisions\/14301"}],"wp:attachment":[{"href":"https:\/\/yhelteljel.ee\/index.php?rest_route=%2Fwp%2Fv2%2Fmedia&parent=14270"}],"wp:term":[{"taxonomy":"category","embeddable":true,"href":"https:\/\/yhelteljel.ee\/index.php?rest_route=%2Fwp%2Fv2%2Fcategories&post=14270"},{"taxonomy":"post_tag","embeddable":true,"href":"https:\/\/yhelteljel.ee\/index.php?rest_route=%2Fwp%2Fv2%2Ftags&post=14270"}],"curies":[{"name":"wp","href":"https:\/\/api.w.org\/{rel}","templated":true}]}}