{"id":14128,"date":"2011-09-13T12:00:15","date_gmt":"2011-09-13T10:00:15","guid":{"rendered":"http:\/\/yhelteljel.ee\/?p=14128"},"modified":"2011-09-11T23:50:20","modified_gmt":"2011-09-11T21:50:20","slug":"maaeluidull","status":"publish","type":"post","link":"https:\/\/yhelteljel.ee\/?p=14128","title":{"rendered":"Maaeluid\u00fcll"},"content":{"rendered":"<p><a href=\"http:\/\/yhelteljel.ee\/wp-content\/uploads\/2011\/09\/SDIM6399_s.jpg\" target=\"_blank\"><img loading=\"lazy\" decoding=\"async\" title=\"Uhkete k\u00f5rvar\u00f5ngastega Mali naine\" src=\"http:\/\/yhelteljel.ee\/wp-content\/uploads\/2011\/09\/SDIM6399_v.jpg\" alt=\"\" width=\"530\" height=\"354\" \/><\/a><\/p>\n<p>Enamus turiste piirdub Djenn\u00e9 endaga, kuid kui p\u00e4ris aus olla, siis ehedama emotsiooni saab, kui vaadata Djenn\u00e9st veidike v\u00e4ljapoole, kasv\u00f5i selle vahetus l\u00e4heduses asuvatesse k\u00fcladesse. Majad on ikka sellest samast mudast, kuid inimesed on hoopis vahetumad ning &#8211; kui esmane umbusk sinu kui v\u00f5\u00f5ra suhtes selja taga &#8211; j\u00e4tavad k\u00fclalislahkema mulje.<\/p>\n<p><!--more--><\/p>\n<p>Kohalikku maal\u00e4hedast Mali muusikat vanadelt sahisevatelt kassetidelt, mis meie terminoloogia j\u00e4rgi kuulub &#8220;kullafondi&#8221; &#8211; st muusika, mis pole n\u00e4inud t\u00f6\u00f6stust, promo- ega reklaamiturgu, vaid on muusika otse s\u00fcdamest, ehk heli Mali loodusest, kultuurist, rahvast ja elust endast:<\/p>\n[audio:Mali_raadiost_5.mp3,Mali_Raadiost_8.mp3,Mali_raadiost_6.mp3|titles=Spirituaalset elusmuusikat sahisevalt kassetilt,Spirituaalset elusmuusikat sahisevalt kassetilt,Spirituaalset elusmuusikat sahisevalt kassetilt]\n<p>Saime Djenn\u00e9s olles jutule giidiga, kes lubas meid \u00fchte sellisesse k\u00fclla viia, hobuvankriga. Sellisega, nagu k\u00f5ik kohalikud siin ringi s\u00f5idavad. Kuna sellel puudus igasugune vedrustus, ning kuna suurema osa teekonnast moodustas aus off-road \u00fcle riisip\u00f5ldude, oli see \u00fcks igavesti autentne elamus &#8211; meile \u00fcle p\u00f5llu vastu tulevatele, Djenn\u00e9 poole veerevate kohalike jaoks igan\u00e4dalane missioon, turule ja tagasi.<\/p>\n<p><a href=\"http:\/\/yhelteljel.ee\/wp-content\/uploads\/2011\/09\/SDIM6344_s.jpg\" target=\"_blank\"><img loading=\"lazy\" decoding=\"async\" title=\"Meie hobuvankris\u00f5it k\u00fclla - saime ka tunda, kui raske on kohalike vanamoodne elu\" src=\"http:\/\/yhelteljel.ee\/wp-content\/uploads\/2011\/09\/SDIM6344_v.jpg\" alt=\"\" width=\"530\" height=\"353\" \/><\/a><\/p>\n<p><a href=\"http:\/\/yhelteljel.ee\/wp-content\/uploads\/2011\/09\/SDIM6410_s.jpg\" target=\"_blank\"><img loading=\"lazy\" decoding=\"async\" title=\"Tee k\u00fclla - hobuvankri j\u00e4ljed l\u00e4hevad\" src=\"http:\/\/yhelteljel.ee\/wp-content\/uploads\/2011\/09\/SDIM6410_v.jpg\" alt=\"\" width=\"530\" height=\"353\" \/><\/a><\/p>\n<p><a href=\"http:\/\/yhelteljel.ee\/wp-content\/uploads\/2011\/09\/SDIM6356_s.jpg\" target=\"_blank\"><img loading=\"lazy\" decoding=\"async\" title=\"\u00dcks teine samasugune hobuvanker l\u00e4ks meie omaga samas suunas\" src=\"http:\/\/yhelteljel.ee\/wp-content\/uploads\/2011\/09\/SDIM6356_v.jpg\" alt=\"\" width=\"530\" height=\"326\" \/><\/a><\/p>\n<p><a href=\"http:\/\/yhelteljel.ee\/wp-content\/uploads\/2011\/09\/SDIM6354_s.jpg\" target=\"_blank\"><img loading=\"lazy\" decoding=\"async\" title=\"M\u00f6\u00f6duv naine k\u00fclateel - must laik suu \u00fcmber on t\u00e4toveering, mis viitab sellele, et naine on kas kihlatud v\u00f5i abielus\" src=\"http:\/\/yhelteljel.ee\/wp-content\/uploads\/2011\/09\/SDIM6354_v.jpg\" alt=\"\" width=\"530\" height=\"348\" \/><\/a><\/p>\n<p>K\u00fclas k\u00e4is vilgas elu &#8211; kes pesi kaevu \u00e4\u00e4res pesu, kes tampis uhmris l\u00f5unas\u00f6\u00f6gi tarvis maisi- v\u00f5i riisiteri. Siin, k\u00fclas, on inimeste igap\u00e4evatoimetused palju paremini n\u00e4htvad, mitte k\u00f5rgete seinte taga peidus, nagu linnades, kus inimesed on palju individualistlikumad ning anon\u00fc\u00fcmsus suurem.<\/p>\n<p><a href=\"http:\/\/yhelteljel.ee\/wp-content\/uploads\/2011\/09\/SDIM6406_s.jpg\" target=\"_blank\"><img loading=\"lazy\" decoding=\"async\" title=\"Pesup\u00e4ev k\u00fcla ees\" src=\"http:\/\/yhelteljel.ee\/wp-content\/uploads\/2011\/09\/SDIM6406_v.jpg\" alt=\"\" width=\"530\" height=\"332\" \/><\/a><\/p>\n<p><a href=\"http:\/\/yhelteljel.ee\/wp-content\/uploads\/2011\/09\/SDIM6368_s.jpg\" target=\"_blank\"><img loading=\"lazy\" decoding=\"async\" title=\"T\u00f6\u00f6kad lapsed\" src=\"http:\/\/yhelteljel.ee\/wp-content\/uploads\/2011\/09\/SDIM6368_v.jpg\" alt=\"\" width=\"530\" height=\"358\" \/><\/a><\/p>\n<p><a href=\"http:\/\/yhelteljel.ee\/wp-content\/uploads\/2011\/09\/Mali-14s.jpg\" target=\"_blank\"><img loading=\"lazy\" decoding=\"async\" title=\"Mudamoshee\" src=\"http:\/\/yhelteljel.ee\/wp-content\/uploads\/2011\/09\/Mali-14v.jpg\" alt=\"\" width=\"530\" height=\"340\" \/><\/a><\/p>\n<p><a href=\"http:\/\/yhelteljel.ee\/wp-content\/uploads\/2011\/09\/SDIM6404_s.jpg\" target=\"_blank\"><img loading=\"lazy\" decoding=\"async\" title=\"Naine lapsega\" src=\"http:\/\/yhelteljel.ee\/wp-content\/uploads\/2011\/09\/SDIM6404_v.jpg\" alt=\"\" width=\"530\" height=\"795\" \/><\/a><\/p>\n<p><a href=\"http:\/\/yhelteljel.ee\/wp-content\/uploads\/2011\/09\/SDIM6380_s.jpg\" target=\"_blank\"><img loading=\"lazy\" decoding=\"async\" title=\"Minarett ja ruupor\" src=\"http:\/\/yhelteljel.ee\/wp-content\/uploads\/2011\/09\/SDIM6380_v.jpg\" alt=\"\" width=\"530\" height=\"353\" \/><\/a><\/p>\n<p><a href=\"http:\/\/yhelteljel.ee\/wp-content\/uploads\/2011\/09\/SDIM6376_s.jpg\" target=\"_blank\"><img loading=\"lazy\" decoding=\"async\" title=\"Jahvatamine on k\u00f5va f\u00fc\u00fcsiline t\u00f6\u00f6 - tuleb raske kaikaga teri uhmris tampida, ja nii p\u00e4evast p\u00e4eva\" src=\"http:\/\/yhelteljel.ee\/wp-content\/uploads\/2011\/09\/SDIM6376_v.jpg\" alt=\"\" width=\"530\" height=\"795\" \/><\/a><\/p>\n<p><a href=\"http:\/\/yhelteljel.ee\/wp-content\/uploads\/2011\/09\/SDIM6395_s.jpg\" target=\"_blank\"><img loading=\"lazy\" decoding=\"async\" title=\"Mali t\u00fcdrukud\" src=\"http:\/\/yhelteljel.ee\/wp-content\/uploads\/2011\/09\/SDIM6395_v.jpg\" alt=\"\" width=\"530\" height=\"353\" \/><\/a><\/p>\n<p><a href=\"http:\/\/yhelteljel.ee\/wp-content\/uploads\/2011\/09\/SDIM6394_s.jpg\" target=\"_blank\"><img loading=\"lazy\" decoding=\"async\" title=\"Arhitektuur\" src=\"http:\/\/yhelteljel.ee\/wp-content\/uploads\/2011\/09\/SDIM6394_v.jpg\" alt=\"\" width=\"530\" height=\"353\" \/><\/a><\/p>\n<p><a href=\"http:\/\/yhelteljel.ee\/wp-content\/uploads\/2011\/09\/SDIM6405_s.jpg\" target=\"_blank\"><img loading=\"lazy\" decoding=\"async\" title=\"Araabia juurtega mees Djenn\u00e9 l\u00e4histelt\" src=\"http:\/\/yhelteljel.ee\/wp-content\/uploads\/2011\/09\/SDIM6405_v.jpg\" alt=\"\" width=\"530\" height=\"353\" \/><\/a><\/p>\n<p><a href=\"http:\/\/yhelteljel.ee\/wp-content\/uploads\/2011\/09\/SDIM6401_s.jpg\" target=\"_blank\"><img loading=\"lazy\" decoding=\"async\" title=\"Mali naine uhkete kuldk\u00f5rvar\u00f5ngastega - need on \u00fche rahvusr\u00fchma tunnuseks ning neid p\u00e4randatakse p\u00f5lvest p\u00f5lve\" src=\"http:\/\/yhelteljel.ee\/wp-content\/uploads\/2011\/09\/SDIM6401_v.jpg\" alt=\"\" width=\"530\" height=\"353\" \/><\/a><\/p>\n<p>Muide, Djenn\u00e9 ja selle vahetu \u00fcmbrus pole kaugeltki mitte ainus koht Mali mudaarhitektuuri imetlemiseks &#8211; suurem osa Nigeri \u00e4\u00e4rsetest k\u00fcladest on \u00fcsna sarnased, vaheldub vaid ehk hoonete seisukord &#8211; mis praegusel vihmahooajal ilmselt eriti h\u00e4sti v\u00e4lja tuleb.<\/p>\n<p><a href=\"http:\/\/yhelteljel.ee\/wp-content\/uploads\/2011\/09\/Mali-5s.jpg\" target=\"_blank\"><img loading=\"lazy\" decoding=\"async\" title=\"Panoraam \u00fchest Mali k\u00fclamosheest\" src=\"http:\/\/yhelteljel.ee\/wp-content\/uploads\/2011\/09\/Mali-5v.png\" alt=\"\" width=\"530\" height=\"146\" \/><\/a><\/p>\n<p><a href=\"http:\/\/yhelteljel.ee\/wp-content\/uploads\/2011\/09\/SDIM6223_s1.jpg\" target=\"_blank\"><img loading=\"lazy\" decoding=\"async\" class=\"alignnone size-full wp-image-14193\" title=\"Mingi mudamoshee k\u00fclas\" src=\"http:\/\/yhelteljel.ee\/wp-content\/uploads\/2011\/09\/SDIM6223_v1.jpg\" alt=\"\" width=\"530\" height=\"353\" srcset=\"https:\/\/yhelteljel.ee\/wp-content\/uploads\/2011\/09\/SDIM6223_v1.jpg 530w, https:\/\/yhelteljel.ee\/wp-content\/uploads\/2011\/09\/SDIM6223_v1-300x199.jpg 300w\" sizes=\"auto, (max-width: 530px) 100vw, 530px\" \/><\/a><\/p>\n<p><a href=\"http:\/\/yhelteljel.ee\/wp-content\/uploads\/2011\/09\/Mali-10s.jpg\" target=\"_blank\"><img loading=\"lazy\" decoding=\"async\" class=\"alignnone size-full wp-image-14261\" title=\"Panoraam tee\u00e4\u00e4rsest k\u00fclast - need &quot;jalgadel&quot; h\u00fctid on viljahoidlad\" src=\"http:\/\/yhelteljel.ee\/wp-content\/uploads\/2011\/09\/Mali-10v.png\" alt=\"\" width=\"530\" height=\"251\" srcset=\"https:\/\/yhelteljel.ee\/wp-content\/uploads\/2011\/09\/Mali-10v.png 530w, https:\/\/yhelteljel.ee\/wp-content\/uploads\/2011\/09\/Mali-10v-300x142.png 300w\" sizes=\"auto, (max-width: 530px) 100vw, 530px\" \/><\/a><\/p>\n<p><a href=\"http:\/\/yhelteljel.ee\/wp-content\/uploads\/2011\/09\/Mali-1s.jpg\" target=\"_blank\"><img loading=\"lazy\" decoding=\"async\" title=\"Panoraam Mali maastikust vihmahooajal - enamus aastast peaks see olema \u00e4ra kuivanud poolk\u00f5rb\" src=\"http:\/\/yhelteljel.ee\/wp-content\/uploads\/2011\/09\/Mali-1v.png\" alt=\"\" width=\"530\" height=\"117\" \/><\/a><\/p>\n","protected":false},"excerpt":{"rendered":"<p>Enamus turiste piirdub Djenn\u00e9 endaga, kuid kui p\u00e4ris aus olla, siis ehedama emotsiooni saab, kui vaadata Djenn\u00e9st veidike v\u00e4ljapoole, kasv\u00f5i selle vahetus l\u00e4heduses asuvatesse k\u00fcladesse. Majad on ikka sellest samast mudast, kuid inimesed on hoopis vahetumad ning &#8211; kui esmane umbusk sinu kui v\u00f5\u00f5ra suhtes selja taga &#8211; j\u00e4tavad k\u00fclalislahkema mulje.<\/p>\n","protected":false},"author":3,"featured_media":0,"comment_status":"open","ping_status":"open","sticky":false,"template":"","format":"standard","meta":{"_monsterinsights_skip_tracking":false,"_monsterinsights_sitenote_active":false,"_monsterinsights_sitenote_note":"","_monsterinsights_sitenote_category":0,"footnotes":""},"categories":[427],"tags":[129,1114,1146,127],"class_list":["post-14128","post","type-post","status-publish","format-standard","hentry","category-aafrika","tag-helimaastikud","tag-inimesed","tag-mali","tag-muu-transport"],"_links":{"self":[{"href":"https:\/\/yhelteljel.ee\/index.php?rest_route=\/wp\/v2\/posts\/14128","targetHints":{"allow":["GET"]}}],"collection":[{"href":"https:\/\/yhelteljel.ee\/index.php?rest_route=\/wp\/v2\/posts"}],"about":[{"href":"https:\/\/yhelteljel.ee\/index.php?rest_route=\/wp\/v2\/types\/post"}],"author":[{"embeddable":true,"href":"https:\/\/yhelteljel.ee\/index.php?rest_route=\/wp\/v2\/users\/3"}],"replies":[{"embeddable":true,"href":"https:\/\/yhelteljel.ee\/index.php?rest_route=%2Fwp%2Fv2%2Fcomments&post=14128"}],"version-history":[{"count":15,"href":"https:\/\/yhelteljel.ee\/index.php?rest_route=\/wp\/v2\/posts\/14128\/revisions"}],"predecessor-version":[{"id":14259,"href":"https:\/\/yhelteljel.ee\/index.php?rest_route=\/wp\/v2\/posts\/14128\/revisions\/14259"}],"wp:attachment":[{"href":"https:\/\/yhelteljel.ee\/index.php?rest_route=%2Fwp%2Fv2%2Fmedia&parent=14128"}],"wp:term":[{"taxonomy":"category","embeddable":true,"href":"https:\/\/yhelteljel.ee\/index.php?rest_route=%2Fwp%2Fv2%2Fcategories&post=14128"},{"taxonomy":"post_tag","embeddable":true,"href":"https:\/\/yhelteljel.ee\/index.php?rest_route=%2Fwp%2Fv2%2Ftags&post=14128"}],"curies":[{"name":"wp","href":"https:\/\/api.w.org\/{rel}","templated":true}]}}