{"id":14126,"date":"2011-09-18T16:30:20","date_gmt":"2011-09-18T14:30:20","guid":{"rendered":"http:\/\/yhelteljel.ee\/?p=14126"},"modified":"2011-09-18T16:44:13","modified_gmt":"2011-09-18T14:44:13","slug":"paras-kompott","status":"publish","type":"post","link":"https:\/\/yhelteljel.ee\/?p=14126","title":{"rendered":"Paras kompott"},"content":{"rendered":"<p><a href=\"http:\/\/yhelteljel.ee\/wp-content\/uploads\/2011\/09\/SDIM6434_s.jpg\" target=\"_blank\"><img loading=\"lazy\" decoding=\"async\" title=\"Legendaarne Hubert temale iseloomulike prillidega, kes s\u00f5idab 10 aastat \u00fcmber maailma k\u00fclkaga Uralil\" src=\"http:\/\/yhelteljel.ee\/wp-content\/uploads\/2011\/09\/SDIM6434_v.jpg\" alt=\"\" width=\"530\" height=\"353\" \/><\/a><\/p>\n<p>Mali vaatamisv\u00e4\u00e4rsused j\u00e4\u00e4vad peaasjalikult riigi idaossa, nii et kui me Djenn\u00e9st l\u00e4\u00e4ne suunas lahkusime, ei olnud enam midagi p\u00f5nevat oodata ning polnud muud, kui lihtsalt s\u00f5ita, <a href=\"http:\/\/en.wikipedia.org\/wiki\/Bamako\" target=\"_blank\">Bamakosse<\/a> v\u00e4lja.<\/p>\n<p><!--more--><\/p>\n<p>Tee \u00e4\u00e4rde j\u00e4i veel hulgaliselt mudak\u00fclasid, kuid \u00fcldiselt oli s\u00f5it pikk (Djenn\u00e9 asub pealinnast umbes 600 km kaugusel) ja k\u00fcllaltki \u00fcksluine. V\u00e4heke vaheldust pakkus see, et \u00fchel hetkel pidime vihmakombinesoonid selga t\u00f5mbama, sest taevas meie s\u00f5idusuunas muutus \u00fcpriski s\u00fcngeks, ja varsti s\u00f5itsimegi juba \u00e4ikesevihmas. Ehk v\u00e4\u00e4rib \u00e4ram\u00e4rkimist, et kuigi oleme siin-seal sattunud s\u00f5itma vihmahooajal, oleme vihma kaitseks oma vihmakombinesoone selga pidanud t\u00f5mbama tegelikult vaid loetud kordadel (v\u00f5i \u00e4kki on \u00f5igem \u00f6elda, et oleme teinekord olnud lihtsalt liiga laisad, et seisma j\u00e4\u00e4da, kombed kotist v\u00e4lja otsida ja selga panna &#8211; pealegi hakkab troopilises kliimas nendega kiiresti v\u00e4ga palav) &#8211; tihtipeale on sadu vaid minimaalne, v\u00f5i tuleb maha l\u00fchikese pahvakana, nii et selle m\u00f6\u00f6dumise saab puu v\u00f5i katuse varjus \u00e4ra oodata. Samas, kuna meie kojusaabumine langeb s\u00fcgisele, siis v\u00f5ib vist oodata tihedamat kasutust &#8211; mitte ainult vihma, vaid ka k\u00fclma kaitseks.<\/p>\n<p><a href=\"http:\/\/yhelteljel.ee\/wp-content\/uploads\/2011\/09\/SDIM6409_s.jpg\" target=\"_blank\"><img loading=\"lazy\" decoding=\"async\" title=\"Ilus asfalttee Bamako suunas - k\u00fcll aga ees ootamas hirmutav \u00e4ikesepilv - saime korraliku saju muidugi kaela ja Bamakosse \u00fche p\u00e4evaga ei j\u00f5udnudki\" src=\"http:\/\/yhelteljel.ee\/wp-content\/uploads\/2011\/09\/SDIM6409_v.jpg\" alt=\"\" width=\"530\" height=\"353\" \/><\/a><\/p>\n<p><a href=\"http:\/\/yhelteljel.ee\/wp-content\/uploads\/2011\/09\/Mali-16s.jpg\" target=\"_blank\"><img loading=\"lazy\" decoding=\"async\" title=\"Panoraam \u00fcleujutatud Bani j\u00f5est - taamal on n\u00e4ha troopilised vihmasajud\" src=\"http:\/\/yhelteljel.ee\/wp-content\/uploads\/2011\/09\/Mali-16v.png\" alt=\"\" width=\"530\" height=\"112\" \/><\/a><\/p>\n<p>Bamakos veeresime Lonely Planetis mitte mainitud, ent matkasellide seas populaarsesse kohta &#8220;The Sleeping Camel&#8221;, kus meid ootas juba ees Saksamaalt p\u00e4rit <a href=\"http:\/\/www.jimbobx.de\/\" target=\"_blank\">Martin<\/a> oma Yamaha 660 T\u00e9n\u00e9r\u00e9l, kes on Aafrikale tiiru peale tegemas ning kellega olime juba kohtunud Nairobis ja Kaplinnas. Siis ilmus kohale <a href=\"http:\/\/www.ridetheworld.comuv.com\/\" target=\"_blank\">prantslasest Julien<\/a> oma tuttuuel sponsoreeritud Yamaha 1200 Super T\u00e9n\u00e9r\u00e9l, kes on alles oma kolmeaastase \u00fcmbermaailmareisi p\u00e4ris alguses. Natuke kade meel oli teda vaadata &#8211; tal veel k\u00f5ik ees, samas kui meie oleme koduteel. Siis j\u00f5udis meile j\u00e4rele Djenn\u00e9s kohatud <a href=\"http:\/\/www.hjwa.co.za\/\" target=\"_blank\">l\u00f5una-aafriklane Henry<\/a>, s\u00f5itmas oma F650GS Dakariga L\u00f5una-Aafrikast Euroopasse, ning siis ka eelmise sissekande videost <a href=\"http:\/\/www.africadomeucoracao.blogspot.com\/\" target=\"_blank\">tuttav Gon\u00e7alo<\/a>, Aafrikale R1100GS-iga tiiru peale tegev portugallane. Hiljem veel \u00fchinesid seltskonnaga prantslastest\u00a0<a href=\"http:\/\/www.thetimelessride.com\/\" target=\"_blank\">Hubert<\/a> ja\u00a0<a href=\"http:\/\/www.labaraqa.com\/\" target=\"_blank\">Jean-Louis<\/a> k\u00fclgkorviga Uralil.<\/p>\n<p>See oli ulmeline kokkusattumus &#8211; terve L\u00e4\u00e4ne-Aafrika v\u00e4ltel ei olnud me matkaselle mootorratastel eriti kohanud (ainult <a href=\"http:\/\/clodoafrica.blogspot.com\/\" target=\"_blank\">shveitslasest Laurent<\/a> BMW F800GS-iga, kellega kohtusime Brazzaville&#8217;is), ja n\u00fc\u00fcd oli neid frukte j\u00e4rsku nii palju koos, infot vahetamas ning naljakaid ja v\u00e4hem naljakaid anekdoote pajatamas. Noh, kui sa reisid Aafrikas, siis kus sa p\u00e4\u00e4sed &#8211; neid anekdoote ikka koguneb.<\/p>\n<p><a href=\"http:\/\/yhelteljel.ee\/wp-content\/uploads\/2011\/09\/IMG_7419_s.jpg\" target=\"_blank\"><img loading=\"lazy\" decoding=\"async\" title=\"Vasakult paremale: Martin, Gon\u00e7alo, Julien, Hubert, Jean-Louis, Margus, Kariina, Henry. (pilt Martini kaamerast, kl\u00f5ps Sloveenia rekkamehe poolt)\" src=\"http:\/\/yhelteljel.ee\/wp-content\/uploads\/2011\/09\/IMG_7419_v.jpg\" alt=\"\" width=\"530\" height=\"318\" \/><\/a><\/p>\n<p><a href=\"http:\/\/yhelteljel.ee\/wp-content\/uploads\/2011\/09\/SDIM6433_s.jpg\" target=\"_blank\"><img loading=\"lazy\" decoding=\"async\" title=\"Hubert Kriegel oma k\u00fclka-Uraliga\" src=\"http:\/\/yhelteljel.ee\/wp-content\/uploads\/2011\/09\/SDIM6433_v.jpg\" alt=\"\" width=\"530\" height=\"353\" \/><\/a><\/p>\n<p>Kuna Malis on pidevalt siit-sealt kostunud v\u00e4ga head kohalikku muusikat, siis otseloomulikult pidime l\u00e4bi kogema ka Bamako \u00f6\u00f6elu elusmuusika saatel. Niisiis seadsimegi sammud kahte klubisse &#8211; \u00fcks neist, kuhu palju valgeid \u00f5lut jooma satuvad vabalt j\u00e4mmiva b\u00e4ndi saatel, teine rohkem kultuurne, kuhu peenelt riietatud pealinna afrot\u00e4did ja -onud proffesionaalset elusmuusikat kuulama ning jalga keerutama tulevad:<\/p>\n[audio:Bamako_elusmuusika_1.mp3|titles=Elusmuusika Bamako klubis Zero &#8211; trummar oli nii juua t\u00e4is et isegi k\u00f5ndida ei suutnud aga metronoom tiksus peas ikka \u00fclit\u00e4pselt &#8211; mustas rassis on hea r\u00fctmitunnetus geenidesse pandud]\n<p><a href=\"http:\/\/yhelteljel.ee\/wp-content\/uploads\/2011\/09\/SDIM6438_s.jpg\" target=\"_blank\"><img loading=\"lazy\" decoding=\"async\" title=\"Elusmuusika Bamako klubis &quot;Zero&quot;\" src=\"http:\/\/yhelteljel.ee\/wp-content\/uploads\/2011\/09\/SDIM6438_v.jpg\" alt=\"\" width=\"530\" height=\"353\" \/><\/a><\/p>\n<p>Elusmuusikat teisest klubist:<\/p>\n[audio:Bamako_elusmuusika_2.mp3|titles=Elusmuusika Bamako klubis Diplomat]\n<p><a href=\"http:\/\/yhelteljel.ee\/wp-content\/uploads\/2011\/09\/SDIM6440_s.jpg\" target=\"_blank\"><img loading=\"lazy\" decoding=\"async\" title=\"Siirupijook Bamakos\" src=\"http:\/\/yhelteljel.ee\/wp-content\/uploads\/2011\/09\/SDIM6440_v.jpg\" alt=\"\" width=\"530\" height=\"350\" \/><\/a><\/p>\n<p><a href=\"http:\/\/yhelteljel.ee\/wp-content\/uploads\/2011\/09\/SDIM6449_s.jpg\" target=\"_blank\"><img loading=\"lazy\" decoding=\"async\" title=\"Elusmuusika Bamakos - \u00fcks tantsumees laulja ees\" src=\"http:\/\/yhelteljel.ee\/wp-content\/uploads\/2011\/09\/SDIM6449_v.jpg\" alt=\"\" width=\"530\" height=\"388\" \/><\/a><\/p>\n<p><a href=\"http:\/\/yhelteljel.ee\/wp-content\/uploads\/2011\/09\/SDIM6463_s.jpg\" target=\"_blank\"><img loading=\"lazy\" decoding=\"async\" title=\"L\u00f5puks oli terve tantsulava rahvast t\u00e4is\" src=\"http:\/\/yhelteljel.ee\/wp-content\/uploads\/2011\/09\/SDIM6463_v.jpg\" alt=\"\" width=\"530\" height=\"353\" \/><\/a><\/p>\n<p>Seltsielu ja meelelahutuse vahepeal k\u00e4isime Mauritaania saatkonnas, et taotleda oma viimased viisad, kus meile tehti teatavaks, et viisaregulatsioone olla just muudetud (algusega samast p\u00e4evast muidugi!) ning enam ei v\u00e4ljastata viisasid samal p\u00e4eval, vaid 7-10 p\u00e4eva p\u00e4rast taotluse esitamist, sest n\u00fc\u00fcd saadetakse taotlus menetlemiseks Nouakchotti. Samas n\u00e4iteks Mauritaania saatkond Senegalis (riik, kuhu meil ei olnud plaanis k\u00fcll minna), v\u00e4ljastab viisasid ikka ootet\u00f6\u00f6na.<\/p>\n<p>Kuna n\u00e4dal-kaks viisa j\u00e4rel oodata tundus meile veidi palju, kerkis Senegal seega meie radarile ning seadsime sammud Senegali saatkonda &#8211; Eesti on ju \u00fcks neist v\u00e4hestest sabaslonkijariikdest EL-is, kelle kodanikel on Senegali sisenemiseks vajalik viisa. &#8220;Viisa menetlemine Eesti kodanike jaoks v\u00f5tab aega 2-3 kuud,&#8221; teatas mulle aga saatkonna konsulaart\u00f6\u00f6taja, &#8220;erandeid ei tehta!&#8221;. Sellega kustus Senegal muidugi meie v\u00f5imalikult trajektoorilt ning meil ei j\u00e4\u00e4nud \u00fcle muud kui loota, et Mauritaania meile l\u00f5puks ikkagi viisa annab. Sest vastasel juhul oleksime Malis lukus, ainus m\u00f5istlik variant minemasaamiseks l\u00e4bi ohtliku P\u00f5hja-Nigeri ja \u00fclikalli eskordiga l\u00e4bi Alzheeria k\u00f5rbe. V\u00e4lisministeeriumile see kindlasti meeldiks.<\/p>\n<p>L\u00e4ksime Mauritaania saatkonda tagasi, haledad nagu me oleme, ning suure nutmise tulemusel anti meile viisa peale Nouakchotti \u00fclemustega konsulteerimist, erandkorras. K\u00fcll ainult 3-p\u00e4evane transiidiviisa, aga parem see, kui mitte midagi.<\/p>\n<p>Siis, kui me olime valmis Bamakost lahkuma, juhtus see, mis on siinkandis v\u00e4ga kerge juhtuma &#8211; Margusel tekkis k\u00f6ha ja \u00fcsna varsti ka k\u00f5rge palavik, mis j\u00f5udsasti veel \u00fclespoole ronis. Tegime ise malaaria kiirtesti, mis andis negatiivse vastuse. J\u00e4rgmisel p\u00e4eval oli seis sama vilets, nii et l\u00e4ksime arsti juurde. Igaks juhuks kirjutati v\u00e4lja antibiootikumid ja k\u00f6hasiirup ning tehti vereproov. Hiljem tulnud tulemus n\u00e4itas, et tegemist on ikkagi malaariaga. Niipalju siis pidevast meflokiini tarvitamisest ja pidevast enda piinamisest! Kokkuv\u00f5ttes pidi Margus p\u00e4evi neelama aukartust\u00e4ravatat medikamendikompotti, mis viisid k\u00fcll palaviku alla, tapsid k\u00f5ik <em>plasmodium falciparum&#8217;<\/em>id tema veres ning ravisid k\u00f6ha, kuid kui Margust ennast uskuda, siis tekitasid p\u00e4evi kestva pideva pohmellitunde ja v\u00f5tsid eluisu \u00e4ra.<\/p>\n<p><a href=\"http:\/\/yhelteljel.ee\/wp-content\/uploads\/2011\/09\/SDIM6469_s.jpg\" target=\"_blank\"><img loading=\"lazy\" decoding=\"async\" title=\"Rohud hinge alla ja voodisse\" src=\"http:\/\/yhelteljel.ee\/wp-content\/uploads\/2011\/09\/SDIM6469_v.jpg\" alt=\"\" width=\"530\" height=\"353\" \/><\/a><\/p>\n<p><a href=\"http:\/\/yhelteljel.ee\/wp-content\/uploads\/2011\/09\/IMG_3088_s.jpg\" target=\"_blank\"><img loading=\"lazy\" decoding=\"async\" title=\"Malaarias Margus\" src=\"http:\/\/yhelteljel.ee\/wp-content\/uploads\/2011\/09\/IMG_3088_v.jpg\" alt=\"\" width=\"530\" height=\"362\" \/><\/a><\/p>\n","protected":false},"excerpt":{"rendered":"<p>Mali vaatamisv\u00e4\u00e4rsused j\u00e4\u00e4vad peaasjalikult riigi idaossa, nii et kui me Djenn\u00e9st l\u00e4\u00e4ne suunas lahkusime, ei olnud enam midagi p\u00f5nevat oodata ning polnud muud, kui lihtsalt s\u00f5ita, Bamakosse v\u00e4lja.<\/p>\n","protected":false},"author":2,"featured_media":0,"comment_status":"open","ping_status":"open","sticky":false,"template":"","format":"standard","meta":{"_monsterinsights_skip_tracking":false,"_monsterinsights_sitenote_active":false,"_monsterinsights_sitenote_note":"","_monsterinsights_sitenote_category":0,"footnotes":""},"categories":[427],"tags":[129,134,128,1146,136,114],"class_list":["post-14126","post","type-post","status-publish","format-standard","hentry","category-aafrika","tag-helimaastikud","tag-ilm","tag-linnad","tag-mali","tag-probleemid","tag-tervis"],"_links":{"self":[{"href":"https:\/\/yhelteljel.ee\/index.php?rest_route=\/wp\/v2\/posts\/14126","targetHints":{"allow":["GET"]}}],"collection":[{"href":"https:\/\/yhelteljel.ee\/index.php?rest_route=\/wp\/v2\/posts"}],"about":[{"href":"https:\/\/yhelteljel.ee\/index.php?rest_route=\/wp\/v2\/types\/post"}],"author":[{"embeddable":true,"href":"https:\/\/yhelteljel.ee\/index.php?rest_route=\/wp\/v2\/users\/2"}],"replies":[{"embeddable":true,"href":"https:\/\/yhelteljel.ee\/index.php?rest_route=%2Fwp%2Fv2%2Fcomments&post=14126"}],"version-history":[{"count":13,"href":"https:\/\/yhelteljel.ee\/index.php?rest_route=\/wp\/v2\/posts\/14126\/revisions"}],"predecessor-version":[{"id":14278,"href":"https:\/\/yhelteljel.ee\/index.php?rest_route=\/wp\/v2\/posts\/14126\/revisions\/14278"}],"wp:attachment":[{"href":"https:\/\/yhelteljel.ee\/index.php?rest_route=%2Fwp%2Fv2%2Fmedia&parent=14126"}],"wp:term":[{"taxonomy":"category","embeddable":true,"href":"https:\/\/yhelteljel.ee\/index.php?rest_route=%2Fwp%2Fv2%2Fcategories&post=14126"},{"taxonomy":"post_tag","embeddable":true,"href":"https:\/\/yhelteljel.ee\/index.php?rest_route=%2Fwp%2Fv2%2Ftags&post=14126"}],"curies":[{"name":"wp","href":"https:\/\/api.w.org\/{rel}","templated":true}]}}