{"id":14015,"date":"2011-09-07T00:06:20","date_gmt":"2011-09-06T22:06:20","guid":{"rendered":"http:\/\/yhelteljel.ee\/?p=14015"},"modified":"2011-09-07T00:06:20","modified_gmt":"2011-09-06T22:06:20","slug":"unistus-timbuktust","status":"publish","type":"post","link":"https:\/\/yhelteljel.ee\/?p=14015","title":{"rendered":"Unistus Timbuktust"},"content":{"rendered":"<p><a href=\"http:\/\/yhelteljel.ee\/wp-content\/uploads\/2011\/09\/SDIM6185_s.jpg\" target=\"_blank\"><img loading=\"lazy\" decoding=\"async\" title=\"Naine peapealse kausiga Moptis\" src=\"http:\/\/yhelteljel.ee\/wp-content\/uploads\/2011\/09\/SDIM6185_v.jpg\" alt=\"\" width=\"530\" height=\"357\" \/><\/a><\/p>\n<p>Oli 14. sajand, kui esimesed araablastest maadeavastajad siia j\u00f5udsid, ning leides eest ida suunas voolava j\u00f5e, j\u00f5udsid varmalt j\u00e4reldusele, et k\u00fcllap on tegemist Niilusega. Tegelikult oli see hoopis Niger &#8211; niiv\u00f5rd kesised olid tollal veel inimeste teadmised geograafiast. Kui eurooplaste, kes polnud selleks ajaks veel Aafrikat vallutama asunud, k\u00f5rvu levis kuuldus, et Nigeri kallastel, Sahara l\u00f5unaveerel asub Timbuktu, &#8220;linn, kus t\u00e4navad on kullast&#8221;, muutus selle asukoha kindlakstegemine j\u00e4rsku \u00fclioluliseks. Suurem osa avant\u00fcristidest, kes tegid katset Timbuktusse j\u00f5uda, leidis l\u00f5pu malaaria, d\u00fcsenteeria v\u00f5i vaenulike kohalike toimel, kuid ometi oli tung suur. Prantsuse Geograafia\u00fching pani esimesele mittemoslemile, kes Timbuktus \u00e4ra k\u00e4ib ning sealt elusalt tagasi tuleb, v\u00e4lja lausa rahalise preemia.<\/p>\n<p><!--more--><\/p>\n<p>T\u00e4na ei ole Timbuktu enam kaugeltki suure t\u00e4htsusega kaubanduslinn, ning t\u00e4navad pole muidugim\u00f5ista kullast (ja pole kunagi olnud), kuid legend elab edasi &#8211; ilmselt osalt ka seet\u00f5ttu, et nagu kauges minevikuski, on kohalej\u00f5udmine t\u00e4naseni paras ettev\u00f5tmine. Ren\u00e9 Cailli\u00e9l, geograafia\u00fchingu auhinnav\u00f5itjal kulus Senegalist Timbuktusse j\u00f5udmiseks mitmeid kuid. T\u00e4na on korralikku teed m\u00f6\u00f6da v\u00f5imalik j\u00f5uda umbes kahesaja kilomeetri kaugusele Timbuktust, mis on tegelikult ju naeruv\u00e4\u00e4rselt v\u00e4he, kuid kuuldusi uskudes on need \u00fched piinarikkad kakssada kilomeetrit l\u00e4bi \u00fcksildase poolk\u00f5rbe. Alternatiiviks on kolme p\u00e4eva pikkune paadis\u00f5it m\u00f6\u00f6da Nigerit, alguspunktiks kuulus j\u00f5esadamalinn Mopti. Noh, ja lennukiga saab ka, aga see v\u00f5tab ju asja juurest kogu romantika. Ja romantika on ju see, mille p\u00e4rast t\u00e4nap\u00e4eval Timbuktusse minnakse.<\/p>\n<p>Me ei olnud \u00fcldse kindlad, kas meil on vaja Timbuktusse minna &#8211; seda enam, et need, kes seal k\u00e4inud, teavad r\u00e4\u00e4kida, et t\u00e4nap\u00e4eva Timbuktu pole muud kui \u00fcks suur, tolmune k\u00fcla. Otsustasime, et s\u00f5idame Moptisse ja seal siis otsustame, kas v\u00f5tame raske teekonna ette v\u00f5i mitte. Meie j\u00f5udmine Moptisse:<\/p>\n<iframe loading=\"lazy\" width=\"530\" height=\"298\" src=\"https:\/\/www.youtube.com\/embed\/-aBX3L9j6zY?feature=oembed\" frameborder=\"0\" allowfullscreen><\/iframe>\n<p>Moptis ootas meid ees peaaegu et talumatult l\u00e4mbe augustikuise Sahara leitsak, justkui kogu aasta kuumus ja niiskus oleks siia kokku kuhjunud, ning kus iganes me ka ei peatunud, \u00fcmbritses meid hetkega rahvasumm, millest ei puudunud ei innukad reisikorraldajad, valmis meile m\u00fc\u00fcma pileteid Timbuktusse, ega hotellipidajad, soovitades loomulikult ainult &#8220;k\u00f5ige paremat hotelli&#8221;. Kuumuse ning teenusepakkujate \u00e4geda r\u00fcnnaku koostoimel oli meil Moptist juba m\u00f5ne tunniga villand ning tahtmine Timbuktusse minna peaaegu lahtunud.<\/p>\n<p>Pildivaatamiseks veidi Mali maapiirkonna muusikat:<\/p>\n[audio:Mopti_raadiost_1.mp3,Mopti_raadiost_2.mp3|titles=muusika Mopti kohalikust raadiost,muusika Mopti kohalikust raadiost]\n<p>Selline elu k\u00e4ib Mopti s\u00fcdameks oleva j\u00f5esadama \u00fcmbruses:<\/p>\n<p><a href=\"http:\/\/yhelteljel.ee\/wp-content\/uploads\/2011\/09\/Mali-6s.jpg\" target=\"_blank\"><img loading=\"lazy\" decoding=\"async\" title=\"Panoraam Mopti sadamast\" src=\"http:\/\/yhelteljel.ee\/wp-content\/uploads\/2011\/09\/Mali-6v.png\" alt=\"\" width=\"530\" height=\"73\" \/><\/a><\/p>\n<p><a href=\"http:\/\/yhelteljel.ee\/wp-content\/uploads\/2011\/09\/SDIM6098_s.jpg\" target=\"_blank\"><img loading=\"lazy\" decoding=\"async\" title=\"Mees Moptist\" src=\"http:\/\/yhelteljel.ee\/wp-content\/uploads\/2011\/09\/SDIM6098_v.jpg\" alt=\"\" width=\"530\" height=\"353\" \/><\/a><\/p>\n<p><a href=\"http:\/\/yhelteljel.ee\/wp-content\/uploads\/2011\/09\/SDIM6107_s.jpg\" target=\"_blank\"><img loading=\"lazy\" decoding=\"async\" title=\"N\u00e4itsikud melonitega\" src=\"http:\/\/yhelteljel.ee\/wp-content\/uploads\/2011\/09\/SDIM6107_v.jpg\" alt=\"\" width=\"530\" height=\"339\" \/><\/a><\/p>\n<p><a href=\"http:\/\/yhelteljel.ee\/wp-content\/uploads\/2011\/09\/SDIM6114_s.jpg\" target=\"_blank\"><img loading=\"lazy\" decoding=\"async\" class=\"alignnone size-full wp-image-14104\" title=\"Mopti saiam\u00fc\u00fcja\" src=\"http:\/\/yhelteljel.ee\/wp-content\/uploads\/2011\/09\/SDIM6114_v.jpg\" alt=\"\" width=\"530\" height=\"530\" srcset=\"https:\/\/yhelteljel.ee\/wp-content\/uploads\/2011\/09\/SDIM6114_v.jpg 530w, https:\/\/yhelteljel.ee\/wp-content\/uploads\/2011\/09\/SDIM6114_v-150x150.jpg 150w, https:\/\/yhelteljel.ee\/wp-content\/uploads\/2011\/09\/SDIM6114_v-300x300.jpg 300w\" sizes=\"auto, (max-width: 530px) 100vw, 530px\" \/><\/a><\/p>\n<p><a href=\"http:\/\/yhelteljel.ee\/wp-content\/uploads\/2011\/09\/SDIM6134_s.jpg\" target=\"_blank\"><img loading=\"lazy\" decoding=\"async\" title=\"Moslemihabemes ja -m\u00fctsis tsiklimees Moptis\" src=\"http:\/\/yhelteljel.ee\/wp-content\/uploads\/2011\/09\/SDIM6134_v.jpg\" alt=\"\" width=\"530\" height=\"355\" \/><\/a><\/p>\n<p><a href=\"http:\/\/yhelteljel.ee\/wp-content\/uploads\/2011\/09\/SDIM6158_s.jpg\" target=\"_blank\"><img loading=\"lazy\" decoding=\"async\" title=\"Naised j\u00f5es pestud pesu koju tassimas\" src=\"http:\/\/yhelteljel.ee\/wp-content\/uploads\/2011\/09\/SDIM6158_v.jpg\" alt=\"\" width=\"530\" height=\"379\" \/><\/a><\/p>\n<p><a href=\"http:\/\/yhelteljel.ee\/wp-content\/uploads\/2011\/09\/SDIM6143_s.jpg\" target=\"_blank\"><img loading=\"lazy\" decoding=\"async\" title=\"Afronaine j\u00f5e taustal\" src=\"http:\/\/yhelteljel.ee\/wp-content\/uploads\/2011\/09\/SDIM6143_v.jpg\" alt=\"\" width=\"530\" height=\"331\" \/><\/a><\/p>\n<p><a href=\"http:\/\/yhelteljel.ee\/wp-content\/uploads\/2011\/09\/SDIM6113_s.jpg\" target=\"_blank\"><img loading=\"lazy\" decoding=\"async\" title=\"T\u00fcdruk soojade saiadega\" src=\"http:\/\/yhelteljel.ee\/wp-content\/uploads\/2011\/09\/SDIM6113_v.jpg\" alt=\"\" width=\"530\" height=\"353\" \/><\/a><\/p>\n<p><a href=\"http:\/\/yhelteljel.ee\/wp-content\/uploads\/2011\/09\/SDIM6182_s.jpg\" target=\"_blank\"><img loading=\"lazy\" decoding=\"async\" title=\"Moslemimehel silmad puru t\u00e4is\" src=\"http:\/\/yhelteljel.ee\/wp-content\/uploads\/2011\/09\/SDIM6182_v.jpg\" alt=\"\" width=\"530\" height=\"353\" \/><\/a><\/p>\n<p><a href=\"http:\/\/yhelteljel.ee\/wp-content\/uploads\/2011\/09\/SDIM6126_s.jpg\" target=\"_blank\"><img loading=\"lazy\" decoding=\"async\" title=\"R\u00e4tikusse m\u00e4hitud tuareeg\" src=\"http:\/\/yhelteljel.ee\/wp-content\/uploads\/2011\/09\/SDIM6126_v.jpg\" alt=\"\" width=\"530\" height=\"348\" \/><\/a><\/p>\n<p><a href=\"http:\/\/yhelteljel.ee\/wp-content\/uploads\/2011\/09\/SDIM6166_s.jpg\" target=\"_blank\"><img loading=\"lazy\" decoding=\"async\" title=\"Noormees s\u00e4\u00e4rev\u00e4ristajal\" src=\"http:\/\/yhelteljel.ee\/wp-content\/uploads\/2011\/09\/SDIM6166_v.jpg\" alt=\"\" width=\"530\" height=\"418\" \/><\/a><\/p>\n<p><a href=\"http:\/\/yhelteljel.ee\/wp-content\/uploads\/2011\/09\/SDIM6106_s.jpg\" target=\"_blank\"><img loading=\"lazy\" decoding=\"async\" title=\"Uudistama tulnud Mopti moslem\" src=\"http:\/\/yhelteljel.ee\/wp-content\/uploads\/2011\/09\/SDIM6106_v.jpg\" alt=\"\" width=\"530\" height=\"336\" \/><\/a><\/p>\n<p>\u00d6\u00f6 veetsime \u00fchest neist &#8220;parimatest hotellidest&#8221;, v\u00f5i \u00f5igemini \u00fche s\u00e4\u00e4rase hotelli katusel telkides, ning kuna asus see \u00fcsnagi kesklinnas, siis saime sajaprotsendiliselt osa \u00f6\u00f6 otsa t\u00e4naval toimuvast tingel-tanglist, imaamide leelotustest ramadani ootuses ning januste malaarias\u00e4\u00e4skede pirinast (ja kuna on m\u00e4rg aastaaeg, siis \u00f5hk lausa mustas s\u00e4\u00e4skedest). Aga mis k\u00f5ige hullem &#8211; terve p\u00e4ev p\u00e4ikese k\u00e4es praadinud katusest kiirgas soojust terve \u00f6\u00f6 v\u00e4ltel, nii et isegi kui \u00f5hutemperatuur v\u00f5is langeda inimlikule tasemele, siis telk oli nagu kuumal pliidil olev pada &#8211; veel hommikul termomeetrit vaadates n\u00e4itas see telgis +36 C (\u00f6\u00f6sel siis ilmselt +40 C kandis) ja tunne oli umbes selline, nagu upuks oma enda higilombi sisse \u00e4ra. Magada loomulikult nii ei saanud.<\/p>\n<p><a href=\"http:\/\/yhelteljel.ee\/wp-content\/uploads\/2011\/09\/SDIM6191_s.jpg\" target=\"_blank\"><img loading=\"lazy\" decoding=\"async\" title=\"Telkimine hotelli katusel Moptis - magada ei saanud\" src=\"http:\/\/yhelteljel.ee\/wp-content\/uploads\/2011\/09\/SDIM6191_v.jpg\" alt=\"\" width=\"530\" height=\"353\" \/><\/a><\/p>\n<p><a href=\"http:\/\/yhelteljel.ee\/wp-content\/uploads\/2011\/09\/SDIM6190_s.jpg\" target=\"_blank\"><img loading=\"lazy\" decoding=\"async\" title=\"\u00d6ine vaade katuselt - taamal paistab suur Mopti mudamoshee\" src=\"http:\/\/yhelteljel.ee\/wp-content\/uploads\/2011\/09\/SDIM6190_v.jpg\" alt=\"\" width=\"530\" height=\"342\" \/><\/a><\/p>\n<p>Kesk\u00f6ine helifoon, samast kohast:<\/p>\n[audio:Mopti_katuselt_6htul.mp3|titles=heliatmosf\u00e4\u00e4r Mopti katusel telkides]\n<p>Hommikuks oli otsus k\u00fcps: ei mingit Timbuktut! Kolm p\u00e4eva sarnastes tingimustes paadiga loksuda, v\u00f5i minna Gessuga, riskides sellel kurikuulsal &#8220;pesulauateel&#8221; taas amordikinnitus \u00e4ra l\u00f5hkuda ja +47 C (varjus) kraadises niiskes ahjus abi oodata, et n\u00e4ha sajanditevanuse legendi varemeid &#8211; ei, ait\u00e4h! Pidanuks siin olema jaanuaris, mitte augustis.<\/p>\n<p>Tegime varahommikuses valguses Moptile veel viimase tiiru, kui inimesed \u00fcmberringi veel alles \u00e4rkasid ning saime ise olla vaatlejate rollis, mitte \u00fcmbritsetud rahvamassist. Hoopis teine tunne.<\/p>\n<p><a href=\"http:\/\/yhelteljel.ee\/wp-content\/uploads\/2011\/09\/Mali-3s.jpg\" target=\"_blank\"><img loading=\"lazy\" decoding=\"async\" class=\"alignnone size-full wp-image-14027\" title=\"Mosaiikpilt Mopti mosheest\" src=\"http:\/\/yhelteljel.ee\/wp-content\/uploads\/2011\/09\/Mali-3v.png\" alt=\"\" width=\"530\" height=\"387\" srcset=\"https:\/\/yhelteljel.ee\/wp-content\/uploads\/2011\/09\/Mali-3v.png 530w, https:\/\/yhelteljel.ee\/wp-content\/uploads\/2011\/09\/Mali-3v-300x219.png 300w\" sizes=\"auto, (max-width: 530px) 100vw, 530px\" \/><\/a><\/p>\n<p><a href=\"http:\/\/yhelteljel.ee\/wp-content\/uploads\/2011\/09\/SDIM6203_s.jpg\" target=\"_blank\"><img loading=\"lazy\" decoding=\"async\" class=\"alignnone size-full wp-image-14118\" title=\"Mopti vanalinna t\u00e4nav\" src=\"http:\/\/yhelteljel.ee\/wp-content\/uploads\/2011\/09\/SDIM6203_v.jpg\" alt=\"\" width=\"530\" height=\"353\" srcset=\"https:\/\/yhelteljel.ee\/wp-content\/uploads\/2011\/09\/SDIM6203_v.jpg 530w, https:\/\/yhelteljel.ee\/wp-content\/uploads\/2011\/09\/SDIM6203_v-300x199.jpg 300w\" sizes=\"auto, (max-width: 530px) 100vw, 530px\" \/><\/a><\/p>\n<p><a href=\"http:\/\/yhelteljel.ee\/wp-content\/uploads\/2011\/09\/SDIM6214_s.jpg\" target=\"_blank\"><img loading=\"lazy\" decoding=\"async\" class=\"alignnone size-full wp-image-14120\" title=\"Loomad Mopti vanalinna t\u00e4navatel\" src=\"http:\/\/yhelteljel.ee\/wp-content\/uploads\/2011\/09\/SDIM6214_v.jpg\" alt=\"\" width=\"530\" height=\"353\" srcset=\"https:\/\/yhelteljel.ee\/wp-content\/uploads\/2011\/09\/SDIM6214_v.jpg 530w, https:\/\/yhelteljel.ee\/wp-content\/uploads\/2011\/09\/SDIM6214_v-300x199.jpg 300w\" sizes=\"auto, (max-width: 530px) 100vw, 530px\" \/><\/a><\/p>\n<p><a href=\"http:\/\/yhelteljel.ee\/wp-content\/uploads\/2011\/09\/Mali-7s.jpg\" target=\"_blank\"><img loading=\"lazy\" decoding=\"async\" title=\"Panoraam Mopti j\u00f5e\u00e4\u00e4rsest - vaata pr\u00fcgihunnikuid, mis lihtsalt j\u00f5e \u00e4\u00e4rde maha pannakse\" src=\"http:\/\/yhelteljel.ee\/wp-content\/uploads\/2011\/09\/Mali-7v.png\" alt=\"\" width=\"530\" height=\"81\" \/><\/a><\/p>\n<p><a href=\"http:\/\/yhelteljel.ee\/wp-content\/uploads\/2011\/09\/Mali-2s.jpg\" target=\"_blank\"><img loading=\"lazy\" decoding=\"async\" title=\"Panoraam Mopti \u00fchest t\u00e4navast\" src=\"http:\/\/yhelteljel.ee\/wp-content\/uploads\/2011\/09\/Mali-2v.png\" alt=\"\" width=\"530\" height=\"249\" \/><\/a><\/p>\n","protected":false},"excerpt":{"rendered":"<p>Oli 14. sajand, kui esimesed araablastest maadeavastajad siia j\u00f5udsid, ning leides eest ida suunas voolava j\u00f5e, j\u00f5udsid varmalt j\u00e4reldusele, et k\u00fcllap on tegemist Niilusega. Tegelikult oli see hoopis Niger &#8211; niiv\u00f5rd kesised olid tollal veel inimeste teadmised geograafiast. Kui eurooplaste, kes polnud selleks ajaks veel Aafrikat vallutama asunud, k\u00f5rvu levis kuuldus, et Nigeri kallastel, Sahara &hellip; <a href=\"https:\/\/yhelteljel.ee\/?p=14015\" class=\"more-link\">Loe edasi <span class=\"screen-reader-text\">Unistus Timbuktust<\/span> <span class=\"meta-nav\">&rarr;<\/span><\/a><\/p>\n","protected":false},"author":2,"featured_media":0,"comment_status":"open","ping_status":"open","sticky":false,"template":"","format":"standard","meta":{"_monsterinsights_skip_tracking":false,"_monsterinsights_sitenote_active":false,"_monsterinsights_sitenote_note":"","_monsterinsights_sitenote_category":0,"footnotes":""},"categories":[427],"tags":[129,134,116,1146,1115,126],"class_list":["post-14015","post","type-post","status-publish","format-standard","hentry","category-aafrika","tag-helimaastikud","tag-ilm","tag-liikuv-pilt","tag-mali","tag-teeolud","tag-turismiatraktsioon"],"_links":{"self":[{"href":"https:\/\/yhelteljel.ee\/index.php?rest_route=\/wp\/v2\/posts\/14015","targetHints":{"allow":["GET"]}}],"collection":[{"href":"https:\/\/yhelteljel.ee\/index.php?rest_route=\/wp\/v2\/posts"}],"about":[{"href":"https:\/\/yhelteljel.ee\/index.php?rest_route=\/wp\/v2\/types\/post"}],"author":[{"embeddable":true,"href":"https:\/\/yhelteljel.ee\/index.php?rest_route=\/wp\/v2\/users\/2"}],"replies":[{"embeddable":true,"href":"https:\/\/yhelteljel.ee\/index.php?rest_route=%2Fwp%2Fv2%2Fcomments&post=14015"}],"version-history":[{"count":11,"href":"https:\/\/yhelteljel.ee\/index.php?rest_route=\/wp\/v2\/posts\/14015\/revisions"}],"predecessor-version":[{"id":14124,"href":"https:\/\/yhelteljel.ee\/index.php?rest_route=\/wp\/v2\/posts\/14015\/revisions\/14124"}],"wp:attachment":[{"href":"https:\/\/yhelteljel.ee\/index.php?rest_route=%2Fwp%2Fv2%2Fmedia&parent=14015"}],"wp:term":[{"taxonomy":"category","embeddable":true,"href":"https:\/\/yhelteljel.ee\/index.php?rest_route=%2Fwp%2Fv2%2Fcategories&post=14015"},{"taxonomy":"post_tag","embeddable":true,"href":"https:\/\/yhelteljel.ee\/index.php?rest_route=%2Fwp%2Fv2%2Ftags&post=14015"}],"curies":[{"name":"wp","href":"https:\/\/api.w.org\/{rel}","templated":true}]}}