{"id":13893,"date":"2011-08-26T12:50:45","date_gmt":"2011-08-26T10:50:45","guid":{"rendered":"http:\/\/yhelteljel.ee\/?p=13893"},"modified":"2011-08-26T19:48:51","modified_gmt":"2011-08-26T17:48:51","slug":"orjuse-rutmid","status":"publish","type":"post","link":"https:\/\/yhelteljel.ee\/?p=13893","title":{"rendered":"Orjuse r\u00fctmid"},"content":{"rendered":"<p><a href=\"..\/wp-content\/uploads\/2011\/08\/SDIM5890_s.jpg\" target=\"_blank\"><img loading=\"lazy\" decoding=\"async\" title=\"Must tants Ghanas\" src=\"..\/wp-content\/uploads\/2011\/08\/SDIM5890_v.jpg\" alt=\"\" width=\"530\" height=\"351\" \/><\/a><\/p>\n<p>Aafrikas ringi r\u00e4nnates ei saa kuidagi \u00fcle ega \u00fcmber orjuse teemast &#8211; ehkki meie jaoks tundub see keskagse m\u00f5istena, on orjakaubandus siin ilma teinud sajandeid ning n\u00e4iteks Mauritaanias keelustatud alles 1980ndatel. Sugugi mitte v\u00e4hem huvitav ei ole see, et kuigi oleme harjunud halvasti m\u00f5tlema eelk\u00f5ige just orjakaubanduse l\u00f5pptarbijast ehk orjapidajast, on tegelikult sama kuritegelik roll olnud t\u00e4ita vahendajatel, ehk ei kellelgi muul kui siinkandi kunagistel kuulsusrikastel impeeriumidel (sealhulgas meile tuttav Abomey kuningriik), kelle jaoks orjade m\u00fc\u00fck oli peamiseks sissetulekuallikaks.<\/p>\n<p><!--more--><\/p>\n<p>Igal juhul on t\u00e4naseks aru saadud, et orjakaubandus ei ole ikka \u00f5ige asi, ning seda p\u00fc\u00fctakse igak\u00fclgselt r\u00f5hutada. N\u00e4iteks on Kongo Vabariigi pealinn Brazzaville nime saanud just orjapidamise vastu v\u00f5idelnud maadeavastaja de Brazza j\u00e4rgi, ning Kamerunist Ghanani ulatuvat rannajoont tuntakse rahvusvaheliselt kui Orjarannikut. Ghanas endas on orjakaubandust t\u00e4naseni meenutamas mitmeid mere\u00e4\u00e4rseid kindlusi, kus orjasid enne pikale merer\u00e4nnakule saatmist kinni hoiti. Suurimaks orjakaubanduskeskuseks terves L\u00e4\u00e4ne-Aafrikas oli Cape Coasti kindlus, mille p\u00e4ikesevalguses erevalgelt s\u00e4rav fassaad justkui \u00fcritaks eitada sellega seotud s\u00fcnget minevikku.<\/p>\n<p><a href=\"..\/wp-content\/uploads\/2011\/08\/Ghana-1s.jpg\" target=\"_blank\"><img loading=\"lazy\" decoding=\"async\" title=\"Cape Coasti kindlus - omal ajal orjakaubanduse keskus\" src=\"..\/wp-content\/uploads\/2011\/08\/Ghana-1v.jpg\" alt=\"\" width=\"530\" height=\"350\" \/><\/a><\/p>\n<p><a href=\"..\/wp-content\/uploads\/2011\/08\/SDIM5952_s.jpg\" target=\"_blank\"><img loading=\"lazy\" decoding=\"async\" title=\"Elu orjakindluse ees\" src=\"..\/wp-content\/uploads\/2011\/08\/SDIM5952_v.jpg\" alt=\"\" width=\"530\" height=\"365\" \/><\/a><\/p>\n<p>Kui aus olla, siis siiani polnud kogu see orjanduse teema eriti paelunud (ja seep\u00e4rast ei ole sellest ka suurt midagi kirjutanud), kuid kui Ghana rannikul sattusime \u00f6\u00f6pimeduses peale \u00fchele tansu- ja muusikaetendusele, tekkis asjade vahel, mida olime senini Aafrika mandril n\u00e4inud ja kuulnud, \u00e4kitselt side, ning j\u00e4rsku oli orjakaubandusel ka minu jaoks tajutav m\u00f5\u00f5de. Muusikas, mida me kuulsime, oli Brasiiliat ja oli ultramodernseid r\u00fctme, ning tantsuliigutused vastasid pea \u00fcks-\u00fchele neile, millele olime olnud tunnistajaks Angola keldripeol. Loomulikult v\u00f5tsid orjad endaga kaasa t\u00fckikese oma kultuuri, ning nii on see laia maailma l\u00e4inud, kuid seda ise n\u00e4ha ja kuulda on ikka teine tera, kui sellest lugeda. Ma pakun, et see, mis toimus meie ees, v\u00f5iski olla orjade poolt Angolast v\u00e4lja viidud, Brasiilias t\u00f6\u00f6deldud ning (kuna orjuse keelustamisel asusid Brasiiliast paljud orjad \u00fcmber Aafrika l\u00e4\u00e4nerannikule, eriti Togosse) siinkandis l\u00f5ppviimistluse saanud kultuurin\u00e4htus. Ja need modernsed r\u00fctmid &#8211; kas pole mitte suur osa muusikast, mida me oleme harjunud kuulma, p\u00e4rit USA-st, ja kas mustad muusikud ei ole suures osas mitte orjade j\u00e4reltulijad?<\/p>\n<p>Kuulake ise:<\/p>\n[audio:Ghana_Kokrobite_laiv_1.mp3,Ghana_Kokrobite_laiv_2.mp3|titles=Ghana elusmuusika ja tants Accra l\u00e4histel,Ghana elusmuusika ja tants Accra l\u00e4histel]\n<p><a href=\"..\/wp-content\/uploads\/2011\/08\/SDIM5874_s.jpg\" target=\"_blank\"><img loading=\"lazy\" decoding=\"async\" title=\"Ghanalased muusikas ja tantsus\" src=\"..\/wp-content\/uploads\/2011\/08\/SDIM5874_v.jpg\" alt=\"\" width=\"530\" height=\"353\" \/><\/a><\/p>\n<p><a href=\"http:\/\/yhelteljel.ee\/wp-content\/uploads\/2011\/08\/SDIM5894_s.jpg\" target=\"_blank\"><img loading=\"lazy\" decoding=\"async\" class=\"alignnone size-full wp-image-13939\" title=\"Ghana tants\" src=\"http:\/\/yhelteljel.ee\/wp-content\/uploads\/2011\/08\/SDIM5894_v.jpg\" alt=\"\" width=\"530\" height=\"353\" srcset=\"https:\/\/yhelteljel.ee\/wp-content\/uploads\/2011\/08\/SDIM5894_v.jpg 530w, https:\/\/yhelteljel.ee\/wp-content\/uploads\/2011\/08\/SDIM5894_v-300x199.jpg 300w\" sizes=\"auto, (max-width: 530px) 100vw, 530px\" \/><\/a><\/p>\n<p><a href=\"..\/wp-content\/uploads\/2011\/08\/SDIM5880_s.jpg\" target=\"_blank\"><img loading=\"lazy\" decoding=\"async\" title=\"Ghana \u00f6ine melu r\u00fctmika muusikaga\" src=\"..\/wp-content\/uploads\/2011\/08\/SDIM5880_v.jpg\" alt=\"\" width=\"530\" height=\"353\" \/><\/a><\/p>\n<p><a href=\"..\/wp-content\/uploads\/2011\/08\/SDIM5885_s.jpg\" target=\"_blank\"><img loading=\"lazy\" decoding=\"async\" title=\"Ghana muusikud trumme tagumas\" src=\"..\/wp-content\/uploads\/2011\/08\/SDIM5885_v.jpg\" alt=\"\" width=\"530\" height=\"353\" \/><\/a><\/p>\n<p>Et jutt liialt filosoofiliseks ei l\u00e4heks, siin veidi \u00fcheselt m\u00f5istetavamat materjali Orjarannikult &#8211; hubaseid kalurik\u00fclasid ning hurmavaid p\u00e4ikeseloojanguid:<\/p>\n<p><a href=\"..\/wp-content\/uploads\/2011\/08\/Ghana-6s.jpg\" target=\"_blank\"><img loading=\"lazy\" decoding=\"async\" title=\"Panoraam \u00fchest Ghana kalurik\u00fclast\" src=\"..\/wp-content\/uploads\/2011\/08\/Ghana-6v.png\" alt=\"\" width=\"530\" height=\"129\" \/><\/a><\/p>\n<p><a href=\"..\/wp-content\/uploads\/2011\/08\/Ghana-5s.jpg\" target=\"_blank\"><img loading=\"lazy\" decoding=\"async\" title=\"V\u00f5rke v\u00e4lja t\u00f5mbamas\" src=\"..\/wp-content\/uploads\/2011\/08\/Ghana-5v.jpg\" alt=\"\" width=\"530\" height=\"166\" \/><\/a><\/p>\n<p><a href=\"..\/wp-content\/uploads\/2011\/08\/SDIM5895_s.jpg\" target=\"_blank\"><img loading=\"lazy\" decoding=\"async\" title=\"Paadid rannaliival\" src=\"..\/wp-content\/uploads\/2011\/08\/SDIM5895_v.jpg\" alt=\"\" width=\"530\" height=\"353\" \/><\/a><\/p>\n<p><a href=\"http:\/\/yhelteljel.ee\/wp-content\/uploads\/2011\/08\/Ghana-7s.jpg\" target=\"_blank\"><img loading=\"lazy\" decoding=\"async\" class=\"alignnone size-full wp-image-13936\" title=\"Panoraam p\u00e4ikeset\u00f5usust Accra l\u00e4histelt\" src=\"http:\/\/yhelteljel.ee\/wp-content\/uploads\/2011\/08\/Ghana-7v.png\" alt=\"\" width=\"530\" height=\"180\" srcset=\"https:\/\/yhelteljel.ee\/wp-content\/uploads\/2011\/08\/Ghana-7v.png 530w, https:\/\/yhelteljel.ee\/wp-content\/uploads\/2011\/08\/Ghana-7v-300x101.png 300w\" sizes=\"auto, (max-width: 530px) 100vw, 530px\" \/><\/a><\/p>\n<p><a href=\"..\/wp-content\/uploads\/2011\/08\/SDIM5962_s.jpg\" target=\"_blank\"><img loading=\"lazy\" decoding=\"async\" title=\"Kohalikud n\u00e4itsikud rannal Facebooki jaoks pilte tegemas\" src=\"..\/wp-content\/uploads\/2011\/08\/SDIM5962_v.jpg\" alt=\"\" width=\"530\" height=\"353\" \/><\/a><\/p>\n<p><a href=\"..\/wp-content\/uploads\/2011\/08\/SDIM5896_s.jpg\" target=\"_blank\"><img loading=\"lazy\" decoding=\"async\" title=\"Kalapaat rannal\" src=\"..\/wp-content\/uploads\/2011\/08\/SDIM5896_v.jpg\" alt=\"\" width=\"530\" height=\"353\" \/><\/a><\/p>\n<p><a href=\"..\/wp-content\/uploads\/2011\/08\/SDIM5935_s.jpg\" target=\"_blank\"><img loading=\"lazy\" decoding=\"async\" title=\"Cape Coastis kalapaate inspekteerimas\" src=\"..\/wp-content\/uploads\/2011\/08\/SDIM5935_v.jpg\" alt=\"\" width=\"530\" height=\"337\" \/><\/a><\/p>\n<p><a href=\"..\/wp-content\/uploads\/2011\/08\/Ghana-2s.jpg\" target=\"_blank\"><img loading=\"lazy\" decoding=\"async\" title=\"Panoraam Ghana rannikult\" src=\"..\/wp-content\/uploads\/2011\/08\/Ghana-2v.png\" alt=\"\" width=\"530\" height=\"160\" \/><\/a><\/p>\n<p><a href=\"..\/wp-content\/uploads\/2011\/08\/Ghana-3s.jpg\" target=\"_blank\"><img loading=\"lazy\" decoding=\"async\" title=\"Panoraam Ghana rannikult - siin on kalurik\u00fcla paatide k\u00e4sit\u00f6\u00f6vabrik\" src=\"..\/wp-content\/uploads\/2011\/08\/Ghana-3v.png\" alt=\"\" width=\"530\" height=\"205\" \/><\/a><\/p>\n<p><a href=\"http:\/\/yhelteljel.ee\/wp-content\/uploads\/2011\/08\/SDIM5955_s.jpg\" target=\"_blank\"><img loading=\"lazy\" decoding=\"async\" class=\"alignnone size-full wp-image-13921\" title=\"Kivi \u00f5lu\" src=\"http:\/\/yhelteljel.ee\/wp-content\/uploads\/2011\/08\/SDIM5955_v.jpg\" alt=\"\" width=\"530\" height=\"353\" srcset=\"https:\/\/yhelteljel.ee\/wp-content\/uploads\/2011\/08\/SDIM5955_v.jpg 530w, https:\/\/yhelteljel.ee\/wp-content\/uploads\/2011\/08\/SDIM5955_v-300x199.jpg 300w\" sizes=\"auto, (max-width: 530px) 100vw, 530px\" \/><\/a><\/p>\n<p>Rannik, Ghana peamine vaatamisv\u00e4\u00e4rsus n\u00e4htud, veeresime edasi p\u00f5hja suunas. Kuidagi juhtus nii, et Nigeeriast saadik oli mingi inerts sees, et muudkui s\u00f5itsime ja s\u00f5itsime, kuni olimegi juba peaaegu Burkina Faso piiri \u00e4\u00e4res v\u00e4ljas. Natuke n\u00fcri k\u00fcll niimoodi riigist l\u00e4bi kimada, aga ega seal suurt midagi vaadata pole (v\u00f5i viib sinna vihmahooajal raskesti l\u00e4bitav tee). Muud pildistada polnud, kui \u00fcks kohalik roog &#8211; grillkala L\u00e4\u00e4ne-Aafrika stiilis riisi ja spagettidega:<\/p>\n<p><a href=\"..\/wp-content\/uploads\/2011\/08\/SDIM5970_s.jpg\" target=\"_blank\"><img loading=\"lazy\" decoding=\"async\" title=\"Kala praetud riisi ja muu v\u00e4rgiga\" src=\"..\/wp-content\/uploads\/2011\/08\/SDIM5970_v.jpg\" alt=\"\" width=\"530\" height=\"353\" \/><\/a><\/p>\n<p>Musta Volta \u00fcletus:<\/p>\n<p><a href=\"..\/wp-content\/uploads\/2011\/08\/Ghana-4s.jpg\" target=\"_blank\"><img loading=\"lazy\" decoding=\"async\" title=\"Panoraam Mustast Voltast sillapealt n\u00e4htuna\" src=\"..\/wp-content\/uploads\/2011\/08\/Ghana-4v.png\" alt=\"\" width=\"530\" height=\"60\" \/><\/a><\/p>\n<p>\u2026 ja meie telkimiskoht v\u00f5sa vahel. See peaks siin nagu savann olema v\u00f5i midagi, aga ma poleks elu sees arvanud, et savann nii roheline v\u00f5iks olla. Vihmahooaeg on ikka t\u00e4ies hoos.<\/p>\n<p><a href=\"..\/wp-content\/uploads\/2011\/08\/SDIM5972_s.jpg\" target=\"_blank\"><img loading=\"lazy\" decoding=\"async\" title=\"Metsik telkimine kuskil P\u00f5hja-Ghana v\u00f5psikus\" src=\"..\/wp-content\/uploads\/2011\/08\/SDIM5972_v.jpg\" alt=\"\" width=\"530\" height=\"353\" \/><\/a><\/p>\n","protected":false},"excerpt":{"rendered":"<p>Aafrikas ringi r\u00e4nnates ei saa kuidagi \u00fcle ega \u00fcmber orjuse teemast &#8211; ehkki meie jaoks tundub see keskagse m\u00f5istena, on orjakaubandus siin ilma teinud sajandeid ning n\u00e4iteks Mauritaanias keelustatud alles 1980ndatel. Sugugi mitte v\u00e4hem huvitav ei ole see, et kuigi oleme harjunud halvasti m\u00f5tlema eelk\u00f5ige just orjakaubanduse l\u00f5pptarbijast ehk orjapidajast, on tegelikult sama kuritegelik roll &hellip; <a href=\"https:\/\/yhelteljel.ee\/?p=13893\" class=\"more-link\">Loe edasi <span class=\"screen-reader-text\">Orjuse r\u00fctmid<\/span> <span class=\"meta-nav\">&rarr;<\/span><\/a><\/p>\n","protected":false},"author":2,"featured_media":0,"comment_status":"open","ping_status":"open","sticky":false,"template":"","format":"standard","meta":{"_monsterinsights_skip_tracking":false,"_monsterinsights_sitenote_active":false,"_monsterinsights_sitenote_note":"","_monsterinsights_sitenote_category":0,"footnotes":""},"categories":[427],"tags":[613,129,123],"class_list":["post-13893","post","type-post","status-publish","format-standard","hentry","category-aafrika","tag-ghana","tag-helimaastikud","tag-sook-ja-jook"],"_links":{"self":[{"href":"https:\/\/yhelteljel.ee\/index.php?rest_route=\/wp\/v2\/posts\/13893","targetHints":{"allow":["GET"]}}],"collection":[{"href":"https:\/\/yhelteljel.ee\/index.php?rest_route=\/wp\/v2\/posts"}],"about":[{"href":"https:\/\/yhelteljel.ee\/index.php?rest_route=\/wp\/v2\/types\/post"}],"author":[{"embeddable":true,"href":"https:\/\/yhelteljel.ee\/index.php?rest_route=\/wp\/v2\/users\/2"}],"replies":[{"embeddable":true,"href":"https:\/\/yhelteljel.ee\/index.php?rest_route=%2Fwp%2Fv2%2Fcomments&post=13893"}],"version-history":[{"count":10,"href":"https:\/\/yhelteljel.ee\/index.php?rest_route=\/wp\/v2\/posts\/13893\/revisions"}],"predecessor-version":[{"id":13952,"href":"https:\/\/yhelteljel.ee\/index.php?rest_route=\/wp\/v2\/posts\/13893\/revisions\/13952"}],"wp:attachment":[{"href":"https:\/\/yhelteljel.ee\/index.php?rest_route=%2Fwp%2Fv2%2Fmedia&parent=13893"}],"wp:term":[{"taxonomy":"category","embeddable":true,"href":"https:\/\/yhelteljel.ee\/index.php?rest_route=%2Fwp%2Fv2%2Fcategories&post=13893"},{"taxonomy":"post_tag","embeddable":true,"href":"https:\/\/yhelteljel.ee\/index.php?rest_route=%2Fwp%2Fv2%2Ftags&post=13893"}],"curies":[{"name":"wp","href":"https:\/\/api.w.org\/{rel}","templated":true}]}}