{"id":13808,"date":"2011-08-22T20:01:22","date_gmt":"2011-08-22T18:01:22","guid":{"rendered":"http:\/\/yhelteljel.ee\/?p=13808"},"modified":"2011-08-22T20:01:22","modified_gmt":"2011-08-22T18:01:22","slug":"tagasi-radaril","status":"publish","type":"post","link":"https:\/\/yhelteljel.ee\/?p=13808","title":{"rendered":"Tagasi radaril"},"content":{"rendered":"<p><a href=\"..\/wp-content\/uploads\/2011\/08\/SDIM5869_s.jpg\" target=\"_blank\"><img loading=\"lazy\" decoding=\"async\" title=\"Togo rannalt\" src=\"..\/wp-content\/uploads\/2011\/08\/SDIM5869_v.jpg\" alt=\"\" width=\"530\" height=\"352\" \/><\/a><\/p>\n<p>Nigeeriaga, mulle tundub, sai &#8220;kahtlane&#8221; piirkond l\u00e4bi, ja n\u00fc\u00fcd oleme ilmselgelt v\u00e4lja j\u00f5udnud rikidesse, kuhu ka turistid tahavad tulla &#8211; kuigi Beninist v\u00f5i Togost ei teata laias maailmas palju, \u00f5nnestus meil m\u00f5ne p\u00e4evaga n\u00e4ha shokeerivalt palju valget kontingenti &#8211; ehk siis huvi nagu on.<\/p>\n<p><!--more--><\/p>\n<p>Nagu \u00f6eldud, on Benin ja Togo k\u00fcllaltki v\u00e4hetuntud, aga kui millegi poolest neid tuntakse, siis on see vuudu. Nimelt olla ta siitkandist alguse saanud ning siis koos orjadega laia maailma viidud &#8211; Brasiiliasse, Kuubale ja mujale. Erinevalt meie pealiskaudsest arusaamisest vuudu kohta, mida ainu\u00fcksi L\u00e4\u00e4ne-Aafrikas praktiseerib k\u00fcmneid miljoneid inimesi, ei ole see mingi h\u00e4mar religioon, koosnedes pelgalt loitsudest ja inimohverdustest (mis on tegelikult v\u00e4ga harukordsed), kuid omad &#8220;veidrused&#8221;, mis panevad meid kulmu kergitama, tal on.<\/p>\n<p>\u00dcheks n\u00e4htavamaks atribuudiks vuudus on n\u00e4iteks fetishid &#8211; elavad v\u00f5i elutud objektid, millel arvatakse olevat jumalik j\u00f5ud, ning mida kasutatakse usutseremooniates ning igap\u00e4evaselt, et saada n\u00e4iteks j\u00f5udu v\u00f5i kaitset kellegi v\u00f5i millegi vastu.<\/p>\n<p>Benini muusika:<\/p>\n[audio:raadio_Abomey_Benin_1.mp3,raadio_Abomey_Benin_2.mp3,raadio_Abomey_Benin_3.mp3,raadio_Abomey_Benin_4.mp3,raadio_Abomey_Benin_5.mp3|titles=Benini muusikat Abomey&#8217;st,Benini muusikat Abomey&#8217;st,Benini muusikat Abomey&#8217;st &#8211; paljud Brasiilia orjad naasesid Togo ja Benini aladele &#8211; samba m\u00f5jutused on tunda,Benini muusikat Abomey&#8217;st,Benini muusikat Abomey&#8217;st]\n<p>Abomeys, mis on t\u00e4nasel Benini territooriumil aastatel 1625 &#8211; 1892 eksisteerinud Dahomey kuningriigi pealinn, k\u00fclastasime fetishiturgu, mis oli \u00fchest k\u00fcljest k\u00fcll \u00fcsna t\u00fclgastav, kuid teisest k\u00fcljest j\u00e4llegi valgustav elamus &#8211; k\u00fcmned ja k\u00fcmned linnukorjused, loomapead, lahtil\u00f5igatud kameeleonid ja nahkhiired ootamas ostjat,  et saada ravimiks m\u00f5ne t\u00f5ve vastu v\u00f5i tuua mingeid muid h\u00fcvesid.<\/p>\n<p><a href=\"..\/wp-content\/uploads\/2011\/08\/SDIM5829_s.jpg\" target=\"_blank\"><img loading=\"lazy\" decoding=\"async\" title=\"Mehed turul fetishi leti ees\" src=\"..\/wp-content\/uploads\/2011\/08\/SDIM5829_v.jpg\" alt=\"\" width=\"530\" height=\"353\" \/><\/a><\/p>\n<p><a href=\"..\/wp-content\/uploads\/2011\/08\/SDIM5816_s.jpg\" target=\"_blank\"><img loading=\"lazy\" decoding=\"async\" title=\"Lett Abomey fetishiturul\" src=\"..\/wp-content\/uploads\/2011\/08\/SDIM5816_v.jpg\" alt=\"\" width=\"530\" height=\"353\" \/><\/a><\/p>\n<p><a href=\"..\/wp-content\/uploads\/2011\/08\/SDIM5823_s.jpg\" target=\"_blank\"><img loading=\"lazy\" decoding=\"async\" title=\"Linnufetish\" src=\"..\/wp-content\/uploads\/2011\/08\/SDIM5823_v.jpg\" alt=\"\" width=\"530\" height=\"353\" \/><\/a><\/p>\n<p><a href=\"..\/wp-content\/uploads\/2011\/08\/SDIM5820_s.jpg\" target=\"_blank\"><img loading=\"lazy\" decoding=\"async\" title=\"Lahti l\u00f5igatud rotid ja nahkhiired vuudu fetishiturul\" src=\"..\/wp-content\/uploads\/2011\/08\/SDIM5820_v.jpg\" alt=\"\" width=\"530\" height=\"353\" \/><\/a><\/p>\n<p><a href=\"..\/wp-content\/uploads\/2011\/08\/SDIM5834_s.jpg\" target=\"_blank\"><img loading=\"lazy\" decoding=\"async\" title=\"Madude fetish\" src=\"..\/wp-content\/uploads\/2011\/08\/SDIM5834_v.jpg\" alt=\"\" width=\"530\" height=\"353\" \/><\/a><\/p>\n<p><a href=\"..\/wp-content\/uploads\/2011\/08\/SDIM5833_s.jpg\" target=\"_blank\"><img loading=\"lazy\" decoding=\"async\" title=\"Kiskjate fetish\" src=\"..\/wp-content\/uploads\/2011\/08\/SDIM5833_v.jpg\" alt=\"\" width=\"530\" height=\"353\" \/><\/a><\/p>\n<p><a href=\"..\/wp-content\/uploads\/2011\/08\/SDIM5825_s.jpg\" target=\"_blank\"><img loading=\"lazy\" decoding=\"async\" title=\"Nahkhiire fetish\" src=\"..\/wp-content\/uploads\/2011\/08\/SDIM5825_v.jpg\" alt=\"\" width=\"530\" height=\"353\" \/><\/a><\/p>\n<p><a href=\"..\/wp-content\/uploads\/2011\/08\/SDIM5840_s.jpg\" target=\"_blank\"><img loading=\"lazy\" decoding=\"async\" title=\"Tuukani pead - need peaksid vuudu usklikku kaitsma\" src=\"..\/wp-content\/uploads\/2011\/08\/SDIM5840_v.jpg\" alt=\"\" width=\"530\" height=\"353\" \/><\/a><\/p>\n<p><a href=\"..\/wp-content\/uploads\/2011\/08\/SDIM5821_s.jpg\" target=\"_blank\"><img loading=\"lazy\" decoding=\"async\" title=\"Leopard on vuudu fetishis k\u00f5vima j\u00f5uga\" src=\"..\/wp-content\/uploads\/2011\/08\/SDIM5821_v.jpg\" alt=\"\" width=\"530\" height=\"353\" \/><\/a><\/p>\n<p><a href=\"..\/wp-content\/uploads\/2011\/08\/SDIM5812_s.jpg\" target=\"_blank\"><img loading=\"lazy\" decoding=\"async\" title=\"Mees p\u00fc\u00fctoniga fetishiturul - selle saaks osta 1 USD eest\" src=\"..\/wp-content\/uploads\/2011\/08\/SDIM5812_v.jpg\" alt=\"\" width=\"530\" height=\"753\" \/><\/a><\/p>\n<p>Samuti nagu surnud loomadel ja lindudel, on ka maskidel ja puukujudel t\u00e4ita oma roll. Sattusime peale ka \u00fche puukuju valmistamisele, milleks pidavat kuluma terve kuu.<\/p>\n<p><a href=\"..\/wp-content\/uploads\/2011\/08\/SDIM5806_s.jpg\" target=\"_blank\"><img loading=\"lazy\" decoding=\"async\" title=\"Puust kujude v\u00e4lja raidumine - paras f\u00fc\u00fcsiline t\u00f6\u00f6\" src=\"..\/wp-content\/uploads\/2011\/08\/SDIM5806_v.jpg\" alt=\"\" width=\"530\" height=\"795\" \/><\/a><\/p>\n<p><a href=\"..\/wp-content\/uploads\/2011\/08\/SDIM5807_s.jpg\" target=\"_blank\"><img loading=\"lazy\" decoding=\"async\" title=\"T\u00f6\u00f6kad puut\u00f6\u00f6mehed Abomeys\" src=\"..\/wp-content\/uploads\/2011\/08\/SDIM5807_v.jpg\" alt=\"\" width=\"530\" height=\"353\" \/><\/a><\/p>\n<p><a href=\"..\/wp-content\/uploads\/2011\/08\/SDIM5804_s.jpg\" target=\"_blank\"><img loading=\"lazy\" decoding=\"async\" title=\"\u00dcks valmis kujudest\" src=\"..\/wp-content\/uploads\/2011\/08\/SDIM5804_v.jpg\" alt=\"\" width=\"530\" height=\"795\" \/><\/a><\/p>\n<p><a href=\"..\/wp-content\/uploads\/2011\/08\/SDIM5843_s.jpg\" target=\"_blank\"><img loading=\"lazy\" decoding=\"async\" title=\"Ilus afrostiilis aknaluuk\" src=\"..\/wp-content\/uploads\/2011\/08\/SDIM5843_v.jpg\" alt=\"\" width=\"530\" height=\"351\" \/><\/a><\/p>\n<p>Kuna me sellest vuudust tegelikult suurt midagi ei taipa, siis ei hakka sellel siinkohal pikemalt peatuma. Mainiks veel seda, et vuudule olla aluse pannud sellesama Dahomey kuningriigi esimene kuningas &#8211; esimene kaheteistk\u00fcmnest, kes riiki valitsesid.<\/p>\n<p>Iga kuningas lasi endale ehitada palee, mis on t\u00e4naseks k\u00f5ik UNESCO maailmap\u00e4randi nimekirjas, aga kui aus olla, siis ega nendele paleedele otsa vaadates ise k\u00fcll selle peale ei tuleks, et tegemist on kuningliku eluasemega. Tegime neile Abomeys olles tiiru peale, aga mingit erilist emotsiooni ei tekkinud &#8211; need, mis on t\u00e4naseni s\u00e4ilinud, on k\u00f5ik suurt \u00fchte n\u00e4gu ning tegumood on pigem mudaonni v\u00f5i loomaaediku kui palee moodi.<\/p>\n<p><a href=\"..\/wp-content\/uploads\/2011\/08\/SDIM5811_s.jpg\" target=\"_blank\"><img loading=\"lazy\" decoding=\"async\" title=\"Vuuduu templi ees\" src=\"..\/wp-content\/uploads\/2011\/08\/SDIM5811_v.jpg\" alt=\"\" width=\"530\" height=\"330\" \/><\/a><\/p>\n<p><a href=\"..\/wp-content\/uploads\/2011\/08\/SDIM5810_s.jpg\" target=\"_blank\"><img loading=\"lazy\" decoding=\"async\" title=\"\u00dcks endise kuningriigi paleedest Abomeys\" src=\"..\/wp-content\/uploads\/2011\/08\/SDIM5810_v.jpg\" alt=\"\" width=\"530\" height=\"352\" \/><\/a><\/p>\n<p><a href=\"..\/wp-content\/uploads\/2011\/08\/SDIM5808_s.jpg\" target=\"_blank\"><img loading=\"lazy\" decoding=\"async\" title=\"\u00dche kuninga vapp - p\u00fcssikuule neelav lind - s\u00f5num vaenlasele, et teda ei saa tappa\" src=\"..\/wp-content\/uploads\/2011\/08\/SDIM5808_v.jpg\" alt=\"\" width=\"530\" height=\"353\" \/><\/a><\/p>\n<p>Abomeyst edasi p\u00f5rutasime l\u00f5unarannikule, et kasutade viimaseid v\u00f5imalusi merd nautida, enne kui m\u00f6\u00f6da sisemaad p\u00f5hja suunas hakkame vurama. Siin on tegelikult p\u00e4ris troopiline rannaloodus, mida me siinpoolselt Atlandi\u00e4\u00e4rselt oodata ei osanud. Pildikesi Beninist ja Togost, nende loodusest ja inimestest:<\/p>\n<p><a href=\"..\/wp-content\/uploads\/2011\/08\/SDIM5845_s.jpg\" target=\"_blank\"><img loading=\"lazy\" decoding=\"async\" title=\"Kalamehed j\u00e4rvel - osa k\u00fclast kah j\u00e4rvel\" src=\"..\/wp-content\/uploads\/2011\/08\/SDIM5845_v.jpg\" alt=\"\" width=\"530\" height=\"328\" \/><\/a><\/p>\n<p><a href=\"..\/wp-content\/uploads\/2011\/08\/SDIM5797_s.jpg\" target=\"_blank\"><img loading=\"lazy\" decoding=\"async\" title=\"T\u00f6\u00f6kas elu \u00fchel Benini j\u00f5el\" src=\"..\/wp-content\/uploads\/2011\/08\/SDIM5797_v.jpg\" alt=\"\" width=\"530\" height=\"360\" \/><\/a><\/p>\n<p><a href=\"http:\/\/yhelteljel.ee\/wp-content\/uploads\/2011\/08\/SDIM5800_s.jpg\" target=\"_blank\"><img loading=\"lazy\" decoding=\"async\" class=\"alignnone size-full wp-image-13800\" title=\"Benini mees matsheetega\" src=\"http:\/\/yhelteljel.ee\/wp-content\/uploads\/2011\/08\/SDIM5800_v.jpg\" alt=\"\" width=\"530\" height=\"353\" srcset=\"https:\/\/yhelteljel.ee\/wp-content\/uploads\/2011\/08\/SDIM5800_v.jpg 530w, https:\/\/yhelteljel.ee\/wp-content\/uploads\/2011\/08\/SDIM5800_v-300x199.jpg 300w\" sizes=\"auto, (max-width: 530px) 100vw, 530px\" \/><\/a><\/p>\n<p><a href=\"..\/wp-content\/uploads\/2011\/08\/SDIM5796_3_s.jpg\" target=\"_blank\"><img loading=\"lazy\" decoding=\"async\" title=\"Mees Nigeeria-Benini piirilt - l\u00f5iked n\u00e4ol on h\u00f5imulise kuuluvuse tunnusm\u00e4rk\" src=\"..\/wp-content\/uploads\/2011\/08\/SDIM5796_3_v.jpg\" alt=\"\" width=\"530\" height=\"353\" \/><\/a><\/p>\n<p><a href=\"..\/wp-content\/uploads\/2011\/08\/SDIM5848_s.jpg\" target=\"_blank\"><img loading=\"lazy\" decoding=\"async\" title=\"Kaktused Grand Popos\" src=\"..\/wp-content\/uploads\/2011\/08\/SDIM5848_v.jpg\" alt=\"\" width=\"530\" height=\"353\" \/><\/a><\/p>\n<p><a href=\"http:\/\/yhelteljel.ee\/wp-content\/uploads\/2011\/08\/Togo-1s.jpg\" target=\"_blank\"><img loading=\"lazy\" decoding=\"async\" class=\"alignnone size-full wp-image-13878\" title=\"Togo rannal\" src=\"http:\/\/yhelteljel.ee\/wp-content\/uploads\/2011\/08\/Togo-1v.jpg\" alt=\"\" width=\"530\" height=\"287\" srcset=\"https:\/\/yhelteljel.ee\/wp-content\/uploads\/2011\/08\/Togo-1v.jpg 530w, https:\/\/yhelteljel.ee\/wp-content\/uploads\/2011\/08\/Togo-1v-300x162.jpg 300w\" sizes=\"auto, (max-width: 530px) 100vw, 530px\" \/><\/a><\/p>\n<p><a href=\"http:\/\/yhelteljel.ee\/wp-content\/uploads\/2011\/08\/SDIM5859_s.jpg\" target=\"_blank\"><img loading=\"lazy\" decoding=\"async\" class=\"alignnone size-full wp-image-13862\" title=\"Benini Atland\" src=\"http:\/\/yhelteljel.ee\/wp-content\/uploads\/2011\/08\/SDIM5859_v.jpg\" alt=\"\" width=\"530\" height=\"353\" srcset=\"https:\/\/yhelteljel.ee\/wp-content\/uploads\/2011\/08\/SDIM5859_v.jpg 530w, https:\/\/yhelteljel.ee\/wp-content\/uploads\/2011\/08\/SDIM5859_v-300x199.jpg 300w\" sizes=\"auto, (max-width: 530px) 100vw, 530px\" \/><\/a><\/p>\n<p><a href=\"http:\/\/yhelteljel.ee\/wp-content\/uploads\/2011\/08\/SDIM5860_s.jpg\" target=\"_blank\"><img loading=\"lazy\" decoding=\"async\" class=\"alignnone size-full wp-image-13864\" title=\"Atlandi \u00e4\u00e4rne k\u00fcla Togos\" src=\"http:\/\/yhelteljel.ee\/wp-content\/uploads\/2011\/08\/SDIM5860_v.jpg\" alt=\"\" width=\"530\" height=\"353\" srcset=\"https:\/\/yhelteljel.ee\/wp-content\/uploads\/2011\/08\/SDIM5860_v.jpg 530w, https:\/\/yhelteljel.ee\/wp-content\/uploads\/2011\/08\/SDIM5860_v-300x199.jpg 300w\" sizes=\"auto, (max-width: 530px) 100vw, 530px\" \/><\/a><\/p>\n<p><a href=\"http:\/\/yhelteljel.ee\/wp-content\/uploads\/2011\/08\/SDIM5862_s.jpg\" target=\"_blank\"><img loading=\"lazy\" decoding=\"async\" class=\"alignnone size-full wp-image-13866\" title=\"Atlandi ookean Togo \u00e4\u00e4res\" src=\"http:\/\/yhelteljel.ee\/wp-content\/uploads\/2011\/08\/SDIM5862_v.jpg\" alt=\"\" width=\"530\" height=\"353\" srcset=\"https:\/\/yhelteljel.ee\/wp-content\/uploads\/2011\/08\/SDIM5862_v.jpg 530w, https:\/\/yhelteljel.ee\/wp-content\/uploads\/2011\/08\/SDIM5862_v-300x199.jpg 300w\" sizes=\"auto, (max-width: 530px) 100vw, 530px\" \/><\/a><\/p>\n<p><a href=\"..\/wp-content\/uploads\/2011\/08\/SDIM5872_s.jpg\" target=\"_blank\"><img loading=\"lazy\" decoding=\"async\" title=\"V\u00f5rke v\u00e4lja kiskumas - pidid k\u00fcll suured v\u00f5rgud olema, et nii palju inimesi oli tarvis\" src=\"..\/wp-content\/uploads\/2011\/08\/SDIM5872_v.jpg\" alt=\"\" width=\"530\" height=\"338\" \/><\/a><\/p>\n<p><a href=\"http:\/\/yhelteljel.ee\/wp-content\/uploads\/2011\/08\/SDIM5866_s.jpg\" target=\"_blank\"><img loading=\"lazy\" decoding=\"async\" class=\"alignnone size-full wp-image-13868\" title=\"Togolased kalav\u00f5rke kollektiivselt v\u00e4lja kiskumas\" src=\"http:\/\/yhelteljel.ee\/wp-content\/uploads\/2011\/08\/SDIM5866_v.jpg\" alt=\"\" width=\"530\" height=\"330\" srcset=\"https:\/\/yhelteljel.ee\/wp-content\/uploads\/2011\/08\/SDIM5866_v.jpg 530w, https:\/\/yhelteljel.ee\/wp-content\/uploads\/2011\/08\/SDIM5866_v-300x186.jpg 300w\" sizes=\"auto, (max-width: 530px) 100vw, 530px\" \/><\/a><\/p>\n<p><a href=\"http:\/\/yhelteljel.ee\/wp-content\/uploads\/2011\/08\/SDIM5867_s.jpg\" target=\"_blank\"><img loading=\"lazy\" decoding=\"async\" class=\"alignnone size-full wp-image-13870\" title=\"Togo poisid mingit vilja rannal m\u00fc\u00fcmas\" src=\"http:\/\/yhelteljel.ee\/wp-content\/uploads\/2011\/08\/SDIM5867_v.jpg\" alt=\"\" width=\"530\" height=\"795\" srcset=\"https:\/\/yhelteljel.ee\/wp-content\/uploads\/2011\/08\/SDIM5867_v.jpg 530w, https:\/\/yhelteljel.ee\/wp-content\/uploads\/2011\/08\/SDIM5867_v-200x300.jpg 200w\" sizes=\"auto, (max-width: 530px) 100vw, 530px\" \/><\/a><\/p>\n<p><a href=\"http:\/\/yhelteljel.ee\/wp-content\/uploads\/2011\/08\/SDIM5870_s.jpg\" target=\"_blank\"><img loading=\"lazy\" decoding=\"async\" class=\"alignnone size-full wp-image-13874\" title=\"Kalamehed ja neile s\u00fc\u00fca viiv naine Togo rannal\" src=\"http:\/\/yhelteljel.ee\/wp-content\/uploads\/2011\/08\/SDIM5870_v.jpg\" alt=\"\" width=\"530\" height=\"313\" srcset=\"https:\/\/yhelteljel.ee\/wp-content\/uploads\/2011\/08\/SDIM5870_v.jpg 530w, https:\/\/yhelteljel.ee\/wp-content\/uploads\/2011\/08\/SDIM5870_v-300x177.jpg 300w\" sizes=\"auto, (max-width: 530px) 100vw, 530px\" \/><\/a><\/p>\n","protected":false},"excerpt":{"rendered":"<p>Nigeeriaga, mulle tundub, sai &#8220;kahtlane&#8221; piirkond l\u00e4bi, ja n\u00fc\u00fcd oleme ilmselgelt v\u00e4lja j\u00f5udnud rikidesse, kuhu ka turistid tahavad tulla &#8211; kuigi Beninist v\u00f5i Togost ei teata laias maailmas palju, \u00f5nnestus meil m\u00f5ne p\u00e4evaga n\u00e4ha shokeerivalt palju valget kontingenti &#8211; ehk siis huvi nagu on.<\/p>\n","protected":false},"author":3,"featured_media":0,"comment_status":"open","ping_status":"open","sticky":false,"template":"","format":"standard","meta":{"_monsterinsights_skip_tracking":false,"_monsterinsights_sitenote_active":false,"_monsterinsights_sitenote_note":"","_monsterinsights_sitenote_category":0,"footnotes":""},"categories":[427],"tags":[611,129,612,1145],"class_list":["post-13808","post","type-post","status-publish","format-standard","hentry","category-aafrika","tag-benin","tag-helimaastikud","tag-togo","tag-usk"],"_links":{"self":[{"href":"https:\/\/yhelteljel.ee\/index.php?rest_route=\/wp\/v2\/posts\/13808","targetHints":{"allow":["GET"]}}],"collection":[{"href":"https:\/\/yhelteljel.ee\/index.php?rest_route=\/wp\/v2\/posts"}],"about":[{"href":"https:\/\/yhelteljel.ee\/index.php?rest_route=\/wp\/v2\/types\/post"}],"author":[{"embeddable":true,"href":"https:\/\/yhelteljel.ee\/index.php?rest_route=\/wp\/v2\/users\/3"}],"replies":[{"embeddable":true,"href":"https:\/\/yhelteljel.ee\/index.php?rest_route=%2Fwp%2Fv2%2Fcomments&post=13808"}],"version-history":[{"count":8,"href":"https:\/\/yhelteljel.ee\/index.php?rest_route=\/wp\/v2\/posts\/13808\/revisions"}],"predecessor-version":[{"id":13888,"href":"https:\/\/yhelteljel.ee\/index.php?rest_route=\/wp\/v2\/posts\/13808\/revisions\/13888"}],"wp:attachment":[{"href":"https:\/\/yhelteljel.ee\/index.php?rest_route=%2Fwp%2Fv2%2Fmedia&parent=13808"}],"wp:term":[{"taxonomy":"category","embeddable":true,"href":"https:\/\/yhelteljel.ee\/index.php?rest_route=%2Fwp%2Fv2%2Fcategories&post=13808"},{"taxonomy":"post_tag","embeddable":true,"href":"https:\/\/yhelteljel.ee\/index.php?rest_route=%2Fwp%2Fv2%2Ftags&post=13808"}],"curies":[{"name":"wp","href":"https:\/\/api.w.org\/{rel}","templated":true}]}}