{"id":13664,"date":"2011-08-08T16:17:16","date_gmt":"2011-08-08T14:17:16","guid":{"rendered":"http:\/\/yhelteljel.ee\/?p=13664"},"modified":"2011-08-08T16:23:42","modified_gmt":"2011-08-08T14:23:42","slug":"pohjapoolkeral-tagasi","status":"publish","type":"post","link":"https:\/\/yhelteljel.ee\/?p=13664","title":{"rendered":"P\u00f5hjapoolkeral tagasi"},"content":{"rendered":"<p><a href=\"..\/wp-content\/uploads\/2011\/08\/SDIM5551_s.jpg\" target=\"_blank\"><img loading=\"lazy\" decoding=\"async\" title=\"Vuudu trummid ja tants Gabonis\" src=\"..\/wp-content\/uploads\/2011\/08\/SDIM5551_v.jpg\" alt=\"\" width=\"530\" height=\"353\" \/><\/a><\/p>\n<p>Teel l\u00e4bi Gaboni p\u00f5hjaosa \u00fcletasime viimast, ehk neljandat korda ekvaatorit. V\u00f5iks ju k\u00fcsida, miks ekvaator kellelegi korda peaks minema, sest mis ta muud on kui \u00fcks imaginaarne joon. Kuid kas pole nii, et s\u00e4\u00e4rased asjad, mida k\u00e4ega katsuda ei saa &#8211; nagu igasugu reeglid ja m\u00e4\u00e4ratlused &#8211; on meie tsivilisatsioonis hirmus t\u00e4htsad?<\/p>\n<p><!--more--><\/p>\n<p>Igal juhul t\u00e4histas seekordne ekvaatori\u00fcletus meie jaoks j\u00f5udmist kodupoolkerale, tuttava taeva alla, ning see tuli \u00e4ra m\u00e4rkida. Me pole enam &#8220;peajalgsed&#8221; vaid Eestist vaadatuna k\u00f5nnime ikka \u00f5iget pidi  \ud83d\ude42<\/p>\n<p>Muide, ekvaatoril on ju gravitatsiooni j\u00f5ud maa p\u00f6\u00f6rlemisest tuleneva ning sellele vastu t\u00f6\u00f6tava tsentrifugaalj\u00f5u t\u00f5ttu v\u00e4iksem ning asjad kaaluvad v\u00e4hem kui muudel laiustel \ud83d\ude42<\/p>\n<p><a href=\"..\/wp-content\/uploads\/2011\/08\/SDIM5538_s.jpg\" target=\"_blank\"><img loading=\"lazy\" decoding=\"async\" title=\"Ekvaatoril on ju maa p\u00f6\u00f6rlemises tsentrifugaalj\u00f5u t\u00f5ttu gravitatsioonij\u00f5ud v\u00e4iksem :)\" src=\"..\/wp-content\/uploads\/2011\/08\/SDIM5538_v.jpg\" alt=\"\" width=\"530\" height=\"353\" \/><\/a><\/p>\n<p>\u00dches suuremas teele j\u00e4\u00e4nud k\u00fclas sattusime peale ilmselgelt mingile rituaalsele tantsule, mis k\u00e4is plataanikobara, tetrapakis veini, pudeli toidu\u00f5li ja viski \u00fcmber. Poisid tagusid puupakkudest \u00f5\u00f5nestatud trummidel meile harjumusp\u00e4rase l\u00e4\u00e4neliku muusika m\u00f5istes \u00fcsna kaootilisi r\u00fctme (kuigi kui Saharast l\u00f5una poole j\u00e4\u00e4vas Aafrikas pikemalt olla, k\u00f5lab see juba v\u00e4ga s\u00fcsteemip\u00e4raselt ja ehk ka t\u00f5sisem l\u00e4\u00e4ne melomaan kuuleb lindistatud r\u00fctmis mingit mustrit) ning t\u00fcdrukud v\u00f5distasid puusasid, kiiremini veel kui Shakira.<\/p>\n[audio:Gabon_Mitzic_elusbiit.mp3|titles=Mitzic, vuudu elusr\u00fctmid ja tants]\n<p><a href=\"..\/wp-content\/uploads\/2011\/08\/SDIM5546_s.jpg\" target=\"_blank\"><img loading=\"lazy\" decoding=\"async\" title=\"Vuudu Gaboni Mitzic linnas\" src=\"..\/wp-content\/uploads\/2011\/08\/SDIM5546_v.jpg\" alt=\"\" width=\"530\" height=\"359\" \/><\/a><\/p>\n<p><a href=\"..\/wp-content\/uploads\/2011\/08\/SDIM5550_s.jpg\" target=\"_blank\"><img loading=\"lazy\" decoding=\"async\" title=\"Taoti \u00fcliv\u00f5rdes trummi ja tantsiti joogi-toidu \u00fcmber\" src=\"..\/wp-content\/uploads\/2011\/08\/SDIM5550_v.jpg\" alt=\"\" width=\"530\" height=\"665\" \/><\/a><\/p>\n<p>M\u00f5nikord eri rahvaste ja h\u00f5imude rituaale vaatates m\u00f5tlen, kui sarnane on ikka meie m\u00f5ttemaailm &#8211; nemad tantsivad siin toidu \u00fcmber, meie aga m\u00e4ngime kadri- ja mardisante ning j\u00e4tame suures ebausus uusaasta\u00f6\u00f6ks kaksteist rooga lauale. V\u00f5ime ju k\u00e4ia p\u00fchap\u00e4eviti kirikus v\u00f5i reedeti moshees, aga l\u00f5ppude l\u00f5puks on usk esivanematesse v\u00f5i Universumisse meil k\u00f5igil ikkagi suuremal v\u00f5i v\u00e4hemal m\u00e4\u00e4ral veres.<\/p>\n<p>P\u00e4rast vuudur\u00fctme oli hea sukelduda kaootilisuse poolest \u00fcsna sarnastesse loodushelidesse meie telkimiskohas &#8211; Gabon on rahvaarvult sama suur kui Eesti, kuid m\u00f5\u00f5tmetelt kolm korda suurem, nii et t\u00fchja ruumi on justkui palju, aga justkui ei ole ka, sest terve Gaboni p\u00f5hjaosa on vihmametsa all ning vihmamets on nii tihe, et seal ei mahu h\u00e4sti k\u00f5ndimagi, r\u00e4\u00e4kimata siis veel telgi \u00fclespanemisest. Siin-seal m\u00f5ni avaus siiski trehvab, kuhu tsikliga napilt ligi p\u00e4\u00e4seb.<\/p>\n<p>Nii me siis uinusime puhta loodusliku audiofiilia &#8211; meie \u00fcmber kihiseva elu saatel, kui p\u00e4evased liigid oma viimased jutud r\u00e4\u00e4kisid, \u00f6\u00f6liigid \u00e4rkasid ja kui kogu ring uuesti r\u00f5skes hommikuv\u00e4rskuses vahetus. Teisis\u00f5nu, Gaboni vihmametsa heliatmosf\u00e4\u00e4ril on mitu n\u00e4gu, nagu lindistused eha, kesk\u00f6\u00f6 ja koidu ajal seda t\u00f5estavad:<\/p>\n[audio:Gabon_dzungel_6htu.mp3,Gabon_dzungel_1AM.mp3,Gabon_dzungel_hommik.mp3|titles=Gaboni dzungel \u00f5htul,Gaboni dzungel \u00f6\u00f6sel,Gaboni dzungel hommikul]\n<p><a href=\"..\/wp-content\/uploads\/2011\/08\/SDIM5556_s.jpg\" target=\"_blank\"><img loading=\"lazy\" decoding=\"async\" title=\"Gaboni vihmametsas metsikult telkimas\" src=\"..\/wp-content\/uploads\/2011\/08\/SDIM5556_v.jpg\" alt=\"\" width=\"530\" height=\"353\" \/><\/a><\/p>\n<p><a href=\"http:\/\/yhelteljel.ee\/wp-content\/uploads\/2011\/08\/SDIM5564_s.jpg\" target=\"_blank\"><img loading=\"lazy\" decoding=\"async\" class=\"alignnone size-full wp-image-13690\" title=\"Roheline Gaboni floora\" src=\"http:\/\/yhelteljel.ee\/wp-content\/uploads\/2011\/08\/SDIM5564_v.jpg\" alt=\"\" width=\"530\" height=\"353\" srcset=\"https:\/\/yhelteljel.ee\/wp-content\/uploads\/2011\/08\/SDIM5564_v.jpg 530w, https:\/\/yhelteljel.ee\/wp-content\/uploads\/2011\/08\/SDIM5564_v-300x199.jpg 300w\" sizes=\"auto, (max-width: 530px) 100vw, 530px\" \/><\/a><\/p>\n<p><a href=\"http:\/\/yhelteljel.ee\/wp-content\/uploads\/2011\/08\/SDIM5560_s.jpg\" target=\"_blank\"><img loading=\"lazy\" decoding=\"async\" class=\"alignnone size-full wp-image-13688\" title=\"Mingi s\u00f5najalaline\" src=\"http:\/\/yhelteljel.ee\/wp-content\/uploads\/2011\/08\/SDIM5560_v.jpg\" alt=\"\" width=\"530\" height=\"353\" srcset=\"https:\/\/yhelteljel.ee\/wp-content\/uploads\/2011\/08\/SDIM5560_v.jpg 530w, https:\/\/yhelteljel.ee\/wp-content\/uploads\/2011\/08\/SDIM5560_v-300x199.jpg 300w\" sizes=\"auto, (max-width: 530px) 100vw, 530px\" \/><\/a><\/p>\n<p>P\u00e4rast viimase aja avaraid maastikke oli l\u00e4bi dzhungli s\u00f5ita omaette emotsioon &#8211; kuidagi nii roheline ja lopsakas on k\u00f5ik. Ehk tuleb see ka sellest, et oleme ekvaatori\u00fcletusega otsapidi j\u00f5udnud vihmasesse aastaaega, mis v\u00e4hemalt m\u00f5neks ajaks t\u00e4hendab heal juhul pilves ilma, halvemal juhul aga s\u00f5itmist paduvihmas ning s\u00fcgavates lompides. V\u00e4hemasti peaks meid ees ootama suures osas asfalt.<\/p>\n<p><a href=\"..\/wp-content\/uploads\/2011\/08\/Kamerun-3s.jpg\" target=\"_blank\"><img loading=\"lazy\" decoding=\"async\" title=\"Imeilus asfalttee l\u00e4bi Kameruni vihmametsa\" src=\"..\/wp-content\/uploads\/2011\/08\/Kamerun-3v.jpg\" alt=\"\" width=\"530\" height=\"375\" \/><\/a><\/p>\n","protected":false},"excerpt":{"rendered":"<p>Teel l\u00e4bi Gaboni p\u00f5hjaosa \u00fcletasime viimast, ehk neljandat korda ekvaatorit. V\u00f5iks ju k\u00fcsida, miks ekvaator kellelegi korda peaks minema, sest mis ta muud on kui \u00fcks imaginaarne joon. Kuid kas pole nii, et s\u00e4\u00e4rased asjad, mida k\u00e4ega katsuda ei saa &#8211; nagu igasugu reeglid ja m\u00e4\u00e4ratlused &#8211; on meie tsivilisatsioonis hirmus t\u00e4htsad?<\/p>\n","protected":false},"author":2,"featured_media":0,"comment_status":"open","ping_status":"open","sticky":false,"template":"","format":"standard","meta":{"_monsterinsights_skip_tracking":false,"_monsterinsights_sitenote_active":false,"_monsterinsights_sitenote_note":"","_monsterinsights_sitenote_category":0,"footnotes":""},"categories":[427],"tags":[132,607,129,609],"class_list":["post-13664","post","type-post","status-publish","format-standard","hentry","category-aafrika","tag-floora-ja-fauna","tag-gabon","tag-helimaastikud","tag-kamerun"],"_links":{"self":[{"href":"https:\/\/yhelteljel.ee\/index.php?rest_route=\/wp\/v2\/posts\/13664","targetHints":{"allow":["GET"]}}],"collection":[{"href":"https:\/\/yhelteljel.ee\/index.php?rest_route=\/wp\/v2\/posts"}],"about":[{"href":"https:\/\/yhelteljel.ee\/index.php?rest_route=\/wp\/v2\/types\/post"}],"author":[{"embeddable":true,"href":"https:\/\/yhelteljel.ee\/index.php?rest_route=\/wp\/v2\/users\/2"}],"replies":[{"embeddable":true,"href":"https:\/\/yhelteljel.ee\/index.php?rest_route=%2Fwp%2Fv2%2Fcomments&post=13664"}],"version-history":[{"count":7,"href":"https:\/\/yhelteljel.ee\/index.php?rest_route=\/wp\/v2\/posts\/13664\/revisions"}],"predecessor-version":[{"id":13718,"href":"https:\/\/yhelteljel.ee\/index.php?rest_route=\/wp\/v2\/posts\/13664\/revisions\/13718"}],"wp:attachment":[{"href":"https:\/\/yhelteljel.ee\/index.php?rest_route=%2Fwp%2Fv2%2Fmedia&parent=13664"}],"wp:term":[{"taxonomy":"category","embeddable":true,"href":"https:\/\/yhelteljel.ee\/index.php?rest_route=%2Fwp%2Fv2%2Fcategories&post=13664"},{"taxonomy":"post_tag","embeddable":true,"href":"https:\/\/yhelteljel.ee\/index.php?rest_route=%2Fwp%2Fv2%2Ftags&post=13664"}],"curies":[{"name":"wp","href":"https:\/\/api.w.org\/{rel}","templated":true}]}}