{"id":13467,"date":"2011-07-22T13:13:31","date_gmt":"2011-07-22T11:13:31","guid":{"rendered":"http:\/\/yhelteljel.ee\/?p=13467"},"modified":"2011-07-22T13:13:31","modified_gmt":"2011-07-22T11:13:31","slug":"halleluuja-ii-osa","status":"publish","type":"post","link":"https:\/\/yhelteljel.ee\/?p=13467","title":{"rendered":"Halleluuja (II osa)"},"content":{"rendered":"<p><a href=\"http:\/\/yhelteljel.ee\/wp-content\/uploads\/2011\/07\/SDIM5356_s.jpg\" target=\"_blank\"><img loading=\"lazy\" decoding=\"async\" class=\"alignnone size-full wp-image-13482\" title=\"Paadiga lahelt Cabinda randa\" src=\"http:\/\/yhelteljel.ee\/wp-content\/uploads\/2011\/07\/SDIM5356_v.jpg\" alt=\"\" width=\"530\" height=\"353\" srcset=\"https:\/\/yhelteljel.ee\/wp-content\/uploads\/2011\/07\/SDIM5356_v.jpg 530w, https:\/\/yhelteljel.ee\/wp-content\/uploads\/2011\/07\/SDIM5356_v-300x199.jpg 300w\" sizes=\"auto, (max-width: 530px) 100vw, 530px\" \/><\/a><\/p>\n<p>Soyost lahkudes avanes meile korraks vaade poolikutele gaasihoidlatele, ning hiljem, merel olles, m\u00f6\u00f6dusime mitmest puurtornist. See oli kui pilguheit Angola tulevikku, kui vaid neid ressursse targalt kasutada osatakse. Angolale, kes enne kodus\u00f5da oli maailma \u00fcks suurimaid kohvi ja banaanide eksportijaid, on nafta ja teemantid t\u00e4na p\u00f5hiliseks ekspordiartikliks, moodustades pea sada protsenti riigi tuludest.<\/p>\n<p><!--more--><\/p>\n<p><a href=\"http:\/\/yhelteljel.ee\/wp-content\/uploads\/2011\/07\/SDIM5330_s.jpg\" target=\"_blank\"><img loading=\"lazy\" decoding=\"async\" title=\"Gaasi eksportiva firma kibekiire ehitusprotsess Soyos\" src=\"http:\/\/yhelteljel.ee\/wp-content\/uploads\/2011\/07\/SDIM5330_v.jpg\" alt=\"\" width=\"530\" height=\"353\" \/><\/a><\/p>\n<p><a href=\"http:\/\/yhelteljel.ee\/wp-content\/uploads\/2011\/07\/SDIM5334_s.jpg\" target=\"_blank\"><img loading=\"lazy\" decoding=\"async\" class=\"alignnone size-full wp-image-13478\" title=\"Gaasi puurtornid Cabinda l\u00e4histel\" src=\"http:\/\/yhelteljel.ee\/wp-content\/uploads\/2011\/07\/SDIM5334_v.jpg\" alt=\"\" width=\"530\" height=\"313\" srcset=\"https:\/\/yhelteljel.ee\/wp-content\/uploads\/2011\/07\/SDIM5334_v.jpg 530w, https:\/\/yhelteljel.ee\/wp-content\/uploads\/2011\/07\/SDIM5334_v-300x177.jpg 300w\" sizes=\"auto, (max-width: 530px) 100vw, 530px\" \/><\/a><\/p>\n<p>P\u00e4rast tundi v\u00f5i paari avamerel hakkas taas paistma maismaa &#8211; olime j\u00f5udmas Cabindasse &#8211; Angola enklaavi, mis on &#8220;emamaast&#8221; eraldatud Kongo DV-le kuuluva kitsa maaribaga. Teinekord kutsutakse seda naftarohkuse t\u00f5ttu ka &#8220;Aafrika Kuveidiks&#8221;. Suured naftavarud on muidugi p\u00f5hjust andnud vaikselt podisevale iseseisvusliikumisele, mis on ka \u00fcsna loogiline, arvestades, et enne portugallaste tulekut ei olnud Cabindal tegelikult Angolaga mitte kui midagi pistmist, vaid see oli koloniaalaeg, mis nad formaalselt \u00fchte liitis.<\/p>\n<p>Praam j\u00e4i seisma keset lahesoppi, m\u00f5nisada meetrit kaldast eemal. &#8220;Oleme kohal!&#8221;. Mis m\u00f5ttes &#8220;kohal&#8221;? Edasi tuleb ujuda v\u00f5i?<\/p>\n<p>Ei, ujumine j\u00e4i siiski \u00e4ra. Peagi tuli kaldalt meie &#8220;praamile&#8221; vastu kaks suurt puupaati, kuhu \u00fckshaaval k\u00f5ik reisijad ja nende pagas laaditi, et kaldale viia. Meie olime viimased, sest meie &#8220;pagasiga&#8221; oli m\u00f5istagi k\u00f5ige rohkem jama &#8211; tsikkel tuli kuidagimoodi kaks meetrit allpool lainetel \u00f5\u00f5tsuvasse paati saada (vee s\u00fcgavuseks kapteni s\u00f5nul umbes 5 meetrit), ainsateks abivahenditeks k\u00f6ied ja \u00fcks puulaud. Keset lahte, eksole. Situatsioon kui improvisatsiooni k\u00e4siraamatust.<\/p>\n<p>Kuid kuidagi, imekombel see isegi \u00f5nnestus, ilma et tsikkel \u00fcle parda vette oleks kukkunud, ja varsti p\u00f5rutasime t\u00e4istuuridel kalda suunas, kus meid ootas ees j\u00e4rjekordne vinnamine &#8211; paadist kaile. See ei olnud \u00f5nneks nii riskantne, ning varsti olemigi j\u00e4lle maismaal &#8211; v\u00e4sinud, aga \u00f5nnelikud. Siit edasi juba teed m\u00f6\u00f6da.<\/p>\n<p><a href=\"http:\/\/yhelteljel.ee\/wp-content\/uploads\/2011\/07\/SDIM5337_s.jpg\" target=\"_blank\"><img loading=\"lazy\" decoding=\"async\" title=\"Gessu ja Kariina paadis\" src=\"http:\/\/yhelteljel.ee\/wp-content\/uploads\/2011\/07\/SDIM5337_v.jpg\" alt=\"\" width=\"530\" height=\"795\" \/><\/a><\/p>\n<p><a href=\"http:\/\/yhelteljel.ee\/wp-content\/uploads\/2011\/07\/Angola-22s.jpg\" target=\"_blank\"><img loading=\"lazy\" decoding=\"async\" title=\"Paadiga lahelt Cabinda randa\" src=\"http:\/\/yhelteljel.ee\/wp-content\/uploads\/2011\/07\/Angola-22v.jpg\" alt=\"\" width=\"530\" height=\"486\" \/><\/a><\/p>\n<p><a href=\"http:\/\/yhelteljel.ee\/wp-content\/uploads\/2011\/07\/SDIM5357_s.jpg\" target=\"_blank\"><img loading=\"lazy\" decoding=\"async\" class=\"alignnone size-full wp-image-13484\" title=\"Gessu randumas Cabindasse\" src=\"http:\/\/yhelteljel.ee\/wp-content\/uploads\/2011\/07\/SDIM5357_v.jpg\" alt=\"\" width=\"530\" height=\"353\" srcset=\"https:\/\/yhelteljel.ee\/wp-content\/uploads\/2011\/07\/SDIM5357_v.jpg 530w, https:\/\/yhelteljel.ee\/wp-content\/uploads\/2011\/07\/SDIM5357_v-300x199.jpg 300w\" sizes=\"auto, (max-width: 530px) 100vw, 530px\" \/><\/a><\/p>\n<p>Kuna &#8220;praamis\u00f5it&#8221; v\u00f5ttis pea terve p\u00e4eva, ei j\u00e4\u00e4nud meil \u00fcle muud, kui \u00f6\u00f6seks Cabindasse (enklaavi pealinna) j\u00e4\u00e4da. Taaskord otsustasime proovida kirikuhoovi, ja see oli \u00f5ige otsus. Selleks ajaks, kui me telgi p\u00fcsti saime ja taaskord makarone keetsime, hakkas kirikuhoovi kogunema kirikukoor, kelle leelotuste saatel saime raske p\u00e4eva m\u00f5nusalt \u00f5htusse veeretada.<\/p>\n<p><a href=\"http:\/\/yhelteljel.ee\/wp-content\/uploads\/2011\/07\/SDIM5374_s.jpg\" target=\"_blank\"><img loading=\"lazy\" decoding=\"async\" title=\"Meie kirik Cabindas koos Kuuga\" src=\"http:\/\/yhelteljel.ee\/wp-content\/uploads\/2011\/07\/SDIM5374_v.jpg\" alt=\"\" width=\"530\" height=\"360\" \/><\/a><\/p>\n<p><a href=\"http:\/\/yhelteljel.ee\/wp-content\/uploads\/2011\/07\/SDIM5361_s.jpg\" target=\"_blank\"><img loading=\"lazy\" decoding=\"async\" title=\"Meie telkimiskoht Cabinda kirikuhoovis - koorirahvas proovi minemas\" src=\"http:\/\/yhelteljel.ee\/wp-content\/uploads\/2011\/07\/SDIM5361_v.jpg\" alt=\"\" width=\"530\" height=\"337\" \/><\/a><\/p>\n<p><a href=\"http:\/\/yhelteljel.ee\/wp-content\/uploads\/2011\/07\/SDIM5363_s.jpg\" target=\"_blank\"><img loading=\"lazy\" decoding=\"async\" title=\"Kooriproov kirikuhoovis\" src=\"http:\/\/yhelteljel.ee\/wp-content\/uploads\/2011\/07\/SDIM5363_v.jpg\" alt=\"\" width=\"530\" height=\"343\" \/><\/a><\/p>\n<p>Sama hetk helis:<\/p>\n[audio:kirikukooriproov_Cabindas.mp3|titles=Kirikukooriproov Cabindas]\n<p><a href=\"http:\/\/yhelteljel.ee\/wp-content\/uploads\/2011\/07\/SDIM5369_s.jpg\" target=\"_blank\"><img loading=\"lazy\" decoding=\"async\" class=\"alignnone size-full wp-image-13490\" title=\"Kooriproov kirikuhoovis\" src=\"http:\/\/yhelteljel.ee\/wp-content\/uploads\/2011\/07\/SDIM5369_v.jpg\" alt=\"\" width=\"530\" height=\"353\" srcset=\"https:\/\/yhelteljel.ee\/wp-content\/uploads\/2011\/07\/SDIM5369_v.jpg 530w, https:\/\/yhelteljel.ee\/wp-content\/uploads\/2011\/07\/SDIM5369_v-300x199.jpg 300w\" sizes=\"auto, (max-width: 530px) 100vw, 530px\" \/><\/a><\/p>\n<p>Mis oli minu jaoks huvitav, oli see, et kirikulaulude taustaks kasutatakse k\u00f5la j\u00e4rgi t\u00e4pselt samu instrumente (ja isegi r\u00fctmika on sarnane), mis moodustavad p\u00f5hilise osa kudurost &#8211; siinmail v\u00e4ga populaarsest muusikastiilist, millel praktiliselt puudub meloodia, kuid mille saatel angolalased (ja eriti noored) v\u00e4ga tantsida armastavad.<\/p>\n<p>V\u00e4limuse j\u00e4rgi ei \u00fctleks, et Cabindal raha jalaga segada oleks, v\u00f5i v\u00e4hemalt ei n\u00e4e ta v\u00e4lja kuidagi korralikum v\u00f5i luksuslikum kui \u00fclej\u00e4\u00e4nud Angola, ning inimesedki elavad nii nagu nad alati elanud on, p\u00fc\u00fcdes kala ning ajal voolata lastes.<\/p>\n<p><a href=\"http:\/\/yhelteljel.ee\/wp-content\/uploads\/2011\/07\/SDIM5387_s.jpg\" target=\"_blank\"><img loading=\"lazy\" decoding=\"async\" title=\"Cabindas on palju sellist vesist mangroovi\" src=\"http:\/\/yhelteljel.ee\/wp-content\/uploads\/2011\/07\/SDIM5387_v.jpg\" alt=\"\" width=\"530\" height=\"307\" \/><\/a><\/p>\n<p><a href=\"http:\/\/yhelteljel.ee\/wp-content\/uploads\/2011\/07\/SDIM5375_s.jpg\" target=\"_blank\"><img loading=\"lazy\" decoding=\"async\" title=\"Kuubalaste ehitatud korterelamud Cabindas\" src=\"http:\/\/yhelteljel.ee\/wp-content\/uploads\/2011\/07\/SDIM5375_v.jpg\" alt=\"\" width=\"530\" height=\"353\" \/><\/a><\/p>\n<p><a href=\"http:\/\/yhelteljel.ee\/wp-content\/uploads\/2011\/07\/SDIM5379_s.jpg\" target=\"_blank\"><img loading=\"lazy\" decoding=\"async\" class=\"alignnone size-full wp-image-13502\" title=\"\u00dcks kaiga k\u00fclarand Cabindas\" src=\"http:\/\/yhelteljel.ee\/wp-content\/uploads\/2011\/07\/SDIM5379_v.jpg\" alt=\"\" width=\"530\" height=\"334\" srcset=\"https:\/\/yhelteljel.ee\/wp-content\/uploads\/2011\/07\/SDIM5379_v.jpg 530w, https:\/\/yhelteljel.ee\/wp-content\/uploads\/2011\/07\/SDIM5379_v-300x189.jpg 300w\" sizes=\"auto, (max-width: 530px) 100vw, 530px\" \/><\/a><\/p>\n<p><a href=\"http:\/\/yhelteljel.ee\/wp-content\/uploads\/2011\/07\/Angola-21s.jpg\" target=\"_blank\"><img loading=\"lazy\" decoding=\"async\" title=\"Panoraam Cabinda kalurik\u00fcla\u00e4\u00e4rsest\" src=\"http:\/\/yhelteljel.ee\/wp-content\/uploads\/2011\/07\/Angola-21v.png\" alt=\"\" width=\"530\" height=\"90\" \/><\/a><\/p>\n<p><a href=\"http:\/\/yhelteljel.ee\/wp-content\/uploads\/2011\/07\/SDIM5376_s.jpg\" target=\"_blank\"><img loading=\"lazy\" decoding=\"async\" class=\"alignnone size-full wp-image-13500\" title=\"Cabinda kalamehed v\u00f5rkusid lahti harutamas, parandamas ja sorteerimas.\" src=\"http:\/\/yhelteljel.ee\/wp-content\/uploads\/2011\/07\/SDIM5376_v.jpg\" alt=\"\" width=\"530\" height=\"333\" srcset=\"https:\/\/yhelteljel.ee\/wp-content\/uploads\/2011\/07\/SDIM5376_v.jpg 530w, https:\/\/yhelteljel.ee\/wp-content\/uploads\/2011\/07\/SDIM5376_v-300x188.jpg 300w\" sizes=\"auto, (max-width: 530px) 100vw, 530px\" \/><\/a><\/p>\n<p><a href=\"http:\/\/yhelteljel.ee\/wp-content\/uploads\/2011\/07\/SDIM5371_s.jpg\" target=\"_blank\"><img loading=\"lazy\" decoding=\"async\" title=\"Cabinda rand peale p\u00e4ikeseloojangut\" src=\"http:\/\/yhelteljel.ee\/wp-content\/uploads\/2011\/07\/SDIM5371_v.jpg\" alt=\"\" width=\"530\" height=\"278\" \/><\/a><\/p>\n<p><a href=\"http:\/\/yhelteljel.ee\/wp-content\/uploads\/2011\/07\/SDIM5373_s.jpg\" target=\"_blank\"><img loading=\"lazy\" decoding=\"async\" title=\"Cabinda rand h\u00e4marikus\" src=\"http:\/\/yhelteljel.ee\/wp-content\/uploads\/2011\/07\/SDIM5373_v.jpg\" alt=\"\" width=\"530\" height=\"345\" \/><\/a><\/p>\n","protected":false},"excerpt":{"rendered":"<p>Soyost lahkudes avanes meile korraks vaade poolikutele gaasihoidlatele, ning hiljem, merel olles, m\u00f6\u00f6dusime mitmest puurtornist. See oli kui pilguheit Angola tulevikku, kui vaid neid ressursse targalt kasutada osatakse. Angolale, kes enne kodus\u00f5da oli maailma \u00fcks suurimaid kohvi ja banaanide eksportijaid, on nafta ja teemantid t\u00e4na p\u00f5hiliseks ekspordiartikliks, moodustades pea sada protsenti riigi tuludest.<\/p>\n","protected":false},"author":2,"featured_media":0,"comment_status":"open","ping_status":"open","sticky":false,"template":"","format":"standard","meta":{"_monsterinsights_skip_tracking":false,"_monsterinsights_sitenote_active":false,"_monsterinsights_sitenote_note":"","_monsterinsights_sitenote_category":0,"footnotes":""},"categories":[427],"tags":[1144,129,127,136,1145],"class_list":["post-13467","post","type-post","status-publish","format-standard","hentry","category-aafrika","tag-angola","tag-helimaastikud","tag-muu-transport","tag-probleemid","tag-usk"],"_links":{"self":[{"href":"https:\/\/yhelteljel.ee\/index.php?rest_route=\/wp\/v2\/posts\/13467","targetHints":{"allow":["GET"]}}],"collection":[{"href":"https:\/\/yhelteljel.ee\/index.php?rest_route=\/wp\/v2\/posts"}],"about":[{"href":"https:\/\/yhelteljel.ee\/index.php?rest_route=\/wp\/v2\/types\/post"}],"author":[{"embeddable":true,"href":"https:\/\/yhelteljel.ee\/index.php?rest_route=\/wp\/v2\/users\/2"}],"replies":[{"embeddable":true,"href":"https:\/\/yhelteljel.ee\/index.php?rest_route=%2Fwp%2Fv2%2Fcomments&post=13467"}],"version-history":[{"count":4,"href":"https:\/\/yhelteljel.ee\/index.php?rest_route=\/wp\/v2\/posts\/13467\/revisions"}],"predecessor-version":[{"id":13506,"href":"https:\/\/yhelteljel.ee\/index.php?rest_route=\/wp\/v2\/posts\/13467\/revisions\/13506"}],"wp:attachment":[{"href":"https:\/\/yhelteljel.ee\/index.php?rest_route=%2Fwp%2Fv2%2Fmedia&parent=13467"}],"wp:term":[{"taxonomy":"category","embeddable":true,"href":"https:\/\/yhelteljel.ee\/index.php?rest_route=%2Fwp%2Fv2%2Fcategories&post=13467"},{"taxonomy":"post_tag","embeddable":true,"href":"https:\/\/yhelteljel.ee\/index.php?rest_route=%2Fwp%2Fv2%2Ftags&post=13467"}],"curies":[{"name":"wp","href":"https:\/\/api.w.org\/{rel}","templated":true}]}}