{"id":13264,"date":"2011-07-13T07:00:24","date_gmt":"2011-07-13T05:00:24","guid":{"rendered":"http:\/\/yhelteljel.ee\/?p=13264"},"modified":"2011-07-13T10:04:15","modified_gmt":"2011-07-13T08:04:15","slug":"fooniks-touseb-tuhast","status":"publish","type":"post","link":"https:\/\/yhelteljel.ee\/?p=13264","title":{"rendered":"F\u00f6\u00f6niks t\u00f5useb tuhast"},"content":{"rendered":"<p><a href=\"http:\/\/yhelteljel.ee\/wp-content\/uploads\/2011\/07\/SDIM5159_s.jpg\" target=\"_blank\"><img loading=\"lazy\" decoding=\"async\" class=\"alignnone size-full wp-image-13314\" title=\"Kajakad vrakilt p\u00f5genemas\" src=\"http:\/\/yhelteljel.ee\/wp-content\/uploads\/2011\/07\/SDIM5159_v.jpg\" alt=\"\" width=\"530\" height=\"316\" srcset=\"https:\/\/yhelteljel.ee\/wp-content\/uploads\/2011\/07\/SDIM5159_v.jpg 530w, https:\/\/yhelteljel.ee\/wp-content\/uploads\/2011\/07\/SDIM5159_v-300x178.jpg 300w\" sizes=\"auto, (max-width: 530px) 100vw, 530px\" \/><\/a><\/p>\n<p>Pealinn <a href=\"http:\/\/en.wikipedia.org\/wiki\/Luanda\" target=\"_blank\">Luanda<\/a> on mineviku kosmopoliitne linn.<\/p>\n<p><!--more--><\/p>\n<p>Esimese pauguga maandusime jahtklubis, kus kuulsime olevat v\u00f5imaluse tasuta telkida &#8211; hotellid Angolas ning Luandas eriti on astronoomilise hinnaga &#8211; kuid \u00f5htupimeduses otsis meid \u00fcles Lilio, kohaliku motoklubi president, kellega olime enne l\u00fchidalt kirjavahetuses olnud. R\u00e4\u00e4kisime talle oma plaanist j\u00e4rgmisel hommikul linnast vara s\u00f5itma hakata ning teha teel p\u00f5hja suunas k\u00f5rvalep\u00f5ige niinimetatud Vrakkide lahe \u00e4\u00e4rde, kuid Lilio pakkus v\u00e4lja, et l\u00e4heksime vrakke vaatama hoopis tema paadiga. No miks ka mitte. J\u00e4rgmisel hommikul selgus, et &#8220;paat&#8221; oli hoopis korralik 600-hobuj\u00f5uline kaater, millega me siis l\u00e4bi tegusa Luanda sadama p\u00f5rutasime.<\/p>\n<p><a href=\"http:\/\/yhelteljel.ee\/wp-content\/uploads\/2011\/07\/Angola-15s.jpg\" target=\"_blank\"><img loading=\"lazy\" decoding=\"async\" class=\"alignnone size-full wp-image-13267\" title=\"Luanda panoraam n\u00e4htuna jahiklubist - eemalt vaadates paistab modernne, seal tegelikult on pilvel\u00f5hkujate vahel aga muda-kruusateed, st Aafrika mis Aafrika - v\u00e4limus on petlik\" src=\"http:\/\/yhelteljel.ee\/wp-content\/uploads\/2011\/07\/Angola-15v.png\" alt=\"\" width=\"530\" height=\"111\" srcset=\"https:\/\/yhelteljel.ee\/wp-content\/uploads\/2011\/07\/Angola-15v.png 530w, https:\/\/yhelteljel.ee\/wp-content\/uploads\/2011\/07\/Angola-15v-300x62.png 300w\" sizes=\"auto, (max-width: 530px) 100vw, 530px\" \/><\/a><\/p>\n<p><a href=\"http:\/\/yhelteljel.ee\/wp-content\/uploads\/2011\/07\/Angola-18s.jpg\" target=\"_blank\"><img loading=\"lazy\" decoding=\"async\" class=\"alignnone size-full wp-image-13275\" title=\"Panoraam Luanda Ilhal't - vasakul hiinlased (v\u00e4ga palju on neid siin seoses teedeehituse ja muu \u00e4riga) paremal kohalikud\" src=\"http:\/\/yhelteljel.ee\/wp-content\/uploads\/2011\/07\/Angola-18v.jpg\" alt=\"\" width=\"530\" height=\"89\" srcset=\"https:\/\/yhelteljel.ee\/wp-content\/uploads\/2011\/07\/Angola-18v.jpg 530w, https:\/\/yhelteljel.ee\/wp-content\/uploads\/2011\/07\/Angola-18v-300x50.jpg 300w\" sizes=\"auto, (max-width: 530px) 100vw, 530px\" \/><\/a><\/p>\n<p><a href=\"http:\/\/yhelteljel.ee\/wp-content\/uploads\/2011\/07\/SDIM5042_s.jpg\" target=\"_blank\"><img loading=\"lazy\" decoding=\"async\" title=\"Meie telkimine jahtklubis\" src=\"http:\/\/yhelteljel.ee\/wp-content\/uploads\/2011\/07\/SDIM5042_v.jpg\" alt=\"\" width=\"530\" height=\"323\" \/><\/a><\/p>\n<p><a href=\"http:\/\/yhelteljel.ee\/wp-content\/uploads\/2011\/07\/SDIM5183_s.jpg\" target=\"_blank\"><img loading=\"lazy\" decoding=\"async\" title=\"P\u00e4ris Luanda - see t\u00f5eline Aafrika (vt pr\u00fcgi)\" src=\"http:\/\/yhelteljel.ee\/wp-content\/uploads\/2011\/07\/SDIM5183_v.jpg\" alt=\"\" width=\"530\" height=\"309\" \/><\/a><\/p>\n<p><a href=\"http:\/\/yhelteljel.ee\/wp-content\/uploads\/2011\/07\/SDIM5032_s.jpg\" target=\"_blank\"><img loading=\"lazy\" decoding=\"async\" class=\"alignnone size-full wp-image-13278\" title=\"Luanda rannalt\" src=\"http:\/\/yhelteljel.ee\/wp-content\/uploads\/2011\/07\/SDIM5032_v.jpg\" alt=\"\" width=\"530\" height=\"318\" srcset=\"https:\/\/yhelteljel.ee\/wp-content\/uploads\/2011\/07\/SDIM5032_v.jpg 530w, https:\/\/yhelteljel.ee\/wp-content\/uploads\/2011\/07\/SDIM5032_v-300x180.jpg 300w\" sizes=\"auto, (max-width: 530px) 100vw, 530px\" \/><\/a><\/p>\n<p>Vrakkide laht v\u00f5ib k\u00fcll k\u00f5lada romantiliselt, et tegelikkuses ei ole sealsest enam kui viiek\u00fcmnest laevavrakist vist \u00fckski &#8220;hukkunud&#8221; reaalselt karile s\u00f5ites, vaid on k\u00f5ik sinna veetud ja lagunema j\u00e4etud &#8211; kuna vanametallik\u00e4tilust kui sellist ei ole Angolas veel j\u00f5utud arendada, siis see on kui omamoodi laevade kalmistu. Sellele vaatamata on see huvitav vaatepilt, ning seda merelt n\u00e4ha on muidugi hoopis teine tera, v\u00f5iks \u00f6elda, et lausa ulmeline nii suurel hulgal vrakke roostetamas n\u00e4ha &#8211; neid vastu peegeldavat ookeanipinda vaadates tekib kui ajamasinas oleku tunne &#8211; kuidas need kohati lausa gigantse suurusega laevad kunagi valmis, sisse \u00f5nnistatud, hiilgeaja s\u00e4ranud, vanaduse allak\u00e4iguea l\u00e4bitud said ja n\u00fc\u00fcd oma keha merre molekulideks \u00e4ra roostetavad, sealjuures on lained kohati nii suured, et l\u00f6\u00f6vad ka k\u00f5ige suurematel laevadel \u00fcle kogu teki. See vrakkide laht Luanda all on justkui budistlik m\u00f5ttesf\u00e4\u00e4r ise, mida oma silma, nina ja k\u00e4ega saab tajuda &#8211; k\u00f5ik siin maailmas on ajutine.<\/p>\n<p><a href=\"http:\/\/yhelteljel.ee\/wp-content\/uploads\/2011\/07\/SDIM5160_s.jpg\" target=\"_blank\"><img loading=\"lazy\" decoding=\"async\" title=\"Kajakad suduse Atlandi kohal lendlemas - taamal paistmas Luanda \u00e4\u00e4relinn\" src=\"http:\/\/yhelteljel.ee\/wp-content\/uploads\/2011\/07\/SDIM5160_v.jpg\" alt=\"\" width=\"530\" height=\"353\" \/><\/a><\/p>\n<p><a href=\"http:\/\/yhelteljel.ee\/wp-content\/uploads\/2011\/07\/SDIM5056_s.jpg\" target=\"_blank\"><img loading=\"lazy\" decoding=\"async\" class=\"alignnone size-full wp-image-13286\" title=\"Slaalomiga kaubalaevade vahelt Luandast lahkumas\" src=\"http:\/\/yhelteljel.ee\/wp-content\/uploads\/2011\/07\/SDIM5056_v.jpg\" alt=\"\" width=\"530\" height=\"795\" srcset=\"https:\/\/yhelteljel.ee\/wp-content\/uploads\/2011\/07\/SDIM5056_v.jpg 530w, https:\/\/yhelteljel.ee\/wp-content\/uploads\/2011\/07\/SDIM5056_v-200x300.jpg 200w\" sizes=\"auto, (max-width: 530px) 100vw, 530px\" \/><\/a><\/p>\n<p><a href=\"http:\/\/yhelteljel.ee\/wp-content\/uploads\/2011\/07\/SDIM5063_s.jpg\" target=\"_blank\"><img loading=\"lazy\" decoding=\"async\" class=\"alignnone size-full wp-image-13290\" title=\"Roostetavad vrakid oma l\u00f5ppu ootamas...\" src=\"http:\/\/yhelteljel.ee\/wp-content\/uploads\/2011\/07\/SDIM5063_v.jpg\" alt=\"\" width=\"530\" height=\"311\" srcset=\"https:\/\/yhelteljel.ee\/wp-content\/uploads\/2011\/07\/SDIM5063_v.jpg 530w, https:\/\/yhelteljel.ee\/wp-content\/uploads\/2011\/07\/SDIM5063_v-300x176.jpg 300w\" sizes=\"auto, (max-width: 530px) 100vw, 530px\" \/><\/a><\/p>\n<p><a href=\"http:\/\/yhelteljel.ee\/wp-content\/uploads\/2011\/07\/SDIM5075_s.jpg\" target=\"_blank\"><img loading=\"lazy\" decoding=\"async\" class=\"alignnone size-full wp-image-13292\" title=\"\u00dcks korralikum laev maha j\u00e4etud\" src=\"http:\/\/yhelteljel.ee\/wp-content\/uploads\/2011\/07\/SDIM5075_v.jpg\" alt=\"\" width=\"530\" height=\"353\" srcset=\"https:\/\/yhelteljel.ee\/wp-content\/uploads\/2011\/07\/SDIM5075_v.jpg 530w, https:\/\/yhelteljel.ee\/wp-content\/uploads\/2011\/07\/SDIM5075_v-300x199.jpg 300w\" sizes=\"auto, (max-width: 530px) 100vw, 530px\" \/><\/a><\/p>\n<p><a href=\"http:\/\/yhelteljel.ee\/wp-content\/uploads\/2011\/07\/SDIM5100_s.jpg\" target=\"_blank\"><img loading=\"lazy\" decoding=\"async\" title=\"Laine \u00fcle vraki l\u00f6\u00f6mas\" src=\"http:\/\/yhelteljel.ee\/wp-content\/uploads\/2011\/07\/SDIM5100_v.jpg\" alt=\"\" width=\"530\" height=\"395\" \/><\/a><\/p>\n<p><a href=\"http:\/\/yhelteljel.ee\/wp-content\/uploads\/2011\/07\/SDIM5081_s.jpg\" target=\"_blank\"><img loading=\"lazy\" decoding=\"async\" class=\"alignnone size-full wp-image-13294\" title=\"N'Gola nimeline suur vrakk\" src=\"http:\/\/yhelteljel.ee\/wp-content\/uploads\/2011\/07\/SDIM5081_v.jpg\" alt=\"\" width=\"530\" height=\"340\" srcset=\"https:\/\/yhelteljel.ee\/wp-content\/uploads\/2011\/07\/SDIM5081_v.jpg 530w, https:\/\/yhelteljel.ee\/wp-content\/uploads\/2011\/07\/SDIM5081_v-300x192.jpg 300w\" sizes=\"auto, (max-width: 530px) 100vw, 530px\" \/><\/a><\/p>\n<p><a href=\"http:\/\/yhelteljel.ee\/wp-content\/uploads\/2011\/07\/SDIM5090_s.jpg\" target=\"_blank\"><img loading=\"lazy\" decoding=\"async\" class=\"alignnone size-full wp-image-13296\" title=\"N'Gola\" src=\"http:\/\/yhelteljel.ee\/wp-content\/uploads\/2011\/07\/SDIM5090_v.jpg\" alt=\"\" width=\"530\" height=\"353\" srcset=\"https:\/\/yhelteljel.ee\/wp-content\/uploads\/2011\/07\/SDIM5090_v.jpg 530w, https:\/\/yhelteljel.ee\/wp-content\/uploads\/2011\/07\/SDIM5090_v-300x199.jpg 300w\" sizes=\"auto, (max-width: 530px) 100vw, 530px\" \/><\/a><\/p>\n<p><a href=\"http:\/\/yhelteljel.ee\/wp-content\/uploads\/2011\/07\/SDIM5096_s.jpg\" target=\"_blank\"><img loading=\"lazy\" decoding=\"async\" class=\"alignnone size-full wp-image-13298\" title=\"L\u00e4biroostetanud kerega tohutusuur kaubalaev v\u00f5i kaubavrakk?\" src=\"http:\/\/yhelteljel.ee\/wp-content\/uploads\/2011\/07\/SDIM5096_v.jpg\" alt=\"\" width=\"530\" height=\"353\" srcset=\"https:\/\/yhelteljel.ee\/wp-content\/uploads\/2011\/07\/SDIM5096_v.jpg 530w, https:\/\/yhelteljel.ee\/wp-content\/uploads\/2011\/07\/SDIM5096_v-300x199.jpg 300w\" sizes=\"auto, (max-width: 530px) 100vw, 530px\" \/><\/a><\/p>\n<p><a href=\"http:\/\/yhelteljel.ee\/wp-content\/uploads\/2011\/07\/SDIM5109_s.jpg\" target=\"_blank\"><img loading=\"lazy\" decoding=\"async\" class=\"alignnone size-full wp-image-13302\" title=\"V\u00f5imas laine \u00fcle tohutusuure vraki l\u00f6\u00f6mas\" src=\"http:\/\/yhelteljel.ee\/wp-content\/uploads\/2011\/07\/SDIM5109_v.jpg\" alt=\"\" width=\"530\" height=\"270\" srcset=\"https:\/\/yhelteljel.ee\/wp-content\/uploads\/2011\/07\/SDIM5109_v.jpg 530w, https:\/\/yhelteljel.ee\/wp-content\/uploads\/2011\/07\/SDIM5109_v-300x152.jpg 300w\" sizes=\"auto, (max-width: 530px) 100vw, 530px\" \/><\/a><\/p>\n<p><a href=\"http:\/\/yhelteljel.ee\/wp-content\/uploads\/2011\/07\/SDIM5113_s.jpg\" target=\"_blank\"><img loading=\"lazy\" decoding=\"async\" class=\"alignnone size-full wp-image-13304\" title=\"Koos surmale m\u00e4\u00e4ratud\" src=\"http:\/\/yhelteljel.ee\/wp-content\/uploads\/2011\/07\/SDIM5113_v.jpg\" alt=\"\" width=\"530\" height=\"350\" srcset=\"https:\/\/yhelteljel.ee\/wp-content\/uploads\/2011\/07\/SDIM5113_v.jpg 530w, https:\/\/yhelteljel.ee\/wp-content\/uploads\/2011\/07\/SDIM5113_v-300x198.jpg 300w\" sizes=\"auto, (max-width: 530px) 100vw, 530px\" \/><\/a><\/p>\n<p><a href=\"http:\/\/yhelteljel.ee\/wp-content\/uploads\/2011\/07\/SDIM5114_s.jpg\" target=\"_blank\"><img loading=\"lazy\" decoding=\"async\" class=\"alignnone size-full wp-image-13306\" title=\"P\u00f5hjavajunud puksiir\" src=\"http:\/\/yhelteljel.ee\/wp-content\/uploads\/2011\/07\/SDIM5114_v.jpg\" alt=\"\" width=\"530\" height=\"345\" srcset=\"https:\/\/yhelteljel.ee\/wp-content\/uploads\/2011\/07\/SDIM5114_v.jpg 530w, https:\/\/yhelteljel.ee\/wp-content\/uploads\/2011\/07\/SDIM5114_v-300x195.jpg 300w\" sizes=\"auto, (max-width: 530px) 100vw, 530px\" \/><\/a><\/p>\n<p><a href=\"http:\/\/yhelteljel.ee\/wp-content\/uploads\/2011\/07\/SDIM5128_s.jpg\" target=\"_blank\"><img loading=\"lazy\" decoding=\"async\" class=\"alignnone size-full wp-image-13308\" title=\"Pooleks murdumas... - k\u00f5rval p\u00f5genevalt lendamas vist \u00fched suurimad linnud mida eales n\u00e4inud olin\" src=\"http:\/\/yhelteljel.ee\/wp-content\/uploads\/2011\/07\/SDIM5128_v.jpg\" alt=\"\" width=\"530\" height=\"353\" srcset=\"https:\/\/yhelteljel.ee\/wp-content\/uploads\/2011\/07\/SDIM5128_v.jpg 530w, https:\/\/yhelteljel.ee\/wp-content\/uploads\/2011\/07\/SDIM5128_v-300x199.jpg 300w\" sizes=\"auto, (max-width: 530px) 100vw, 530px\" \/><\/a><\/p>\n<p><a href=\"http:\/\/yhelteljel.ee\/wp-content\/uploads\/2011\/07\/SDIM5130_s.jpg\" target=\"_blank\"><img loading=\"lazy\" decoding=\"async\" class=\"alignnone size-full wp-image-13310\" title=\"Roostetav vrakk\" src=\"http:\/\/yhelteljel.ee\/wp-content\/uploads\/2011\/07\/SDIM5130_v.jpg\" alt=\"\" width=\"530\" height=\"353\" srcset=\"https:\/\/yhelteljel.ee\/wp-content\/uploads\/2011\/07\/SDIM5130_v.jpg 530w, https:\/\/yhelteljel.ee\/wp-content\/uploads\/2011\/07\/SDIM5130_v-300x199.jpg 300w\" sizes=\"auto, (max-width: 530px) 100vw, 530px\" \/><\/a><\/p>\n<p><a href=\"http:\/\/yhelteljel.ee\/wp-content\/uploads\/2011\/07\/SDIM5136_s.jpg\" target=\"_blank\"><img loading=\"lazy\" decoding=\"async\" class=\"alignnone size-full wp-image-13312\" title=\"Tormiga pooleldi kuivale l\u00fckatud endine kaubamonstrum\" src=\"http:\/\/yhelteljel.ee\/wp-content\/uploads\/2011\/07\/SDIM5136_v.jpg\" alt=\"\" width=\"530\" height=\"328\" srcset=\"https:\/\/yhelteljel.ee\/wp-content\/uploads\/2011\/07\/SDIM5136_v.jpg 530w, https:\/\/yhelteljel.ee\/wp-content\/uploads\/2011\/07\/SDIM5136_v-300x185.jpg 300w\" sizes=\"auto, (max-width: 530px) 100vw, 530px\" \/><\/a><\/p>\n<p><a href=\"http:\/\/yhelteljel.ee\/wp-content\/uploads\/2011\/07\/Angola-16s.jpg\" target=\"_blank\"><img loading=\"lazy\" decoding=\"async\" class=\"alignnone size-full wp-image-13270\" title=\"Panoraam vrakkide lahest - k\u00f5ik vasakult paremale on mahaj\u00e4etud suured laevavrakid ja lahe nurga taha j\u00e4i neid veel umbes samapalju. Terves lahes lugesime kokku 56 (!!!) vrakki\" src=\"http:\/\/yhelteljel.ee\/wp-content\/uploads\/2011\/07\/Angola-16v.png\" alt=\"\" width=\"530\" height=\"109\" srcset=\"https:\/\/yhelteljel.ee\/wp-content\/uploads\/2011\/07\/Angola-16v.png 530w, https:\/\/yhelteljel.ee\/wp-content\/uploads\/2011\/07\/Angola-16v-300x61.png 300w\" sizes=\"auto, (max-width: 530px) 100vw, 530px\" \/><\/a><\/p>\n<p><a href=\"http:\/\/yhelteljel.ee\/wp-content\/uploads\/2011\/07\/SDIM5161_s.jpg\" target=\"_blank\"><img loading=\"lazy\" decoding=\"async\" class=\"alignnone size-full wp-image-13318\" title=\"Kajakad vrakilt p\u00f5genemas\" src=\"http:\/\/yhelteljel.ee\/wp-content\/uploads\/2011\/07\/SDIM5161_v.jpg\" alt=\"\" width=\"530\" height=\"292\" srcset=\"https:\/\/yhelteljel.ee\/wp-content\/uploads\/2011\/07\/SDIM5161_v.jpg 530w, https:\/\/yhelteljel.ee\/wp-content\/uploads\/2011\/07\/SDIM5161_v-300x165.jpg 300w\" sizes=\"auto, (max-width: 530px) 100vw, 530px\" \/><\/a><\/p>\n<p><a href=\"http:\/\/yhelteljel.ee\/wp-content\/uploads\/2011\/07\/SDIM5164_s.jpg\" target=\"_blank\"><img loading=\"lazy\" decoding=\"async\" class=\"alignnone size-full wp-image-13320\" title=\"Kaks t\u00e4ielikult kreenis vrakki Luanda all\" src=\"http:\/\/yhelteljel.ee\/wp-content\/uploads\/2011\/07\/SDIM5164_v.jpg\" alt=\"\" width=\"530\" height=\"281\" srcset=\"https:\/\/yhelteljel.ee\/wp-content\/uploads\/2011\/07\/SDIM5164_v.jpg 530w, https:\/\/yhelteljel.ee\/wp-content\/uploads\/2011\/07\/SDIM5164_v-300x159.jpg 300w\" sizes=\"auto, (max-width: 530px) 100vw, 530px\" \/><\/a><\/p>\n<p><a href=\"http:\/\/yhelteljel.ee\/wp-content\/uploads\/2011\/07\/Angola-17s.jpg\" target=\"_blank\"><img loading=\"lazy\" decoding=\"async\" title=\"Lilioga tagasi Luanda poole, stabiilse 30 s\u00f5lmega m\u00f6\u00f6da Atlandi veepinda\" src=\"http:\/\/yhelteljel.ee\/wp-content\/uploads\/2011\/07\/Angola-17v.jpg\" alt=\"\" width=\"530\" height=\"465\" \/><\/a><\/p>\n<p><a href=\"http:\/\/yhelteljel.ee\/wp-content\/uploads\/2011\/07\/SDIM5176_s.jpg\" target=\"_blank\"><img loading=\"lazy\" decoding=\"async\" class=\"alignnone size-full wp-image-13322\" title=\"Ujuv kuivdokk Luanda all\" src=\"http:\/\/yhelteljel.ee\/wp-content\/uploads\/2011\/07\/SDIM5176_v.jpg\" alt=\"\" width=\"530\" height=\"316\" srcset=\"https:\/\/yhelteljel.ee\/wp-content\/uploads\/2011\/07\/SDIM5176_v.jpg 530w, https:\/\/yhelteljel.ee\/wp-content\/uploads\/2011\/07\/SDIM5176_v-300x178.jpg 300w\" sizes=\"auto, (max-width: 530px) 100vw, 530px\" \/><\/a><\/p>\n<p><a href=\"http:\/\/yhelteljel.ee\/wp-content\/uploads\/2011\/07\/SDIM5178_s.jpg\" target=\"_blank\"><img loading=\"lazy\" decoding=\"async\" class=\"alignnone size-full wp-image-13324\" title=\"Hiinlastel on oma ujuv sadam Luandas - ei pea angolalastele nii palju sadamamaksu maksma\" src=\"http:\/\/yhelteljel.ee\/wp-content\/uploads\/2011\/07\/SDIM5178_v.jpg\" alt=\"\" width=\"530\" height=\"353\" srcset=\"https:\/\/yhelteljel.ee\/wp-content\/uploads\/2011\/07\/SDIM5178_v.jpg 530w, https:\/\/yhelteljel.ee\/wp-content\/uploads\/2011\/07\/SDIM5178_v-300x199.jpg 300w\" sizes=\"auto, (max-width: 530px) 100vw, 530px\" \/><\/a><\/p>\n<p><a href=\"http:\/\/yhelteljel.ee\/wp-content\/uploads\/2011\/07\/SDIM5181_s.jpg\" target=\"_blank\"><img loading=\"lazy\" decoding=\"async\" class=\"alignnone size-full wp-image-13326\" title=\"T\u00f6\u00f6korras kalalaevad Luandas - seisavad reas, sest massiline kalap\u00fc\u00fck on hetkel keelatud\" src=\"http:\/\/yhelteljel.ee\/wp-content\/uploads\/2011\/07\/SDIM5181_v.jpg\" alt=\"\" width=\"530\" height=\"149\" srcset=\"https:\/\/yhelteljel.ee\/wp-content\/uploads\/2011\/07\/SDIM5181_v.jpg 530w, https:\/\/yhelteljel.ee\/wp-content\/uploads\/2011\/07\/SDIM5181_v-300x84.jpg 300w\" sizes=\"auto, (max-width: 530px) 100vw, 530px\" \/><\/a><\/p>\n<p>P\u00e4rast hommikust &#8220;paadis\u00f5itu&#8221; kutsus Lilio meid oma koju, kus tema naine oli valmistanud hulga kohalikke h\u00f5rgutisi, sealhulgas imemaitsvad krabid. Nende s\u00f6\u00f6mine on k\u00fcll omaette kunst, kuidas liha k\u00f5va kesta seest k\u00e4tte saada, kuid imemaitsvad, t\u00f5esti.<\/p>\n<p><a href=\"http:\/\/yhelteljel.ee\/wp-content\/uploads\/2011\/07\/SDIM5185_s.jpg\" target=\"_blank\"><img loading=\"lazy\" decoding=\"async\" class=\"alignnone size-full wp-image-13330\" title=\"Bacalhau\" src=\"http:\/\/yhelteljel.ee\/wp-content\/uploads\/2011\/07\/SDIM5185_v.jpg\" alt=\"\" width=\"530\" height=\"353\" srcset=\"https:\/\/yhelteljel.ee\/wp-content\/uploads\/2011\/07\/SDIM5185_v.jpg 530w, https:\/\/yhelteljel.ee\/wp-content\/uploads\/2011\/07\/SDIM5185_v-300x199.jpg 300w\" sizes=\"auto, (max-width: 530px) 100vw, 530px\" \/><\/a><\/p>\n<p><a href=\"http:\/\/yhelteljel.ee\/wp-content\/uploads\/2011\/07\/SDIM5186_s.jpg\" target=\"_blank\"><img loading=\"lazy\" decoding=\"async\" class=\"alignnone size-full wp-image-13332\" title=\"Krabid\" src=\"http:\/\/yhelteljel.ee\/wp-content\/uploads\/2011\/07\/SDIM5186_v.jpg\" alt=\"\" width=\"530\" height=\"353\" srcset=\"https:\/\/yhelteljel.ee\/wp-content\/uploads\/2011\/07\/SDIM5186_v.jpg 530w, https:\/\/yhelteljel.ee\/wp-content\/uploads\/2011\/07\/SDIM5186_v-300x199.jpg 300w\" sizes=\"auto, (max-width: 530px) 100vw, 530px\" \/><\/a><\/p>\n<p><a href=\"http:\/\/yhelteljel.ee\/wp-content\/uploads\/2011\/07\/SDIM5188_s.jpg\" target=\"_blank\"><img loading=\"lazy\" decoding=\"async\" class=\"alignnone size-full wp-image-13334\" title=\"Lilio ja tema naisega Luandas\" src=\"http:\/\/yhelteljel.ee\/wp-content\/uploads\/2011\/07\/SDIM5188_v.jpg\" alt=\"\" width=\"530\" height=\"333\" srcset=\"https:\/\/yhelteljel.ee\/wp-content\/uploads\/2011\/07\/SDIM5188_v.jpg 530w, https:\/\/yhelteljel.ee\/wp-content\/uploads\/2011\/07\/SDIM5188_v-300x188.jpg 300w\" sizes=\"auto, (max-width: 530px) 100vw, 530px\" \/><\/a><\/p>\n<p>S\u00f6\u00f6mine kestis mitu head tundi, nii et kui me l\u00f5puks lauast t\u00f5usime, et Lilio tungival n\u00f5udmisel &#8220;peole&#8221; minna (&#8220;sest on n\u00e4dalavahetus&#8221;), oli p\u00e4ike juba loojumas. S\u00e4\u00e4raste p\u00e4ikeseloojangutega ei ole \u00f5nnistatud mitte igat linna, ning vaadates punast p\u00e4ikest lahe kohal loojumas, uusi uhkeid hooneid ehitavad kraanad siin-seal vaadet l\u00f5hestamas, ei saanud m\u00f5elda muud, kui et see linn t\u00f5useb veel f\u00f6\u00f6niksina tuhast, taastab oma endise grandioossuse. Raha pannakse sellesse igatahes korralikult &#8211; linna kaugemasse serva on valguskiirusel kerkimas magalarajoon, kuhu on plaanis praegused agulielanikud \u00fcmber asustada, et linnapilt muutuks puhtamaks ja ilusamaks, ning linnast v\u00e4ljas kasvavad spetsiaalselt Miamist toodud palmid, millega on kavas Luanda haljastada. Tulevane Rio de Janeiro, \u00fctleks.<\/p>\n<p><a href=\"http:\/\/yhelteljel.ee\/wp-content\/uploads\/2011\/07\/SDIM5044_s.jpg\" target=\"_blank\"><img loading=\"lazy\" decoding=\"async\" title=\"P\u00e4ikeseloojang Luandas\" src=\"http:\/\/yhelteljel.ee\/wp-content\/uploads\/2011\/07\/SDIM5044_v.jpg\" alt=\"\" width=\"530\" height=\"770\" \/><\/a><\/p>\n<p>Luandas sai niisiis klubis \u00e4ra k\u00e4idud. V\u00f5i \u00f5igemini keldripeol. Olime seal ainsad kaks kahvan\u00e4gu, nii et see oli omaette elamus &#8211; tumedalt s\u00e4hvivad diskotuled ja muusika rekordeid l\u00f6\u00f6valt vali, nii et riided konkreetselt v\u00e4risesid seljas ja tuli toppida tropid k\u00f5rvadesse, et aru saada, mis muusikat  nendest lineaarm\u00f5\u00f5tmetelt inimesest kaks korda k\u00f5rgematest k\u00f5laritest \u00fcldse m\u00e4ngiti. Mis muud kui tiksusime Aafrika r\u00fctmides, ajasime karjudes juttu auru all olevate kohalike nolkidega teemal &#8220;Brasiilia&#8221;, sest nemad sinna pea iga suvi l\u00f5butsema reisivad (Angolal ja Brasiilial on lisaks \u00fchisele keelele ja minevikule ka niisama tihedad suhted), libistasime pudeli v\u00f5i kaks maitsvat kohalikku Cuca \u00f5lut ja meie \u00fcmber toimuvat nooruslikku melu vaadates ei tundunudki Aafrika elu \u00fcldse nii halb\u2026<\/p>\n","protected":false},"excerpt":{"rendered":"<p>Pealinn Luanda on mineviku kosmopoliitne linn.<\/p>\n","protected":false},"author":3,"featured_media":0,"comment_status":"open","ping_status":"open","sticky":false,"template":"","format":"standard","meta":{"_monsterinsights_skip_tracking":false,"_monsterinsights_sitenote_active":false,"_monsterinsights_sitenote_note":"","_monsterinsights_sitenote_category":0,"footnotes":""},"categories":[427],"tags":[1144,128,123],"class_list":["post-13264","post","type-post","status-publish","format-standard","hentry","category-aafrika","tag-angola","tag-linnad","tag-sook-ja-jook"],"_links":{"self":[{"href":"https:\/\/yhelteljel.ee\/index.php?rest_route=\/wp\/v2\/posts\/13264","targetHints":{"allow":["GET"]}}],"collection":[{"href":"https:\/\/yhelteljel.ee\/index.php?rest_route=\/wp\/v2\/posts"}],"about":[{"href":"https:\/\/yhelteljel.ee\/index.php?rest_route=\/wp\/v2\/types\/post"}],"author":[{"embeddable":true,"href":"https:\/\/yhelteljel.ee\/index.php?rest_route=\/wp\/v2\/users\/3"}],"replies":[{"embeddable":true,"href":"https:\/\/yhelteljel.ee\/index.php?rest_route=%2Fwp%2Fv2%2Fcomments&post=13264"}],"version-history":[{"count":13,"href":"https:\/\/yhelteljel.ee\/index.php?rest_route=\/wp\/v2\/posts\/13264\/revisions"}],"predecessor-version":[{"id":13450,"href":"https:\/\/yhelteljel.ee\/index.php?rest_route=\/wp\/v2\/posts\/13264\/revisions\/13450"}],"wp:attachment":[{"href":"https:\/\/yhelteljel.ee\/index.php?rest_route=%2Fwp%2Fv2%2Fmedia&parent=13264"}],"wp:term":[{"taxonomy":"category","embeddable":true,"href":"https:\/\/yhelteljel.ee\/index.php?rest_route=%2Fwp%2Fv2%2Fcategories&post=13264"},{"taxonomy":"post_tag","embeddable":true,"href":"https:\/\/yhelteljel.ee\/index.php?rest_route=%2Fwp%2Fv2%2Ftags&post=13264"}],"curies":[{"name":"wp","href":"https:\/\/api.w.org\/{rel}","templated":true}]}}