{"id":12491,"date":"2011-05-12T07:00:00","date_gmt":"2011-05-12T05:00:00","guid":{"rendered":"http:\/\/yhelteljel.ee\/?p=12491"},"modified":"2011-05-11T17:14:44","modified_gmt":"2011-05-11T15:14:44","slug":"ots-ringi","status":"publish","type":"post","link":"https:\/\/yhelteljel.ee\/?p=12491","title":{"rendered":"Ots ringi"},"content":{"rendered":"<p><a href=\"http:\/\/yhelteljel.ee\/wp-content\/uploads\/2011\/05\/SDIM3743_s.jpg\" target=\"_blank\"><img loading=\"lazy\" decoding=\"async\" title=\"Cape Agulhase majaka all - Aafrika mandri l\u00f5unapoolseim tipp on siit reaalselt kiviviske kaugusel\" src=\"http:\/\/yhelteljel.ee\/wp-content\/uploads\/2011\/05\/SDIM3743_v.jpg\" alt=\"\" width=\"530\" height=\"808\" \/><\/a><\/p>\n<p>L\u00f5unarannikul on juba teistmoodi aura. Kuidagi rahulikum, l\u00f5\u00f5gastunum. Kaplinnale l\u00e4henedes muutub mere \u00e4\u00e4rde istutatud aedlinnade \u00fcldmulje k\u00fcll eksklusiivsemaks, ehk isegi veidi upsakaks, kuid loodus ise on pigem vaoshoituma v\u00e4ljendusega.<\/p>\n<p><!--more--><\/p>\n<p><a href=\"http:\/\/yhelteljel.ee\/wp-content\/uploads\/2011\/05\/SDIM3693_s.jpg\" target=\"_blank\"><img loading=\"lazy\" decoding=\"async\" title=\"Ookeani\u00e4\u00e4rne k\u00fcla L\u00f5una-Aarrikas\" src=\"http:\/\/yhelteljel.ee\/wp-content\/uploads\/2011\/05\/SDIM3693_v.jpg\" alt=\"\" width=\"530\" height=\"353\" \/><\/a><\/p>\n<p><a href=\"http:\/\/yhelteljel.ee\/wp-content\/uploads\/2011\/05\/LAV-9s.jpg\" target=\"_blank\"><img loading=\"lazy\" decoding=\"async\" title=\"Mingi 19. sajandi l\u00f5pu aegse majaka all L\u00f5una-Aafrika l\u00f5unarannikul\" src=\"http:\/\/yhelteljel.ee\/wp-content\/uploads\/2011\/05\/LAV-9v.jpg\" alt=\"\" width=\"530\" height=\"988\" \/><\/a><\/p>\n<p><a href=\"http:\/\/yhelteljel.ee\/wp-content\/uploads\/2011\/05\/SDIM3669_s.jpg\" target=\"_blank\"><img loading=\"lazy\" decoding=\"async\" class=\"alignnone size-full wp-image-12504\" title=\"India ookeani \u00e4\u00e4rse n\u00e4gu majaka juurest n\u00e4htuna\" src=\"http:\/\/yhelteljel.ee\/wp-content\/uploads\/2011\/05\/SDIM3669_v.jpg\" alt=\"\" width=\"530\" height=\"241\" srcset=\"https:\/\/yhelteljel.ee\/wp-content\/uploads\/2011\/05\/SDIM3669_v.jpg 530w, https:\/\/yhelteljel.ee\/wp-content\/uploads\/2011\/05\/SDIM3669_v-300x136.jpg 300w\" sizes=\"auto, (max-width: 530px) 100vw, 530px\" \/><\/a><\/p>\n<p>K\u00fclmades toonides vesi vastu halli kaljut peksmas, rohelised, justkui muinasjutulised m\u00e4ed maast t\u00f5usmas, taevas nii avar kui v\u00f5imalik &#8211; tuleb \u00f6elda, et kogu seda ilu ning v\u00f5imsust peab olema \u00fcsna raske vaos hoida. Kuid siiki &#8211; seisad mererannal, lained jalge ees vahutamas ning tuul juukseid peast rebimas, ent ometi ei teki l\u00e4mbumise tunnet. Ta ei \u00fcrita sind edevusest endasse haarata, vaid laseb sul endal otsustada, mis sa sellest k\u00f5igest arvad.<\/p>\n<p><a href=\"http:\/\/yhelteljel.ee\/wp-content\/uploads\/2011\/05\/LAV-14s.jpg\" target=\"_blank\"><img loading=\"lazy\" decoding=\"async\" title=\"Kaplinn ongi kuskil seal taga\" src=\"http:\/\/yhelteljel.ee\/wp-content\/uploads\/2011\/05\/LAV-14v.png\" alt=\"\" width=\"530\" height=\"277\" \/><\/a><\/p>\n<p><a href=\"http:\/\/yhelteljel.ee\/wp-content\/uploads\/2011\/05\/LAV-16s.jpg\" target=\"_blank\"><img loading=\"lazy\" decoding=\"async\" title=\"Panoraam False Bayst\" src=\"http:\/\/yhelteljel.ee\/wp-content\/uploads\/2011\/05\/LAV-16v.jpg\" alt=\"\" width=\"530\" height=\"135\" \/><\/a><\/p>\n<p><a href=\"http:\/\/yhelteljel.ee\/wp-content\/uploads\/2011\/05\/LAV-12s.jpg\" target=\"_blank\"><img loading=\"lazy\" decoding=\"async\" class=\"alignnone size-full wp-image-12499\" title=\"Uhke k\u00fclakirik teel Kaplinna\" src=\"http:\/\/yhelteljel.ee\/wp-content\/uploads\/2011\/05\/LAV-12v.jpg\" alt=\"\" width=\"530\" height=\"520\" srcset=\"https:\/\/yhelteljel.ee\/wp-content\/uploads\/2011\/05\/LAV-12v.jpg 530w, https:\/\/yhelteljel.ee\/wp-content\/uploads\/2011\/05\/LAV-12v-300x294.jpg 300w\" sizes=\"auto, (max-width: 530px) 100vw, 530px\" \/><\/a><\/p>\n<p><a href=\"http:\/\/yhelteljel.ee\/wp-content\/uploads\/2011\/05\/SDIM3674_s.jpg\" target=\"_blank\"><img loading=\"lazy\" decoding=\"async\" class=\"alignnone size-full wp-image-12507\" title=\"Lainetus Tsitsikamma rahvuspargis\" src=\"http:\/\/yhelteljel.ee\/wp-content\/uploads\/2011\/05\/SDIM3674_v.jpg\" alt=\"\" width=\"530\" height=\"347\" srcset=\"https:\/\/yhelteljel.ee\/wp-content\/uploads\/2011\/05\/SDIM3674_v.jpg 530w, https:\/\/yhelteljel.ee\/wp-content\/uploads\/2011\/05\/SDIM3674_v-300x196.jpg 300w\" sizes=\"auto, (max-width: 530px) 100vw, 530px\" \/><\/a><\/p>\n<p>Sama koht helis:<\/p>\n[audio:Tsitsikamma_ohtune_India_ookean.mp3|titles=\u00d5htune India ookean Tsitsikammas]\n<p><a href=\"http:\/\/yhelteljel.ee\/wp-content\/uploads\/2011\/05\/SDIM3684_s.jpg\" target=\"_blank\"><img loading=\"lazy\" decoding=\"async\" class=\"alignnone size-full wp-image-12509\" title=\"Seisev vesi Tsitsikammas\" src=\"http:\/\/yhelteljel.ee\/wp-content\/uploads\/2011\/05\/SDIM3684_v.jpg\" alt=\"\" width=\"530\" height=\"353\" srcset=\"https:\/\/yhelteljel.ee\/wp-content\/uploads\/2011\/05\/SDIM3684_v.jpg 530w, https:\/\/yhelteljel.ee\/wp-content\/uploads\/2011\/05\/SDIM3684_v-300x199.jpg 300w\" sizes=\"auto, (max-width: 530px) 100vw, 530px\" \/><\/a><\/p>\n<p><a href=\"http:\/\/yhelteljel.ee\/wp-content\/uploads\/2011\/05\/SDIM3746_s.jpg\" target=\"_blank\"><img loading=\"lazy\" decoding=\"async\" class=\"alignnone size-full wp-image-12529\" title=\"Laudtee randa\" src=\"http:\/\/yhelteljel.ee\/wp-content\/uploads\/2011\/05\/SDIM3746_v.jpg\" alt=\"\" width=\"530\" height=\"348\" srcset=\"https:\/\/yhelteljel.ee\/wp-content\/uploads\/2011\/05\/SDIM3746_v.jpg 530w, https:\/\/yhelteljel.ee\/wp-content\/uploads\/2011\/05\/SDIM3746_v-300x196.jpg 300w\" sizes=\"auto, (max-width: 530px) 100vw, 530px\" \/><\/a><\/p>\n<p><a href=\"http:\/\/yhelteljel.ee\/wp-content\/uploads\/2011\/05\/SDIM3759_s.jpg\" target=\"_blank\"><img loading=\"lazy\" decoding=\"async\" class=\"alignnone size-full wp-image-12553\" title=\"Rannalt\" src=\"http:\/\/yhelteljel.ee\/wp-content\/uploads\/2011\/05\/SDIM3759_v.jpg\" alt=\"\" width=\"530\" height=\"343\" srcset=\"https:\/\/yhelteljel.ee\/wp-content\/uploads\/2011\/05\/SDIM3759_v.jpg 530w, https:\/\/yhelteljel.ee\/wp-content\/uploads\/2011\/05\/SDIM3759_v-300x194.jpg 300w\" sizes=\"auto, (max-width: 530px) 100vw, 530px\" \/><\/a><\/p>\n<p><a href=\"http:\/\/yhelteljel.ee\/wp-content\/uploads\/2011\/05\/SDIM3765_s.jpg\" target=\"_blank\"><img loading=\"lazy\" decoding=\"async\" class=\"alignnone size-full wp-image-12555\" title=\"Kuskilt sealt \u00fcle lahe paistab Cape of Good Hope\" src=\"http:\/\/yhelteljel.ee\/wp-content\/uploads\/2011\/05\/SDIM3765_v.jpg\" alt=\"\" width=\"530\" height=\"132\" srcset=\"https:\/\/yhelteljel.ee\/wp-content\/uploads\/2011\/05\/SDIM3765_v.jpg 530w, https:\/\/yhelteljel.ee\/wp-content\/uploads\/2011\/05\/SDIM3765_v-300x74.jpg 300w\" sizes=\"auto, (max-width: 530px) 100vw, 530px\" \/><\/a><\/p>\n<p>V\u00e4isasime Agulhase neeme, mis on Aafrika mandri l\u00f5unapoolseim punkt. Mis t\u00e4hendab seda, et oleme otsa ringi p\u00f6\u00f6ranud ning p\u00f5him\u00f5tteliselt teel kodu poole.<\/p>\n<p><a href=\"http:\/\/yhelteljel.ee\/wp-content\/uploads\/2011\/05\/SDIM3708_s.jpg\" target=\"_blank\"><img loading=\"lazy\" decoding=\"async\" title=\"Aafrika mandri k\u00f5ige l\u00f5unapoolsem punkt - \u00fcks ihkab tagasi India ookeani poole, teine kodusemale Atlandile\" src=\"http:\/\/yhelteljel.ee\/wp-content\/uploads\/2011\/05\/SDIM3708_v.jpg\" alt=\"\" width=\"530\" height=\"353\" \/><\/a><\/p>\n<p><a href=\"http:\/\/yhelteljel.ee\/wp-content\/uploads\/2011\/05\/SDIM3709_2_s.jpg\" target=\"_blank\"><img loading=\"lazy\" decoding=\"async\" title=\"Kohustuslik perepilt koos Gessuga - selline ongi Aafrika mandri k\u00f5ige l\u00f5unapoolseim punkt\" src=\"http:\/\/yhelteljel.ee\/wp-content\/uploads\/2011\/05\/SDIM3709_2_v.jpg\" alt=\"\" width=\"530\" height=\"342\" \/><\/a><\/p>\n<p><a href=\"http:\/\/yhelteljel.ee\/wp-content\/uploads\/2011\/05\/LAV-11s.jpg\" target=\"_blank\"><img loading=\"lazy\" decoding=\"async\" title=\"Panoraam Aafrika mandri k\u00f5ige l\u00f5unapoolsemast punktist - Cape Agulhas\" src=\"http:\/\/yhelteljel.ee\/wp-content\/uploads\/2011\/05\/LAV-11v.png\" alt=\"\" width=\"530\" height=\"69\" \/><\/a><\/p>\n<p><a href=\"http:\/\/yhelteljel.ee\/wp-content\/uploads\/2011\/05\/SDIM3723_s.jpg\" target=\"_blank\"><img loading=\"lazy\" decoding=\"async\" class=\"alignnone size-full wp-image-12517\" title=\"Karile s\u00f5itnud Jaapani kalalaev Cape Agulhases - vaid pool on alles\" src=\"http:\/\/yhelteljel.ee\/wp-content\/uploads\/2011\/05\/SDIM3723_v.jpg\" alt=\"\" width=\"530\" height=\"353\" srcset=\"https:\/\/yhelteljel.ee\/wp-content\/uploads\/2011\/05\/SDIM3723_v.jpg 530w, https:\/\/yhelteljel.ee\/wp-content\/uploads\/2011\/05\/SDIM3723_v-300x199.jpg 300w\" sizes=\"auto, (max-width: 530px) 100vw, 530px\" \/><\/a><\/p>\n<p><a href=\"http:\/\/yhelteljel.ee\/wp-content\/uploads\/2011\/05\/SDIM3729_s.jpg\" target=\"_blank\"><img loading=\"lazy\" decoding=\"async\" class=\"alignnone size-full wp-image-12519\" title=\"Karile s\u00f5itnud Jaapani kalalaev Cape Agulhases, kalamehed taga\" src=\"http:\/\/yhelteljel.ee\/wp-content\/uploads\/2011\/05\/SDIM3729_v.jpg\" alt=\"\" width=\"530\" height=\"353\" srcset=\"https:\/\/yhelteljel.ee\/wp-content\/uploads\/2011\/05\/SDIM3729_v.jpg 530w, https:\/\/yhelteljel.ee\/wp-content\/uploads\/2011\/05\/SDIM3729_v-300x199.jpg 300w\" sizes=\"auto, (max-width: 530px) 100vw, 530px\" \/><\/a><\/p>\n<p><a href=\"http:\/\/yhelteljel.ee\/wp-content\/uploads\/2011\/05\/SDIM3736_s.jpg\" target=\"_blank\"><img loading=\"lazy\" decoding=\"async\" class=\"alignnone size-full wp-image-12523\" title=\"Karp kivil, Cape Agulhas\" src=\"http:\/\/yhelteljel.ee\/wp-content\/uploads\/2011\/05\/SDIM3736_v.jpg\" alt=\"\" width=\"530\" height=\"353\" srcset=\"https:\/\/yhelteljel.ee\/wp-content\/uploads\/2011\/05\/SDIM3736_v.jpg 530w, https:\/\/yhelteljel.ee\/wp-content\/uploads\/2011\/05\/SDIM3736_v-300x199.jpg 300w\" sizes=\"auto, (max-width: 530px) 100vw, 530px\" \/><\/a><\/p>\n<p><a href=\"http:\/\/yhelteljel.ee\/wp-content\/uploads\/2011\/05\/SDIM3733_s.jpg\" target=\"_blank\"><img loading=\"lazy\" decoding=\"async\" class=\"alignnone size-full wp-image-12521\" title=\"Justkui v\u00e4ikesed vulkaanim\u00e4ed kividel, Cape Agulhas\" src=\"http:\/\/yhelteljel.ee\/wp-content\/uploads\/2011\/05\/SDIM3733_v.jpg\" alt=\"\" width=\"530\" height=\"326\" srcset=\"https:\/\/yhelteljel.ee\/wp-content\/uploads\/2011\/05\/SDIM3733_v.jpg 530w, https:\/\/yhelteljel.ee\/wp-content\/uploads\/2011\/05\/SDIM3733_v-300x184.jpg 300w\" sizes=\"auto, (max-width: 530px) 100vw, 530px\" \/><\/a><\/p>\n<p><a href=\"http:\/\/yhelteljel.ee\/wp-content\/uploads\/2011\/05\/SDIM3741_s.jpg\" target=\"_blank\"><img loading=\"lazy\" decoding=\"async\" class=\"alignnone size-full wp-image-12525\" title=\"Cape Agulhase majakas - ehitatud 1848 aastal, vanuselt teine L\u00f5una-Aafrikas. Kaugemale siit palju minna ei saa - ainus tee siit on p\u00f5ha poole, ehk oleme tagasi kodumaa poole...\" src=\"http:\/\/yhelteljel.ee\/wp-content\/uploads\/2011\/05\/SDIM3741_v.jpg\" alt=\"\" width=\"530\" height=\"344\" srcset=\"https:\/\/yhelteljel.ee\/wp-content\/uploads\/2011\/05\/SDIM3741_v.jpg 530w, https:\/\/yhelteljel.ee\/wp-content\/uploads\/2011\/05\/SDIM3741_v-300x194.jpg 300w\" sizes=\"auto, (max-width: 530px) 100vw, 530px\" \/><\/a><\/p>\n<p>Cape Agulhasest p\u00fc\u00fcdsime \u00f6\u00f6sel oma raadioga kinni m\u00f5ned huvitavad signaalid. \u00dcks neist oli kommunikatsioon 5998kHz peal, ei tea kas see oli majakavahtide v\u00f5i India-Atlandi ookeani suudmes olevate laevade vaheline?<\/p>\n[audio:Cape_Agulhas_raadiokommunikatsioon.mp3|titles=Raadiokommunikatsioon Cape Agulhases &#8211; majakavahid v\u00f5i m\u00f6\u00f6duvad kaubalaevad?]\n<p>Ja tundub, et ka (pikemat sorti) raadiolained Indiast levivad \u00fcle samanimelise ookeani siia Aafrika l\u00f5unatippu &#8211; tuues tagasi head m\u00e4lestused:<\/p>\n[audio:Cape_Agulhas_India_raadio.mp3|titles=India raadio k\u00f5lamas Cape Agulhases]\n","protected":false},"excerpt":{"rendered":"<p>L\u00f5unarannikul on juba teistmoodi aura. Kuidagi rahulikum, l\u00f5\u00f5gastunum. Kaplinnale l\u00e4henedes muutub mere \u00e4\u00e4rde istutatud aedlinnade \u00fcldmulje k\u00fcll eksklusiivsemaks, ehk isegi veidi upsakaks, kuid loodus ise on pigem vaoshoituma v\u00e4ljendusega.<\/p>\n","protected":false},"author":3,"featured_media":0,"comment_status":"open","ping_status":"open","sticky":false,"template":"","format":"standard","meta":{"_monsterinsights_skip_tracking":false,"_monsterinsights_sitenote_active":false,"_monsterinsights_sitenote_note":"","_monsterinsights_sitenote_category":0,"footnotes":""},"categories":[427],"tags":[129,1142],"class_list":["post-12491","post","type-post","status-publish","format-standard","hentry","category-aafrika","tag-helimaastikud","tag-lav"],"_links":{"self":[{"href":"https:\/\/yhelteljel.ee\/index.php?rest_route=\/wp\/v2\/posts\/12491","targetHints":{"allow":["GET"]}}],"collection":[{"href":"https:\/\/yhelteljel.ee\/index.php?rest_route=\/wp\/v2\/posts"}],"about":[{"href":"https:\/\/yhelteljel.ee\/index.php?rest_route=\/wp\/v2\/types\/post"}],"author":[{"embeddable":true,"href":"https:\/\/yhelteljel.ee\/index.php?rest_route=\/wp\/v2\/users\/3"}],"replies":[{"embeddable":true,"href":"https:\/\/yhelteljel.ee\/index.php?rest_route=%2Fwp%2Fv2%2Fcomments&post=12491"}],"version-history":[{"count":19,"href":"https:\/\/yhelteljel.ee\/index.php?rest_route=\/wp\/v2\/posts\/12491\/revisions"}],"predecessor-version":[{"id":12537,"href":"https:\/\/yhelteljel.ee\/index.php?rest_route=\/wp\/v2\/posts\/12491\/revisions\/12537"}],"wp:attachment":[{"href":"https:\/\/yhelteljel.ee\/index.php?rest_route=%2Fwp%2Fv2%2Fmedia&parent=12491"}],"wp:term":[{"taxonomy":"category","embeddable":true,"href":"https:\/\/yhelteljel.ee\/index.php?rest_route=%2Fwp%2Fv2%2Fcategories&post=12491"},{"taxonomy":"post_tag","embeddable":true,"href":"https:\/\/yhelteljel.ee\/index.php?rest_route=%2Fwp%2Fv2%2Ftags&post=12491"}],"curies":[{"name":"wp","href":"https:\/\/api.w.org\/{rel}","templated":true}]}}