{"id":12236,"date":"2011-04-29T21:25:41","date_gmt":"2011-04-29T19:25:41","guid":{"rendered":"http:\/\/yhelteljel.ee\/?p=12236"},"modified":"2011-05-01T23:15:12","modified_gmt":"2011-05-01T21:15:12","slug":"tee-taevasse","status":"publish","type":"post","link":"https:\/\/yhelteljel.ee\/?p=12236","title":{"rendered":"Tee taevasse"},"content":{"rendered":"<p><a href=\"http:\/\/yhelteljel.ee\/wp-content\/uploads\/2011\/04\/SDIM3291_s.jpg\" target=\"_blank\"><img loading=\"lazy\" decoding=\"async\" title=\"M\u00e4gises Lesotho kuningriigis\" src=\"http:\/\/yhelteljel.ee\/wp-content\/uploads\/2011\/04\/SDIM3291_v.jpg\" alt=\"\" width=\"530\" height=\"303\" \/><\/a><\/p>\n<p><a href=\"http:\/\/en.wikipedia.org\/wiki\/Lesotho\" target=\"_blank\">Lesothoga<\/a> on nii, et plaan sinna minna susises meil peas juba m\u00f5nda aega, kuid Pretorias asuvas Lesotho Kuningriigi saatkonnas kohatud b\u00fcrokraatia t\u00f5ttu oleks meil sinna tegelikult peaaegu et minemata j\u00e4\u00e4nud.<\/p>\n<p><!--more--><\/p>\n<p>Kui meile oli tutvustatud viisataotlusn\u00f5udeid, mis sellise v\u00e4ikese ja vaese riigi kohta tundusid pisut \u00fclepaisutatud &#8211; viisa saamiseks on vaja hotellibroneeringut (mida me oma k\u00f5ikuvate plaanidega kunagi ei tee, ja pealegi ei ole meil nii palju raha, et hotellides \u00f6\u00f6bida), k\u00fcllakutset (me ei tunne mitte kedagi Lesothost), t\u00f5estust piisavate rahaliste vahendite kohta, 500 randi (50 EUR) n\u00e4gu ja aega pidi v\u00f5tma tervelt kolm t\u00f6\u00f6p\u00e4eva &#8211; astusime saatkonnast &#8220;aidaa&#8221; \u00f6eldes v\u00e4lja. Millegip\u00e4rast arvab osa v\u00e4ikeseid riike endast v\u00e4ga k\u00f5rgelt ja teeb turistile sissep\u00e4\u00e4su \u00fclepeak\u00e4ivalt raskeks, olgugi, et nad ise puruvaesed kipuvad olema (sarnane kogemus oli meil n\u00e4iteks Rwandaga).<\/p>\n<p>Niisiis l\u00e4ksime Conradi motot\u00f6\u00f6kotta tagasi ja r\u00e4\u00e4kisime talle, et Lesothosse me seekord siiski ei l\u00e4he, olgugi, et me seda v\u00e4ga tahame. Justkui Aegruumi kiuste oli seda juttu k\u00f5rvalt kuulamas keegi kolmas motomees. Olles meie loo \u00e4ra kuulanud, \u00fctles ta: &#8220;Te lihtsalt PEATE mu armsat Lesotho riiki oma motomatkal n\u00e4gema!&#8221;. Hetk hiljem oli tal k\u00e4es telefon ja juba k\u00f5neles ta Lesotho kuningaga(!) isiklikult. Tuli v\u00e4lja, et see motomees, suvise nimega August, on Lesothos elav Hollandist p\u00e4rit \u00fcliaktiivne preester, kellel olemas k\u00f5ikv\u00f5imalikud kontaktid. Meil vajus suu lahti, et selline inimene saab \u00fcldse preester olla &#8211; stereot\u00fc\u00fcpiliselt on preestrid t\u00f5simeelsed &#8220;udutajad&#8221;, August oli aga hoopis midagi muud &#8211; igati positiivne, aktiivne, tolerantne ja abivalmis inimene, t\u00e4ielik mitte-preester, fanaatiline motoinimene pealekauba. P\u00e4rast pikemat telefonik\u00f5net Lesotho kuningale \u00fctles, et proovib veel Lesotho peaministrile helistada. Number valitud, m\u00f5tles aga kiirelt \u00fcmber: &#8220;ei, peaminister on liiga h\u00f5ivatud mees, et teda viisak\u00fcsimistega t\u00fclitada&#8221;. Igatahes sai meile selgeks, kuningas oli soovitanud meiega koos tagasi saatkonda minna ja asjad seal korda ajada.<\/p>\n<p>Kogu k\u00fcsimus v\u00f5ttis korraga uue ilme. L\u00e4ksime siis Augustiga saatkonda tagasi, kus naerusel n\u00e4ol r\u00e4\u00e4kis ta selges sotho keeles mustadel Leshoto turvameestel s\u00f5na otseses m\u00f5ttes suud lahti &#8211; valge mees ja r\u00e4\u00e4gib nii selgelt sothot. M\u00f5ned isiksused v\u00f5ivad ikka oma ps\u00fchholoogia, m\u00f5ttemaailma, n\u00e4oilme, s\u00f5nastuse jms isiksuses\u00fcmfooniaga olla \u00fcliedukad teiste inimeste veenmises ja ametlikul tasandil suhtlemises &#8211; August just seda t\u00fc\u00fcpi inimene ongi ja seda k\u00f5ike k\u00f5rvalt n\u00e4hes sai paugupealt selgeks, miks on mehel sedav\u00f5rd palju kontakte.<\/p>\n<p>Varsti oli asi niikaugel, et sekret\u00e4r \u00fctles, et j\u00e4tke passid ja fotod siia ning homseks on viisad valmis. Ei mingeid hotellibroneeringuid ega pangakonto v\u00e4ljav\u00f5tteid &#8211; piisas vaid kutsest, mille August kohapeal valmis kirjutas. P\u00e4ev hiljem l\u00e4ksime viisadele j\u00e4rgi ja isegi siis ei saanud turvamehed meile mainimatta j\u00e4tta, et k\u00fcll see August on \u00fcks t\u00f5eliselt hea inimene. Vot niimoodi siis.<\/p>\n<p>Teekonna juurde tagasi. \u00dcle Drakensbergi m\u00e4gede viib Lesothosse v\u00e4ike tee, \u00fcle legendaarse staatusega Sani kuru. K\u00f5rguselt &#8211; 2865 meetrit &#8211; ei ole see kaugeltki mitte vingeim, mida meil on olnud \u00f5nn mootorratta seljas &#8220;vallutada&#8221;, ning teeolud ei pakkunud suuremaid v\u00e4ljakutseid, kuid vaadete poolest on see p\u00e4ris nauditav &#8211; s\u00f5idad justkui rohelise sametiga kaetud orus, sinka-vonka aina \u00fclespoole, kust v\u00f5ib n\u00e4ha k\u00fcmnete ja k\u00fcmnete kilomeetrite kaugusele, kuni pilved varjavad horisondi. \u00dclal kulgeb rada aga m\u00f6\u00f6da tasast lagendikku ja miski &#8211; mis t\u00e4pselt, ei saagi aru &#8211; toob m\u00e4lestustesse pildid m\u00e4gisest, k\u00fclmast, tuulisest Loode-Indiast. Ootad pooleldi hinge kinni pidades, et vastu tuleks pikk s\u00f5jav\u00e4ekolonn v\u00f5i et j\u00e4rgmise teek\u00e4\u00e4naku taga oleks laudadest kokku klopsitud putka, millest oleks v\u00f5imalik osta \u00fched chai&#8217;d ehk teed piimaga, kuid ei. Seal ei ole kedagi. Kui, siis ainult m\u00f5ni kitse- v\u00f5i lambakarjus, ikka tekki m\u00e4hitud ning seltsiks suupill, mida tal ei ole kahju meilegi demonstreerida. Kontrast Lesotho ja L\u00f5una-Aafrika vahel on tohutu, nii kultuurilises, geoloogilises kui p\u00e4ris mitmes muus m\u00f5ttes. Lesotho on nagu \u00fcksik v\u00e4ike pilveke L\u00f5una-Aafrika kohal, hoopis teine maailm. Iselaadseks muudab Lesotho ka asjaolu, et ka k\u00f5ige madalam punkt selles riigis asub 1400 meetri k\u00f5rgusel merepinnast, ja 80% riigist asub enam kui 1800 meetri k\u00f5rgusel. Taevas mis taevas.<\/p>\n<p><a href=\"http:\/\/yhelteljel.ee\/wp-content\/uploads\/2011\/04\/Lesotho-2s.jpg\" target=\"_blank\"><img loading=\"lazy\" decoding=\"async\" title=\"Panoraam Sani kuru \u00fcletuselt\" src=\"http:\/\/yhelteljel.ee\/wp-content\/uploads\/2011\/04\/Lesotho-2v.png\" alt=\"\" width=\"530\" height=\"175\" \/><\/a><\/p>\n<p><a href=\"http:\/\/yhelteljel.ee\/wp-content\/uploads\/2011\/04\/Lesotho-3s.jpg\" target=\"_blank\"><img loading=\"lazy\" decoding=\"async\" title=\"Panoraam Sani kurult\" src=\"http:\/\/yhelteljel.ee\/wp-content\/uploads\/2011\/04\/Lesotho-3v.png\" alt=\"\" width=\"530\" height=\"184\" \/><\/a><\/p>\n<p><a href=\"http:\/\/yhelteljel.ee\/wp-content\/uploads\/2011\/04\/SDIM3196_s.jpg\" target=\"_blank\"><img loading=\"lazy\" decoding=\"async\" title=\"Sani kuru (2865 meetrit) \u00fcletatud\" src=\"http:\/\/yhelteljel.ee\/wp-content\/uploads\/2011\/04\/SDIM3196_v.jpg\" alt=\"\" width=\"530\" height=\"353\" \/><\/a><\/p>\n<p><a href=\"http:\/\/yhelteljel.ee\/wp-content\/uploads\/2011\/04\/SDIM3216_s.jpg\" target=\"_blank\"><img loading=\"lazy\" decoding=\"async\" title=\"T\u00fc\u00fcpiline Lesotho v\u00e4iketee\" src=\"http:\/\/yhelteljel.ee\/wp-content\/uploads\/2011\/04\/SDIM3216_v.jpg\" alt=\"\" width=\"530\" height=\"353\" \/><\/a><\/p>\n<p><a href=\"http:\/\/yhelteljel.ee\/wp-content\/uploads\/2011\/04\/SDIM3219_s.jpg\" target=\"_blank\"><img loading=\"lazy\" decoding=\"async\" title=\"3222 meetrit \u00fclalpool merepinda - Lesotho on \u00fcks k\u00f5rge platoo\" src=\"http:\/\/yhelteljel.ee\/wp-content\/uploads\/2011\/04\/SDIM3219_v.jpg\" alt=\"\" width=\"530\" height=\"353\" \/><\/a><\/p>\n<p><a href=\"http:\/\/yhelteljel.ee\/wp-content\/uploads\/2011\/04\/SDIM3246_s.jpg\" target=\"_blank\"><img loading=\"lazy\" decoding=\"async\" title=\"Tee l\u00e4bi Lesotho p\u00e4rast Sani kuru\" src=\"http:\/\/yhelteljel.ee\/wp-content\/uploads\/2011\/04\/SDIM3246_v.jpg\" alt=\"\" width=\"530\" height=\"353\" \/><\/a><\/p>\n<p><a href=\"http:\/\/yhelteljel.ee\/wp-content\/uploads\/2011\/04\/SDIM3234_s.jpg\" target=\"_blank\"><img loading=\"lazy\" decoding=\"async\" title=\"Lesotho karjus\" src=\"http:\/\/yhelteljel.ee\/wp-content\/uploads\/2011\/04\/SDIM3234_v.jpg\" alt=\"\" width=\"530\" height=\"353\" \/><\/a><\/p>\n<p><a href=\"http:\/\/yhelteljel.ee\/wp-content\/uploads\/2011\/04\/SDIM3236_s.jpg\" target=\"_blank\"><img loading=\"lazy\" decoding=\"async\" title=\"Karjus tuli uudistama - hoidis distantsi aga hetk hiljem olime juba suhtlemas\" src=\"http:\/\/yhelteljel.ee\/wp-content\/uploads\/2011\/04\/SDIM3236_v.jpg\" alt=\"\" width=\"530\" height=\"353\" \/><\/a><\/p>\n<p><a href=\"http:\/\/yhelteljel.ee\/wp-content\/uploads\/2011\/04\/SDIM3232_s.jpg\" target=\"_blank\"><img loading=\"lazy\" decoding=\"async\" title=\"Lesotho karjusepoiss suupilliga\" src=\"http:\/\/yhelteljel.ee\/wp-content\/uploads\/2011\/04\/SDIM3232_v.jpg\" alt=\"\" width=\"530\" height=\"353\" \/><\/a><\/p>\n<p><a href=\"http:\/\/yhelteljel.ee\/wp-content\/uploads\/2011\/04\/SDIM3233_s.jpg\" target=\"_blank\"><img loading=\"lazy\" decoding=\"async\" title=\"Lesotho karjus soojadesse r\u00f5ivastesse &quot;pakitud&quot;\" src=\"http:\/\/yhelteljel.ee\/wp-content\/uploads\/2011\/04\/SDIM3233_v.jpg\" alt=\"\" width=\"530\" height=\"353\" \/><\/a><\/p>\n<p><a href=\"http:\/\/yhelteljel.ee\/wp-content\/uploads\/2011\/04\/SDIM3240_s.jpg\" target=\"_blank\"><img loading=\"lazy\" decoding=\"async\" title=\"Lesotho m\u00e4gine floora\" src=\"http:\/\/yhelteljel.ee\/wp-content\/uploads\/2011\/04\/SDIM3240_v.jpg\" alt=\"\" width=\"530\" height=\"353\" \/><\/a><\/p>\n<p>Otsustame \u00f6\u00f6bida \u00fche misjoni juures, mida &#8220;valvab&#8221; kuri oinas, kuid kui oleme telgi tugeva tuule kiuste p\u00fcsti pannud, pakutakse meile, et \u00f6\u00f6bigu me telkimise hinnaga hoopis toas &#8211; \u00f6\u00f6sel pidavat \u00f5ige k\u00fclmaks minema. Ja nii ongi &#8211; hommikuks on tsikli istmel paks h\u00e4rmatise kiht.<\/p>\n<p><a href=\"http:\/\/yhelteljel.ee\/wp-content\/uploads\/2011\/04\/Lesotho-12s.jpg\" target=\"_blank\"><img loading=\"lazy\" decoding=\"async\" title=\"Panoraam pilvedem\u00e4ngust enne p\u00e4ikeseloojangut\" src=\"http:\/\/yhelteljel.ee\/wp-content\/uploads\/2011\/04\/Lesotho-12v.png\" alt=\"\" width=\"530\" height=\"127\" \/><\/a><\/p>\n<p><a href=\"http:\/\/yhelteljel.ee\/wp-content\/uploads\/2011\/04\/Lesotho-1s.jpg\" target=\"_blank\"><img loading=\"lazy\" decoding=\"async\" title=\"Panoraam p\u00e4ikeseloojanguvalgusest Lesotho m\u00e4gik\u00fcla kohal\" src=\"http:\/\/yhelteljel.ee\/wp-content\/uploads\/2011\/04\/Lesotho-1v.png\" alt=\"\" width=\"530\" height=\"103\" \/><\/a><\/p>\n<p><a href=\"http:\/\/yhelteljel.ee\/wp-content\/uploads\/2011\/04\/SDIM3306_s.jpg\" target=\"_blank\"><img loading=\"lazy\" decoding=\"async\" title=\"Vihane oinas j\u00f5llitamas\" src=\"http:\/\/yhelteljel.ee\/wp-content\/uploads\/2011\/04\/SDIM3306_v.jpg\" alt=\"\" width=\"530\" height=\"340\" \/><\/a><\/p>\n<p><a href=\"http:\/\/yhelteljel.ee\/wp-content\/uploads\/2011\/04\/SDIM3330_s.jpg\" target=\"_blank\"><img loading=\"lazy\" decoding=\"async\" title=\"Hommikul oli Gessu j\u00e4\u00e4s - viimati juhtus see Indias\" src=\"http:\/\/yhelteljel.ee\/wp-content\/uploads\/2011\/04\/SDIM3330_v.jpg\" alt=\"\" width=\"530\" height=\"795\" \/><\/a><\/p>\n<p>Meie juurde tuleb kerjus, kes demonstreerib oma pillim\u00e4nguoskusi &#8211; mingil isetehtud puhkpillil, mille m\u00e4ngimise sekka k\u00e4ib m\u00f5ni &#8220;pum-pum&#8221;, mis lisab paraja annuse eksootikat ja m\u00fcstikat. Anname kerjusele oma viimase tomati.<\/p>\n<p><a href=\"http:\/\/yhelteljel.ee\/wp-content\/uploads\/2011\/04\/SDIM3332_s.jpg\" target=\"_blank\"><img loading=\"lazy\" decoding=\"async\" title=\"Lesotholane traditsioonilise pilliga\" src=\"http:\/\/yhelteljel.ee\/wp-content\/uploads\/2011\/04\/SDIM3332_v.jpg\" alt=\"\" width=\"530\" height=\"362\" \/><\/a><\/p>\n<p><a href=\"http:\/\/yhelteljel.ee\/wp-content\/uploads\/2011\/04\/SDIM3331_s.jpg\" target=\"_blank\"><img loading=\"lazy\" decoding=\"async\" title=\"Kohalikku pilli m\u00e4ngimas\" src=\"http:\/\/yhelteljel.ee\/wp-content\/uploads\/2011\/04\/SDIM3331_v.jpg\" alt=\"\" width=\"530\" height=\"353\" \/><\/a><\/p>\n<p>Helis:<\/p>\n[audio:Lesotho_pillikerjus.mp3|titles=Kerjus Lesotho traditsioonilist instrumenti demonstreerimas]\n<p>Otsustame s\u00f5ita m\u00f6\u00f6da v\u00e4iksemaid m\u00e4giteid, j\u00e4\u00e4koorik l\u00f6\u00f6kakudel ereda p\u00e4ikese k\u00e4es sillerdamas. Hea ikka, et meil toas \u00f6\u00f6bida lubati, muidu oleks vist kringliks k\u00fclmunud. Hommikulgi on tegelikult k\u00fclm, kuid kuna meil on elektrisoojendusega jakid (mida vahepeal m\u00f5tlesime postiga koju saata, sest kellel Aafrikas soojust vaja on, eksole!) seljas, siis ei saa nagu v\u00e4ga aru. Rulluvad, voogavad m\u00e4gimaastikud soojendavad hinge, nii et isegi kui peame l\u00e4bima m\u00f5ned j\u00f5ed ja  saapad saavad \u00e4\u00e4reni vett t\u00e4is, ei hakka k\u00fclm.<\/p>\n<p><a href=\"http:\/\/yhelteljel.ee\/wp-content\/uploads\/2011\/04\/SDIM3357_s.jpg\" target=\"_blank\"><img loading=\"lazy\" decoding=\"async\" title=\"J\u00e4\u00e4koorikutega kaetud aukudega tee Lesothos\" src=\"http:\/\/yhelteljel.ee\/wp-content\/uploads\/2011\/04\/SDIM3357_v.jpg\" alt=\"\" width=\"530\" height=\"353\" \/><\/a><\/p>\n<p><a href=\"http:\/\/yhelteljel.ee\/wp-content\/uploads\/2011\/04\/Lesotho-5s.jpg\" target=\"_blank\"><img loading=\"lazy\" decoding=\"async\" title=\"Panoraam Lesotho maastikust\" src=\"http:\/\/yhelteljel.ee\/wp-content\/uploads\/2011\/04\/Lesotho-5v.png\" alt=\"\" width=\"530\" height=\"70\" \/><\/a><\/p>\n<p><a href=\"http:\/\/yhelteljel.ee\/wp-content\/uploads\/2011\/04\/Lesotho-6s.jpg\" target=\"_blank\"><img loading=\"lazy\" decoding=\"async\" title=\"Panoraam Lesotho maastikust\" src=\"http:\/\/yhelteljel.ee\/wp-content\/uploads\/2011\/04\/Lesotho-6v.png\" alt=\"\" width=\"530\" height=\"85\" \/><\/a><\/p>\n<p><a href=\"http:\/\/yhelteljel.ee\/wp-content\/uploads\/2011\/04\/Lesotho-9s.jpg\" target=\"_blank\"><img loading=\"lazy\" decoding=\"async\" title=\"Panoraam teelt\" src=\"http:\/\/yhelteljel.ee\/wp-content\/uploads\/2011\/04\/Lesotho-9v.jpg\" alt=\"\" width=\"530\" height=\"219\" \/><\/a><\/p>\n<p><a href=\"http:\/\/yhelteljel.ee\/wp-content\/uploads\/2011\/04\/SDIM3390_s.jpg\" target=\"_blank\"><img loading=\"lazy\" decoding=\"async\" title=\"Naine silda \u00fcletamas\" src=\"http:\/\/yhelteljel.ee\/wp-content\/uploads\/2011\/04\/SDIM3390_v.jpg\" alt=\"\" width=\"530\" height=\"334\" \/><\/a><\/p>\n<p><a href=\"http:\/\/yhelteljel.ee\/wp-content\/uploads\/2011\/04\/Lesotho-7s.jpg\" target=\"_blank\"><img loading=\"lazy\" decoding=\"async\" title=\"\u00dcks kosk Lesothos\" src=\"http:\/\/yhelteljel.ee\/wp-content\/uploads\/2011\/04\/Lesotho-7v.jpg\" alt=\"\" width=\"530\" height=\"362\" \/><\/a><\/p>\n<p><a href=\"http:\/\/yhelteljel.ee\/wp-content\/uploads\/2011\/04\/SDIM3370_s.jpg\" target=\"_blank\"><img loading=\"lazy\" decoding=\"async\" title=\"S\u00f5it l\u00e4bi imeilusa Lesotho\" src=\"http:\/\/yhelteljel.ee\/wp-content\/uploads\/2011\/04\/SDIM3370_v.jpg\" alt=\"\" width=\"530\" height=\"335\" \/><\/a><\/p>\n<p><a href=\"http:\/\/yhelteljel.ee\/wp-content\/uploads\/2011\/04\/SDIM3250_s.jpg\" target=\"_blank\"><img loading=\"lazy\" decoding=\"async\" title=\"\u00dcks oja\u00fcletus Lesothos\" src=\"http:\/\/yhelteljel.ee\/wp-content\/uploads\/2011\/04\/SDIM3250_v.jpg\" alt=\"\" width=\"530\" height=\"353\" \/><\/a><\/p>\n<p><a href=\"http:\/\/yhelteljel.ee\/wp-content\/uploads\/2011\/04\/Lesotho-10s.jpg\" target=\"_blank\"><img loading=\"lazy\" decoding=\"async\" title=\"Lesotho maastiku panoraam\" src=\"http:\/\/yhelteljel.ee\/wp-content\/uploads\/2011\/04\/Lesotho-10v.jpg\" alt=\"\" width=\"530\" height=\"181\" \/><\/a><\/p>\n<p><a href=\"http:\/\/yhelteljel.ee\/wp-content\/uploads\/2011\/04\/Lesotho-11s.jpg\" target=\"_blank\"><img loading=\"lazy\" decoding=\"async\" title=\"Panoraam teelt\" src=\"http:\/\/yhelteljel.ee\/wp-content\/uploads\/2011\/04\/Lesotho-11v.png\" alt=\"\" width=\"530\" height=\"83\" \/><\/a><\/p>\n<p><a href=\"http:\/\/yhelteljel.ee\/wp-content\/uploads\/2011\/04\/Lesotho-16s.jpg\" target=\"_blank\"><img loading=\"lazy\" decoding=\"async\" title=\"Panoraam Lesotho t\u00fc\u00fcpilisest maastikust selge ilmaga\" src=\"http:\/\/yhelteljel.ee\/wp-content\/uploads\/2011\/04\/Lesotho-16v.jpg\" alt=\"\" width=\"530\" height=\"130\" \/><\/a><\/p>\n<p><a href=\"http:\/\/yhelteljel.ee\/wp-content\/uploads\/2011\/04\/Lesotho-14s.jpg\" target=\"_blank\"><img loading=\"lazy\" decoding=\"async\" title=\"Panoraam Lesotho maastikust\" src=\"http:\/\/yhelteljel.ee\/wp-content\/uploads\/2011\/04\/Lesotho-14v.png\" alt=\"\" width=\"530\" height=\"124\" \/><\/a><\/p>\n<p><a href=\"http:\/\/yhelteljel.ee\/wp-content\/uploads\/2011\/04\/SDIM3372_s.jpg\" target=\"_blank\"><img loading=\"lazy\" decoding=\"async\" class=\"alignnone size-full wp-image-12337\" title=\"Tee v\u00e4heasustatud P\u00f5hja-Lesothos\" src=\"http:\/\/yhelteljel.ee\/wp-content\/uploads\/2011\/04\/SDIM3372_v.jpg\" alt=\"\" width=\"530\" height=\"353\" srcset=\"https:\/\/yhelteljel.ee\/wp-content\/uploads\/2011\/04\/SDIM3372_v.jpg 530w, https:\/\/yhelteljel.ee\/wp-content\/uploads\/2011\/04\/SDIM3372_v-300x199.jpg 300w\" sizes=\"auto, (max-width: 530px) 100vw, 530px\" \/><\/a><\/p>\n<p>Peateele j\u00f5uame alles tohutusuure Katse tammi l\u00e4histel, mis oma 185 meetriga on k\u00f5rguselt teine tamm terves Aafrikas. Paras vaatepilt.<\/p>\n<p><a href=\"http:\/\/yhelteljel.ee\/wp-content\/uploads\/2011\/04\/Lesotho-4s.jpg\" target=\"_blank\"><img loading=\"lazy\" decoding=\"async\" class=\"alignnone size-full wp-image-12254\" title=\"Katse tamm - kogu vesi juhitakse siit L\u00f5una-Aafrika vabariiki\" src=\"http:\/\/yhelteljel.ee\/wp-content\/uploads\/2011\/04\/Lesotho-4v.jpg\" alt=\"\" width=\"530\" height=\"292\" srcset=\"https:\/\/yhelteljel.ee\/wp-content\/uploads\/2011\/04\/Lesotho-4v.jpg 530w, https:\/\/yhelteljel.ee\/wp-content\/uploads\/2011\/04\/Lesotho-4v-300x165.jpg 300w\" sizes=\"auto, (max-width: 530px) 100vw, 530px\" \/><\/a><\/p>\n<p><a href=\"http:\/\/yhelteljel.ee\/wp-content\/uploads\/2011\/04\/Lesotho-13s.jpg\" target=\"_blank\"><img loading=\"lazy\" decoding=\"async\" title=\"Panoraam huvitava poolsaare \u00fcmbrusest Katse tammi l\u00e4heduses\" src=\"http:\/\/yhelteljel.ee\/wp-content\/uploads\/2011\/04\/Lesotho-13v.png\" alt=\"\" width=\"530\" height=\"163\" \/><\/a><\/p>\n<p>&nbsp;<\/p>\n","protected":false},"excerpt":{"rendered":"<p>Lesothoga on nii, et plaan sinna minna susises meil peas juba m\u00f5nda aega, kuid Pretorias asuvas Lesotho Kuningriigi saatkonnas kohatud b\u00fcrokraatia t\u00f5ttu oleks meil sinna tegelikult peaaegu et minemata j\u00e4\u00e4nud.<\/p>\n","protected":false},"author":3,"featured_media":0,"comment_status":"open","ping_status":"open","sticky":false,"template":"","format":"standard","meta":{"_monsterinsights_skip_tracking":false,"_monsterinsights_sitenote_active":false,"_monsterinsights_sitenote_note":"","_monsterinsights_sitenote_category":0,"footnotes":""},"categories":[427],"tags":[132,129,1114,1142,1143,1115],"class_list":["post-12236","post","type-post","status-publish","format-standard","hentry","category-aafrika","tag-floora-ja-fauna","tag-helimaastikud","tag-inimesed","tag-lav","tag-lesotho","tag-teeolud"],"_links":{"self":[{"href":"https:\/\/yhelteljel.ee\/index.php?rest_route=\/wp\/v2\/posts\/12236","targetHints":{"allow":["GET"]}}],"collection":[{"href":"https:\/\/yhelteljel.ee\/index.php?rest_route=\/wp\/v2\/posts"}],"about":[{"href":"https:\/\/yhelteljel.ee\/index.php?rest_route=\/wp\/v2\/types\/post"}],"author":[{"embeddable":true,"href":"https:\/\/yhelteljel.ee\/index.php?rest_route=\/wp\/v2\/users\/3"}],"replies":[{"embeddable":true,"href":"https:\/\/yhelteljel.ee\/index.php?rest_route=%2Fwp%2Fv2%2Fcomments&post=12236"}],"version-history":[{"count":14,"href":"https:\/\/yhelteljel.ee\/index.php?rest_route=\/wp\/v2\/posts\/12236\/revisions"}],"predecessor-version":[{"id":12423,"href":"https:\/\/yhelteljel.ee\/index.php?rest_route=\/wp\/v2\/posts\/12236\/revisions\/12423"}],"wp:attachment":[{"href":"https:\/\/yhelteljel.ee\/index.php?rest_route=%2Fwp%2Fv2%2Fmedia&parent=12236"}],"wp:term":[{"taxonomy":"category","embeddable":true,"href":"https:\/\/yhelteljel.ee\/index.php?rest_route=%2Fwp%2Fv2%2Fcategories&post=12236"},{"taxonomy":"post_tag","embeddable":true,"href":"https:\/\/yhelteljel.ee\/index.php?rest_route=%2Fwp%2Fv2%2Ftags&post=12236"}],"curies":[{"name":"wp","href":"https:\/\/api.w.org\/{rel}","templated":true}]}}