{"id":12200,"date":"2011-04-25T16:12:56","date_gmt":"2011-04-25T14:12:56","guid":{"rendered":"http:\/\/yhelteljel.ee\/?p=12200"},"modified":"2011-04-25T21:01:34","modified_gmt":"2011-04-25T19:01:34","slug":"tsivilisatsiooni-hong","status":"publish","type":"post","link":"https:\/\/yhelteljel.ee\/?p=12200","title":{"rendered":"Tsivilisatsiooni h\u00f5ng"},"content":{"rendered":"<p><a href=\"http:\/\/yhelteljel.ee\/wp-content\/uploads\/2011\/04\/SDIM3119_s.jpg\" target=\"_blank\"><img loading=\"lazy\" decoding=\"async\" class=\"alignnone size-full wp-image-12230\" title=\"Mingid huvitavad taimed L\u00f5una Aafrika Vabariigis\" src=\"http:\/\/yhelteljel.ee\/wp-content\/uploads\/2011\/04\/SDIM3119_v.jpg\" alt=\"\" width=\"530\" height=\"353\" srcset=\"https:\/\/yhelteljel.ee\/wp-content\/uploads\/2011\/04\/SDIM3119_v.jpg 530w, https:\/\/yhelteljel.ee\/wp-content\/uploads\/2011\/04\/SDIM3119_v-300x199.jpg 300w\" sizes=\"auto, (max-width: 530px) 100vw, 530px\" \/><\/a><\/p>\n<p>Mosambiigi l\u00f5unaosa, v\u00f5i \u00f5igemini sealsed rannad, on populaarseks suvituskohaks L\u00f5una-Aafrika turistidele, ja neid oli meie sealviibimise ajal t\u00f5esti palju, ehkki lihav\u00f5tteajaga seonduv &#8220;migratsioon&#8221; polnud veel alanud. Mitte, et meil midagi turistide vastu oleks, kuid kui neid on liiga palju, kipub kohalik atmosf\u00e4\u00e4r ja koloriit kuhugi \u00e4ra kaduma, ja hinnad paratamatult t\u00f5usma, nii et ei saa enam arugi, kas oled Aafrikas v\u00f5i mitte. Niisiis peatusime l\u00f5unaosas nii kaua kui vajalik ja nii l\u00fchidalt kui v\u00f5imalik.<\/p>\n<p><!--more--><\/p>\n<p>Koos sloveenlastega peatusime veel paar \u00f6\u00f6d Tofos, mis on populaarne surfarite seas. Rand n\u00e4gi v\u00e4lja hoopis-hoopis teistsugune kui Vilankulos &#8211; mahe id\u00fcll oli asendunud toore loodusj\u00f5uga, lained \u00fcle pea ning liivaluited veel palju k\u00f5rgemad.<\/p>\n<p><a href=\"http:\/\/yhelteljel.ee\/wp-content\/uploads\/2011\/04\/SDIM3051_s.jpg\" target=\"_blank\"><img loading=\"lazy\" decoding=\"async\" title=\"Vlasta ja Deaniga Tofo rannal\" src=\"http:\/\/yhelteljel.ee\/wp-content\/uploads\/2011\/04\/SDIM3051_v.jpg\" alt=\"\" width=\"530\" height=\"353\" \/><\/a><\/p>\n<p><a href=\"http:\/\/yhelteljel.ee\/wp-content\/uploads\/2011\/04\/Mosambiik-26s.jpg\" target=\"_blank\"><img loading=\"lazy\" decoding=\"async\" class=\"alignnone size-full wp-image-12209\" title=\"Panoraam Tofo rannalt - all Kariina, Vlasta ja Dean\" src=\"http:\/\/yhelteljel.ee\/wp-content\/uploads\/2011\/04\/Mosambiik-26v.png\" alt=\"\" width=\"530\" height=\"115\" srcset=\"https:\/\/yhelteljel.ee\/wp-content\/uploads\/2011\/04\/Mosambiik-26v.png 530w, https:\/\/yhelteljel.ee\/wp-content\/uploads\/2011\/04\/Mosambiik-26v-300x65.png 300w\" sizes=\"auto, (max-width: 530px) 100vw, 530px\" \/><\/a><\/p>\n<p><a href=\"http:\/\/yhelteljel.ee\/wp-content\/uploads\/2011\/04\/SDIM3057_s.jpg\" target=\"_blank\"><img loading=\"lazy\" decoding=\"async\" class=\"alignnone size-full wp-image-12214\" title=\"Tofo rand\" src=\"http:\/\/yhelteljel.ee\/wp-content\/uploads\/2011\/04\/SDIM3057_v.jpg\" alt=\"\" width=\"530\" height=\"795\" srcset=\"https:\/\/yhelteljel.ee\/wp-content\/uploads\/2011\/04\/SDIM3057_v.jpg 530w, https:\/\/yhelteljel.ee\/wp-content\/uploads\/2011\/04\/SDIM3057_v-200x300.jpg 200w\" sizes=\"auto, (max-width: 530px) 100vw, 530px\" \/><\/a><\/p>\n<p>Eelpool nimetatud p\u00f5hjustel ei olnud erilist isu kauemaks j\u00e4\u00e4da, nii et p\u00f5rutasime edasi, j\u00e4ttes sloveenlased maha. Neil oli kindel plaan veel kusagil sukelduma j\u00f5uda, ja Mosambiigi rannik pidavat selles m\u00f5ttes v\u00e4ga lahe olema. Sukeldujaid meist pole, kuid snorgeldanud oleks k\u00fcll hea meelega. Rahalistel kaalutlustel otsustasime m\u00f5ttest siiski loobuda &#8211; kodutee on pikk ja kaks paagit\u00e4it k\u00fctust, mis me selle raha eest osta saame, toovad meid Eestile omajagu l\u00e4hemale. V\u00e4ikese eelarvega reisimise \u00fcks suurimaid miinuseid ongi minu arvates see, et ei saa valimatult igasugu p\u00f5nevaid asju ette v\u00f5tta, nagu igasugused safarid, paadiretked, \u00f5hupallis\u00f5idud, jne, mis v\u00f5imaldaksid maailma teisest vaatenurgast kogeda. Telgis magamise ning ise toidu valmistamise vastu pole mul midagi &#8211; tihtipeale on see isegi v\u00e4ga nauditav.<\/p>\n<p>Teel l\u00f5unasse peatusime korra veel Bilenes, kuid seal oli valget kontingenti veel rohkem (ja hinnatase vastav), nii et otsustasime edasi liikuda.<\/p>\n<p><a href=\"http:\/\/yhelteljel.ee\/wp-content\/uploads\/2011\/04\/SDIM3063_s.jpg\" target=\"_blank\"><img loading=\"lazy\" decoding=\"async\" class=\"alignnone size-full wp-image-12216\" title=\"Rahvas Bilene laguunil paati minemas\" src=\"http:\/\/yhelteljel.ee\/wp-content\/uploads\/2011\/04\/SDIM3063_v.jpg\" alt=\"\" width=\"530\" height=\"347\" srcset=\"https:\/\/yhelteljel.ee\/wp-content\/uploads\/2011\/04\/SDIM3063_v.jpg 530w, https:\/\/yhelteljel.ee\/wp-content\/uploads\/2011\/04\/SDIM3063_v-300x196.jpg 300w\" sizes=\"auto, (max-width: 530px) 100vw, 530px\" \/><\/a><\/p>\n<p><a href=\"http:\/\/yhelteljel.ee\/wp-content\/uploads\/2011\/04\/SDIM3066_s.jpg\" target=\"_blank\"><img loading=\"lazy\" decoding=\"async\" class=\"alignnone size-full wp-image-12218\" title=\"Poiss oma iseehitatud m\u00e4nguautot edasi arendamas Bilene rannaliival\" src=\"http:\/\/yhelteljel.ee\/wp-content\/uploads\/2011\/04\/SDIM3066_v.jpg\" alt=\"\" width=\"530\" height=\"353\" srcset=\"https:\/\/yhelteljel.ee\/wp-content\/uploads\/2011\/04\/SDIM3066_v.jpg 530w, https:\/\/yhelteljel.ee\/wp-content\/uploads\/2011\/04\/SDIM3066_v-300x199.jpg 300w\" sizes=\"auto, (max-width: 530px) 100vw, 530px\" \/><\/a><\/p>\n<p>Siis oligi juba <a href=\"http:\/\/et.wikipedia.org\/wiki\/L\u00f5una-Aafrika_Vabariik\" target=\"_blank\">L\u00f5una-Aafrika Vabariigi<\/a> piir, p\u00e4ris tsivilisatsiooni algus. Tee \u00e4\u00e4res olid iga paarisaja meetri tagant liiklusm\u00e4rgid &#8211; hoiatamas \u00fcksiku l\u00f6\u00f6kaugu, p\u00f6\u00f6ravate veokite, teed \u00fcletada v\u00f5ivate loomade eest, viitamas igale v\u00e4iksemale k\u00fclale, raudteejaamale, koolile &#8211; t\u00e4ielik info \u00fclek\u00fcllus. Ja mis tundus p\u00e4rast viit kuud Aafrikas eriti kummaline &#8211; tee \u00e4\u00e4res niideti trimmeritega muru! Tsivilisatsioon mis tsivilisatsioon. L\u00e4ksin poodi s\u00fc\u00fca ostma, ja seal oli k\u00f5ik olemas &#8211; k\u00f5ik mida vaja ja rohkemgi veel. Nagu Euroopas, aus\u00f5na. Ma olin t\u00e4iesti vaimustuses. Viimati n\u00e4gime sellist kaubavalikut Nairobis.<\/p>\n<p>Esimeseks sihtpunktiks L\u00f5una-Aafrikas sai pealinn Pretoria, kus \u00fche kohaliku motomehe soovitusel sattusime just \u00f5ige motot\u00f6\u00f6koja peale. Enne kui arugi saime, olid tsiklil \u00f5lid vahetatud ning \u00fcsna siledaks kulunud rehvide asemel uued rehvid all &#8211; Heidenaud, Marguse lemmikud.<\/p>\n<p><a href=\"http:\/\/yhelteljel.ee\/wp-content\/uploads\/2011\/04\/SDIM3072_s.jpg\" target=\"_blank\"><img loading=\"lazy\" decoding=\"async\" class=\"alignnone size-full wp-image-12220\" title=\"Tervelt kolm meest korraga Gessu kallal t\u00f6\u00f6d tegemas. M\u00f5nikord on hea, kui oma k\u00e4ed puhtaks j\u00e4\u00e4vad :)\" src=\"http:\/\/yhelteljel.ee\/wp-content\/uploads\/2011\/04\/SDIM3072_v.jpg\" alt=\"\" width=\"530\" height=\"795\" srcset=\"https:\/\/yhelteljel.ee\/wp-content\/uploads\/2011\/04\/SDIM3072_v.jpg 530w, https:\/\/yhelteljel.ee\/wp-content\/uploads\/2011\/04\/SDIM3072_v-200x300.jpg 200w\" sizes=\"auto, (max-width: 530px) 100vw, 530px\" \/><\/a><\/p>\n<p><a href=\"http:\/\/yhelteljel.ee\/wp-content\/uploads\/2011\/04\/SDIM3081_s.jpg\" target=\"_blank\"><img loading=\"lazy\" decoding=\"async\" class=\"alignnone size-full wp-image-12222\" title=\"Bemmil (j\u00e4lle) uued kummid\" src=\"http:\/\/yhelteljel.ee\/wp-content\/uploads\/2011\/04\/SDIM3081_v.jpg\" alt=\"\" width=\"530\" height=\"795\" srcset=\"https:\/\/yhelteljel.ee\/wp-content\/uploads\/2011\/04\/SDIM3081_v.jpg 530w, https:\/\/yhelteljel.ee\/wp-content\/uploads\/2011\/04\/SDIM3081_v-200x300.jpg 200w\" sizes=\"auto, (max-width: 530px) 100vw, 530px\" \/><\/a><\/p>\n<p><a href=\"http:\/\/yhelteljel.ee\/wp-content\/uploads\/2011\/04\/SDIM3083_s.jpg\" target=\"_blank\"><img loading=\"lazy\" decoding=\"async\" class=\"alignnone size-full wp-image-12224\" title=\"Offroad Cycles LAV-i pealinnas Pretorias\" src=\"http:\/\/yhelteljel.ee\/wp-content\/uploads\/2011\/04\/SDIM3083_v.jpg\" alt=\"\" width=\"530\" height=\"347\" srcset=\"https:\/\/yhelteljel.ee\/wp-content\/uploads\/2011\/04\/SDIM3083_v.jpg 530w, https:\/\/yhelteljel.ee\/wp-content\/uploads\/2011\/04\/SDIM3083_v-300x196.jpg 300w\" sizes=\"auto, (max-width: 530px) 100vw, 530px\" \/><\/a><\/p>\n<p>Motot\u00f6\u00f6koja omanik, Conrad, pakkus v\u00e4lja, et v\u00f5ime m\u00f5nda aega tema juures peatuda, internetti ja telefoni kasutada ja oma asjad aetud saada. Eneselegi \u00fcllatuseks suutsime kahe p\u00e4evaga passidesse saada Lesotho ja Namiibia viisad ning korda ajada m\u00f5ned pisiasjad, nii et v\u00f5ime \u00f6elda, et meie aeg Pretorias sai igati efektiivselt \u00e4ra kasutatud.<\/p>\n<p>Pretoriast edasi s\u00f5itsime Johannesburgi, kus kohtusime taas Steve&#8217;iga, kes oli meile tuttav juba Nairobi-ajast. Peatusime ka seal m\u00f5ned \u00f6\u00f6d, ajasime j\u00e4lle korda paar asja ning planeerisime edasist teekonda.<\/p>\n<p>Edasine teekond kulges Lesotho suunas, mis on \u00fcsna omap\u00e4rane riik, asudes t\u00e4iesti L\u00f5una-Aafrika sees ning olles \u00fchtlasi ka siinkandi m\u00e4giseim piirkond.<\/p>\n<p><a href=\"http:\/\/yhelteljel.ee\/wp-content\/uploads\/2011\/04\/SDIM3102_s.jpg\" target=\"_blank\"><img loading=\"lazy\" decoding=\"async\" class=\"alignnone size-full wp-image-12226\" title=\"Kuu kuskil L\u00f5una-Aafrika Vabariigi kohal\" src=\"http:\/\/yhelteljel.ee\/wp-content\/uploads\/2011\/04\/SDIM3102_v.jpg\" alt=\"\" width=\"530\" height=\"343\" srcset=\"https:\/\/yhelteljel.ee\/wp-content\/uploads\/2011\/04\/SDIM3102_v.jpg 530w, https:\/\/yhelteljel.ee\/wp-content\/uploads\/2011\/04\/SDIM3102_v-300x194.jpg 300w\" sizes=\"auto, (max-width: 530px) 100vw, 530px\" \/><\/a><\/p>\n<p><a href=\"http:\/\/yhelteljel.ee\/wp-content\/uploads\/2011\/04\/SDIM3118_s.jpg\" target=\"_blank\"><img loading=\"lazy\" decoding=\"async\" class=\"alignnone size-full wp-image-12228\" title=\"Tee Drakensbergis\" src=\"http:\/\/yhelteljel.ee\/wp-content\/uploads\/2011\/04\/SDIM3118_v.jpg\" alt=\"\" width=\"530\" height=\"308\" srcset=\"https:\/\/yhelteljel.ee\/wp-content\/uploads\/2011\/04\/SDIM3118_v.jpg 530w, https:\/\/yhelteljel.ee\/wp-content\/uploads\/2011\/04\/SDIM3118_v-300x174.jpg 300w\" sizes=\"auto, (max-width: 530px) 100vw, 530px\" \/><\/a><\/p>\n<p><a href=\"http:\/\/yhelteljel.ee\/wp-content\/uploads\/2011\/04\/LAV-4s.jpg\" target=\"_blank\"><img loading=\"lazy\" decoding=\"async\" class=\"alignnone size-full wp-image-12206\" title=\"Panoraam Drakensbergi maastikust L\u00f5una Aafrika Vabariigis\" src=\"http:\/\/yhelteljel.ee\/wp-content\/uploads\/2011\/04\/LAV-4v.png\" alt=\"\" width=\"530\" height=\"90\" srcset=\"https:\/\/yhelteljel.ee\/wp-content\/uploads\/2011\/04\/LAV-4v.png 530w, https:\/\/yhelteljel.ee\/wp-content\/uploads\/2011\/04\/LAV-4v-300x50.png 300w\" sizes=\"auto, (max-width: 530px) 100vw, 530px\" \/><\/a><\/p>\n<p><a href=\"http:\/\/yhelteljel.ee\/wp-content\/uploads\/2011\/04\/LAV-3s.jpg\" target=\"_blank\"><img loading=\"lazy\" decoding=\"async\" class=\"alignnone size-full wp-image-12203\" title=\"Panoraam Drakensbergist - seal m\u00e4gedes asubki Lesotho ja hea on m\u00f5elda, et sinna olemegi teel :) \" src=\"http:\/\/yhelteljel.ee\/wp-content\/uploads\/2011\/04\/LAV-3v.jpg\" alt=\"\" width=\"530\" height=\"95\" srcset=\"https:\/\/yhelteljel.ee\/wp-content\/uploads\/2011\/04\/LAV-3v.jpg 530w, https:\/\/yhelteljel.ee\/wp-content\/uploads\/2011\/04\/LAV-3v-300x53.jpg 300w\" sizes=\"auto, (max-width: 530px) 100vw, 530px\" \/><\/a><\/p>\n<p><a href=\"http:\/\/yhelteljel.ee\/wp-content\/uploads\/2011\/04\/LAV-1s.jpg\" target=\"_blank\"><img loading=\"lazy\" decoding=\"async\" class=\"alignnone size-full wp-image-12239\" title=\"Drakensbergi tee ja maastiku panoraam\" src=\"http:\/\/yhelteljel.ee\/wp-content\/uploads\/2011\/04\/LAV-1v.png\" alt=\"\" width=\"530\" height=\"93\" srcset=\"https:\/\/yhelteljel.ee\/wp-content\/uploads\/2011\/04\/LAV-1v.png 530w, https:\/\/yhelteljel.ee\/wp-content\/uploads\/2011\/04\/LAV-1v-300x52.png 300w\" sizes=\"auto, (max-width: 530px) 100vw, 530px\" \/><\/a><\/p>\n<p><a href=\"http:\/\/yhelteljel.ee\/wp-content\/uploads\/2011\/04\/LAV-2s.jpg\" target=\"_blank\"><img loading=\"lazy\" decoding=\"async\" class=\"alignnone size-full wp-image-12242\" title=\"Panoraam Drakensbergist\" src=\"http:\/\/yhelteljel.ee\/wp-content\/uploads\/2011\/04\/LAV-2v.png\" alt=\"\" width=\"530\" height=\"147\" srcset=\"https:\/\/yhelteljel.ee\/wp-content\/uploads\/2011\/04\/LAV-2v.png 530w, https:\/\/yhelteljel.ee\/wp-content\/uploads\/2011\/04\/LAV-2v-300x83.png 300w\" sizes=\"auto, (max-width: 530px) 100vw, 530px\" \/><\/a><\/p>\n","protected":false},"excerpt":{"rendered":"<p>Mosambiigi l\u00f5unaosa, v\u00f5i \u00f5igemini sealsed rannad, on populaarseks suvituskohaks L\u00f5una-Aafrika turistidele, ja neid oli meie sealviibimise ajal t\u00f5esti palju, ehkki lihav\u00f5tteajaga seonduv &#8220;migratsioon&#8221; polnud veel alanud. Mitte, et meil midagi turistide vastu oleks, kuid kui neid on liiga palju, kipub kohalik atmosf\u00e4\u00e4r ja koloriit kuhugi \u00e4ra kaduma, ja hinnad paratamatult t\u00f5usma, nii et ei saa &hellip; <a href=\"https:\/\/yhelteljel.ee\/?p=12200\" class=\"more-link\">Loe edasi <span class=\"screen-reader-text\">Tsivilisatsiooni h\u00f5ng<\/span> <span class=\"meta-nav\">&rarr;<\/span><\/a><\/p>\n","protected":false},"author":2,"featured_media":0,"comment_status":"open","ping_status":"open","sticky":false,"template":"","format":"standard","meta":{"_monsterinsights_skip_tracking":false,"_monsterinsights_sitenote_active":false,"_monsterinsights_sitenote_note":"","_monsterinsights_sitenote_category":0,"footnotes":""},"categories":[427],"tags":[1142,1141],"class_list":["post-12200","post","type-post","status-publish","format-standard","hentry","category-aafrika","tag-lav","tag-mosambiik"],"_links":{"self":[{"href":"https:\/\/yhelteljel.ee\/index.php?rest_route=\/wp\/v2\/posts\/12200","targetHints":{"allow":["GET"]}}],"collection":[{"href":"https:\/\/yhelteljel.ee\/index.php?rest_route=\/wp\/v2\/posts"}],"about":[{"href":"https:\/\/yhelteljel.ee\/index.php?rest_route=\/wp\/v2\/types\/post"}],"author":[{"embeddable":true,"href":"https:\/\/yhelteljel.ee\/index.php?rest_route=\/wp\/v2\/users\/2"}],"replies":[{"embeddable":true,"href":"https:\/\/yhelteljel.ee\/index.php?rest_route=%2Fwp%2Fv2%2Fcomments&post=12200"}],"version-history":[{"count":8,"href":"https:\/\/yhelteljel.ee\/index.php?rest_route=\/wp\/v2\/posts\/12200\/revisions"}],"predecessor-version":[{"id":12307,"href":"https:\/\/yhelteljel.ee\/index.php?rest_route=\/wp\/v2\/posts\/12200\/revisions\/12307"}],"wp:attachment":[{"href":"https:\/\/yhelteljel.ee\/index.php?rest_route=%2Fwp%2Fv2%2Fmedia&parent=12200"}],"wp:term":[{"taxonomy":"category","embeddable":true,"href":"https:\/\/yhelteljel.ee\/index.php?rest_route=%2Fwp%2Fv2%2Fcategories&post=12200"},{"taxonomy":"post_tag","embeddable":true,"href":"https:\/\/yhelteljel.ee\/index.php?rest_route=%2Fwp%2Fv2%2Ftags&post=12200"}],"curies":[{"name":"wp","href":"https:\/\/api.w.org\/{rel}","templated":true}]}}