{"id":111,"date":"2008-08-21T20:12:24","date_gmt":"2008-08-21T18:12:24","guid":{"rendered":"http:\/\/yhelteljel.ee\/?p=111"},"modified":"2009-04-15T17:40:58","modified_gmt":"2009-04-15T15:40:58","slug":"tootud-ja-kodutud","status":"publish","type":"post","link":"https:\/\/yhelteljel.ee\/?p=111","title":{"rendered":"T\u00f6\u00f6tud ja kodutud"},"content":{"rendered":"<p>T\u00fckk aega pole meist midagi kuulda olnud. P\u00f5hjuseks kiired ajad &#8211; \u00fctlesime lahti oma t\u00f6\u00f6kohtadest ning kolisime pealinnast \u00e4ra, et t\u00e4ielikult matka ettevalmistustele p\u00fchenduda. N\u00fc\u00fcd olemegi t\u00f6\u00f6tud ning ehkki vanemad v\u00f5tsid meid oma tiiva alla, oleme p\u00f5him\u00f5tteliselt kodutud &#8211; on see majake N\u00f5os, Tartumaal ju pelgalt ajutiseks peatuspaigaks ja laagriks enne suurt starti. Autost saime ka lahti, nii et see varandusenatuke, mis meile veel j\u00e4i, mahtus kenasti p\u00f6\u00f6ningule tolmu koguma ja paremaid aegu (ehk meie tagasitulekut) ootama.<\/p>\n<p>Hetkel on meie suurimaks mureks mootorratta transpordi organiseerimine teisele poole ookeani. Kes on tutvunud rubriigiga &#8220;Plaan&#8221; meie kodulehel, see teab, et esimese asjana sihime Buenos Airest. Eks siis n\u00e4is, mil kombel me sinna j\u00f5uame &#8211; kui algul oli plaan s\u00f5ita sinna kohale Hamburgist startiva kaubalaevaga, siis alles hiljuti selgus, et sinna on detsembrini k\u00f5ik kohad v\u00e4lja m\u00fc\u00fcdud. Seega pole muud varianti, kui minna lennukiga. Kuidas t\u00e4psemalt, sellest m\u00f5nes tulevases postituses&#8230;<\/p>\n","protected":false},"excerpt":{"rendered":"<p>T\u00fckk aega pole meist midagi kuulda olnud. P\u00f5hjuseks kiired ajad &#8211; \u00fctlesime lahti oma t\u00f6\u00f6kohtadest ning kolisime pealinnast \u00e4ra, et t\u00e4ielikult matka ettevalmistustele p\u00fchenduda. N\u00fc\u00fcd olemegi t\u00f6\u00f6tud ning ehkki vanemad v\u00f5tsid meid oma tiiva alla, oleme p\u00f5him\u00f5tteliselt kodutud &#8211; on see majake N\u00f5os, Tartumaal ju pelgalt ajutiseks peatuspaigaks ja laagriks enne suurt starti. Autost saime &hellip; <a href=\"https:\/\/yhelteljel.ee\/?p=111\" class=\"more-link\">Loe edasi <span class=\"screen-reader-text\">T\u00f6\u00f6tud ja kodutud<\/span> <span class=\"meta-nav\">&rarr;<\/span><\/a><\/p>\n","protected":false},"author":3,"featured_media":0,"comment_status":"open","ping_status":"open","sticky":false,"template":"","format":"standard","meta":{"_monsterinsights_skip_tracking":false,"_monsterinsights_sitenote_active":false,"_monsterinsights_sitenote_note":"","_monsterinsights_sitenote_category":0,"footnotes":""},"categories":[3],"tags":[113],"class_list":["post-111","post","type-post","status-publish","format-standard","hentry","category-euroopa","tag-ettevalmistused"],"_links":{"self":[{"href":"https:\/\/yhelteljel.ee\/index.php?rest_route=\/wp\/v2\/posts\/111","targetHints":{"allow":["GET"]}}],"collection":[{"href":"https:\/\/yhelteljel.ee\/index.php?rest_route=\/wp\/v2\/posts"}],"about":[{"href":"https:\/\/yhelteljel.ee\/index.php?rest_route=\/wp\/v2\/types\/post"}],"author":[{"embeddable":true,"href":"https:\/\/yhelteljel.ee\/index.php?rest_route=\/wp\/v2\/users\/3"}],"replies":[{"embeddable":true,"href":"https:\/\/yhelteljel.ee\/index.php?rest_route=%2Fwp%2Fv2%2Fcomments&post=111"}],"version-history":[{"count":7,"href":"https:\/\/yhelteljel.ee\/index.php?rest_route=\/wp\/v2\/posts\/111\/revisions"}],"predecessor-version":[{"id":2043,"href":"https:\/\/yhelteljel.ee\/index.php?rest_route=\/wp\/v2\/posts\/111\/revisions\/2043"}],"wp:attachment":[{"href":"https:\/\/yhelteljel.ee\/index.php?rest_route=%2Fwp%2Fv2%2Fmedia&parent=111"}],"wp:term":[{"taxonomy":"category","embeddable":true,"href":"https:\/\/yhelteljel.ee\/index.php?rest_route=%2Fwp%2Fv2%2Fcategories&post=111"},{"taxonomy":"post_tag","embeddable":true,"href":"https:\/\/yhelteljel.ee\/index.php?rest_route=%2Fwp%2Fv2%2Ftags&post=111"}],"curies":[{"name":"wp","href":"https:\/\/api.w.org\/{rel}","templated":true}]}}