{"id":10677,"date":"2010-12-16T07:00:20","date_gmt":"2010-12-16T05:00:20","guid":{"rendered":"http:\/\/yhelteljel.ee\/?p=10677"},"modified":"2010-12-14T17:57:49","modified_gmt":"2010-12-14T15:57:49","slug":"aus-kaup","status":"publish","type":"post","link":"https:\/\/yhelteljel.ee\/?p=10677","title":{"rendered":"Aus kaup"},"content":{"rendered":"<p><a href=\"..\/wp-content\/uploads\/2010\/12\/Etioopia-28s.jpg\" target=\"_blank\"><img loading=\"lazy\" decoding=\"async\" title=\"Panoraam Simieni rahvuspargist\" src=\"..\/wp-content\/uploads\/2010\/12\/Etioopia-28v.jpg\" alt=\"\" width=\"530\" height=\"171\" \/><\/a><\/p>\n<p>Imetlesime neid P\u00f5hja-Etioopia maastikke mis me imetlesime, midagi sellist, nagu meile pakkusid Simieni m\u00e4ed, ei osanud me p\u00e4ris oodata. Kui aus olla, siis kui mitte Simienid, siis ehk polekski me ehk nii kaugele p\u00f5hjasuunas vuranud, vaid oleksime piirdunud Lalibelaga ja sealt p\u00f5rutanud edasi riigi keskosas asuvasse Addis Abebasse. Kuid miski sinna Simienidesse t\u00f5mbas, ja nii see k\u00fcllaltki piinarikas teekond ette v\u00f5etud sai.<\/p>\n<p><!--more--><\/p>\n<p>Aksumini polnud tegelikult viga, kuid sealt edasi l\u00e4ks t\u00f5eline p\u00f5rgurada, kus niigi treppi s\u00f5idetud ja auklikule teele lisasid v\u00fcrtsi pirakad kivid, tolm ja liiv. M\u00f5tlesime, et need Simienid peavad olema ikka midagi v\u00e4ga erilist, et seda piina \u00f5igustada. Lisaks oli ilm pilves ning maastikud mornilt kahvatud.<\/p>\n<p><a href=\"http:\/\/yhelteljel.ee\/wp-content\/uploads\/2010\/12\/Etioopia-25s.jpg\" target=\"_blank\"><img loading=\"lazy\" decoding=\"async\" class=\"alignnone size-full wp-image-10695\" title=\"Lihtsalt panoraam\" src=\"http:\/\/yhelteljel.ee\/wp-content\/uploads\/2010\/12\/Etioopia-25v.png\" alt=\"\" width=\"530\" height=\"115\" srcset=\"https:\/\/yhelteljel.ee\/wp-content\/uploads\/2010\/12\/Etioopia-25v.png 530w, https:\/\/yhelteljel.ee\/wp-content\/uploads\/2010\/12\/Etioopia-25v-300x65.png 300w\" sizes=\"auto, (max-width: 530px) 100vw, 530px\" \/><\/a><\/p>\n<p>See, mis tasapisi eemalt paistma hakkas, t\u00f5stis muidugi moraali.<\/p>\n<p><a href=\"http:\/\/yhelteljel.ee\/wp-content\/uploads\/2010\/12\/Etioopia-20s.jpg\" target=\"_blank\"><img loading=\"lazy\" decoding=\"async\" title=\"Panoraam teelt - eemal paistavad Simieni rahvuspargi tipud\" src=\"http:\/\/yhelteljel.ee\/wp-content\/uploads\/2010\/12\/Etioopia-20v.png\" alt=\"\" width=\"530\" height=\"118\" \/><\/a><\/p>\n<p>\u2026 ikka midagi v\u00e4he teistsugust kui siiani n\u00e4inud oleme, kaugelt ja l\u00e4bi udu kannataks ehk v\u00f5rdlust isegi Monument Valley&#8217;ga USA-s.<\/p>\n<p><a href=\"http:\/\/yhelteljel.ee\/wp-content\/uploads\/2010\/12\/Etioopia-21s.jpg\" target=\"_blank\"><img loading=\"lazy\" decoding=\"async\" title=\"Panoraam huvitavatest m\u00e4gedest\" src=\"http:\/\/yhelteljel.ee\/wp-content\/uploads\/2010\/12\/Etioopia-21v.jpg\" alt=\"\" width=\"530\" height=\"138\" \/><\/a><\/p>\n<p>Nagu Etioopias kombeks, kooriti rahvusparki sissep\u00e4\u00e4semise eest k\u00fcmme nahka, kuid me ei olnud ju nii kaugele tulnud selleks, et Simieni m\u00e4gesid l\u00e4hemalt n\u00e4gemata minema s\u00f5ita. Tasusime kohustuslikud p\u00e4eva-, s\u00f5iduki-, telkimis- ja skauditasud ning l\u00e4ksime. Kohustuslikku skauti, kes pidanuks meid kaitsma metsloomade ning &#8220;ebaausate kohalike&#8221; eest, polnud meil muidugi kusagile panna, nii et m\u00f5ningaste l\u00e4bir\u00e4\u00e4kimiste tulemusena lasti meid v\u00e4ravast l\u00e4bi ka temata<\/p>\n<p>Nagu see ikka kipub olema, oli p\u00e4ike kohe-kohe loojumas, nii et pidime otsima kohta telgi \u00fclespanemiseks. Loojanguv\u00e4rvides maastik &#8211; eriti see, millele avanes salap\u00e4raselt h\u00e4gune vaade Simienide 3000 meetri k\u00f5rguselt platoolt &#8211; pani ahhetama. Ja k\u00fclm oli ka, kohe v\u00e4ga k\u00fclm.<\/p>\n<p><a href=\"http:\/\/yhelteljel.ee\/wp-content\/uploads\/2010\/12\/Etioopia-23s.jpg\" target=\"_blank\"><img loading=\"lazy\" decoding=\"async\" title=\"Panoraam p\u00e4ikeseloojangust Simieni rahvuspargis\" src=\"http:\/\/yhelteljel.ee\/wp-content\/uploads\/2010\/12\/Etioopia-23v.png\" alt=\"\" width=\"530\" height=\"102\" \/><\/a><\/p>\n<p><a href=\"..\/wp-content\/uploads\/2010\/12\/Etioopia-26s.jpg\" target=\"_blank\"><img loading=\"lazy\" decoding=\"async\" title=\"Panoraam p\u00e4ikeseloojangust Simieni rahvuspargist\" src=\"..\/wp-content\/uploads\/2010\/12\/Etioopia-26v.png\" alt=\"\" width=\"530\" height=\"113\" \/><\/a><\/p>\n<p><a href=\"http:\/\/yhelteljel.ee\/wp-content\/uploads\/2010\/12\/SDIM0455_s.jpg\" target=\"_blank\"><img loading=\"lazy\" decoding=\"async\" class=\"alignnone size-full wp-image-10718\" title=\"Huvitav okaslehtedega taim Simieni rahvuspargis\" src=\"http:\/\/yhelteljel.ee\/wp-content\/uploads\/2010\/12\/SDIM0455_v.jpg\" alt=\"\" width=\"530\" height=\"795\" srcset=\"https:\/\/yhelteljel.ee\/wp-content\/uploads\/2010\/12\/SDIM0455_v.jpg 530w, https:\/\/yhelteljel.ee\/wp-content\/uploads\/2010\/12\/SDIM0455_v-200x300.jpg 200w\" sizes=\"auto, (max-width: 530px) 100vw, 530px\" \/><\/a><\/p>\n<p>R\u00e4ttidesse m\u00e4hitud kohalikud (ilmselgelt ei olnud tegemist &#8220;ebaausa&#8221; sordiga, sest ilma pikema sissejuhatuse ja keerutamiseta l\u00e4ks jutt rahale &#8211; ikka seesama &#8220;money-money&#8221; ja &#8220;gimme-gimme&#8221;, mis meid alati saadab, kus iganes me ka seisma ei j\u00e4\u00e4ks) uudistasid meid seda suurema huviga, et me olime \u00fcksi, ilma skaudita. Bussi- v\u00f5i neliveoga reisijad on ilmselt tavap\u00e4rasem n\u00e4htus.<\/p>\n<p><a href=\"..\/wp-content\/uploads\/2010\/12\/SDIM0443_s.jpg\" target=\"_blank\"><img loading=\"lazy\" decoding=\"async\" title=\"Karjuset\u00fcdrukud Simieni pargis\" src=\"..\/wp-content\/uploads\/2010\/12\/SDIM0443_v.jpg\" alt=\"\" width=\"530\" height=\"353\" \/><\/a><\/p>\n<p><a href=\"http:\/\/yhelteljel.ee\/wp-content\/uploads\/2010\/12\/SDIM0456_s.jpg\" target=\"_blank\"><img loading=\"lazy\" decoding=\"async\" title=\"SDIM0456_v\" src=\"http:\/\/yhelteljel.ee\/wp-content\/uploads\/2010\/12\/SDIM0456_v.jpg\" alt=\"\" width=\"530\" height=\"760\" \/><\/a><\/p>\n<p>Igaks juhuks panime telgi p\u00fcsti tarastatud telkimisalale, ehkki teoorias on telkimine lubatud k\u00f5ikjal.<\/p>\n<p><a href=\"http:\/\/yhelteljel.ee\/wp-content\/uploads\/2010\/12\/SDIM0457_s.jpg\" target=\"_blank\"><img loading=\"lazy\" decoding=\"async\" title=\"SDIM0457_v\" src=\"http:\/\/yhelteljel.ee\/wp-content\/uploads\/2010\/12\/SDIM0457_v.jpg\" alt=\"\" width=\"530\" height=\"353\" \/><\/a><\/p>\n<p>J\u00e4rgmisel p\u00e4eval vurasime veel ringi, imetlesime j\u00e4tkuvalt kaunist vaadet kortsulisele ja l\u00f5henenud maastikule kusagil kaugel allpool. V\u00e4\u00e4rt kraam!<\/p>\n<p><a href=\"http:\/\/yhelteljel.ee\/wp-content\/uploads\/2010\/12\/Etioopia-22s.jpg\" target=\"_blank\"><img loading=\"lazy\" decoding=\"async\" title=\"Panoraam teelt\" src=\"http:\/\/yhelteljel.ee\/wp-content\/uploads\/2010\/12\/Etioopia-22v.png\" alt=\"\" width=\"530\" height=\"166\" \/><\/a><\/p>\n<p><a href=\"http:\/\/yhelteljel.ee\/wp-content\/uploads\/2010\/12\/Etioopia-24s.jpg\" target=\"_blank\"><img loading=\"lazy\" decoding=\"async\" title=\"Panoraam P\u00f5hja-Etioopia maastikest\" src=\"http:\/\/yhelteljel.ee\/wp-content\/uploads\/2010\/12\/Etioopia-24v.jpg\" alt=\"\" width=\"530\" height=\"115\" \/><\/a><\/p>\n<p><a href=\"..\/wp-content\/uploads\/2010\/12\/Etioopia-27s.jpg\" target=\"_blank\"><img loading=\"lazy\" decoding=\"async\" title=\"Panoraam Simieni rahvuspargist - umbes 3000 meetri k\u00f5rguselt\" src=\"..\/wp-content\/uploads\/2010\/12\/Etioopia-27v.png\" alt=\"\" width=\"530\" height=\"94\" \/><\/a><\/p>\n<p><a href=\"http:\/\/yhelteljel.ee\/wp-content\/uploads\/2010\/12\/Etioopia-29s.jpg\" target=\"_blank\"><img loading=\"lazy\" decoding=\"async\" class=\"alignnone size-full wp-image-10711\" title=\"Etioopia-29v\" src=\"http:\/\/yhelteljel.ee\/wp-content\/uploads\/2010\/12\/Etioopia-29v.png\" alt=\"\" width=\"530\" height=\"89\" srcset=\"https:\/\/yhelteljel.ee\/wp-content\/uploads\/2010\/12\/Etioopia-29v.png 530w, https:\/\/yhelteljel.ee\/wp-content\/uploads\/2010\/12\/Etioopia-29v-300x50.png 300w\" sizes=\"auto, (max-width: 530px) 100vw, 530px\" \/><\/a><\/p>\n<p><a href=\"http:\/\/yhelteljel.ee\/wp-content\/uploads\/2010\/12\/SDIM0458_s.jpg\" target=\"_blank\"><img loading=\"lazy\" decoding=\"async\" title=\"Gessu k\u00f5rgustes\" src=\"http:\/\/yhelteljel.ee\/wp-content\/uploads\/2010\/12\/SDIM0458_v.jpg\" alt=\"\" width=\"530\" height=\"353\" \/><\/a><\/p>\n<p>Teel Simienidest edasi, Etioopia Rivieraks kutsutavasse Bahir Dari, tegime m\u00f5ned kl\u00f5psud kohalikel turgudel. Siin, Aafrikas, ei ole turud sellised nagu Aasias, kus kraam ilusti v\u00e4lja pandud, vaid iga m\u00fc\u00fcja l\u00f6\u00f6b oma &#8220;leti&#8221; lahti just seal kus talle meeldib, ja nii on siinsed turud parajalt kaootiline vaatepilt &#8211; kes m\u00fc\u00fcb oma k\u00fcmmet kartulimugulat, kes kotit\u00e4t teravilja, kes rohkel hulgal punutud korve, jne. Sekka m\u00f5ned segadusse aetud kitsed ja eeslid ja vali kauplemine.<\/p>\n<p>Turg Debarkis:<\/p>\n<p><a href=\"http:\/\/yhelteljel.ee\/wp-content\/uploads\/2010\/12\/SDIM0496_s.jpg\" target=\"_blank\"><img loading=\"lazy\" decoding=\"async\" class=\"alignnone size-full wp-image-10736\" title=\"Debarki t\u00e4nav\" src=\"http:\/\/yhelteljel.ee\/wp-content\/uploads\/2010\/12\/SDIM0496_v.jpg\" alt=\"\" width=\"530\" height=\"348\" srcset=\"https:\/\/yhelteljel.ee\/wp-content\/uploads\/2010\/12\/SDIM0496_v.jpg 530w, https:\/\/yhelteljel.ee\/wp-content\/uploads\/2010\/12\/SDIM0496_v-300x196.jpg 300w\" sizes=\"auto, (max-width: 530px) 100vw, 530px\" \/><\/a><\/p>\n<p><a href=\"http:\/\/yhelteljel.ee\/wp-content\/uploads\/2010\/12\/SDIM0498_s.jpg\" target=\"_blank\"><img loading=\"lazy\" decoding=\"async\" class=\"alignnone size-full wp-image-10737\" title=\"Debarki turg vana k\u00fclamoshee juures\" src=\"http:\/\/yhelteljel.ee\/wp-content\/uploads\/2010\/12\/SDIM0498_v.jpg\" alt=\"\" width=\"530\" height=\"353\" srcset=\"https:\/\/yhelteljel.ee\/wp-content\/uploads\/2010\/12\/SDIM0498_v.jpg 530w, https:\/\/yhelteljel.ee\/wp-content\/uploads\/2010\/12\/SDIM0498_v-300x199.jpg 300w\" sizes=\"auto, (max-width: 530px) 100vw, 530px\" \/><\/a><\/p>\n<p><a href=\"http:\/\/yhelteljel.ee\/wp-content\/uploads\/2010\/12\/SDIM0499_s1.jpg\" target=\"_blank\"><img loading=\"lazy\" decoding=\"async\" class=\"alignnone size-full wp-image-10739\" title=\"Neiu Debarki turul uudistamas\" src=\"http:\/\/yhelteljel.ee\/wp-content\/uploads\/2010\/12\/SDIM0499_v.jpg\" alt=\"\" width=\"530\" height=\"775\" srcset=\"https:\/\/yhelteljel.ee\/wp-content\/uploads\/2010\/12\/SDIM0499_v.jpg 530w, https:\/\/yhelteljel.ee\/wp-content\/uploads\/2010\/12\/SDIM0499_v-205x300.jpg 205w\" sizes=\"auto, (max-width: 530px) 100vw, 530px\" \/><\/a><\/p>\n<p><a href=\"http:\/\/yhelteljel.ee\/wp-content\/uploads\/2010\/12\/SDIM0501_s.jpg\" target=\"_blank\"><img loading=\"lazy\" decoding=\"async\" class=\"alignnone size-full wp-image-10741\" title=\"Debarki turg\" src=\"http:\/\/yhelteljel.ee\/wp-content\/uploads\/2010\/12\/SDIM0501_v.jpg\" alt=\"\" width=\"530\" height=\"353\" srcset=\"https:\/\/yhelteljel.ee\/wp-content\/uploads\/2010\/12\/SDIM0501_v.jpg 530w, https:\/\/yhelteljel.ee\/wp-content\/uploads\/2010\/12\/SDIM0501_v-300x199.jpg 300w\" sizes=\"auto, (max-width: 530px) 100vw, 530px\" \/><\/a><\/p>\n<p>Turg Bahir Daris:<\/p>\n<p><a href=\"http:\/\/yhelteljel.ee\/wp-content\/uploads\/2010\/12\/SDIM0532_s.jpg\" target=\"_blank\"><img loading=\"lazy\" decoding=\"async\" class=\"alignnone size-full wp-image-10753\" title=\"Turg Bahir Daris\" src=\"http:\/\/yhelteljel.ee\/wp-content\/uploads\/2010\/12\/SDIM0532_v.jpg\" alt=\"\" width=\"530\" height=\"353\" srcset=\"https:\/\/yhelteljel.ee\/wp-content\/uploads\/2010\/12\/SDIM0532_v.jpg 530w, https:\/\/yhelteljel.ee\/wp-content\/uploads\/2010\/12\/SDIM0532_v-300x199.jpg 300w\" sizes=\"auto, (max-width: 530px) 100vw, 530px\" \/><\/a><\/p>\n<p><a href=\"http:\/\/yhelteljel.ee\/wp-content\/uploads\/2010\/12\/SDIM0534_s.jpg\" target=\"_blank\"><img loading=\"lazy\" decoding=\"async\" class=\"alignnone size-full wp-image-10755\" title=\"Kohv kuumadel s\u00fctel tururahva jaoks\" src=\"http:\/\/yhelteljel.ee\/wp-content\/uploads\/2010\/12\/SDIM0534_v.jpg\" alt=\"\" width=\"530\" height=\"353\" srcset=\"https:\/\/yhelteljel.ee\/wp-content\/uploads\/2010\/12\/SDIM0534_v.jpg 530w, https:\/\/yhelteljel.ee\/wp-content\/uploads\/2010\/12\/SDIM0534_v-300x199.jpg 300w\" sizes=\"auto, (max-width: 530px) 100vw, 530px\" \/><\/a><\/p>\n<p><a href=\"http:\/\/yhelteljel.ee\/wp-content\/uploads\/2010\/12\/SDIM0535_s.jpg\" target=\"_blank\"><img loading=\"lazy\" decoding=\"async\" class=\"alignnone size-full wp-image-10757\" title=\"Kastmekulbid turul\" src=\"http:\/\/yhelteljel.ee\/wp-content\/uploads\/2010\/12\/SDIM0535_v.jpg\" alt=\"\" width=\"530\" height=\"795\" srcset=\"https:\/\/yhelteljel.ee\/wp-content\/uploads\/2010\/12\/SDIM0535_v.jpg 530w, https:\/\/yhelteljel.ee\/wp-content\/uploads\/2010\/12\/SDIM0535_v-200x300.jpg 200w\" sizes=\"auto, (max-width: 530px) 100vw, 530px\" \/><\/a><\/p>\n<p><a href=\"http:\/\/yhelteljel.ee\/wp-content\/uploads\/2010\/12\/SDIM0537_s.jpg\" target=\"_blank\"><img loading=\"lazy\" decoding=\"async\" class=\"alignnone size-full wp-image-10759\" title=\"Erinevad kuivained turul\" src=\"http:\/\/yhelteljel.ee\/wp-content\/uploads\/2010\/12\/SDIM0537_v.jpg\" alt=\"\" width=\"530\" height=\"353\" srcset=\"https:\/\/yhelteljel.ee\/wp-content\/uploads\/2010\/12\/SDIM0537_v.jpg 530w, https:\/\/yhelteljel.ee\/wp-content\/uploads\/2010\/12\/SDIM0537_v-300x199.jpg 300w\" sizes=\"auto, (max-width: 530px) 100vw, 530px\" \/><\/a><\/p>\n<p>Bahir Dar asub Etioopia suurima j\u00e4rve, Tana kaldal, mis meile erilist muljet ei j\u00e4tnud. J\u00e4rve kallastel ja saartel asub mitmeid vanu kloostreid, mis on Bahir Dari p\u00f5hiliseks t\u00f5mbenumbriks, kuid otsustasime need vahele j\u00e4tta ja m\u00f5ned p\u00e4evad lihtsalt puhata. Huvitav on see, et kuigi Bahir Dar asub merepinnast k\u00fcllaltki k\u00f5rgel, on seal palju troopilise v\u00e4limusega taimi, nii et linn l\u00f5hnab nagu lillepood ning hotelli aias kasvavad kohvip\u00f5\u00f5sad.<\/p>\n<p><a href=\"http:\/\/yhelteljel.ee\/wp-content\/uploads\/2010\/12\/SDIM0526_s.jpg\" target=\"_blank\"><img loading=\"lazy\" decoding=\"async\" title=\"Tana j\u00e4rv\" src=\"http:\/\/yhelteljel.ee\/wp-content\/uploads\/2010\/12\/SDIM0526_v.jpg\" alt=\"\" width=\"530\" height=\"353\" \/><\/a><\/p>\n<p><a href=\"http:\/\/yhelteljel.ee\/wp-content\/uploads\/2010\/12\/SDIM0520_s.jpg\" target=\"_blank\"><img loading=\"lazy\" decoding=\"async\" class=\"alignnone size-full wp-image-10747\" title=\"V\u00e4rske roheline Tana j\u00e4rve \u00e4\u00e4res\" src=\"http:\/\/yhelteljel.ee\/wp-content\/uploads\/2010\/12\/SDIM0520_v.jpg\" alt=\"\" width=\"530\" height=\"353\" srcset=\"https:\/\/yhelteljel.ee\/wp-content\/uploads\/2010\/12\/SDIM0520_v.jpg 530w, https:\/\/yhelteljel.ee\/wp-content\/uploads\/2010\/12\/SDIM0520_v-300x199.jpg 300w\" sizes=\"auto, (max-width: 530px) 100vw, 530px\" \/><\/a><\/p>\n<p><a href=\"http:\/\/yhelteljel.ee\/wp-content\/uploads\/2010\/12\/SDIM0517_s.jpg\" target=\"_blank\"><img loading=\"lazy\" decoding=\"async\" title=\"Kohvip\u00f5\u00f5sas otse hotelli ukse taga\" src=\"http:\/\/yhelteljel.ee\/wp-content\/uploads\/2010\/12\/SDIM0517_v.jpg\" alt=\"\" width=\"530\" height=\"353\" \/><\/a><\/p>\n<p>Kolmanda advendi puhul (v\u00f5i oli p\u00f5hjuseks m\u00f5ni muu usup\u00fcha) liikus linnas rongk\u00e4ik &#8211; lauldi ja taoti trummi:<\/p>\n[audio:Bahir_Dar_kristlased.mp3|titles=Kristlaste rongk\u00e4ik m\u00f6\u00f6dumas Bahir Daris]\n<p>Kuid kui religioosne m\u00fcra sumbus, pandi j\u00e4lle kohalikud popmeloodiad valjemaks. Etioopia muusika on \u00fcpriski huvitava r\u00fctmikaga &#8211; midagi sellist, mida kusagil varem kuulnud pole, ning koos omap\u00e4raste meloodiatega t\u00e4itsa maitsekas.<\/p>\n[audio:Etioopia_tunnusrytm.mp3|titles=Etioopia \u00fcks tunnusr\u00fctme ja k\u00e4ike &#8211; sarnast kuuleb praktiliselt igas pop-loos]\n<p>Bahir Dar osutus j\u00e4rjekordseks hea kohaks, kus mekkida kohalikke roogasid, ja nii me tegimegi.<\/p>\n<p>Tuleb v\u00e4lja, et Etioopias s\u00fc\u00fcakse ka putru. Ei teagi t\u00e4pselt, millest see &#8220;puder&#8221; on valmistatud, kuid maitseb nagu odrak\u00f6rt ning konsistentsilt nagu v\u00e4ga paks mannapuder. Nimeks <em>genfo<\/em> ning serveeritakse berbere ja v\u00f5iga. J\u00e4llegi on tegemist v\u00e4ga toitva hommikus\u00f6\u00f6giga &#8211; mina \u00fcle poole sellest \u00e4ra s\u00fc\u00fca ei jaksanud.<\/p>\n<p><a href=\"http:\/\/yhelteljel.ee\/wp-content\/uploads\/2010\/12\/SDIM0525_s.jpg\" target=\"_blank\"><img loading=\"lazy\" decoding=\"async\" title=\"Genfo - puder on t\u00e4pselt sama maitsega ja konsistentsiga mis toores taigen\" src=\"http:\/\/yhelteljel.ee\/wp-content\/uploads\/2010\/12\/SDIM0525_v.jpg\" alt=\"\" width=\"530\" height=\"353\" \/><\/a><\/p>\n<p>\u00dcsna popp tundub kohalike seas olevat ka <em>fir-fir<\/em> ehk t\u00fckkideks rebitud ning mingitsorti kastmega immutatud injera. Maitseb nagu injera ikka, aga s\u00fc\u00fca on seda hulga keerulisem, kuna kohati on see \u00fcsna pl\u00f6gane ning kipub n\u00e4ppude vahel minema libisema. Ei ole veel sellist meisterlikkust saavutanud nagu kohalikud\u2026<\/p>\n<p><a href=\"http:\/\/yhelteljel.ee\/wp-content\/uploads\/2010\/12\/SDIM0542_s.jpg\" target=\"_blank\"><img loading=\"lazy\" decoding=\"async\" class=\"alignnone size-full wp-image-10763\" title=\"Fir fir - peal on muna, all t\u00fckeldatud ja kastmes leotatud injera, k\u00f5rvale veel kaks injerarulli\" src=\"http:\/\/yhelteljel.ee\/wp-content\/uploads\/2010\/12\/SDIM0542_v.jpg\" alt=\"\" width=\"530\" height=\"506\" srcset=\"https:\/\/yhelteljel.ee\/wp-content\/uploads\/2010\/12\/SDIM0542_v.jpg 530w, https:\/\/yhelteljel.ee\/wp-content\/uploads\/2010\/12\/SDIM0542_v-300x286.jpg 300w\" sizes=\"auto, (max-width: 530px) 100vw, 530px\" \/><\/a><\/p>\n<p>Ja peaaegu et delikatessi staatust omav <em>kitfo<\/em> ehk injera pooltoore hakklihaga. M\u00f5ni \u00fctleks, et t\u00e4ielik perverssus, kuid ma ei tea, mulle meeldib.<\/p>\n<p><a href=\"http:\/\/yhelteljel.ee\/wp-content\/uploads\/2010\/12\/SDIM0511_s.jpg\" target=\"_blank\"><img loading=\"lazy\" decoding=\"async\" title=\"Kitfo, ehk pooltoores hakkliha injeraga\" src=\"http:\/\/yhelteljel.ee\/wp-content\/uploads\/2010\/12\/SDIM0511_v.jpg\" alt=\"\" width=\"530\" height=\"353\" \/><\/a><\/p>\n<p>Loomulikult k\u00e4ib kohalike roogade juurde j\u00e4\u00e4k\u00fclm \u00f5lu &#8211; siin Etioopias on kohalikke \u00f5llemarke p\u00e4ris mitu ja nii me siis proovime erinevaid. Kui hind on t\u00e4pselt sama, mis karastusjookidel, siis v\u00f5ib neid ju manustada. Isegi mina, kes ma muidu \u00f5lut ainult saunas v\u00f5i suure januga joon, olen hakanud \u00f5lut toidu k\u00f5rvale v\u00f5tma. Oh, elu!<\/p>\n<p><a href=\"http:\/\/yhelteljel.ee\/wp-content\/uploads\/2010\/12\/SDIM0541_s.jpg\" target=\"_blank\"><img loading=\"lazy\" decoding=\"async\" title=\"Meta \u00f5lu\" src=\"http:\/\/yhelteljel.ee\/wp-content\/uploads\/2010\/12\/SDIM0541_v.jpg\" alt=\"\" width=\"530\" height=\"795\" \/><\/a><\/p>\n","protected":false},"excerpt":{"rendered":"<p>Imetlesime neid P\u00f5hja-Etioopia maastikke mis me imetlesime, midagi sellist, nagu meile pakkusid Simieni m\u00e4ed, ei osanud me p\u00e4ris oodata. Kui aus olla, siis kui mitte Simienid, siis ehk polekski me ehk nii kaugele p\u00f5hjasuunas vuranud, vaid oleksime piirdunud Lalibelaga ja sealt p\u00f5rutanud edasi riigi keskosas asuvasse Addis Abebasse. Kuid miski sinna Simienidesse t\u00f5mbas, ja nii &hellip; <a href=\"https:\/\/yhelteljel.ee\/?p=10677\" class=\"more-link\">Loe edasi <span class=\"screen-reader-text\">Aus kaup<\/span> <span class=\"meta-nav\">&rarr;<\/span><\/a><\/p>\n","protected":false},"author":2,"featured_media":0,"comment_status":"open","ping_status":"open","sticky":false,"template":"","format":"standard","meta":{"_monsterinsights_skip_tracking":false,"_monsterinsights_sitenote_active":false,"_monsterinsights_sitenote_note":"","_monsterinsights_sitenote_category":0,"footnotes":""},"categories":[427],"tags":[1139,132,129,1114,123,1115],"class_list":["post-10677","post","type-post","status-publish","format-standard","hentry","category-aafrika","tag-etioopia","tag-floora-ja-fauna","tag-helimaastikud","tag-inimesed","tag-sook-ja-jook","tag-teeolud"],"_links":{"self":[{"href":"https:\/\/yhelteljel.ee\/index.php?rest_route=\/wp\/v2\/posts\/10677","targetHints":{"allow":["GET"]}}],"collection":[{"href":"https:\/\/yhelteljel.ee\/index.php?rest_route=\/wp\/v2\/posts"}],"about":[{"href":"https:\/\/yhelteljel.ee\/index.php?rest_route=\/wp\/v2\/types\/post"}],"author":[{"embeddable":true,"href":"https:\/\/yhelteljel.ee\/index.php?rest_route=\/wp\/v2\/users\/2"}],"replies":[{"embeddable":true,"href":"https:\/\/yhelteljel.ee\/index.php?rest_route=%2Fwp%2Fv2%2Fcomments&post=10677"}],"version-history":[{"count":12,"href":"https:\/\/yhelteljel.ee\/index.php?rest_route=\/wp\/v2\/posts\/10677\/revisions"}],"predecessor-version":[{"id":10771,"href":"https:\/\/yhelteljel.ee\/index.php?rest_route=\/wp\/v2\/posts\/10677\/revisions\/10771"}],"wp:attachment":[{"href":"https:\/\/yhelteljel.ee\/index.php?rest_route=%2Fwp%2Fv2%2Fmedia&parent=10677"}],"wp:term":[{"taxonomy":"category","embeddable":true,"href":"https:\/\/yhelteljel.ee\/index.php?rest_route=%2Fwp%2Fv2%2Fcategories&post=10677"},{"taxonomy":"post_tag","embeddable":true,"href":"https:\/\/yhelteljel.ee\/index.php?rest_route=%2Fwp%2Fv2%2Ftags&post=10677"}],"curies":[{"name":"wp","href":"https:\/\/api.w.org\/{rel}","templated":true}]}}